{"id":1024,"date":"2024-11-24T14:36:41","date_gmt":"2024-11-24T14:36:41","guid":{"rendered":"https:\/\/pasaulioziniasklaida.lt\/index.php\/2024\/11\/24\/ukrainos-karas-rusija-pradejo-bepilocio-lektuvo-smugi-kijevui-vadas-atleistas-uz-mela-apie-karo-pazanga-pasaulio-naujienos\/"},"modified":"2024-11-24T14:36:41","modified_gmt":"2024-11-24T14:36:41","slug":"ukrainos-karas-rusija-pradejo-bepilocio-lektuvo-smugi-kijevui-vadas-atleistas-uz-mela-apie-karo-pazanga-pasaulio-naujienos","status":"publish","type":"post","link":"https:\/\/pasaulioziniasklaida.lt\/index.php\/2024\/11\/24\/ukrainos-karas-rusija-pradejo-bepilocio-lektuvo-smugi-kijevui-vadas-atleistas-uz-mela-apie-karo-pazanga-pasaulio-naujienos\/","title":{"rendered":"Ukrainos karas: Rusija prad\u0117jo bepilo\u010dio l\u0117ktuvo sm\u016bg\u012f Kijevui \u2013 vadas \u201eatleistas u\u017e mel\u0105 apie karo pa\u017eang\u0105\u201c | Pasaulio naujienos"},"content":{"rendered":"<p> <br \/>\n<br \/><\/p>\n<div data-component-name=\"ui-article-body\" data-highlight-intro=\"true\">\n<p>Rusija nakt\u012f sureng\u0117 didel\u0119 dron\u0173 atak\u0105 prie\u0161 Kijev\u0105, o Volodymyras Zelenskis persp\u0117jo, kad ataka rodo, kad jo sostinei reikia geresn\u0117s oro gynybos.<\/p>\n<p>Ukrainos oro gynybos vienetai numu\u0161\u0117 50 i\u0161 73 paleist\u0173 Rusijos bepilo\u010di\u0173 orlaivi\u0173, ta\u010diau kol kas neprane\u0161ama apie \u017eal\u0105 ar su\u017eeidimus d\u0117l atak\u0173.<\/p>\n<p><strong>Rusija<\/strong> per pra\u0117jusi\u0105 savait\u0119 panaudojo daugiau nei 800 valdom\u0173 aviacini\u0173 bomb\u0173 ir apie 460 atakuojan\u010di\u0173 dron\u0173.<\/p>\n<p>Persp\u0117jimas, kad Ukraina turi pagerinti oro gynyb\u0105, Ukrainos prezidentas <strong>Vladimiras Zelenskis<\/strong> \u201e\u0160i\u0105 savait\u0119 visoje Ukrainoje beveik kasdien skamb\u0117jo oro pavojaus signalas\u201c.<\/p>\n<p>\u201eUkraina n\u0117ra ginkl\u0173 bandym\u0173 poligonas, Ukraina yra suvereni ir nepriklausoma valstyb\u0117.<\/p>\n<p>\u201eTa\u010diau Rusija ir toliau deda pastangas \u017eudyti m\u016bs\u0173 \u017emones, skleisti baim\u0119 ir panik\u0105 bei mus silpninti\u201c.<\/p>\n<p>Rusija atakos nekomentavo.<\/p>\n<p>Rusijos \u017einiasklaida prane\u0161\u0117, kad \u0161alies pietin\u0117s karin\u0117s apygardos vadas generolas pulkininkas Genadijus Ana\u0161kinas buvo nu\u0161alintas nuo pareig\u0173 d\u0117l tariamai teikusio klaidinan\u010dius prane\u0161imus apie savo kari\u0173 pa\u017eang\u0105.<\/p>\n<p>Nors Rusijos paj\u0117gos Ukrainoje pa\u017eeng\u0117 grei\u010diausiai nuo invazijos prad\u017eios, aplink Siversk\u0105 ir rytiniame Donecko regione paj\u0117gos buvo daug l\u0117tesn\u0117s.<\/p>\n<p><strong>Skaityti daugiau:<\/strong><br \/><strong>Rusija \u201epasirengusi smogti JK kibernetin\u0117mis atakomis\u201c<br \/>Gynybinio skydo tr\u016bkumas turi skamb\u0117ti pavojaus varpais<br \/>Putinas pagrasino Vakarams \u201enesustabdoma\u201c raketa<\/strong><\/p>\n<p>Rusijos karo tinklara\u0161tininkai jau seniai skund\u0117si, kad daliniai ten yra menkai remiami ir metami \u012f mirtinus m\u016b\u0161ius d\u0117l menkos taktin\u0117s naudos.<\/p>\n<p>Rusijos gynybos ministerija \u0161i\u0173 prane\u0161im\u0173 nekomentavo.<\/p>\n<\/p><\/div>\n<p><br \/>\n<br \/><a href=\"https:\/\/news.sky.com\/story\/ukraine-war-russia-launches-huge-drone-strike-on-kyiv-as-commander-sacked-over-lying-about-war-progress-13259841\">Source link <\/a><\/p>\n","protected":false},"excerpt":{"rendered":"<p>Rusija nakt\u012f sureng\u0117 didel\u0119 dron\u0173 atak\u0105 prie\u0161 Kijev\u0105, o Volodymyras Zelenskis persp\u0117jo, kad ataka rodo, kad jo sostinei reikia geresn\u0117s oro gynybos. Ukrainos oro gynybos vienetai numu\u0161\u0117 50 i\u0161 73 paleist\u0173 Rusijos bepilo\u010di\u0173 orlaivi\u0173, ta\u010diau kol kas neprane\u0161ama apie \u017eal\u0105 ar su\u017eeidimus d\u0117l atak\u0173. Rusija per pra\u0117jusi\u0105 savait\u0119 panaudojo daugiau nei 800 valdom\u0173 aviacini\u0173 bomb\u0173 [&hellip;]<\/p>\n","protected":false},"author":1,"featured_media":1025,"comment_status":"","ping_status":"","sticky":false,"template":"","format":"standard","meta":{"om_disable_all_campaigns":false,"_monsterinsights_skip_tracking":false,"_monsterinsights_sitenote_active":false,"_monsterinsights_sitenote_note":"","_monsterinsights_sitenote_category":0,"footnotes":""},"categories":[4],"tags":[545,2333,2328,65,380,2331,2329,2334,24,23,1914,479,2136,2330,357,2295,2332],"class_list":["post-1024","post","type-post","status-publish","format-standard","has-post-thumbnail","hentry","category-pasaulio-naujienos","tag-apie","tag-atleistas","tag-bepilocio","tag-karas","tag-karo","tag-kijevui","tag-lektuvo","tag-mela","tag-naujienos","tag-pasaulio","tag-pazanga","tag-pradejo","tag-rusija","tag-smugi","tag-ukrainos","tag-uz","tag-vadas"],"aioseo_notices":[],"_links":{"self":[{"href":"https:\/\/pasaulioziniasklaida.lt\/index.php\/wp-json\/wp\/v2\/posts\/1024","targetHints":{"allow":["GET"]}}],"collection":[{"href":"https:\/\/pasaulioziniasklaida.lt\/index.php\/wp-json\/wp\/v2\/posts"}],"about":[{"href":"https:\/\/pasaulioziniasklaida.lt\/index.php\/wp-json\/wp\/v2\/types\/post"}],"author":[{"embeddable":true,"href":"https:\/\/pasaulioziniasklaida.lt\/index.php\/wp-json\/wp\/v2\/users\/1"}],"replies":[{"embeddable":true,"href":"https:\/\/pasaulioziniasklaida.lt\/index.php\/wp-json\/wp\/v2\/comments?post=1024"}],"version-history":[{"count":0,"href":"https:\/\/pasaulioziniasklaida.lt\/index.php\/wp-json\/wp\/v2\/posts\/1024\/revisions"}],"wp:featuredmedia":[{"embeddable":true,"href":"https:\/\/pasaulioziniasklaida.lt\/index.php\/wp-json\/wp\/v2\/media\/1025"}],"wp:attachment":[{"href":"https:\/\/pasaulioziniasklaida.lt\/index.php\/wp-json\/wp\/v2\/media?parent=1024"}],"wp:term":[{"taxonomy":"category","embeddable":true,"href":"https:\/\/pasaulioziniasklaida.lt\/index.php\/wp-json\/wp\/v2\/categories?post=1024"},{"taxonomy":"post_tag","embeddable":true,"href":"https:\/\/pasaulioziniasklaida.lt\/index.php\/wp-json\/wp\/v2\/tags?post=1024"}],"curies":[{"name":"wp","href":"https:\/\/api.w.org\/{rel}","templated":true}]}}