{"id":1061,"date":"2024-11-28T14:45:12","date_gmt":"2024-11-28T14:45:12","guid":{"rendered":"https:\/\/pasaulioziniasklaida.lt\/index.php\/2024\/11\/28\/australijoje-paskelbtas-draudimas-socialinei-ziniasklaidai-iki-16-metu-pasaulio-naujienos\/"},"modified":"2024-11-28T14:45:12","modified_gmt":"2024-11-28T14:45:12","slug":"australijoje-paskelbtas-draudimas-socialinei-ziniasklaidai-iki-16-metu-pasaulio-naujienos","status":"publish","type":"post","link":"https:\/\/pasaulioziniasklaida.lt\/index.php\/2024\/11\/28\/australijoje-paskelbtas-draudimas-socialinei-ziniasklaidai-iki-16-metu-pasaulio-naujienos\/","title":{"rendered":"Australijoje paskelbtas draudimas socialinei \u017einiasklaidai iki 16 met\u0173 | Pasaulio naujienos"},"content":{"rendered":"<p> <br \/>\n<\/p>\n<div data-component-name=\"ui-article-body\" data-highlight-intro=\"true\">\n<p>Australijos senatoriai pri\u0117m\u0117 pirm\u0105j\u012f pasaulyje \u012fstatym\u0105, draud\u017eiant\u012f jaunesniems nei 16 met\u0173 asmenims tur\u0117ti socialini\u0173 tinkl\u0173 paskyras.<\/p>\n<p>\u012estatymas \u012fsigalios 2025 met\u0173 lapkrit\u012f.<\/p>\n<p>Tai apima kai kurias grie\u017e\u010diausias pasaulyje socialin\u0117s \u017einiasklaidos kontrol\u0117s priemones ir privers platformas imtis pagr\u012fst\u0173 veiksm\u0173, kad b\u016bt\u0173 u\u017etikrinta apsauga d\u0117l am\u017eiaus.<\/p>\n<p>\u012estatymas numato, kad tokioms platformoms kaip \u201eTikTok\u201c, \u201eInstagram\u201c, \u201eSnapchat\u201c, \u201eReddit\u201c ir \u201eX\u201c bus taikomos baudos iki 50 milijon\u0173 Australijos doleri\u0173 (25 mln. GBP), jei jos sistemingai netrukdys jaunesniems nei 16 met\u0173 vaikams tur\u0117ti s\u0105skaitas.<\/p>\n<p>Platformos tur\u0117s vienerius metus i\u0161siai\u0161kinti, kaip \u012fgyvendinti draudim\u0105, kol \u012fsigalios baudos.<\/p>\n<p>Rugs\u0117jo m\u0117n. ministras pirmininkas Anthony Albanese&#8217;as parei\u0161k\u0117, kad jo vyriausyb\u0117 i\u0161bandys am\u017eiaus patvirtinimo technologij\u0105 prie\u0161 u\u017edrausdama vaikams atidaryti socialini\u0173 tinkl\u0173 paskyras.<\/p>\n<div class=\"sdc-article-widget sdc-site-video callfn\" data-account-id=\"6058004172001\" data-amp-iframe-embed=\"\" data-asset-id=\"7454e2fd-56c6-4c98-a005-51568a5baee0\" data-asset-path=\"\" data-asset-version=\"\" data-autoplay=\"false\" data-auth-config=\"\" data-caption=\"Could a social media ban for under 16s work?\" data-clip-type=\"\" data-component-name=\"sdc-site-video\" data-competition=\"\" data-copy-url-text=\"URL copied to clipboard\" data-fn=\"sdc-site-video\" data-id=\"id_7454e2fd-56c6-4c98-a005-51568a5baee0\" data-is-live-stream=\"false\" data-lite=\"true\" data-options=\"\" data-originator-id=\"51\" data-originator-handle=\"brightcove-news-gb\" data-package-name=\"\" data-provider=\"brightcove\" data-player-id=\"RC9PQUaJ6\" data-playsinline=\"\" data-sensitive=\"false\" data-sdc-id=\"6750454\" data-sdc-video-id=\"7454e2fd-56c6-4c98-a005-51568a5baee0\" data-sport-category=\"\" data-state=\"loading\" data-token-state=\"none\" data-video-ad-unit=\"\" data-video-blacklisted-originator-ids=\"\" data-video-id=\"ref:7454e2fd-56c6-4c98-a005-51568a5baee0\" data-video-type=\"\" data-auto-pause-on-not-visible=\"true\" tabindex=\"-1\" data-closed-captions-position=\"middle-third\" data-show-closed-captions=\"true\" data-show-pip=\"true\" data-show-live-stream-scrubber=\"true\">\n<div class=\"sdc-site-video__inner\">\n<div class=\"sdc-site-video__content\" data-role=\"bridge-controller\" style=\"padding-bottom: calc(100% \/ ());\">\n<p class=\"sdc-site-video__accessibility-message\" data-role=\"accessibility-message\">Jei norite lengviau pasiekti vaizdo \u012fra\u0161\u0173 grotuv\u0105, naudokite nar\u0161ykl\u0119 \u201eChrome\u201c.<\/p>\n<p>              <span aria-hidden=\"true\" data-role=\"poster\" class=\"sdc-site-video__poster\"><br \/>\n                <br \/>\n              <span class=\"sdc-site-video__loader\"\/><br \/>\n                <span class=\"sdc-site-video__time\">3:27<\/span><br \/>\n              <\/span><\/p>\n<p>              <video id=\"id_7454e2fd-56c6-4c98-a005-51568a5baee0\" data-embed=\"default\" data-application-id=\"\" class=\"video-js sdc-site-video__tag\" controls=\"\" playsinline=\"\"\/>\n            <\/div><figcaption class=\"sdc-site-video__caption ui-media-caption\">\n<p>              <span class=\"ui-media-caption__caption-text\" data-role=\"caption-text\">Ar socialini\u0173 tinkl\u0173 draudimas jaunesniems nei 16 met\u0173 asmenims gal\u0117t\u0173 veikti?<\/span><br \/>\n            <\/figcaption><\/div>\n<\/p><\/div>\n<p>Tuo metu \u201eMeta\u201c, kuriai priklauso \u201eFacebook\u201c ir \u201eInstagram\u201c ir kurios pa\u010dios nustatytas minimalus am\u017eius yra 13 met\u0173, teig\u0117 norinti suteikti jauniems \u017emon\u0117ms galimyb\u0119 pasinaudoti jos platformomis ir suteikti t\u0117vams \u012frankius jiems palaikyti, \u201eo ne tiesiog nutraukti prieig\u0105\u201c. .<\/p>\n<p><strong>Skaitykite daugiau i\u0161 \u201eSky News\u201c:<br \/>I\u0161 naujo atrasta apleista \u0160altojo karo karin\u0117 baz\u0117<br \/>Nauji duomenys atskleid\u017eia karo poveik\u012f civiliams Libane<\/strong><\/p>\n<p>Australijos Atstov\u0173 r\u016bmai dar turi patvirtinti Senate priimtas pataisas, ta\u010diau tai yra formalumas, nes vyriausyb\u0117 jau sutiko, kad jos bus priimtos.<\/p>\n<p>Prane\u0161ama, kad Jungtin\u0117je Karalyst\u0117je politikai svarsto pana\u0161\u0173 draudim\u0105.<\/p>\n<p>Mokslo sekretorius Peteris Kyle&#8217;as pra\u0117jusi\u0105 savait\u0119 \u201eSky News\u201c sak\u0117, kad nori, kad \u201eOfcom\u201c reguliuotojas b\u016bt\u0173 \u201ery\u017etingesnis\u201c, kai kalbama apie \u201egroteski\u0161k\u0105\u201c elges\u012f socialin\u0117je \u017einiasklaidoje, \u012fskaitant ten, kur paaugliai neteko gyvyb\u0117s.<\/p>\n<p>\u201eNenoriu eiti \u012f tokius dalykus kaip visuotiniai draudimai, nes noriu, kad \u017emon\u0117s gaut\u0173 naudos i\u0161 vis\u0173 \u0161iuolaikini\u0173 technologij\u0173 teikiam\u0173 galimybi\u0173.<\/p>\n<p>\u201eTa\u010diau ten, kur yra \u017eala, a\u0161 visk\u0105 laikysiu ant stalo, kai bus kalbama apie \u017emoni\u0173 saugum\u0105\u201c, \u2013 sak\u0117 jis.<\/p>\n<\/p><\/div>\n<p><br \/>\n<br \/><a href=\"https:\/\/news.sky.com\/story\/australia-passes-social-media-ban-for-under-16s-13262282\">Source link <\/a><\/p>\n","protected":false},"excerpt":{"rendered":"<p>Australijos senatoriai pri\u0117m\u0117 pirm\u0105j\u012f pasaulyje \u012fstatym\u0105, draud\u017eiant\u012f jaunesniems nei 16 met\u0173 asmenims tur\u0117ti socialini\u0173 tinkl\u0173 paskyras. \u012estatymas \u012fsigalios 2025 met\u0173 lapkrit\u012f. Tai apima kai kurias grie\u017e\u010diausias pasaulyje socialin\u0117s \u017einiasklaidos kontrol\u0117s priemones ir privers platformas imtis pagr\u012fst\u0173 veiksm\u0173, kad b\u016bt\u0173 u\u017etikrinta apsauga d\u0117l am\u017eiaus. \u012estatymas numato, kad tokioms platformoms kaip \u201eTikTok\u201c, \u201eInstagram\u201c, \u201eSnapchat\u201c, \u201eReddit\u201c ir \u201eX\u201c [&hellip;]<\/p>\n","protected":false},"author":1,"featured_media":1062,"comment_status":"","ping_status":"","sticky":false,"template":"","format":"standard","meta":{"om_disable_all_campaigns":false,"_monsterinsights_skip_tracking":false,"_monsterinsights_sitenote_active":false,"_monsterinsights_sitenote_note":"","_monsterinsights_sitenote_category":0,"footnotes":""},"categories":[4],"tags":[1968,353,1362,77,24,23,2286,2422,2423],"class_list":["post-1061","post","type-post","status-publish","format-standard","has-post-thumbnail","hentry","category-pasaulio-naujienos","tag-australijoje","tag-draudimas","tag-iki","tag-metu","tag-naujienos","tag-pasaulio","tag-paskelbtas","tag-socialinei","tag-ziniasklaidai"],"aioseo_notices":[],"_links":{"self":[{"href":"https:\/\/pasaulioziniasklaida.lt\/index.php\/wp-json\/wp\/v2\/posts\/1061","targetHints":{"allow":["GET"]}}],"collection":[{"href":"https:\/\/pasaulioziniasklaida.lt\/index.php\/wp-json\/wp\/v2\/posts"}],"about":[{"href":"https:\/\/pasaulioziniasklaida.lt\/index.php\/wp-json\/wp\/v2\/types\/post"}],"author":[{"embeddable":true,"href":"https:\/\/pasaulioziniasklaida.lt\/index.php\/wp-json\/wp\/v2\/users\/1"}],"replies":[{"embeddable":true,"href":"https:\/\/pasaulioziniasklaida.lt\/index.php\/wp-json\/wp\/v2\/comments?post=1061"}],"version-history":[{"count":0,"href":"https:\/\/pasaulioziniasklaida.lt\/index.php\/wp-json\/wp\/v2\/posts\/1061\/revisions"}],"wp:featuredmedia":[{"embeddable":true,"href":"https:\/\/pasaulioziniasklaida.lt\/index.php\/wp-json\/wp\/v2\/media\/1062"}],"wp:attachment":[{"href":"https:\/\/pasaulioziniasklaida.lt\/index.php\/wp-json\/wp\/v2\/media?parent=1061"}],"wp:term":[{"taxonomy":"category","embeddable":true,"href":"https:\/\/pasaulioziniasklaida.lt\/index.php\/wp-json\/wp\/v2\/categories?post=1061"},{"taxonomy":"post_tag","embeddable":true,"href":"https:\/\/pasaulioziniasklaida.lt\/index.php\/wp-json\/wp\/v2\/tags?post=1061"}],"curies":[{"name":"wp","href":"https:\/\/api.w.org\/{rel}","templated":true}]}}