{"id":1120,"date":"2024-12-03T14:55:53","date_gmt":"2024-12-03T14:55:53","guid":{"rendered":"https:\/\/pasaulioziniasklaida.lt\/index.php\/2024\/12\/03\/kvieciame-i-projekto-siauliairodo-parodos-atidaryma\/"},"modified":"2024-12-03T14:55:53","modified_gmt":"2024-12-03T14:55:53","slug":"kvieciame-i-projekto-siauliairodo-parodos-atidaryma","status":"publish","type":"post","link":"https:\/\/pasaulioziniasklaida.lt\/index.php\/2024\/12\/03\/kvieciame-i-projekto-siauliairodo-parodos-atidaryma\/","title":{"rendered":"Kvie\u010diame \u012f projekto #\u0160iauliaiRodo parodos atidarym\u0105"},"content":{"rendered":"<p> <br \/>\n<\/p>\n<div>\n<p><strong>Projektas #\u0160iauliaiRodo \u2013 tai fotografij\u0173 ir vaizdo pasakojim\u0173 ciklas apie unikal\u0173 \u0160iauli\u0173 turt\u0105 \u2013 \u017emones. \u017dmones, kurie dirba kasdien\u012f darb\u0105 ir savo veikla stiprina miesto bendruomen\u0119.<\/strong><\/p>\n<p>Kiekvienas darbas yra skirtingai matuojamas, bet visi jie \u2013 nenugin\u010dijamai vertingi. Skirtingi \u017emon\u0117s \u2013 skirtingos sritys. Vieni dirba su studentais auk\u0161tosiose mokyklose, kiti moko moksleivius klas\u0117se, ugdo j\u0173 geb\u0117jimus b\u016breliuose, treti kuria muzik\u0105, men\u0105, gydo \u017emones, atstovauja verslo \u012fmon\u0117ms, vykdo savanori\u0161k\u0105 veikl\u0105 ir siun\u010dia apie tai \u017einut\u0119 visuomenei.<\/p>\n<div class=\"g g-25\">\n<p>MN 15 | Straipsnio vidus 1 pragrafas | 969&#215;200<\/p>\n<\/div>\n<p><\/p>\n<p>Visi ma\u017ei ir dideli darbai, iniciatyvos prisideda prie \u0160iauli\u0173 identiteto k\u016brimo ir vardo garsinimo. Visi \u0161ios parodos herojai \u201eu\u017ekiet\u0117j\u0119\u201c \u0161iaulie\u010diai, besidid\u017eiuojantys \u010dia gim\u0119, aug\u0119, mok\u0119si, dirbantys ir mylintys gimt\u0105j\u012f miest\u0105.<\/p>\n<p><img decoding=\"async\" loading=\"lazy\" class=\"size-full wp-image-294986 aligncenter\" src=\"https:\/\/miestonaujienos.lt\/wp-content\/uploads\/2024\/12\/siauliai-rodo-svk-2024-gruodis-5.jpg\" alt=\"\" width=\"1230\" height=\"878\" srcset=\"https:\/\/miestonaujienos.lt\/wp-content\/uploads\/2024\/12\/siauliai-rodo-svk-2024-gruodis-5.jpg 1230w, https:\/\/miestonaujienos.lt\/wp-content\/uploads\/2024\/12\/siauliai-rodo-svk-2024-gruodis-5-205x146.jpg 205w\" sizes=\"auto, (max-width: 1230px) 100vw, 1230px\"\/><\/p>\n<p>Kiekvienas i\u0161 m\u016bs\u0173 kuriame \u0160iaulius. Kuriantis \u017emogus yra plati s\u0105voka \u2013 kurti galima moksl\u0105, men\u0105, versl\u0105, \u017eod\u012f, istorij\u0105, bendruomen\u0119. De\u0161imt \u0160iauli\u0173 veid\u0173, de\u0161imt asmenybi\u0173. Gal tai tavo draugas, kolega, kaimynas, bendramintis?<\/p>\n<p><img decoding=\"async\" loading=\"lazy\" class=\"size-full wp-image-294987 aligncenter\" src=\"https:\/\/miestonaujienos.lt\/wp-content\/uploads\/2024\/12\/siauliai-rodo-svk-2024-gruodis-6.jpg\" alt=\"\" width=\"1230\" height=\"878\" srcset=\"https:\/\/miestonaujienos.lt\/wp-content\/uploads\/2024\/12\/siauliai-rodo-svk-2024-gruodis-6.jpg 1230w, https:\/\/miestonaujienos.lt\/wp-content\/uploads\/2024\/12\/siauliai-rodo-svk-2024-gruodis-6-205x146.jpg 205w\" sizes=\"auto, (max-width: 1230px) 100vw, 1230px\"\/><\/p>\n<p>Projekto #\u0160iauliaiRodo komanda tikisi, kad paroda paskatins ne tik labiau pasidom\u0117ti, kuo \u0161ie \u017emon\u0117s yra \u012fdom\u016bs, bet ir su\u017einoti daugiau netik\u0117t\u0173 fakt\u0173 ir apie juos pa\u010dius, ir apie m\u016bs\u0173 miest\u0105.<\/p>\n<p><iframe loading=\"lazy\" title=\"#\u0160iauliaiRodo \/ Paulius Jasi\u016bnas\" width=\"640\" height=\"360\" src=\"https:\/\/www.youtube.com\/embed\/-mm_qpFhF-w?feature=oembed\" frameborder=\"0\" allow=\"accelerometer; autoplay; clipboard-write; encrypted-media; gyroscope; picture-in-picture; web-share\" referrerpolicy=\"strict-origin-when-cross-origin\" allowfullscreen><\/iframe><\/p>\n<p>Nuotrauk\u0173 autor\u0117 fotograf\u0117 Renata Chvoinikovien\u0117 \u2013 men\u0173 magistr\u0117, baigusi \u0160iauli\u0173 universitet\u0105, nuo 2016 met\u0173 dirba fotografijos profesijos mokytoja.<\/p>\n<p>Fotografij\u0173 cikle \u201e\u012edom\u016bs \u017emon\u0117s ir j\u0173 talentai\u201c autor\u0117 siekia parodyti, kad kiekvienas \u017emogus yra unikalus pasaulis, vertas pa\u017einimo ir \u012fvertinimo. Kiekvienas portretas pasakoja savit\u0105 istorij\u0105 ir perteikia ypating\u0105 vidin\u0119 \u0161vies\u0105, kuria \u0161ie \u017emon\u0117s dalijasi su aplinkiniais. Fotografijos kvie\u010dia \u017ei\u016brov\u0105 stabtel\u0117ti, \u012fsi\u017ei\u016br\u0117ti ir pasteb\u0117ti asmenybes.<\/p>\n<p><img decoding=\"async\" loading=\"lazy\" class=\"size-full wp-image-294988 aligncenter\" src=\"https:\/\/miestonaujienos.lt\/wp-content\/uploads\/2024\/12\/siauliai-rodo-svk-2024-gruodis-7.jpg\" alt=\"\" width=\"1230\" height=\"878\" srcset=\"https:\/\/miestonaujienos.lt\/wp-content\/uploads\/2024\/12\/siauliai-rodo-svk-2024-gruodis-7.jpg 1230w, https:\/\/miestonaujienos.lt\/wp-content\/uploads\/2024\/12\/siauliai-rodo-svk-2024-gruodis-7-205x146.jpg 205w\" sizes=\"auto, (max-width: 1230px) 100vw, 1230px\"\/><\/p>\n<p>Pasteb\u0117ti \u017emones, kurie savo veikla turtina ir \u012fkvepia nuolat besikurian\u010di\u0105 miesto bendruomen\u0119. Nors da\u017enai \u0161ie talentingi \u017emon\u0117s lieka masin\u0117s medijos para\u0161t\u0117se, j\u0173 ind\u0117lis atveria naujas miesto tapatyb\u0117s ir kult\u016brin\u0117s bendruomen\u0117s dimensijas. 2024-ieji \u0161iems projekto dalyviams yra d\u0117kingumo metai \u2013 kurti, veikti, dalintis, gyventi. Ir, \u017einoma, pad\u0117koti u\u017e kartu kuriam\u0105 \u0160iauli\u0173 \u012fvaizd\u012f.<\/p>\n<p><iframe loading=\"lazy\" title=\"#\u0160iauliaiRodo \/ Roberta Stonkut\u0117\" width=\"640\" height=\"360\" src=\"https:\/\/www.youtube.com\/embed\/sNREIyH13OE?feature=oembed\" frameborder=\"0\" allow=\"accelerometer; autoplay; clipboard-write; encrypted-media; gyroscope; picture-in-picture; web-share\" referrerpolicy=\"strict-origin-when-cross-origin\" allowfullscreen><\/iframe><\/p>\n<p>\u2022 Parodos atidarymas vyks gruod\u017eio 5 d. 17.30 val. \u0160iauli\u0173 apskrities Povilo Vi\u0161inskio vie\u0161ojoje bibliotekoje (Au\u0161ros al. 62). Projekt\u0105 finansuoja \u0160iauli\u0173 miesto savivaldyb\u0117, projekt\u0105 \u012fgyvendina \u0160iauli\u0173 valstybin\u0117 kolegija.<\/p>\n<div class=\"g g-43\">\n<div class=\"g-single a-213\"><img decoding=\"async\" src=\"https:\/\/miestonaujienos.lt\/wp-content\/uploads\/2015\/12\/pranesimu-spaudai-platinimas.jpg\" width=\"100%\"\/><\/div>\n<\/div>\n<\/div>\n<p><script>(function(d, s, id) {\nvar js, fjs = d.getElementsByTagName(s)[0];\nif (d.getElementById(id)) return;\njs = d.createElement(s); js.id = id;\njs.src = \"\/\/connect.facebook.net\/lt_LT\/sdk.js#xfbml=1&version=v2.10\";\nfjs.parentNode.insertBefore(js, fjs);\n}(document, 'script', 'facebook-jssdk'));<\/script><br \/>\n<br \/><br \/>\n<br \/><a href=\"https:\/\/miestonaujienos.lt\/kvieciame-i-projekto-siauliairodo-parodos-atidaryma\/\">Source link <\/a><\/p>\n","protected":false},"excerpt":{"rendered":"<p>Projektas #\u0160iauliaiRodo \u2013 tai fotografij\u0173 ir vaizdo pasakojim\u0173 ciklas apie unikal\u0173 \u0160iauli\u0173 turt\u0105 \u2013 \u017emones. \u017dmones, kurie dirba kasdien\u012f darb\u0105 ir savo veikla stiprina miesto bendruomen\u0119. Kiekvienas darbas yra skirtingai matuojamas, bet visi jie \u2013 nenugin\u010dijamai vertingi. Skirtingi \u017emon\u0117s \u2013 skirtingos sritys. Vieni dirba su studentais auk\u0161tosiose mokyklose, kiti moko moksleivius klas\u0117se, ugdo j\u0173 geb\u0117jimus [&hellip;]<\/p>\n","protected":false},"author":1,"featured_media":1121,"comment_status":"","ping_status":"","sticky":false,"template":"","format":"standard","meta":{"om_disable_all_campaigns":false,"_monsterinsights_skip_tracking":false,"_monsterinsights_sitenote_active":false,"_monsterinsights_sitenote_note":"","_monsterinsights_sitenote_category":0,"footnotes":""},"categories":[3],"tags":[2586,1359,2585,2583,2584],"class_list":["post-1120","post","type-post","status-publish","format-standard","has-post-thumbnail","hentry","category-salies-naujienos","tag-atidaryma","tag-kvieciame","tag-parodos","tag-projekto","tag-siauliairodo"],"aioseo_notices":[],"_links":{"self":[{"href":"https:\/\/pasaulioziniasklaida.lt\/index.php\/wp-json\/wp\/v2\/posts\/1120","targetHints":{"allow":["GET"]}}],"collection":[{"href":"https:\/\/pasaulioziniasklaida.lt\/index.php\/wp-json\/wp\/v2\/posts"}],"about":[{"href":"https:\/\/pasaulioziniasklaida.lt\/index.php\/wp-json\/wp\/v2\/types\/post"}],"author":[{"embeddable":true,"href":"https:\/\/pasaulioziniasklaida.lt\/index.php\/wp-json\/wp\/v2\/users\/1"}],"replies":[{"embeddable":true,"href":"https:\/\/pasaulioziniasklaida.lt\/index.php\/wp-json\/wp\/v2\/comments?post=1120"}],"version-history":[{"count":0,"href":"https:\/\/pasaulioziniasklaida.lt\/index.php\/wp-json\/wp\/v2\/posts\/1120\/revisions"}],"wp:featuredmedia":[{"embeddable":true,"href":"https:\/\/pasaulioziniasklaida.lt\/index.php\/wp-json\/wp\/v2\/media\/1121"}],"wp:attachment":[{"href":"https:\/\/pasaulioziniasklaida.lt\/index.php\/wp-json\/wp\/v2\/media?parent=1120"}],"wp:term":[{"taxonomy":"category","embeddable":true,"href":"https:\/\/pasaulioziniasklaida.lt\/index.php\/wp-json\/wp\/v2\/categories?post=1120"},{"taxonomy":"post_tag","embeddable":true,"href":"https:\/\/pasaulioziniasklaida.lt\/index.php\/wp-json\/wp\/v2\/tags?post=1120"}],"curies":[{"name":"wp","href":"https:\/\/api.w.org\/{rel}","templated":true}]}}