{"id":1146,"date":"2024-12-06T14:53:21","date_gmt":"2024-12-06T14:53:21","guid":{"rendered":"https:\/\/pasaulioziniasklaida.lt\/index.php\/2024\/12\/06\/indijos-ukininkai-susireme-su-policija-po-eityniu-del-kapitalo-blokavimo-pasaulio-naujienos\/"},"modified":"2024-12-06T14:53:21","modified_gmt":"2024-12-06T14:53:21","slug":"indijos-ukininkai-susireme-su-policija-po-eityniu-del-kapitalo-blokavimo-pasaulio-naujienos","status":"publish","type":"post","link":"https:\/\/pasaulioziniasklaida.lt\/index.php\/2024\/12\/06\/indijos-ukininkai-susireme-su-policija-po-eityniu-del-kapitalo-blokavimo-pasaulio-naujienos\/","title":{"rendered":"Indijos \u016bkininkai susir\u0117m\u0117 su policija po eityni\u0173 d\u0117l kapitalo blokavimo | Pasaulio naujienos"},"content":{"rendered":"<p> <br \/>\n<\/p>\n<div data-component-name=\"ui-article-body\" data-highlight-intro=\"true\">\n<p>Saugumo paj\u0117gos paleido a\u0161arines dujas \u012f protestuojan\u010dius Indijos \u016bkininkus, kurie bando \u017eygiuoti \u012f Del\u012f.<\/p>\n<p>Per susir\u0117mimus su \u0161imtais policijos ir sukarint\u0173 paj\u0117g\u0173 \u0160ambhu per\u0117joje prie Pend\u017eabo ir Harianos sienos demonstrantai prasibrov\u0117 per kelis barikad\u0173 sluoksnius.<\/p>\n<p>\u016akininkai turi daugyb\u0119 reikalavim\u0173, \u012fskaitant skol\u0173 u\u017e paskolas \u016bkiui atleidim\u0105, pensijas \u016bkininkams ir darbininkams, pagalb\u0105 padengiant energijos s\u0105naudas ir teisines garantijas, susijusias su minimalia paramos kaina (MSP), kuri apsaugo \u016bkininkus nuo pas\u0117li\u0173 kain\u0173 kritimo.<\/p>\n<p>Sugrie\u017etintas saugumas \u0160ambhu per\u0117joje, esan\u010dioje Pend\u017eabo ir Harianos valstij\u0173 pasienyje, kur \u0161imtai \u017emoni\u0173 stovyklauja nuo vasario m\u0117nesio.<\/p>\n<div class=\"sdc-article-widget sdc-article-image\">\n<figure class=\"sdc-article-image__figure\">\n<div class=\"sdc-article-image__wrapper\" data-aspect-ratio=\"16\/9\">\n          \n    <\/div><figcaption class=\"ui-media-caption\">\n        <span class=\"u-hide-visually\">Vaizdas:<\/span><br \/>\n        <span class=\"ui-media-caption__caption-text\">A\u0161arin\u0117s dujos buvo panaudotos protestuojant \u016bkininkams prie \u0160ambhu sienos per\u0117jos. Nuotrauka: AP<br \/>\n        <\/span><br \/>\n      <\/figcaption><\/figure>\n<\/div>\n<p>Haryanos vyriausyb\u0117, kuri\u0105 kontroliuoja ministras pirmininkas <strong>Narendra Modi<\/strong> partija atsisak\u0117 leisti protestuotojams pereiti per j\u0173 valstij\u0105, kad pasiekt\u0173 <strong>kapitalo<\/strong>apie 140 myli\u0173 (225 km).<\/p>\n<p>Policijos vir\u0161ininkas Surenderis Singhas Bhoria i\u0161 Ambalos rajono sak\u0117: \u201eVisos saugumo priemon\u0117s buvo pritaikytos ir jei \u016bkininkai nori vykti \u012f Del\u012f, pirmiausia jie tur\u0117t\u0173 gauti leidim\u0105 i\u0161 Delio policijos\u201c.<\/p>\n<p>Pareig\u016bnai sutvirtino u\u017etvaras, prid\u0117jo dar tris sluoksnius, su skutimosi viela ir betonin\u0117mis u\u017etvaromis, \u012ftaisytomis gele\u017ein\u0117mis vinimis.<\/p>\n<p>\u0160imtai policijos ir sukarinto personalo buvo dislokuoti kartu su bepilo\u010diais orlaiviais ir vandens patrankomis.<\/p>\n<div class=\"sdc-article-widget sdc-article-image\">\n<figure class=\"sdc-article-image__figure\">\n<div class=\"sdc-article-image__wrapper\" data-aspect-ratio=\"16\/9\">\n          <img decoding=\"async\" class=\"sdc-article-image__item\" loading=\"lazy\" intrinsicsize=\"768x432\" src=\"https:\/\/e3.365dm.com\/24\/12\/768x432\/skynews-shambhu-map-crossing_6768257.png?20241206123002\" srcset=\"https:\/\/e3.365dm.com\/24\/12\/384x216\/skynews-shambhu-map-crossing_6768257.png?20241206123002 380w, https:\/\/e3.365dm.com\/24\/12\/768x432\/skynews-shambhu-map-crossing_6768257.png?20241206123002 760w, https:\/\/e3.365dm.com\/24\/12\/1600x900\/skynews-shambhu-map-crossing_6768257.png?20241206123002 1024w, https:\/\/e3.365dm.com\/24\/12\/2048x1152\/skynews-shambhu-map-crossing_6768257.png?20241206123002 2048w\" sizes=\"(min-width: 1024px) 1024px, 100vw\" alt=\"Shambhu per\u0117ja Indijoje, kur \u016bkininkai susir\u0117m\u0117 su policija\"\/>\n    <\/div><figcaption class=\"ui-media-caption\">\n        <span class=\"u-hide-visually\">Vaizdas:<\/span><br \/>\n        <span class=\"ui-media-caption__caption-text\">Shambhu per\u0117ja Indijoje, kur \u016bkininkai susir\u0117m\u0117 su policija<br \/>\n        <\/span><br \/>\n      <\/figcaption><\/figure>\n<\/div>\n<p>Penktadien\u012f Ambalos mieste buvo u\u017edarytos mokyklos, \u012fvesti special\u016bs apribojimai penki\u0173 ar daugiau \u017emoni\u0173 susib\u016brimams vienoje vietoje. Interneto paslaugos taip pat buvo u\u017eblokuotos kai kuriose sienose.<\/p>\n<p>Protestus palaiko dvi didel\u0117s \u016bkinink\u0173 s\u0105jungos \u2013 Samyukta Kisan Morcha (SKM) ir Kisan Mazdoor Morcha (KMM), nors kitos grup\u0117s nepalaiko eityni\u0173.<\/p>\n<p>Nuo vasario m\u0117nesio protesto grup\u0117s tris kartus band\u0117 \u017eygiuoti \u012f Del\u012f.<\/p>\n<p>\u016akinink\u0173 lyderis Sarwanas Singhas Pandheris sak\u0117: \u201ePra\u0117jome keturis deryb\u0173 raundus su vyriausybe ir niekas nebuvo i\u0161spr\u0119stas. Esame pasireng\u0119 deryboms su vyriausybe, kad i\u0161spr\u0119stume \u0161ias problemas.<\/p>\n<div class=\"sdc-article-widget sdc-article-image\">\n<figure class=\"sdc-article-image__figure\">\n<div class=\"sdc-article-image__wrapper\" data-aspect-ratio=\"16\/9\">\n          <img decoding=\"async\" class=\"sdc-article-image__item\" loading=\"lazy\" intrinsicsize=\"768x432\" src=\"https:\/\/e3.365dm.com\/24\/12\/768x432\/skynews-shambhu-india-farmer_6768233.jpg?20241206120325\" srcset=\"https:\/\/e3.365dm.com\/24\/12\/384x216\/skynews-shambhu-india-farmer_6768233.jpg?20241206120325 380w, https:\/\/e3.365dm.com\/24\/12\/768x432\/skynews-shambhu-india-farmer_6768233.jpg?20241206120325 760w, https:\/\/e3.365dm.com\/24\/12\/1600x900\/skynews-shambhu-india-farmer_6768233.jpg?20241206120325 1024w, https:\/\/e3.365dm.com\/24\/12\/2048x1152\/skynews-shambhu-india-farmer_6768233.jpg?20241206120325 2048w\" sizes=\"(min-width: 1024px) 1024px, 100vw\" alt=\"Penktadien\u012f, 2024 m. gruod\u017eio 6 d., policija sustabd\u0117 protestuojan\u010dius \u016bkininkus, \u017eygiavusius \u012f Nauj\u0105j\u012f Del\u012f, netoli Pend\u017eabo ir Harianos sienos \u0160ambhu mieste, Indijoje. (AP nuotrauka \/ Rajeshas Sacharas)\"\/>\n    <\/div><figcaption class=\"ui-media-caption\">\n        <span class=\"u-hide-visually\">Vaizdas:<\/span><br \/>\n        <span class=\"ui-media-caption__caption-text\">Buvo pastatytos papildomos kli\u016btys \u016bkininkams blokuoti. Nuotrauka: AP<br \/>\n        <\/span><br \/>\n      <\/figcaption><\/figure>\n<\/div>\n<p>\u201eTai atrodo ne kaip Pend\u017eabo ir Harianos siena, o tarptautin\u0117 teritorija. Jie su mumis elgiasi taip, lyg su prie\u0161ais i\u0161 kitos \u0161alies.<\/p>\n<p>&#8222;Esame \u0161io kra\u0161to pilie\u010diai, norintys taikiai \u017eygiuoti \u012f \u0161alies sostin\u0119, kad paspaust\u0173 m\u016bs\u0173 reikalavimus. Administracija mus apkaltino ginkl\u0173 ne\u0161iojimu, bet mes \u0161\u012f kart\u0105 \u017eygiuosime taikiai ir p\u0117s\u010diomis, o ne traktoriais.&#8221;<\/p>\n<p><strong>Skaitykite daugiau i\u0161 \u201eSky News\u201c:<br \/>Vyras puola ant baltojo lokio apginti \u017emonos<br \/>Piet\u0173 Kor\u0117joje art\u0117ja balsavimas d\u0117l apkaltos<br \/>Williamas v\u0117l dalyvaus Notre Dame atidaryme<\/strong><\/p>\n<p>Indijos vyriausyb\u0117 parei\u0161k\u0117 esanti atvira deryboms. Kaimo pl\u0117tros ministras Kamleshas Paswanas sak\u0117: \u201eJokia kita vyriausyb\u0117 nepadar\u0117 tiek daug d\u0117l \u016bkinink\u0173 kaip Modi vyriausyb\u0117, mes pad\u0117jome jiems kiekviename sektoriuje\u201c.<\/p>\n<p>\u016akinink\u0173 problemos gali b\u016bti i\u0161spr\u0119stos tik derybomis. Dialogas yra vienintelis kelias \u012f priek\u012f ir jie tur\u0117t\u0173 tartis su \u017eem\u0117s \u016bkio ministru\u201c, \u2013 prid\u016br\u0117 jis.<\/p>\n<p>Daugiau nei pus\u0117 Indijos gyventoj\u0173 yra \u016bkininkai, milijonai labiau prisiri\u0161\u0119 prie \u017eem\u0117s \u016bkio.<\/p>\n<div class=\"sdc-article-widget sdc-article-image\">\n<figure class=\"sdc-article-image__figure\">\n<div class=\"sdc-article-image__wrapper\" data-aspect-ratio=\"16\/9\">\n          <img decoding=\"async\" class=\"sdc-article-image__item\" loading=\"lazy\" intrinsicsize=\"768x432\" src=\"https:\/\/e3.365dm.com\/24\/12\/768x432\/skynews-india-farmers-protest_6768260.jpg?20241206123241\" srcset=\"https:\/\/e3.365dm.com\/24\/12\/384x216\/skynews-india-farmers-protest_6768260.jpg?20241206123241 380w, https:\/\/e3.365dm.com\/24\/12\/768x432\/skynews-india-farmers-protest_6768260.jpg?20241206123241 760w, https:\/\/e3.365dm.com\/24\/12\/1600x900\/skynews-india-farmers-protest_6768260.jpg?20241206123241 1024w, https:\/\/e3.365dm.com\/24\/12\/2048x1152\/skynews-india-farmers-protest_6768260.jpg?20241206123241 2048w\" sizes=\"(min-width: 1024px) 1024px, 100vw\" alt=\"\u016akininkai i\u0161 \u0161iaurin\u0117s Utar Prade\u0161o valstijos \u0161aukia \u0161\u016bkius, protestuodami reikalaudami didesn\u0117s kompensacijos u\u017e savo \u017eem\u0119, Noidoje, Indijoje, 2024 m. gruod\u017eio 2 d. REUTERS \/ Anushree Fadnavis\"\/>\n    <\/div><figcaption class=\"ui-media-caption\">\n        <span class=\"u-hide-visually\">Vaizdas:<\/span><br \/>\n        <span class=\"ui-media-caption__caption-text\">\u016akininkai i\u0161 \u0161iaurin\u0117s Utar Prade\u0161o valstijos pirmadien\u012f susirinko reikalauti didesn\u0117s kompensacijos. Nuotrauka: Reuters<br \/>\n        <\/span><br \/>\n      <\/figcaption><\/figure>\n<\/div>\n<p>Pirmadien\u012f apie 5000 \u016bkinink\u0173 i\u0161 Utar Prade\u0161o band\u0117 \u017eygiuoti \u012f Del\u012f, siekdami teisingos kompensacijos u\u017e \u017eem\u0119, kuri\u0105 vyriausyb\u0117 \u012fsigijo nuo 1997 m.<\/p>\n<p>Eisena buvo u\u017eblokuota sostin\u0117s pakra\u0161tyje, kai kuriuos \u016bkininkus sulaik\u0117 policija.<\/p>\n<div class=\"sdc-article-widget sdc-article-image\">\n<figure class=\"sdc-article-image__figure\">\n<div class=\"sdc-article-image__wrapper\" data-aspect-ratio=\"16\/9\">\n          <img decoding=\"async\" class=\"sdc-article-image__item\" loading=\"lazy\" intrinsicsize=\"768x432\" src=\"https:\/\/e3.365dm.com\/24\/12\/768x432\/skynews-uttar-pradesh-farmers_6768261.jpg?20241206123318\" srcset=\"https:\/\/e3.365dm.com\/24\/12\/384x216\/skynews-uttar-pradesh-farmers_6768261.jpg?20241206123318 380w, https:\/\/e3.365dm.com\/24\/12\/768x432\/skynews-uttar-pradesh-farmers_6768261.jpg?20241206123318 760w, https:\/\/e3.365dm.com\/24\/12\/1600x900\/skynews-uttar-pradesh-farmers_6768261.jpg?20241206123318 1024w, https:\/\/e3.365dm.com\/24\/12\/2048x1152\/skynews-uttar-pradesh-farmers_6768261.jpg?20241206123318 2048w\" sizes=\"(min-width: 1024px) 1024px, 100vw\" alt=\"\u016akininkai i\u0161 \u0161iaurin\u0117s Utar Prade\u0161o valstijos \u0161aukia \u0161\u016bkius, protestuodami reikalaudami didesn\u0117s kompensacijos u\u017e savo \u017eem\u0119, Noidoje, Indijoje, 2024 m. gruod\u017eio 2 d. REUTERS \/ Anushree Fadnavis TPX DIENOS VAIZDAI\"\/>\n    <\/div><figcaption class=\"ui-media-caption\">\n        <span class=\"u-hide-visually\">Vaizdas:<\/span><br \/>\n        <span class=\"ui-media-caption__caption-text\">Kai kuriuos demonstrantus sulaik\u0117 policija. Nuotrauka: Reuters<br \/>\n        <\/span><br \/>\n      <\/figcaption><\/figure>\n<\/div>\n<p>Indijos Auk\u0161\u010diausiasis Teismas, kurio buvo papra\u0161yta \u012fsiki\u0161ti, kreip\u0117si \u012f \u0161\u012f protest\u0105. Teis\u0117jai Surya Kant ir Ujjal Bhuyan sak\u0117: \u201eDemokratin\u0117je s\u0105rangoje galite dalyvauti taikiuose protestuose, bet nesukelti nepatogum\u0173 \u017emon\u0117ms&#8230; Mes nekomentuojame, ar protestas teisingas, ar neteisingas.<\/p>\n<p>Dabar nacionaliniuose greitkeliuose sugrie\u017etintas saugumas, \u012frengti u\u017etvarai ir tikrinamos transporto priemon\u0117s.<\/p>\n<p>2020 m. t\u016bkstan\u010diai \u017emoni\u0173 16 m\u0117nesi\u0173 apgul\u0117 sostin\u0117s pakra\u0161t\u012f per protestus prie\u0161 Modi vyriausyb\u0117s \u012fvestus, j\u0173 nuomone, \u201eprie\u0161 \u016bkininkavim\u0105 nukreiptus\u201c \u012fstatymus.<\/p>\n<p>V\u0117liau teis\u0117s aktai buvo at\u0161aukti, ta\u010diau s\u0105jungos teigia, kad per demonstracijas \u017euvo daugiau nei 750 \u016bkinink\u0173.<\/p>\n<\/p><\/div>\n<p><br \/>\n<br \/><a href=\"https:\/\/news.sky.com\/story\/india-farmers-clash-with-police-after-march-on-capital-blocked-13267901\">Source link <\/a><\/p>\n","protected":false},"excerpt":{"rendered":"<p>Saugumo paj\u0117gos paleido a\u0161arines dujas \u012f protestuojan\u010dius Indijos \u016bkininkus, kurie bando \u017eygiuoti \u012f Del\u012f. Per susir\u0117mimus su \u0161imtais policijos ir sukarint\u0173 paj\u0117g\u0173 \u0160ambhu per\u0117joje prie Pend\u017eabo ir Harianos sienos demonstrantai prasibrov\u0117 per kelis barikad\u0173 sluoksnius. \u016akininkai turi daugyb\u0119 reikalavim\u0173, \u012fskaitant skol\u0173 u\u017e paskolas \u016bkiui atleidim\u0105, pensijas \u016bkininkams ir darbininkams, pagalb\u0105 padengiant energijos s\u0105naudas ir teisines [&hellip;]<\/p>\n","protected":false},"author":1,"featured_media":1147,"comment_status":"","ping_status":"","sticky":false,"template":"","format":"standard","meta":{"om_disable_all_campaigns":false,"_monsterinsights_skip_tracking":false,"_monsterinsights_sitenote_active":false,"_monsterinsights_sitenote_note":"","_monsterinsights_sitenote_category":0,"footnotes":""},"categories":[4],"tags":[2661,83,2660,2657,1116,24,23,102,2659,2658],"class_list":["post-1146","post","type-post","status-publish","format-standard","has-post-thumbnail","hentry","category-pasaulio-naujienos","tag-blokavimo","tag-del","tag-eityniu","tag-indijos","tag-kapitalo","tag-naujienos","tag-pasaulio","tag-policija","tag-susireme","tag-ukininkai"],"aioseo_notices":[],"_links":{"self":[{"href":"https:\/\/pasaulioziniasklaida.lt\/index.php\/wp-json\/wp\/v2\/posts\/1146","targetHints":{"allow":["GET"]}}],"collection":[{"href":"https:\/\/pasaulioziniasklaida.lt\/index.php\/wp-json\/wp\/v2\/posts"}],"about":[{"href":"https:\/\/pasaulioziniasklaida.lt\/index.php\/wp-json\/wp\/v2\/types\/post"}],"author":[{"embeddable":true,"href":"https:\/\/pasaulioziniasklaida.lt\/index.php\/wp-json\/wp\/v2\/users\/1"}],"replies":[{"embeddable":true,"href":"https:\/\/pasaulioziniasklaida.lt\/index.php\/wp-json\/wp\/v2\/comments?post=1146"}],"version-history":[{"count":0,"href":"https:\/\/pasaulioziniasklaida.lt\/index.php\/wp-json\/wp\/v2\/posts\/1146\/revisions"}],"wp:featuredmedia":[{"embeddable":true,"href":"https:\/\/pasaulioziniasklaida.lt\/index.php\/wp-json\/wp\/v2\/media\/1147"}],"wp:attachment":[{"href":"https:\/\/pasaulioziniasklaida.lt\/index.php\/wp-json\/wp\/v2\/media?parent=1146"}],"wp:term":[{"taxonomy":"category","embeddable":true,"href":"https:\/\/pasaulioziniasklaida.lt\/index.php\/wp-json\/wp\/v2\/categories?post=1146"},{"taxonomy":"post_tag","embeddable":true,"href":"https:\/\/pasaulioziniasklaida.lt\/index.php\/wp-json\/wp\/v2\/tags?post=1146"}],"curies":[{"name":"wp","href":"https:\/\/api.w.org\/{rel}","templated":true}]}}