{"id":1202,"date":"2024-12-12T15:00:25","date_gmt":"2024-12-12T15:00:25","guid":{"rendered":"https:\/\/pasaulioziniasklaida.lt\/index.php\/2024\/12\/12\/nato-turi-pereiti-prie-karo-laiku-mastymo-perspeja-generalinis-sekretorius-pasaulio-naujienos\/"},"modified":"2024-12-13T05:39:02","modified_gmt":"2024-12-13T05:39:02","slug":"nato-turi-pereiti-prie-karo-laiku-mastymo-perspeja-generalinis-sekretorius-pasaulio-naujienos","status":"publish","type":"post","link":"https:\/\/pasaulioziniasklaida.lt\/index.php\/2024\/12\/12\/nato-turi-pereiti-prie-karo-laiku-mastymo-perspeja-generalinis-sekretorius-pasaulio-naujienos\/","title":{"rendered":"NATO turi pereiti prie karo laik\u0173 m\u0105stymo, persp\u0117ja generalinis sekretorius | Pasaulio naujienos"},"content":{"rendered":"<div data-component-name=\"ui-article-body\" data-highlight-intro=\"true\">\n<p>NATO vadovas persp\u0117jo, kad aljansas n\u0117ra pasireng\u0119s gr\u0117sm\u0117ms, su kuriomis artimiausiais metais susidurs Rusija, ir kad laikas pereiti prie karo laik\u0173 m\u0105stymo.<\/p>\n<p>Markas Rutte&#8217;as, <a href=\"http:\/\/www.kazinonaujienos.lt\/\">organizacijos<\/a> generalinis sekretorius <strong>NATO<\/strong> \u0160altojo karo metu <a href=\"http:\/\/www.kelionesgidas.lt\/\">valstyb\u0117s nar\u0117s<\/a> gynybai i\u0161leido daugiau nei 3 % BVP ir tvirtino, kad <a href=\"http:\/\/www.kelioniunaujienos.lt\/\">b\u016bsimos i\u0161laidos<\/a> tur\u0117s b\u016bti daug didesn\u0117s nei dabartinis Aljanso tikslas \u2013 2 %.<\/p>\n<p>\u201c<strong>Rusija<\/strong> ruo\u0161iasi ilgalaikei konfrontacijai su Ukraina ir su mumis\u201c, \u2013 per kalb\u0105 Briuselyje sak\u0117 M. Rutte.<\/p>\n<p>\u201eNesame <a href=\"http:\/\/www.maistokatalogas.lt\/\">pasiruo\u0161\u0119<\/a> tam, kas m\u016bs\u0173 laukia po ketveri\u0173 ar penkeri\u0173 met\u0173\u201c, \u2013 sak\u0117 NATO generalinis sekretorius.<\/p>\n<p>Jis prid\u016br\u0117: \u201eAt\u0117jo laikas pereiti prie karo <a href=\"http:\/\/www.lazybunaujienos.lt\/\">laik\u0173 m\u0105stymo<\/a> ir padidinti m\u016bs\u0173 gynybos gamyb\u0105 bei i\u0161laidas gynybai\u201c.<\/p>\n<p>Jis taip pat sak\u0117, kad NATO turi ai\u0161kiai \u017ei\u016br\u0117ti \u012f Kinijos ambicijas ir persp\u0117jo, kad Pekinas i\u0161 esm\u0117s didina savo paj\u0117gas ir ty\u010diojasi i\u0161 Taivano.<\/p>\n<p>R. Rutte sak\u0117, kad dabartin\u0117 saugumo pad\u0117tis buvo \u201e<a href=\"http:\/\/www.kurortunaujienos.lt\/\">blogiausia mano gyvenime<\/a>\u201c.<\/p>\n<div class=\"sdc-article-widget sdc-site-video callfn\" tabindex=\"-1\" data-account-id=\"6058004172001\" data-amp-iframe-embed=\"\" data-asset-id=\"c068b65e-1d9d-4fec-9bb5-571e5b373320\" data-asset-path=\"\" data-asset-version=\"\" data-autoplay=\"false\" data-auth-config=\"\" data-caption=\"'Ukraine doesn't need more ideas on what peace process could look like,' Mr Rutte told Sky News last week\" data-clip-type=\"\" data-component-name=\"sdc-site-video\" data-component-name-alias=\"ui-sitewide-video\" data-competition=\"\" data-copy-url-text=\"URL copied to clipboard\" data-fn=\"sdc-site-video\" data-id=\"id_c068b65e-1d9d-4fec-9bb5-571e5b373320\" data-is-live-stream=\"false\" data-lite=\"true\" data-options=\"\" data-originator-id=\"51\" data-originator-handle=\"brightcove-news-gb\" data-package-name=\"\" data-provider=\"brightcove\" data-player-id=\"RC9PQUaJ6\" data-playsinline=\"\" data-sensitive=\"false\" data-sdc-id=\"6765123\" data-sdc-video-id=\"c068b65e-1d9d-4fec-9bb5-571e5b373320\" data-sport-category=\"\" data-state=\"loading\" data-token-state=\"none\" data-video-ad-unit=\"\" data-video-blacklisted-originator-ids=\"\" data-video-id=\"ref:c068b65e-1d9d-4fec-9bb5-571e5b373320\" data-video-type=\"\" data-auto-pause-on-not-visible=\"true\" data-closed-captions-position=\"middle-third\" data-show-closed-captions=\"true\" data-show-pip=\"true\" data-show-live-stream-scrubber=\"true\" data-autoload=\"false\">\n<div class=\"sdc-site-video__inner\">\n<div class=\"sdc-site-video__content\" style=\"padding-bottom: calc(100% \/ ());\" data-role=\"bridge-controller\">\n<p class=\"sdc-site-video__accessibility-message\" data-role=\"accessibility-message\">Jei norite lengviau pasiekti vaizdo \u012fra\u0161\u0173 grotuv\u0105, naudokite nar\u0161ykl\u0119 \u201eChrome\u201c.<\/p>\n<p><span class=\"sdc-site-video__poster\" aria-hidden=\"true\" data-role=\"poster\"><br \/>\n<\/p>\n<p><span class=\"sdc-site-video__time\">1:13<\/span><br \/>\n<\/span><\/p>\n<p><video id=\"id_c068b65e-1d9d-4fec-9bb5-571e5b373320\" class=\"video-js sdc-site-video__tag\" controls=\"controls\" width=\"300\" height=\"150\" data-embed=\"default\" data-application-id=\"\"><figcaption class=\"sdc-site-video__caption ui-media-caption\">              <span class=\"ui-media-caption__caption-text\" data-role=\"caption-text\">\u201eUkrainai nereikia daugiau id\u0117j\u0173, kaip gal\u0117t\u0173 atrodyti taikos procesas\u201c, \u2013 pra\u0117jusi\u0105 savait\u0119 \u201eSky News\u201c sak\u0117 R. Rutte.<\/span><br \/>\n<\/figcaption>NATO lyderiai susitar\u0117 nutraukti gynybos ma\u017einim\u0105, prasid\u0117jus\u012f pasibaigus \u0160altajam karui, Rusijai prie\u0161 de\u0161imtmet\u012f aneksavus Ukrainai priklausant\u012f Krymo pusiasal\u012f, siekdama savo kariniam biud\u017eetui i\u0161leisti 2% BVP.<\/p>\n<p>Po to, kai Rusija prie\u0161 beveik trejus metus \u012fsiver\u017e\u0117 \u012f Ukrain\u0105, jie susitar\u0117, kad 2% tikslas tur\u0117t\u0173 b\u016bti minimalus gynybos i\u0161laid\u0173 dydis.<\/p>\n<p>Nors aljansas pasiekia \u0161\u012f tiksl\u0105 kolektyviai, ma\u017edaug tre\u010ddalis nari\u0173 jo nepasiekia atskirai.<\/p>\n<p>I\u0161rinktasis JAV prezidentas Donaldas Trumpas, kuris pareigas prad\u0117s eiti sausio 20 d., pagrasino, kad JAV negins \u201enusikalstan\u010di\u0173\u201c \u0161ali\u0173.<\/p>\n<p>Aljansas grind\u017eiamas principu, kad i\u0161puolis prie\u0161 vien\u0105 nar\u0119 yra laikomas ataka prie\u0161 jas visas, o D. Trumpo komentarai k\u0117l\u0117 nuog\u0105stavimus, ar JAV imsis pagalbos i\u0161tikus krizei.<\/p>\n<p><em>\u0160i naujien\u0173 istorija atnaujinama ir netrukus bus paskelbta daugiau informacijos.<\/em><\/p>\n<p><em>Atnaujinkite puslap\u012f, kad gautum\u0117te piln\u0105 versij\u0105.<\/em><\/p>\n<p><em>I\u0161maniajame telefone ar plan\u0161etiniame kompiuteryje galite gauti \u012fsp\u0117jimus apie naujausias naujienas <strong>\u201eSky News\u201c programa<\/strong>. <\/em><em><em>Taip pat galite <\/em><em><strong>sekite mus WhatsApp<\/strong><\/em><em>  ir u\u017esiprenumeruokite m\u016bs\u0173 <\/em><em><strong>YouTube kanalas<\/strong><\/em><em>  kad neatsiliktum\u0117te nuo naujausi\u0173 naujien\u0173.<\/em><\/em><\/p>\n\n<p><a href=\"https:\/\/news.sky.com\/story\/nato-must-shift-to-wartime-mindset-secretary-general-warns-13272162\">Source link <\/a><\/p>\n<p><\/video><\/p>\n<\/div>\n<\/div>\n<\/div>\n<\/div>\n","protected":false},"excerpt":{"rendered":"<p>NATO vadovas persp\u0117jo, kad aljansas n\u0117ra pasireng\u0119s gr\u0117sm\u0117ms, su kuriomis artimiausiais metais susidurs Rusija, ir kad laikas pereiti prie karo laik\u0173 m\u0105stymo. Markas Rutte&#8217;as, organizacijos generalinis sekretorius NATO \u0160altojo karo metu valstyb\u0117s nar\u0117s gynybai i\u0161leido daugiau nei 3 % BVP ir tvirtino, kad b\u016bsimos i\u0161laidos tur\u0117s b\u016bti daug didesn\u0117s nei dabartinis Aljanso tikslas \u2013 2 [&hellip;]<\/p>\n","protected":false},"author":1,"featured_media":1203,"comment_status":"closed","ping_status":"closed","sticky":false,"template":"","format":"standard","meta":{"om_disable_all_campaigns":false,"_monsterinsights_skip_tracking":false,"_monsterinsights_sitenote_active":false,"_monsterinsights_sitenote_note":"","_monsterinsights_sitenote_category":0,"footnotes":""},"categories":[4],"tags":[2804,380,982,2803,2412,24,23,2802,154,120,2805,1253],"class_list":["post-1202","post","type-post","status-publish","format-standard","has-post-thumbnail","hentry","category-pasaulio-naujienos","tag-generalinis","tag-karo","tag-laiku","tag-mastymo","tag-nato","tag-naujienos","tag-pasaulio","tag-pereiti","tag-perspeja","tag-prie","tag-sekretorius","tag-turi"],"aioseo_notices":[],"_links":{"self":[{"href":"https:\/\/pasaulioziniasklaida.lt\/index.php\/wp-json\/wp\/v2\/posts\/1202","targetHints":{"allow":["GET"]}}],"collection":[{"href":"https:\/\/pasaulioziniasklaida.lt\/index.php\/wp-json\/wp\/v2\/posts"}],"about":[{"href":"https:\/\/pasaulioziniasklaida.lt\/index.php\/wp-json\/wp\/v2\/types\/post"}],"author":[{"embeddable":true,"href":"https:\/\/pasaulioziniasklaida.lt\/index.php\/wp-json\/wp\/v2\/users\/1"}],"replies":[{"embeddable":true,"href":"https:\/\/pasaulioziniasklaida.lt\/index.php\/wp-json\/wp\/v2\/comments?post=1202"}],"version-history":[{"count":1,"href":"https:\/\/pasaulioziniasklaida.lt\/index.php\/wp-json\/wp\/v2\/posts\/1202\/revisions"}],"predecessor-version":[{"id":1210,"href":"https:\/\/pasaulioziniasklaida.lt\/index.php\/wp-json\/wp\/v2\/posts\/1202\/revisions\/1210"}],"wp:featuredmedia":[{"embeddable":true,"href":"https:\/\/pasaulioziniasklaida.lt\/index.php\/wp-json\/wp\/v2\/media\/1203"}],"wp:attachment":[{"href":"https:\/\/pasaulioziniasklaida.lt\/index.php\/wp-json\/wp\/v2\/media?parent=1202"}],"wp:term":[{"taxonomy":"category","embeddable":true,"href":"https:\/\/pasaulioziniasklaida.lt\/index.php\/wp-json\/wp\/v2\/categories?post=1202"},{"taxonomy":"post_tag","embeddable":true,"href":"https:\/\/pasaulioziniasklaida.lt\/index.php\/wp-json\/wp\/v2\/tags?post=1202"}],"curies":[{"name":"wp","href":"https:\/\/api.w.org\/{rel}","templated":true}]}}