{"id":1204,"date":"2024-12-12T15:09:38","date_gmt":"2024-12-12T15:09:38","guid":{"rendered":"https:\/\/pasaulioziniasklaida.lt\/index.php\/2024\/12\/12\/vieninteliai-lietuvoje-reiksmingas-ivykis-lietuvos-kulturai-siauliu-choras-polifonija-tapo-tenso-nariu\/"},"modified":"2024-12-13T05:35:47","modified_gmt":"2024-12-13T05:35:47","slug":"vieninteliai-lietuvoje-reiksmingas-ivykis-lietuvos-kulturai-siauliu-choras-polifonija-tapo-tenso-nariu","status":"publish","type":"post","link":"https:\/\/pasaulioziniasklaida.lt\/index.php\/2024\/12\/12\/vieninteliai-lietuvoje-reiksmingas-ivykis-lietuvos-kulturai-siauliu-choras-polifonija-tapo-tenso-nariu\/","title":{"rendered":"Vieninteliai Lietuvoje! Reik\u0161mingas \u012fvykis Lietuvos kult\u016brai \u2013 \u0160iauli\u0173 choras \u201ePolifonija\u201c tapo TENSO nariu"},"content":{"rendered":"<p><\/p>\n<p><strong>2024 met\u0173 gruod\u017eio m\u0117nes\u012f \u0160iauli\u0173 valstybinis kamerinis choras \u201ePolifonija\u201c, minintis 50-ies met\u0173 k\u016brybin\u0117s <a href=\"http:\/\/www.agronews.lt\/\">veiklos jubiliej\u0173<\/a>, gavo dar vien\u0105 ypating\u0105 dovan\u0105 \u2013 oficialiai tapo TENSO \u2013 Europos profesionali\u0173 kamerini\u0173 chor\u0173 tinklas\u00a0(eng. The European network for professional chamber choirs <sub>www.tensonetwork.eu<\/sub>),\u00a0nariu.<\/strong><\/p>\n<p>\u0160i organizacija, <a href=\"http:\/\/www.agroregionai.lt\/\">vienijanti profesionalius<\/a> chorus i\u0161 18 Europos \u0161ali\u0173, yra ne tik <a href=\"http:\/\/www.agrotrans.lt\/\">presti\u017einis<\/a> chorus jungiantis tinklas, bet ir <a href=\"http:\/\/www.apieauto.lt\/\">platforma<\/a>, kurioje, tarptautiniu lygmeniu, gimsta naujos chorin\u0117s muzikos id\u0117jos, skatinama menin\u0117s rai\u0161kos \u012fvairov\u0117, vystomas <a href=\"http:\/\/www.autogreitis.lt\/\">bendradarbiavimas<\/a> tarp atlik\u0117j\u0173, kompozitori\u0173 bei kit\u0173 meno sri\u010di\u0173 atstov\u0173.<\/p>\n<figure class=\"wp-caption aligncenter\" style=\"width: 2048px;\"><img loading=\"lazy\" decoding=\"async\" src=\"https:\/\/www.siauliai.lt\/upload\/photos\/foto-saulius-prapiestis-675a9bc86a4e89.82193816.jpg\" alt=\"Sauliaus Prapies\u010dio nuotrauka\" width=\"2048\" height=\"1365\" \/><figcaption class=\"wp-caption-text\">Sauliaus Prapies\u010dio nuotrauka<\/figcaption><\/figure>\n<p>TENSO, \u012fkurtas 2003 m., \u0161iuo metu jungia 23 narius. \u0160iame \u012fsp\u016bdingame s\u0105ra\u0161e \u201ePolifonija\u201c yra vienintelis kolektyvas i\u0161<a href=\"http:\/\/www.autokelias.lt\"> Lietuvos<\/a>, atstovaujantis m\u016bs\u0173 \u0161alies profesional\u0173j\u012f chorin\u012f men\u0105 tarptautiniame kontekste. Tai neabejotinai itin reik\u0161mingas \u012fvykis <a href=\"http:\/\/www.autonaujiena.lt\/\">Lietuvos kult\u016brai<\/a> ir chorinei muzikai, liudijantis m\u016bs\u0173 \u0161alies atlik\u0117j\u0173 profesionalum\u0105, k\u016brybin\u0119 brand\u0105 ir <a href=\"http:\/\/www.autosmugis.lt\/\">auk\u0161t\u0105 menin\u012f lyg\u012f<\/a>.<\/p>\n<figure class=\"wp-caption aligncenter\" style=\"width: 1989px;\"><img loading=\"lazy\" decoding=\"async\" src=\"https:\/\/www.siauliai.lt\/upload\/photos\/foto-lina-kodiakina-675a9bebb59a88.31566349.jpg\" alt=\"Linos Kodiakinos nuotrauka\" width=\"1989\" height=\"1317\" \/><figcaption class=\"wp-caption-text\">Linos Kodiakinos nuotrauka<\/figcaption><\/figure>\n<p>Naryst\u0117 TENSO tinkle suteikia galimyb\u0119 pla\u010diau pristatyti Lietuvos chorinio meno pasiekimus Europoje ir didinti Lietuvos <a href=\"http:\/\/www.bustustatybos.lt\/\">\u017einomum\u0105 pasaulin\u0117je<\/a> chorin\u0117s muzikos bendruomen\u0117je.<\/p>\n<p>Per \u0161\u012f tinkl\u0105 atveriamas kelias partneryt\u0117ms su auk\u0161\u010diausio lygio Europos chorais, kompozitoriais, dirigentais <a href=\"http:\/\/www.eaudiniai.lt\/\">u\u017esakant naujus<\/a> k\u016brinius, skatinant menin\u012f ir profesin\u012f tobul\u0117jim\u0105, dalyvaujant tarptautin\u0117se bendradarbiavimo iniciatyvose, bei pristatant ir <a href=\"http:\/\/www.ecomedical.lt\/\">puosel\u0117jant Lietuvos<\/a> muzikin\u012f paveld\u0105.<\/p>\n<figure id=\"attachment_296077\" class=\"wp-caption aligncenter\" style=\"width: 1230px;\" aria-describedby=\"caption-attachment-296077\"><img loading=\"lazy\" decoding=\"async\" class=\"wp-image-296077 size-full\" src=\"https:\/\/miestonaujienos.lt\/wp-content\/uploads\/2024\/12\/468409882-1047176124057352-1623647852141621100-n.jpg\" alt=\"\" width=\"1230\" height=\"644\" \/><figcaption id=\"caption-attachment-296077\" class=\"wp-caption-text\">\u2022 Gruod\u017eio 31-oji \u2013 ypatinga diena ne tik viso <a href=\"http:\/\/www.ekomedicina.lt\/\">pasaulio \u017emon\u0117ms<\/a>, bet ir \u0161iaulie\u010diams. T\u0105 \u0161venti\u0161k\u0105 vakar\u0105, choras \u201ePolifonija\u201c, Nauj\u0173j\u0173 met\u0173 i\u0161vakar\u0117se, tradici\u0161kai dovanoja muzik\u0105.<\/figcaption><\/figure>\n<p>\u201ePolifonijos\u201c choro tapimas TENSO nariu \u017eymi nauj\u0105 Lietuvos chorinio meno <a href=\"http:\/\/www.ekostilius.lt\/\">istorijos puslap\u012f<\/a>. Tai ne tik pripa\u017einimas, bet ir \u012fpareigojimas\u2013 siekti dar auk\u0161tesni\u0173 menini\u0173 rezultat\u0173 ir dalytis unikaliu Lietuvos chorin\u0117s muzikos skambesiu su ne tik <a href=\"http:\/\/www.finansunaujienos.lt\/\">visos Europos<\/a>, o ir viso <a href=\"http:\/\/www.gurmanui.lt\/\">pasaulio auditorija<\/a>.<\/p>\n<p>\u0160ia publikacija dalinasi Lietuvos region\u0173 naujien\u0173 portalas \u201eMiesto naujienos\u201c. Daugiau sau ir savo miestui aktuali\u0173 naujien\u0173 rasite portale <a href=\"http:\/\/www.jusukeliones.lt\/\">Miesto naujienos<\/a>.<\/p>\n\n<p><a href=\"https:\/\/miestonaujienos.lt\/vieninteliai-lietuvoje-reiksmingas-ivykis-lietuvos-kulturai-choras-polifonija-tapo-tenso-nariu\/\">Source link <\/a><\/p>\n","protected":false},"excerpt":{"rendered":"<p>2024 met\u0173 gruod\u017eio m\u0117nes\u012f \u0160iauli\u0173 valstybinis kamerinis choras \u201ePolifonija\u201c, minintis 50-ies met\u0173 k\u016brybin\u0117s veiklos jubiliej\u0173, gavo dar vien\u0105 ypating\u0105 dovan\u0105 \u2013 oficialiai tapo TENSO \u2013 Europos profesionali\u0173 kamerini\u0173 chor\u0173 tinklas\u00a0(eng. The European network for professional chamber choirs www.tensonetwork.eu),\u00a0nariu. \u0160i organizacija, vienijanti profesionalius chorus i\u0161 18 Europos \u0161ali\u0173, yra ne tik presti\u017einis chorus jungiantis tinklas, bet [&hellip;]<\/p>\n","protected":false},"author":1,"featured_media":1205,"comment_status":"closed","ping_status":"closed","sticky":false,"template":"","format":"standard","meta":{"om_disable_all_campaigns":false,"_monsterinsights_skip_tracking":false,"_monsterinsights_sitenote_active":false,"_monsterinsights_sitenote_note":"","_monsterinsights_sitenote_category":0,"footnotes":""},"categories":[3],"tags":[2810,2808,2809,34,111,2812,261,2807,93,242,2811,2806],"class_list":["post-1204","post","type-post","status-publish","format-standard","has-post-thumbnail","hentry","category-salies-naujienos","tag-choras","tag-ivykis","tag-kulturai","tag-lietuvoje","tag-lietuvos","tag-nariu","tag-polifonija","tag-reiksmingas","tag-siauliu","tag-tapo","tag-tenso","tag-vieninteliai"],"aioseo_notices":[],"_links":{"self":[{"href":"https:\/\/pasaulioziniasklaida.lt\/index.php\/wp-json\/wp\/v2\/posts\/1204","targetHints":{"allow":["GET"]}}],"collection":[{"href":"https:\/\/pasaulioziniasklaida.lt\/index.php\/wp-json\/wp\/v2\/posts"}],"about":[{"href":"https:\/\/pasaulioziniasklaida.lt\/index.php\/wp-json\/wp\/v2\/types\/post"}],"author":[{"embeddable":true,"href":"https:\/\/pasaulioziniasklaida.lt\/index.php\/wp-json\/wp\/v2\/users\/1"}],"replies":[{"embeddable":true,"href":"https:\/\/pasaulioziniasklaida.lt\/index.php\/wp-json\/wp\/v2\/comments?post=1204"}],"version-history":[{"count":1,"href":"https:\/\/pasaulioziniasklaida.lt\/index.php\/wp-json\/wp\/v2\/posts\/1204\/revisions"}],"predecessor-version":[{"id":1208,"href":"https:\/\/pasaulioziniasklaida.lt\/index.php\/wp-json\/wp\/v2\/posts\/1204\/revisions\/1208"}],"wp:featuredmedia":[{"embeddable":true,"href":"https:\/\/pasaulioziniasklaida.lt\/index.php\/wp-json\/wp\/v2\/media\/1205"}],"wp:attachment":[{"href":"https:\/\/pasaulioziniasklaida.lt\/index.php\/wp-json\/wp\/v2\/media?parent=1204"}],"wp:term":[{"taxonomy":"category","embeddable":true,"href":"https:\/\/pasaulioziniasklaida.lt\/index.php\/wp-json\/wp\/v2\/categories?post=1204"},{"taxonomy":"post_tag","embeddable":true,"href":"https:\/\/pasaulioziniasklaida.lt\/index.php\/wp-json\/wp\/v2\/tags?post=1204"}],"curies":[{"name":"wp","href":"https:\/\/api.w.org\/{rel}","templated":true}]}}