{"id":123,"date":"2024-08-01T20:38:18","date_gmt":"2024-08-01T20:38:18","guid":{"rendered":"https:\/\/pasaulioziniasklaida.lt\/index.php\/2024\/08\/01\/didziosios-britanijos-pilietis-tarp-kaliniu-paleistu-per-didziausia-apsikeitima-tarp-rusijos-ir-vakaru-nuo-saltojo-karo-laiku-pasaulio-naujienos\/"},"modified":"2024-08-01T20:38:18","modified_gmt":"2024-08-01T20:38:18","slug":"didziosios-britanijos-pilietis-tarp-kaliniu-paleistu-per-didziausia-apsikeitima-tarp-rusijos-ir-vakaru-nuo-saltojo-karo-laiku-pasaulio-naujienos","status":"publish","type":"post","link":"https:\/\/pasaulioziniasklaida.lt\/index.php\/2024\/08\/01\/didziosios-britanijos-pilietis-tarp-kaliniu-paleistu-per-didziausia-apsikeitima-tarp-rusijos-ir-vakaru-nuo-saltojo-karo-laiku-pasaulio-naujienos\/","title":{"rendered":"Did\u017eiosios Britanijos pilietis tarp kalini\u0173, paleist\u0173 per did\u017eiausi\u0105 apsikeitim\u0105 tarp Rusijos ir Vakar\u0173 nuo \u0160altojo karo laik\u0173 |  Pasaulio naujienos"},"content":{"rendered":"<p> <br \/>\n<\/p>\n<div data-component-name=\"ui-article-body\" data-highlight-intro=\"true\">\n<p>Rusijoje kalinami gars\u016bs \u017emon\u0117s, \u012fskaitant Did\u017eiosios Britanijos piliet\u012f Vladimir\u0105 Kara-Murz\u0105 ir JAV reporter\u012f Evan\u0105 Gershkovi\u010di\u0173, buvo paleisti vykdant did\u017eiul\u012f apsikeitim\u0105 kaliniais, kur\u012f prezidentas Joe Bidenas \u012fvertino kaip \u201ediplomatijos \u017eygdarb\u012f\u201c.<\/p>\n<p>Apie dvi de\u0161imtis \u017emoni\u0173 i\u0161 Rusijos, JAV, Vokietijos, Lenkijos, Slov\u0117nijos, Norvegijos ir Baltarusijos dalyvavo did\u017eiausiuose tokio pob\u016bd\u017eio mainuose nuo \u0160altojo karo laik\u0173.<\/p>\n<p>Buv\u0119s JAV j\u016br\u0173 p\u0117stininkas Paulas Whelanas taip pat buvo tarp Rusijos i\u0161laisvint\u0173 asmen\u0173.<\/p>\n<p>Nors Vadimas Krasikovas, Rusijos smogikas, Vokietijoje atliekantis bausm\u0119 iki gyvos galvos u\u017e Gruzijos pilie\u010dio nu\u017eudym\u0105 Berlyne 2019 m., buvo tarp t\u0173, kurie mainais buvo i\u0161leisti i\u0161 Vakar\u0173 kal\u0117jim\u0173.<\/p>\n<div class=\"sdc-article-widget sdc-article-image\">\n<figure class=\"sdc-article-image__figure\">\n<div class=\"sdc-article-image__wrapper\" data-aspect-ratio=\"16\/9\">\n          <img decoding=\"async\" class=\"sdc-article-image__item\" loading=\"lazy\" intrinsicsize=\"768x432\" src=\"https:\/\/e3.365dm.com\/24\/08\/768x432\/skynews-evan-gershkovich-prisoners_6645004.jpg?20240801183647\" srcset=\"https:\/\/e3.365dm.com\/24\/08\/384x216\/skynews-evan-gershkovich-prisoners_6645004.jpg?20240801183647 380w, https:\/\/e3.365dm.com\/24\/08\/768x432\/skynews-evan-gershkovich-prisoners_6645004.jpg?20240801183647 760w, https:\/\/e3.365dm.com\/24\/08\/1600x900\/skynews-evan-gershkovich-prisoners_6645004.jpg?20240801183647 1024w, https:\/\/e3.365dm.com\/24\/08\/2048x1152\/skynews-evan-gershkovich-prisoners_6645004.jpg?20240801183647 2048w\" sizes=\"(min-width: 1024px) 1024px, 100vw\" alt=\"Evanas Gershkovich, Alsu Kurmasheva ir Paul Whelan \u0161ven\u010dia savo laisv\u0119.  Nuotrauka: JAV vyriausyb\u0117 \/ \u201eReuters\u201c.\"\/>\n    <\/div><figcaption class=\"ui-media-caption\">\n        <span class=\"u-hide-visually\">Vaizdas:<\/span><br \/>\n        <span class=\"ui-media-caption__caption-text\">Evanas Gershkovich, Alsu Kurmasheva ir Paul Whelan \u0161ven\u010dia savo laisv\u0119.  Nuotrauka: JAV vyriausyb\u0117 \/ \u201eReuters\u201c.<\/p>\n<p>        <\/span><br \/>\n      <\/figcaption><\/figure>\n<\/div>\n<p><strong>\u201e\u017diaurus i\u0161bandymas baig\u0117si\u201c<\/strong><\/p>\n<p><strong><a href=\"https:\/\/news.sky.com\/topic\/joe-biden-7848\" target=\"_blank\" rel=\"noopener\">Prezidentas Bidenas<\/a><\/strong>  JAV sulaikyt\u0173j\u0173 \u201e\u017eiaurus i\u0161bandymas baig\u0117si\u201c, parei\u0161k\u0117, kad j\u0173 paleidimas yra \u201ediplomatijos \u017eygdarbis\u201c, apimantis kelias \u0161alis, taip pat \u201ene\u012ftik\u0117tinas palengv\u0117jimas\u201c \u0161eimoms.<\/p>\n<p>Kai Bidenas padar\u0117 parei\u0161kim\u0105 Baltuosiuose r\u016bmuose, prie jo prisijung\u0117 i\u0161laisvint\u0173 amerikie\u010di\u0173 artimieji.<\/p>\n<p>Prezidentas ir \u0161eimos kalb\u0117josi su i\u0161laisvintais kaliniais i\u0161 Ovalinio kabineto likus kelioms minut\u0117ms iki jo kreipimosi, sak\u0117 Bidenas.<\/p>\n<div class=\"sdc-article-widget sdc-article-image\">\n<figure class=\"sdc-article-image__figure\">\n<div class=\"sdc-article-image__wrapper\" data-aspect-ratio=\"16\/9\">\n          <img decoding=\"async\" class=\"sdc-article-image__item\" loading=\"lazy\" intrinsicsize=\"768x432\" src=\"https:\/\/e3.365dm.com\/24\/08\/768x432\/biden-white-house-president_6644955.jpg?20240801172209\" srcset=\"https:\/\/e3.365dm.com\/24\/08\/384x216\/biden-white-house-president_6644955.jpg?20240801172209 380w, https:\/\/e3.365dm.com\/24\/08\/768x432\/biden-white-house-president_6644955.jpg?20240801172209 760w, https:\/\/e3.365dm.com\/24\/08\/1600x900\/biden-white-house-president_6644955.jpg?20240801172209 1024w, https:\/\/e3.365dm.com\/24\/08\/2048x1152\/biden-white-house-president_6644955.jpg?20240801172209 2048w\" sizes=\"(min-width: 1024px) 1024px, 100vw\" alt=\"Joe Bidenas kalba po apsikeitimo kaliniais\"\/>\n    <\/div><figcaption class=\"ui-media-caption\">\n        <span class=\"u-hide-visually\">Vaizdas:<\/span><br \/>\n        <span class=\"ui-media-caption__caption-text\">Bidenas sveikino kalini\u0173 paleidim\u0105 kaip \u201ediplomatijos \u017eygdarb\u012f\u201c<br \/>\n        <\/span><br \/>\n      <\/figcaption><\/figure>\n<\/div>\n<p>Bidenas, kuris neseniai pasitrauk\u0117 i\u0161<strong><a href=\"https:\/\/news.sky.com\/topic\/us-election-2024-10016\" target=\"_blank\" rel=\"noopener\">  prezidento lenktynes<\/a><\/strong>  lapkri\u010dio m\u0117nesio rinkimuose patvirtinti savo viceprezident\u0105 Kamal\u0105 Harris kaip demokrat\u0173 kandidat\u0105, sak\u0117, kad darbas siekiant gr\u0105\u017einti neteis\u0117tai sulaikytuosius buvo prad\u0117tas jam per\u0117jus \u012f prezidento post\u0105 beveik prie\u0161 ketverius metus.<\/p>\n<p>Ir jis sak\u0117, kad jo administracija parsive\u017e\u0117 70 amerikie\u010di\u0173, i\u0161 kuri\u0173 daugelis buvo laikomi nuo tada, kai jis prad\u0117jo eiti pareigas.<\/p>\n<p>M. Harris sak\u0117, kad \u0161alis \u0161ven\u010dia \u201eneteisingai Rusijoje laikom\u0173\u201c i\u0161laisvinim\u0105.<\/p>\n<p>Ji sak\u0117, kad \u0161ios \u017einios j\u0105 \u201epaguod\u0117\u201c, o v\u0117liau prid\u016br\u0117, kad Bideno administracija nenutrauks darbo, kol kiekvienas neteis\u0117tai sulaikytas amerikietis pamatys laisv\u0119.<\/p>\n<div class=\"sdc-article-widget sdc-article-factbox\">\n<div class=\"sdc-article-factbox__text-wrapper\">\n<p><h4 class=\"sdc-article-factbox__title\">Rusija ir Vakarai turi ilg\u0105 apsikeitimo kaliniais istorij\u0105<\/h4>\n<\/p>\n<div class=\"sdc-article-factbox__author\">\n            <a href=\"https:\/\/news.sky.com\/author\/deborah-haynes-653\" class=\"sdc-article-factbox__author-image-wrapper\"><br \/>\n                  <img decoding=\"async\" class=\"sdc-article-factbox__author-image\" src=\"https:\/\/e3.365dm.com\/18\/11\/75x75\/skynews-deborah-hayes_4489660.png?20181116105215\" srcset=\"https:\/\/e3.365dm.com\/18\/11\/75x75\/skynews-deborah-hayes_4489660.png?20181116105215 75w, https:\/\/e3.365dm.com\/18\/11\/120x120\/skynews-deborah-hayes_4489660.png?20181116105215 120w\" alt=\"Debora Hayes\"\/><br \/>\n            <\/a><\/p>\n<div class=\"sdc-article-factbox__author-text\">\n              <a href=\"https:\/\/news.sky.com\/author\/deborah-haynes-653\" class=\"sdc-article-factbox__author-name\">Debora Haynes<\/a><\/p>\n<div class=\"sdc-article-factbox__author-information\">\n<p class=\"sdc-article-factbox__author-job-title\">Saugumo ir gynybos redaktorius<\/p>\n<p>                      <a href=\"https:\/\/x.com\/haynesdeborah\" class=\"sdc-article-factbox__author-twitter\" target=\"_blank\" rel=\"noopener\">@haynesdeborah<\/a>\n            <\/div>\n<\/p><\/div>\n<\/p><\/div>\n<p class=\"sdc-article-factbox__text\">Ketvirtadien\u012f \u012fvykusi bir\u017ea laikoma did\u017eiausia nuo \u0160altojo karo laik\u0173 \u2013 tuomet, kai prekyba pagautais \u0161nipais, agentais ir nekaltais pilie\u010diais, pakliuvusiais \u012f ne t\u0105 gele\u017ein\u0117s u\u017edangos pus\u0119, buvo \u012fprasta.<\/p>\n<p class=\"sdc-article-factbox__text\">Gerai \u017einoma \u0161nip\u0173 apsikeitimo vieta buvo Glienicke tiltas tarp Vakar\u0173 Berlyno ir Potsdamo Ryt\u0173 Vokietijoje.<\/p>\n<p class=\"sdc-article-factbox__text\">Tai buvo 1962 m. KGB pulkininko Rudolfo Abelio ir vir\u0161 Soviet\u0173 S\u0105jungos numu\u0161to amerikie\u010di\u0173 \u0161nipin\u0117jimo l\u0117ktuvo piloto Gary Powerso, pavaizduoto jud\u0117jime \u0160nip\u0173 tiltas, main\u0173 vieta. <\/p>\n<p class=\"sdc-article-factbox__text\">Soviet\u0173 S\u0105jungos \u017elugimas nerei\u0161k\u0117 prekybos pagautais \u0161nipais ir kitais pilie\u010diais pabaigos.<\/p>\n<p class=\"sdc-article-factbox__text\">Paskutinis reik\u0161mingas apsikeitimas po \u0160altojo karo \u012fvyko 2010 m. ant tarptautinio Vienos oro uosto asfalto, kai 10 Rusijos \u0161nip\u0173, tarp j\u0173 Anna Chapman, sulaikyta JAV, buvo i\u0161keisti \u012f keturis Rusijos paleistus \u017emones, \u012fskaitant rusus. dvigubas agentas Sergejus Skripalis, MI6 darbuotojas.<\/p>\n<p class=\"sdc-article-factbox__text\">Po a\u0161tuoneri\u0173 met\u0173 S. Skripalis ir jo dukra Julija buvo apnuodyti nervus paraly\u017eiuojan\u010dia med\u017eiaga \u201eNovi\u010diok\u201c Solsberio katedros mieste per nes\u0117kming\u0105 pasik\u0117sinim\u0105 nu\u017eudyti, kur\u012f \u012fvykd\u0117 Vladimiro Putino re\u017eimas.<\/p>\n<p class=\"sdc-article-factbox__text\">Paskutinio apsikeitimo vieta buvo pasirinkta Turkijos sostin\u0117 Ankara.<\/p>\n<p class=\"sdc-article-factbox__text\">Did\u017eiausias \u017einomas \u0161nip\u0173 apsikeitimas tarp Ryt\u0173 bloko ir Vakar\u0173 valstybi\u0173 \u012fvyko 1985 metais po trejus metus trukusi\u0173 deryb\u0173.  Jame dalyvavo 25 Ryt\u0173 Vokietijoje \u012fkalinti \u017emon\u0117s, kurie buvo i\u0161keisti \u012f keturis s\u0105junginink\u0173 laikomus Ryt\u0173 europie\u010dius.<\/p>\n<\/p><\/div>\n<\/div>\n<p>D\u0117l sud\u0117tingos prekybos su Rusija ir keliomis kitomis \u0161alimis buvo slapta deramasi daugiau nei metus ir tai yra didelis partij\u0173 pasiekimas, o Bideno administracija rinkim\u0173 metais j\u012f pristatys kaip did\u017eiul\u0119 u\u017esienio politikos s\u0117km\u0119.<\/p>\n<p><strong><em>I\u0161 Rusijos \u012fkalinimo paleisti asmenys:<\/em><\/strong><\/p>\n<p>Kara-Murza, Ger\u0161kovi\u010dius, Whelanas, \u017eurnalistas Alsu Kurma\u0161eva, Dieteris Voroninas, Kevinas Lickas, Rico Kriegeris, Patrickas Schoebelis, Hermanas Moyzhesas, Ilja Ja\u0161inas, Lilija Chanysheva, Ksenija Fadejeva, Vadimas Ostaninas, Andrejus Pivolovas, Olegas S. .<\/p>\n<p><em><strong>I\u0161 Vakar\u0173 kal\u0117jim\u0173 paleid\u017eiami:<\/strong><\/em><\/p>\n<p>Krasikovas, Artemas Viktorovi\u010dius Dulcevas, Anna Valerevna Dulceva, Michailas Valerjevi\u010dius Miku\u0161inas, Pavelas Aleksejevi\u010dius Rubcovas, Romanas Seleznevas, Vladislavas Klyu\u0161inas ir Vadimas Kono\u0161chenockas.<\/p>\n<p>Pasak vietos naujien\u0173 agent\u016br\u0173, Rusijos prezidentas Putinas buvo Maskvos oro uoste, kad juos pasveikint\u0173.<\/p>\n<p><strong>Skaityti daugiau:<br \/><a href=\"https:\/\/news.sky.com\/story\/donald-trump-and-zelenskyy-have-very-good-phone-call-after-republican-convention-speech-13181339\" target=\"_blank\" rel=\"noopener\">Trumpas ir Zelenskis \u201elabai gerai skambina\u201c<\/a><br \/><a href=\"https:\/\/news.sky.com\/story\/f-16-fighter-jets-finally-arrive-in-ukraine-heres-what-theyll-be-used-for-13188596\" target=\"_blank\" rel=\"noopener\">Pirmieji F-16 l\u0117ktuvai atkeliavo \u012f Ukrain\u0105<\/a><\/strong><\/p>\n<p>     <a href=\"https:\/\/news.sky.com\/download-app\" target=\"blank\" data-tracking-label=\"ui-app-promo-download-link\" class=\"ui-app-promo sdc-article-widget\" data-type=\"\" data-component-name=\"ui-app-promo\" rel=\"noopener\"><\/p>\n<p>    <\/a><\/p>\n<p><strong>Kas yra kaliniai, paleisti i\u0161 Rusijos kal\u0117jimo? <\/strong><\/p>\n<p><strong>Evanas Ger\u0161kovi\u010dius<\/strong><\/p>\n<div class=\"sdc-article-widget sdc-article-image\">\n<figure class=\"sdc-article-image__figure\">\n<div class=\"sdc-article-image__wrapper\" data-aspect-ratio=\"16\/9\">\n          <img decoding=\"async\" class=\"sdc-article-image__item\" loading=\"lazy\" intrinsicsize=\"768x432\" src=\"https:\/\/e3.365dm.com\/24\/07\/768x432\/skynews-evan-gershkovich-wall-street-journal_6631954.jpg?20240719141340\" srcset=\"https:\/\/e3.365dm.com\/24\/07\/384x216\/skynews-evan-gershkovich-wall-street-journal_6631954.jpg?20240719141340 380w, https:\/\/e3.365dm.com\/24\/07\/768x432\/skynews-evan-gershkovich-wall-street-journal_6631954.jpg?20240719141340 760w, https:\/\/e3.365dm.com\/24\/07\/1600x900\/skynews-evan-gershkovich-wall-street-journal_6631954.jpg?20240719141340 1024w, https:\/\/e3.365dm.com\/24\/07\/2048x1152\/skynews-evan-gershkovich-wall-street-journal_6631954.jpg?20240719141340 2048w\" sizes=\"(min-width: 1024px) 1024px, 100vw\" alt=\"Evanas Ger\u0161kovi\u010dius.  Failo nuotrauka: Reuters\"\/>\n    <\/div><figcaption class=\"ui-media-caption\">\n        <span class=\"u-hide-visually\">Vaizdas:<\/span><br \/>\n        <span class=\"ui-media-caption__caption-text\">Evanas Ger\u0161kovi\u010dius.  Failo nuotrauka: Reuters<br \/>\n        <\/span><br \/>\n      <\/figcaption><\/figure>\n<\/div>\n<p>JAV \u017eurnalistas Ger\u0161kovi\u010dius pirm\u0105 kart\u0105 buvo suimtas ir sulaikytas 2023 met\u0173 kov\u0105, Rusijai parei\u0161kus, kad jis \u201erinko slapt\u0105 informacij\u0105\u201c C\u017dV nurodymu.<\/p>\n<p>Prezidentas Bidenas anks\u010diau sak\u0117, kad \u201eWall Street Journal\u201c \u017eurnalistas buvo \u201enutaikytas\u201c ir kad jie \u201esmarkiai steng\u0117si\u201c j\u012f paleisti.<\/p>\n<p>Rusijos prokurorai teig\u0117, kad jis C\u017dV u\u017esakymu rinko slapt\u0105 informacij\u0105 apie \u012fmon\u0119, kuri gamina tankus Maskvos karui <strong><a href=\"https:\/\/news.sky.com\/topic\/ukraine-6556\" target=\"_blank\" rel=\"noopener\">Ukraina<\/a><\/strong>.<\/p>\n<p>32 met\u0173 G. Ger\u0161kovi\u010dius teig\u0117, kad jam pateikti kaltinimai yra melagingi, o jo darbdavys \u0161i\u0105 byl\u0105 pavadino apsimestine.<\/p>\n<p>Jis buvo <strong><a href=\"https:\/\/news.sky.com\/story\/evan-gershkovich-american-journalist-sentenced-to-16-years-in-russian-prison-after-spying-trial-13180827\" target=\"_blank\" rel=\"noopener\">anks\u010diau \u0161\u012f m\u0117nes\u012f buvo nuteistas kal\u0117ti 16 met\u0173<\/a><\/strong>  po to, kai buvo nuteistas u\u017e \u0161nipin\u0117jim\u0105 teismo procese, kuris pla\u010diai laikomas politi\u0161kai motyvuotu.<\/p>\n<p>Lai\u0161ke \u201eWall Street Journal\u201c vyriausioji redaktor\u0117 Emma Tucker sak\u0117, kad tai buvo \u201ed\u017eiaugsminga diena\u201c po jos reporter\u0117s i\u0161leidimo.<\/p>\n<p>Ji prid\u016br\u0117: \u201eKad tai buvo padaryta prekybai Rusijos darbuotojai, kalti d\u0117l sunki\u0173 nusikaltim\u0173, buvo nusp\u0117jama kaip vienintelis sprendimas, atsi\u017evelgiant \u012f prezidento Putino cinizm\u0105\u201c.<\/p>\n<p><strong>Paulas Whelanas<\/strong><\/p>\n<div class=\"sdc-article-widget sdc-article-image\">\n<figure class=\"sdc-article-image__figure\">\n<div class=\"sdc-article-image__wrapper\" data-aspect-ratio=\"16\/9\">\n          <img decoding=\"async\" class=\"sdc-article-image__item\" loading=\"lazy\" intrinsicsize=\"768x432\" src=\"https:\/\/e3.365dm.com\/24\/08\/768x432\/skynews-paul-whela-paul-whelan_6645000.jpg?20240801182017\" srcset=\"https:\/\/e3.365dm.com\/24\/08\/384x216\/skynews-paul-whela-paul-whelan_6645000.jpg?20240801182017 380w, https:\/\/e3.365dm.com\/24\/08\/768x432\/skynews-paul-whela-paul-whelan_6645000.jpg?20240801182017 760w, https:\/\/e3.365dm.com\/24\/08\/1600x900\/skynews-paul-whela-paul-whelan_6645000.jpg?20240801182017 1024w, https:\/\/e3.365dm.com\/24\/08\/2048x1152\/skynews-paul-whela-paul-whelan_6645000.jpg?20240801182017 2048w\" sizes=\"(min-width: 1024px) 1024px, 100vw\" alt=\"Buv\u0119s JAV j\u016br\u0173 p\u0117stininkas Paulas Whelanas.  Failo nuotrauka: Reuters\"\/>\n    <\/div><figcaption class=\"ui-media-caption\">\n        <span class=\"u-hide-visually\">Vaizdas:<\/span><br \/>\n        <span class=\"ui-media-caption__caption-text\">Buv\u0119s JAV j\u016br\u0173 p\u0117stininkas Paulas Whelanas.  Failo nuotrauka: Reuters<br \/>\n        <\/span><br \/>\n      <\/figcaption><\/figure>\n<\/div>\n<p>Buv\u0119s JAV j\u016br\u0173 p\u0117stininkas Paulas Whelanas buvo sulaikytas Rusijoje nuo tada, kai buvo suimtas viename Maskvos vie\u0161bu\u010dio kambaryje 2018 m. gruod\u017eio 28 d.<\/p>\n<p>Policija prane\u0161\u0117, kad su\u010diupo j\u012f \u201enuodus\u012f\u201c su kompiuterio atmintine, kurioje buvo slapt\u0173j\u0173 Rusijos agent\u0173 s\u0105ra\u0161as.<\/p>\n<p>Jis buvo <strong><a href=\"https:\/\/news.sky.com\/story\/paul-whelan-former-us-marine-sentenced-to-16-years-hard-labour-over-espionage-charges-by-russian-court-12007077\" target=\"_blank\" rel=\"noopener\">nuteistas u\u017e \u0161nipin\u0117jim\u0105 ir nuteistas 16 m<\/a><\/strong>  grie\u017eto re\u017eimo kal\u0117jime.<\/p>\n<p>J. Whelanas, kuris taip pat turi Did\u017eiosios Britanijos pilietyb\u0119, savo kalt\u0117s nepripa\u017eino, tvirtindamas, kad jam buvo atlikta \u012fg\u0117limo operacija, o USB atmintin\u0119 jam atidav\u0117 ka\u017ekas kitas, manydamas, kad jame yra tik atostog\u0173 nuotraukos.<\/p>\n<p><strong>Vladimiras Kara-Murza<\/strong><\/p>\n<div class=\"sdc-article-widget sdc-article-image\">\n<figure class=\"sdc-article-image__figure\">\n<div class=\"sdc-article-image__wrapper\" data-aspect-ratio=\"16\/9\">\n          <img decoding=\"async\" class=\"sdc-article-image__item\" loading=\"lazy\" intrinsicsize=\"768x432\" src=\"https:\/\/e3.365dm.com\/24\/05\/768x432\/skynews-vladimir-kara-murza_6562049.jpg?20240521165218\" srcset=\"https:\/\/e3.365dm.com\/24\/05\/384x216\/skynews-vladimir-kara-murza_6562049.jpg?20240521165218 380w, https:\/\/e3.365dm.com\/24\/05\/768x432\/skynews-vladimir-kara-murza_6562049.jpg?20240521165218 760w, https:\/\/e3.365dm.com\/24\/05\/1600x900\/skynews-vladimir-kara-murza_6562049.jpg?20240521165218 1024w, https:\/\/e3.365dm.com\/24\/05\/2048x1152\/skynews-vladimir-kara-murza_6562049.jpg?20240521165218 2048w\" sizes=\"(min-width: 1024px) 1024px, 100vw\" alt=\"Vladimiras Kara-Murza gestikuliuoja, stov\u0117damas stikliniame narve teismo sal\u0117je, paskelbdamas nuosprend\u012f apeliacine tvarka Maskvos miesto teisme Maskvoje (Rusija), 2023 m. liepos 31 d.\"\/>\n    <\/div><figcaption class=\"ui-media-caption\">\n        <span class=\"u-hide-visually\">Vaizdas:<\/span><br \/>\n        <span class=\"ui-media-caption__caption-text\">Vladimiras Kara-Murza gestikuliuoja, kai praeitais metais pasirod\u0117 teisme.  Nuotrauka: AP<br \/>\n        <\/span><br \/>\n      <\/figcaption><\/figure>\n<\/div>\n<p>Dvigubas Jungtin\u0117s Karalyst\u0117s ir Rusijos pilietis Vladimiras Kara-Murza buvo laikomas pataisos darb\u0173 kolonijoje Sibiro Omsko mieste d\u0117l kaltinim\u0173 i\u0161davyste, jo teigimu, yra politi\u0161kai motyvuotas.<\/p>\n<p>Opozicijos politikas buvo nuteistas 25 metams po to, kai vie\u0161ai i\u0161sak\u0117 kritik\u0105 Kremliui.<\/p>\n<p>Jo su\u0117mimas 2022 m. baland\u012f, pra\u0117jus kelioms savait\u0117ms <a href=\"https:\/\/news.sky.com\/topic\/russia-5803\" target=\"_blank\" rel=\"noopener\"><strong>Rusija<\/strong><\/a><strong> <\/strong>\u012fsiver\u017e\u0117 \u012f Ukrain\u0105, at\u0117jo vald\u017eiai sugrie\u017etinus prie\u0161taravimus iki tokio lygio, kuris nereg\u0117tas nuo sovietini\u0173 laik\u0173.<\/p>\n<p>D. Kara-Murzos \u017emona ir advokatai ne kart\u0105 skambino pavojaus varpais d\u0117l kal\u0117jime pablog\u0117jusios jo sveikatos.<\/p>\n<p><strong>Vadimas Ostaninas<\/strong><\/p>\n<p>Velionio Rusijos opozicijos lyderio bendra\u017eygis <a href=\"https:\/\/news.sky.com\/story\/alexei-navalny-who-is-the-jailed-putin-critic-some-russians-hope-could-overthrow-him-12933382\" target=\"_blank\" rel=\"noopener\"><strong>Aleksejus Navalnas<\/strong><\/a>P. Ostaninas buvo nuteistas d\u0117l kaltinim\u0173 ekstremizmu pra\u0117jusi\u0173 met\u0173 liep\u0105.<\/p>\n<p>Jis buvo nuteistas kal\u0117ti devynerius metus kolonijoje po to, kai buvo pripa\u017eintas kaltu d\u0117l ekstremist\u0173 bendruomen\u0117s organizavimo ir priklausymo ne pelno organizacijai, kuri \u201epa\u017eeid\u017eia pilie\u010di\u0173 teises\u201c, tuomet sak\u0117 A. Navalno komanda.<\/p>\n<p>A. Ostaninas buvo sulaikytas 2021 met\u0173 lapkrit\u012f, pra\u0117jus keliems m\u0117nesiams po to, kai Rusijos vyriausyb\u0117 pavadino A. Navalno fond\u0105 kovai su korupcija ir jo regioninius biurus kaip \u201eekstremistines organizacijas\u201c.<\/p>\n<div class=\"sdc-article-widget sdc-article-strapline sdc-article-strapline--default-layout\" data-component-name=\"sdc-article-strapline\">\n<div class=\"sdc-article-strapline__link\">\n<div class=\"sdc-article-strapline__image-wrap\">\n                <picture><source srcset=\"https:\/\/e3.365dm.com\/24\/03\/320x180\/skynews-gfxwhatsapppromo-gfxwhatsapp_6490206.png 320w, https:\/\/e3.365dm.com\/24\/03\/640x380\/skynews-gfxwhatsapppromo-gfxwhatsapp_6490206.png 640w\" media=\"(max-width: 480px)\"><source srcset=\"https:\/\/e3.365dm.com\/24\/03\/256x256\/skynews-gfxwhatsapppromo-gfxwhatsapp_6490206.png 256w, https:\/\/e3.365dm.com\/24\/03\/512x512\/skynews-gfxwhatsapppromo-gfxwhatsapp_6490206.png 512w\" media=\"(min-width: 481px)\"><img decoding=\"async\" loading=\"lazy\" src=\"https:\/\/e3.365dm.com\/24\/03\/512x512\/skynews-gfxwhatsapppromo-gfxwhatsapp_6490206.png\" alt=\"Sekite Sky News per WhatsApp\" class=\"sdc-article-strapline__image\"\/><br \/>\n                <\/source><\/source><\/picture>\n            <\/div>\n<div class=\"sdc-article-strapline__body\">\n                <span class=\"sdc-article-strapline__title\">Sekite Sky News per WhatsApp<\/span><\/p>\n<p class=\"sdc-article-strapline__text\">Sekite visas naujausias naujienas i\u0161 JK ir viso pasaulio steb\u0117dami \u201eSky News\u201c.<\/p>\n<p>                <a href=\"https:\/\/whatsapp.com\/channel\/0029Va868Fv8vd1UsF99tP1u\" class=\"sdc-article-strapline__button\" target=\"_blank\" rel=\"noopener\">Bakstel\u0117kite \u010dia<\/a>\n        <\/div>\n<\/p><\/div>\n<\/p><\/div>\n<p><strong>Kas yra Vokietijos paleistas smogikas?<\/strong><\/p>\n<p><strong>Vadimas Krasikovas<\/strong><\/p>\n<p>Rusijos smogikas Vadimas Krasikovas atliko bausm\u0119 iki gyvos galvos Vokietijoje u\u017e 2019 metais nu\u017eudyt\u0105 Gruzijos piliet\u012f, kuris \u010ce\u010d\u0117nijoje kov\u0117si su Rusijos kariuomene, o v\u0117liau pareikalavo prieglobs\u010dio Vokietijoje.<\/p>\n<div class=\"sdc-article-widget sdc-article-image\">\n<figure class=\"sdc-article-image__figure\">\n<div class=\"sdc-article-image__wrapper\" data-aspect-ratio=\"16\/9\">\n          <img decoding=\"async\" class=\"sdc-article-image__item\" loading=\"lazy\" intrinsicsize=\"768x432\" src=\"https:\/\/e3.365dm.com\/24\/08\/768x432\/skynews-krasikov-russia_6644930.jpg?20240801170001\" srcset=\"https:\/\/e3.365dm.com\/24\/08\/384x216\/skynews-krasikov-russia_6644930.jpg?20240801170001 380w, https:\/\/e3.365dm.com\/24\/08\/768x432\/skynews-krasikov-russia_6644930.jpg?20240801170001 760w, https:\/\/e3.365dm.com\/24\/08\/1600x900\/skynews-krasikov-russia_6644930.jpg?20240801170001 1024w, https:\/\/e3.365dm.com\/24\/08\/2048x1152\/skynews-krasikov-russia_6644930.jpg?20240801170001 2048w\" sizes=\"(min-width: 1024px) 1024px, 100vw\" alt=\"Reuters gautoje nuotraukoje be datos matyti Rusijos smogikas Vadimas Krasikovas, kuris 2021 m. buvo nuteistas iki gyvos galvos u\u017e \u010de\u010d\u0117n\u0173 ir gruzin\u0173 disidento nu\u017eudym\u0105 Berlyno parke, Berlyne, Vokietijoje, 2024 m. rugpj\u016b\u010dio 1 d. Nuotrauk\u0105 gavo REUTERS. PATEIKTA TRE\u010cIOSIOS \u0160ALIES.  JOKI\u0172 PARDAVIM\u0172.  JOKI\u0172 ARCHYV\u0172\"\/>\n    <\/div><figcaption class=\"ui-media-caption\">\n        <span class=\"u-hide-visually\">Vaizdas:<\/span><br \/>\n        <span class=\"ui-media-caption__caption-text\">Vykdant mainus \u012f laisv\u0119 paleid\u017eiamas rus\u0173 smogikas Vadimas Krasikovas.  Nuotrauka: Reuters<br \/>\n        <\/span><br \/>\n      <\/figcaption><\/figure>\n<\/div>\n<p>Vokietijos teis\u0117jai sak\u0117, kad jis veik\u0117 pagal Rusijos vald\u017eios nurodymus, kurie jam suteik\u0117 netikr\u0105 tapatyb\u0119, pas\u0105 ir i\u0161teklius nu\u017eudymui \u012fvykdyti.<\/p>\n<p>Nu\u017eudymas ir paskesnis nuosprendis suk\u0117l\u0117 didel\u012f diplomatin\u012f gin\u010d\u0105 tarp Rusijos ir Vokietijos, \u012fskaitant diplomatin\u012f i\u0161siuntim\u0105.<\/p>\n<\/p><\/div>\n<p><br \/>\n<br \/><a href=\"https:\/\/news.sky.com\/story\/british-citizen-among-high-profile-prisoners-released-in-massive-swap-between-russia-and-the-west-13188851\">Source link <\/a><\/p>\n","protected":false},"excerpt":{"rendered":"<p>Rusijoje kalinami gars\u016bs \u017emon\u0117s, \u012fskaitant Did\u017eiosios Britanijos piliet\u012f Vladimir\u0105 Kara-Murz\u0105 ir JAV reporter\u012f Evan\u0105 Gershkovi\u010di\u0173, buvo paleisti vykdant did\u017eiul\u012f apsikeitim\u0105 kaliniais, kur\u012f prezidentas Joe Bidenas \u012fvertino kaip \u201ediplomatijos \u017eygdarb\u012f\u201c. Apie dvi de\u0161imtis \u017emoni\u0173 i\u0161 Rusijos, JAV, Vokietijos, Lenkijos, Slov\u0117nijos, Norvegijos ir Baltarusijos dalyvavo did\u017eiausiuose tokio pob\u016bd\u017eio mainuose nuo \u0160altojo karo laik\u0173. Buv\u0119s JAV j\u016br\u0173 p\u0117stininkas [&hellip;]<\/p>\n","protected":false},"author":1,"featured_media":124,"comment_status":"open","ping_status":"open","sticky":false,"template":"","format":"standard","meta":{"om_disable_all_campaigns":false,"_monsterinsights_skip_tracking":false,"_monsterinsights_sitenote_active":false,"_monsterinsights_sitenote_note":"","_monsterinsights_sitenote_category":0,"footnotes":""},"categories":[4],"tags":[],"class_list":["post-123","post","type-post","status-publish","format-standard","has-post-thumbnail","hentry","category-pasaulio-naujienos"],"aioseo_notices":[],"_links":{"self":[{"href":"https:\/\/pasaulioziniasklaida.lt\/index.php\/wp-json\/wp\/v2\/posts\/123","targetHints":{"allow":["GET"]}}],"collection":[{"href":"https:\/\/pasaulioziniasklaida.lt\/index.php\/wp-json\/wp\/v2\/posts"}],"about":[{"href":"https:\/\/pasaulioziniasklaida.lt\/index.php\/wp-json\/wp\/v2\/types\/post"}],"author":[{"embeddable":true,"href":"https:\/\/pasaulioziniasklaida.lt\/index.php\/wp-json\/wp\/v2\/users\/1"}],"replies":[{"embeddable":true,"href":"https:\/\/pasaulioziniasklaida.lt\/index.php\/wp-json\/wp\/v2\/comments?post=123"}],"version-history":[{"count":0,"href":"https:\/\/pasaulioziniasklaida.lt\/index.php\/wp-json\/wp\/v2\/posts\/123\/revisions"}],"wp:featuredmedia":[{"embeddable":true,"href":"https:\/\/pasaulioziniasklaida.lt\/index.php\/wp-json\/wp\/v2\/media\/124"}],"wp:attachment":[{"href":"https:\/\/pasaulioziniasklaida.lt\/index.php\/wp-json\/wp\/v2\/media?parent=123"}],"wp:term":[{"taxonomy":"category","embeddable":true,"href":"https:\/\/pasaulioziniasklaida.lt\/index.php\/wp-json\/wp\/v2\/categories?post=123"},{"taxonomy":"post_tag","embeddable":true,"href":"https:\/\/pasaulioziniasklaida.lt\/index.php\/wp-json\/wp\/v2\/tags?post=123"}],"curies":[{"name":"wp","href":"https:\/\/api.w.org\/{rel}","templated":true}]}}