{"id":1234,"date":"2024-12-14T15:04:26","date_gmt":"2024-12-14T15:04:26","guid":{"rendered":"https:\/\/pasaulioziniasklaida.lt\/index.php\/2024\/12\/14\/buves-premier-lygos-futbolininkas-isrinktas-gruzijos-prezidentu-pasaulio-naujienos\/"},"modified":"2024-12-14T15:04:26","modified_gmt":"2024-12-14T15:04:26","slug":"buves-premier-lygos-futbolininkas-isrinktas-gruzijos-prezidentu-pasaulio-naujienos","status":"publish","type":"post","link":"https:\/\/pasaulioziniasklaida.lt\/index.php\/2024\/12\/14\/buves-premier-lygos-futbolininkas-isrinktas-gruzijos-prezidentu-pasaulio-naujienos\/","title":{"rendered":"Buv\u0119s \u201ePremier\u201c lygos futbolininkas i\u0161rinktas Gruzijos prezidentu | Pasaulio naujienos"},"content":{"rendered":"<p> <br \/>\n<\/p>\n<div data-component-name=\"ui-article-body\" data-highlight-intro=\"true\">\n<p>Buv\u0119s \u201ePremier\u201c lygos futbolininkas buvo paskirtas Gruzijos prezidentu, did\u0117jant \u012ftampai d\u0117l \u0161alies santyki\u0173 su Rusija.<\/p>\n<p>53 met\u0173 Michailas Kavela\u0161vilis buvo puol\u0117jas <strong>\u201eManchester City\u201c.<\/strong> 1996\u20131997 m., o v\u0117liau \u017eaid\u0117 keliuose \u0160veicarijos Superlygos klubuose.<\/p>\n<p>2016 m. jis buvo i\u0161rinktas \u012f parlament\u0105, o 2022 m. \u012fk\u016br\u0117 politin\u012f jud\u0117jim\u0105 \u201eLiaudies vald\u017eia\u201c \u2013 valdan\u010diosios partijos \u201eGruzin\u0173 svajon\u0117\u201c atskilusi\u0105 grup\u0119.<\/p>\n<div class=\"sdc-article-widget sdc-article-image\">\n<figure class=\"sdc-article-image__figure\">\n<div class=\"sdc-article-image__wrapper\" data-aspect-ratio=\"16\/9\">\n          \n    <\/div><figcaption class=\"ui-media-caption\">\n        <span class=\"u-hide-visually\">Vaizdas:<\/span><br \/>\n        <span class=\"ui-media-caption__caption-text\">Kavela\u0161vilis \u017eaid\u0117 \u201eManchester City\u201c 1996 m. rugpj\u016bt\u012f prie\u0161 \u201eIpswich Town\u201c. Nuotrauka: Reuters<br \/>\n        <\/span><br \/>\n      <\/figcaption><\/figure>\n<\/div>\n<p>M. Kavela\u0161vilis turi stipri\u0173 antivakarieti\u0161k\u0173, da\u017enai konspiracini\u0173 pa\u017ei\u016br\u0173. Jo i\u0161rinkimas \u012f daugiausia i\u0161kilming\u0105 vaidmen\u012f ver\u010dia j\u012f pakeisti provakarieti\u0161k\u0105 pareigas po to, kai <strong>protest\u0173 savaites<\/strong> prie\u0161 vyriausyb\u0117s sustabdym\u0105 <strong>Europos S\u0105junga<\/strong> stojimo derybas.<\/p>\n<p>Buv\u0119s futbolininkas taip pat buvo vienas i\u0161 prie\u0161taringai vertinamo \u012fstatymo autori\u0173, reikalaujan\u010dio, kad organizacijos, kurios daugiau nei 20% finansavimo gauna i\u0161 u\u017esienio, u\u017esiregistruot\u0173 kaip \u201evykdan\u010dios svetimos vald\u017eios interesus\u201c \u2013 pana\u0161iai kaip Rusijos \u012fstatymas, naudojamas diskredituoti kriti\u0161kas organizacijas. vyriausyb\u0117s.<\/p>\n<p>Kavela\u0161vilis nesunkiai laim\u0117jo balsavim\u0105 d\u0117l prezidento, nes Gruzijos svajon\u0117 kontroliuoja 300 viet\u0173 rinkim\u0173 kolegij\u0105, kuri 2017 m. pakeit\u0117 tiesioginius prezidento rinkimus. J\u0105 sudaro parlamento, savivaldybi\u0173 taryb\u0173 ir region\u0173 \u012fstatym\u0173 leid\u017eiamosios vald\u017eios nariai.<\/p>\n<div class=\"sdc-article-widget sdc-site-video callfn\" data-account-id=\"6058004172001\" data-amp-iframe-embed=\"\" data-asset-id=\"2402fb64-9931-4caa-bb46-e192aaf9560e\" data-asset-path=\"\" data-asset-version=\"\" data-autoplay=\"false\" data-auth-config=\"\" data-caption=\"Hundreds protest outside Georgian parliament\" data-clip-type=\"\" data-component-name=\"sdc-site-video\" data-component-name-alias=\"ui-sitewide-video\" data-competition=\"\" data-copy-url-text=\"URL copied to clipboard\" data-fn=\"sdc-site-video\" data-id=\"id_2402fb64-9931-4caa-bb46-e192aaf9560e\" data-is-live-stream=\"false\" data-lite=\"true\" data-options=\"\" data-originator-id=\"51\" data-originator-handle=\"brightcove-news-gb\" data-package-name=\"\" data-provider=\"brightcove\" data-player-id=\"RC9PQUaJ6\" data-playsinline=\"\" data-sensitive=\"false\" data-sdc-id=\"6775389\" data-sdc-video-id=\"2402fb64-9931-4caa-bb46-e192aaf9560e\" data-sport-category=\"\" data-state=\"loading\" data-token-state=\"none\" data-video-ad-unit=\"\" data-video-blacklisted-originator-ids=\"\" data-video-id=\"ref:2402fb64-9931-4caa-bb46-e192aaf9560e\" data-video-type=\"\" data-auto-pause-on-not-visible=\"true\" tabindex=\"-1\" data-closed-captions-position=\"middle-third\" data-show-closed-captions=\"true\" data-show-pip=\"true\" data-show-live-stream-scrubber=\"true\" data-autoload=\"false\">\n<div class=\"sdc-site-video__inner\">\n<div class=\"sdc-site-video__content\" data-role=\"bridge-controller\" style=\"padding-bottom: calc(100% \/ ());\">\n<p class=\"sdc-site-video__accessibility-message\" data-role=\"accessibility-message\">Jei norite lengviau pasiekti vaizdo \u012fra\u0161\u0173 grotuv\u0105, naudokite nar\u0161ykl\u0119 \u201eChrome\u201c.<\/p>\n<p>              <span aria-hidden=\"true\" data-role=\"poster\" class=\"sdc-site-video__poster\"><br \/>\n                <img decoding=\"async\" loading=\"lazy\" src=\"https:\/\/e3.365dm.com\/24\/12\/768x432\/4e9046558b478531c6cd3c55a5c17519df83821345baa370ba922c73a96e83df_6775400.jpg?20241214082031\" alt=\"\u0160imtai \u017emoni\u0173 protestuoja prie Gruzijos parlamento Tbilisyje\" srcset=\"\" aria-hidden=\"true\" class=\"sdc-site-video__poster-img\"\/><br \/>\n              <span class=\"sdc-site-video__loader\"\/><br \/>\n                <span class=\"sdc-site-video__time\">0:41<\/span><br \/>\n              <\/span><\/p>\n<p>              <video id=\"id_2402fb64-9931-4caa-bb46-e192aaf9560e\" data-embed=\"default\" data-application-id=\"\" class=\"video-js sdc-site-video__tag\" controls=\"\" playsinline=\"\"\/>\n            <\/div><figcaption class=\"sdc-site-video__caption ui-media-caption\">\n<p>              <span class=\"ui-media-caption__caption-text\" data-role=\"caption-text\">\u0160imtai \u017emoni\u0173 protestuoja prie Gruzijos parlamento<\/span><br \/>\n            <\/figcaption><\/div>\n<\/p><\/div>\n<p>Protestuotojai prie Tbilisio parlamento pastato rinkosi \u0161altomis s\u0105lygomis po M. Kavela\u0161vilio paskyrimo \u0161e\u0161tadienio ryt\u0105.<\/p>\n<p>Daugelis su savimi atsine\u0161\u0117 universiteto diplomus \u2013 po kritikos, kad M. Kavela\u0161vilis neturi auk\u0161tojo i\u0161silavinimo, kiti spard\u0117 futbolo kamuolius ir mojavo raudonomis kortel\u0117mis.<\/p>\n<p>Protestuotojas Vezi Kokhodze \u0161iandienin\u012f balsavim\u0105 pavadino \u201ei\u0161davyste\u201c prie\u0161, jo teigimu, gruzin\u0173 nor\u0105 integruotis \u012f Vakarus.<\/p>\n<p>\u201e\u0160iandieniniai rinkimai rodo ai\u0161k\u0173 sistemos nor\u0105 <strong>Gruzija<\/strong> gr\u012f\u017eti prie savo sovietini\u0173 \u0161akn\u0173\u201c, \u2013 sak\u0117 jis.<\/p>\n<p>Kitas protestuotojas Sandro Samkharadz\u0117 sak\u0117: &#8222;(Kavela\u0161vilis) n\u0117ra m\u016bs\u0173 i\u0161rinktas. J\u012f kontroliuoja marionetin\u0117 vyriausyb\u0117, (buv\u0119s ministras pirmininkas) Bidzina Ivani\u0161vili, Putinas&#8221;.<\/p>\n<div class=\"sdc-article-widget sdc-article-image\">\n<figure class=\"sdc-article-image__figure\">\n<div class=\"sdc-article-image__wrapper\" data-aspect-ratio=\"16\/9\">\n          <img decoding=\"async\" class=\"sdc-article-image__item\" loading=\"lazy\" intrinsicsize=\"768x432\" src=\"https:\/\/e3.365dm.com\/24\/12\/768x432\/skynews-georgia-president_6775482.jpg?20241214124756\" srcset=\"https:\/\/e3.365dm.com\/24\/12\/384x216\/skynews-georgia-president_6775482.jpg?20241214124756 380w, https:\/\/e3.365dm.com\/24\/12\/768x432\/skynews-georgia-president_6775482.jpg?20241214124756 760w, https:\/\/e3.365dm.com\/24\/12\/1600x900\/skynews-georgia-president_6775482.jpg?20241214124756 1024w, https:\/\/e3.365dm.com\/24\/12\/2048x1152\/skynews-georgia-president_6775482.jpg?20241214124756 2048w\" sizes=\"(min-width: 1024px) 1024px, 100vw\" alt=\"2024 m. gruod\u017eio 14 d. Tbilisyje, Gruzijoje, prie parlamento pastato renkasi opozicijos \u0161alininkai, deputatams balsuojant, kad i\u0161rinkt\u0173 nauj\u0105 prezident\u0105. REUTERS\/Daro Sulakauri TPX DIENOS VAIZDAI\"\/>\n    <\/div><figcaption class=\"ui-media-caption\">\n        <span class=\"u-hide-visually\">Vaizdas:<\/span><br \/>\n        <span class=\"ui-media-caption__caption-text\">Opozicijos \u0161alininkai \u0161\u012fryt susirinko prie parlamento. Nuotrauka: Reuters<br \/>\n        <\/span><br \/>\n      <\/figcaption><\/figure>\n<\/div>\n<div class=\"sdc-article-widget sdc-article-image\">\n<figure class=\"sdc-article-image__figure\">\n<div class=\"sdc-article-image__wrapper\" data-aspect-ratio=\"16\/9\">\n          <img decoding=\"async\" class=\"sdc-article-image__item\" loading=\"lazy\" intrinsicsize=\"768x432\" src=\"https:\/\/e3.365dm.com\/24\/12\/768x432\/skynews-georgia-european-union_6775488.jpg?20241214125221\" srcset=\"https:\/\/e3.365dm.com\/24\/12\/384x216\/skynews-georgia-european-union_6775488.jpg?20241214125221 380w, https:\/\/e3.365dm.com\/24\/12\/768x432\/skynews-georgia-european-union_6775488.jpg?20241214125221 760w, https:\/\/e3.365dm.com\/24\/12\/1600x900\/skynews-georgia-european-union_6775488.jpg?20241214125221 1024w, https:\/\/e3.365dm.com\/24\/12\/2048x1152\/skynews-georgia-european-union_6775488.jpg?20241214125221 2048w\" sizes=\"(min-width: 1024px) 1024px, 100vw\" alt=\"Tbilisyje, Gruzijoje, \u0161e\u0161tadien\u012f, 2024 m. gruod\u017eio 14 d., protestuodami prie\u0161 vyriausyb\u0117s sprendim\u0105 sustabdyti derybas d\u0117l stojimo \u012f Europos S\u0105jung\u0105 demonstrantai su ES v\u0117liavomis susirinko prie parlamento. (AP Photo\/Zurab Tsertsvadze)\"\/>\n    <\/div><figcaption class=\"ui-media-caption\">\n        <span class=\"u-hide-visually\">Vaizdas:<\/span><br \/>\n        <span class=\"ui-media-caption__caption-text\">Kai kurie demonstrantai pasirod\u0117 su ES v\u0117liavomis. Nuotrauka: AP<br \/>\n        <\/span><br \/>\n      <\/figcaption><\/figure>\n<\/div>\n<p>Demonstrantai taip pat pa\u017ead\u0117jo, kad protestai t\u0119sis. \u201eJei (vyriausyb\u0117) nori eiti <strong>Rusija<\/strong>jie gali va\u017eiuoti \u012f Rusij\u0105, nes mes niekur neva\u017eiuojame. Mes \u010dia liekame\u201c, \u2013 sak\u0117 Kato Kalatozi\u0161vili.<\/p>\n<p>Spalio 26 d. vykusiuose rinkimuose \u201eGruzin\u0173 svajon\u0117\u201c i\u0161laik\u0117 parlamento kontrol\u0119, kaip teigia opozicija <strong>suklastotas su Maskvos pagalba<\/strong>.<\/p>\n<p>Kadencij\u0105 baigiantis Gruzijos prezidentas ir pagrindin\u0117s provakarieti\u0161kos partijos nuo tada boikotavo parlamento sesijas ir reikalavo pakartoti balsavim\u0105.<\/p>\n<p>Gruzin\u0173 svajon\u0117 pa\u017ead\u0117jo ir toliau siekti stojimo \u012f ES, bet taip pat nori \u201eatstatyti\u201c ry\u0161ius su Rusija.<\/p>\n<p>Kritikai apkaltino Gruzijos svajon\u0119, kuri\u0105 suk\u016br\u0117 \u0161e\u0161\u0117linis milijardierius Bidzina Ivani\u0161vili, kuris savo turtus peln\u0117 Rusijoje, vis labiau autoritari\u0161ku ir prorusi\u0161ku. Valdan\u010dioji partija \u0161iuos kaltinimus neig\u0117.<\/p>\n<p>\u201eGruzin\u0173 svajon\u0117\u201c neseniai i\u0161st\u016bm\u0117 \u012fstatymus, pana\u0161ius \u012f tuos, kuriuos Kremlius taik\u0117, siekdamas pa\u017eaboti \u017eod\u017eio laisv\u0119 ir LGBTQ+ teises.<\/p>\n<div class=\"sdc-article-widget sdc-site-video callfn\" data-account-id=\"6058004172001\" data-amp-iframe-embed=\"\" data-asset-id=\"b86db7b5-4a98-4735-87a8-44f1250aa093\" data-asset-path=\"\" data-asset-version=\"\" data-autoplay=\"false\" data-auth-config=\"\" data-caption=\"Opposition in Georgia: What is happening?\" data-clip-type=\"\" data-component-name=\"sdc-site-video\" data-component-name-alias=\"ui-sitewide-video\" data-competition=\"\" data-copy-url-text=\"URL copied to clipboard\" data-fn=\"sdc-site-video\" data-id=\"id_b86db7b5-4a98-4735-87a8-44f1250aa093\" data-is-live-stream=\"false\" data-lite=\"true\" data-options=\"\" data-originator-id=\"51\" data-originator-handle=\"brightcove-news-gb\" data-package-name=\"\" data-provider=\"brightcove\" data-player-id=\"RC9PQUaJ6\" data-playsinline=\"\" data-sensitive=\"false\" data-sdc-id=\"6768984\" data-sdc-video-id=\"b86db7b5-4a98-4735-87a8-44f1250aa093\" data-sport-category=\"\" data-state=\"loading\" data-token-state=\"none\" data-video-ad-unit=\"\" data-video-blacklisted-originator-ids=\"\" data-video-id=\"ref:b86db7b5-4a98-4735-87a8-44f1250aa093\" data-video-type=\"\" data-auto-pause-on-not-visible=\"true\" tabindex=\"-1\" data-closed-captions-position=\"middle-third\" data-show-closed-captions=\"true\" data-show-pip=\"true\" data-show-live-stream-scrubber=\"true\" data-autoload=\"false\">\n<div class=\"sdc-site-video__inner\">\n<div class=\"sdc-site-video__content\" data-role=\"bridge-controller\" style=\"padding-bottom: calc(100% \/ ());\">\n<p class=\"sdc-site-video__accessibility-message\" data-role=\"accessibility-message\">Jei norite lengviau pasiekti vaizdo \u012fra\u0161\u0173 grotuv\u0105, naudokite nar\u0161ykl\u0119 \u201eChrome\u201c.<\/p>\n<p>              <span aria-hidden=\"true\" data-role=\"poster\" class=\"sdc-site-video__poster\"><br \/>\n                <img decoding=\"async\" loading=\"lazy\" src=\"https:\/\/e3.365dm.com\/24\/12\/768x432\/skynews-opposition-georgia_6768988.jpg?20241207130545\" alt=\"Susidorojimas su Gruzijos opozicija prasid\u0117jo po daugiau nei savait\u0119 trukusi\u0173 protest\u0173, kurie kilo vyriausybei \u012f\u0161ald\u017eius derybas d\u0117l naryst\u0117s ES.\" srcset=\"\" aria-hidden=\"true\" class=\"sdc-site-video__poster-img\"\/><br \/>\n              <span class=\"sdc-site-video__loader\"\/><br \/>\n                <span class=\"sdc-site-video__time\">2:49<\/span><br \/>\n              <\/span><\/p>\n<p>              <video id=\"id_b86db7b5-4a98-4735-87a8-44f1250aa093\" data-embed=\"default\" data-application-id=\"\" class=\"video-js sdc-site-video__tag\" controls=\"\" playsinline=\"\"\/>\n            <\/div><figcaption class=\"sdc-site-video__caption ui-media-caption\">\n<p>              <span class=\"ui-media-caption__caption-text\" data-role=\"caption-text\">Opozicija Gruzijoje: kas vyksta?<\/span><br \/>\n            <\/figcaption><\/div>\n<\/p><\/div>\n<p>Provakarieti\u0161ka politik\u0117 Salom\u0117ja Zourabichvili yra prezident\u0117 nuo 2018 met\u0173 ir pa\u017ead\u0117jo likti po jos \u0161e\u0161eri\u0173 met\u0173 kadencijos pirmadien\u012f, apib\u016bdindama save kaip vienintel\u0119 teis\u0117t\u0105 lyder\u0119, kol bus surengti nauji rinkimai.<\/p>\n<p>Prie\u0161 pat balsavim\u0105 paskelbtame \u012fra\u0161e apie X ji teig\u0117, kad jos \u012fp\u0117dinio i\u0161rinkimas yra \u201edemokratijos pasity\u010diojimas\u201c.<\/p>\n<p>Gruzin\u0173 svajon\u0117s \u017eingsnis iki 2028 met\u0173 \u012f\u0161aldyti stojimo \u012f ES proces\u0105, staigiai sustabd\u0119s ilgalaik\u012f nacionalin\u012f tiksl\u0105, \u012fra\u0161yt\u0105 \u012f \u0161alies konstitucij\u0105, suk\u0117l\u0117 plat\u0173 pykt\u012f visoje \u0161alyje. Apklausos rodo, kad naryst\u0117 ES yra nepaprastai populiari.<\/p>\n<div class=\"sdc-article-widget sdc-article-image\">\n<figure class=\"sdc-article-image__figure\">\n<div class=\"sdc-article-image__wrapper\" data-aspect-ratio=\"16\/9\">\n          <img decoding=\"async\" class=\"sdc-article-image__item\" loading=\"lazy\" intrinsicsize=\"768x432\" src=\"https:\/\/e3.365dm.com\/24\/12\/768x432\/skynews-georgia-tbilisi-protests_6775489.jpg?20241214125257\" srcset=\"https:\/\/e3.365dm.com\/24\/12\/384x216\/skynews-georgia-tbilisi-protests_6775489.jpg?20241214125257 380w, https:\/\/e3.365dm.com\/24\/12\/768x432\/skynews-georgia-tbilisi-protests_6775489.jpg?20241214125257 760w, https:\/\/e3.365dm.com\/24\/12\/1600x900\/skynews-georgia-tbilisi-protests_6775489.jpg?20241214125257 1024w, https:\/\/e3.365dm.com\/24\/12\/2048x1152\/skynews-georgia-tbilisi-protests_6775489.jpg?20241214125257 2048w\" sizes=\"(min-width: 1024px) 1024px, 100vw\" alt=\"2024 m. lapkri\u010dio 29 d. Tbilisyje, Gruzijoje, demonstrantai mitingavo prie parlamento pastato, protestuodami prie\u0161 vyriausyb\u0117s sprendim\u0105 sustabdyti derybas d\u0117l stojimo \u012f Europos S\u0105jung\u0105. (AP nuotrauka \/ Zurabas Tsertsvadze, failas)\"\/>\n    <\/div><figcaption class=\"ui-media-caption\">\n        <span class=\"u-hide-visually\">Vaizdas:<\/span><br \/>\n        <span class=\"ui-media-caption__caption-text\">Vyriausybei sustabd\u017eius derybas d\u0117l naryst\u0117s ES kilo protestai. Nuotrauka: AP<br \/>\n        <\/span><br \/>\n      <\/figcaption><\/figure>\n<\/div>\n<p>Nuo ES deryb\u0173 sustabdymo lapkri\u010dio 28 d. t\u016bkstan\u010diai \u017emoni\u0173 kiekvien\u0105 vakar\u0105 susirenka prie parlamento, o riau\u0161i\u0173 policija panaudojo vandens patrankas ir a\u0161arines dujas, kad i\u0161vaikyt\u0173 minias. Pareig\u016bnai taip pat u\u017epuol\u0117 demonstrantus ir \u017eurnalistus.<\/p>\n<p>Vyriausyb\u0117 ne kart\u0105 teig\u0117, kad protestai yra bandymas surengti pro ES revoliucij\u0105 ir smurtin\u012f vald\u017eios u\u017egrobim\u0105, policijai sulaikant \u0161imtus protestuotoj\u0173.<\/p>\n<p>Penktadien\u012f parlamentas patvirtino pla\u010dius naujus protest\u0173 apribojimus, baudas u\u017e \u017eygius dalyviams ir organizatoriams ir u\u017edraudim\u0105 mitinguose dangstyti veid\u0105, fejerverkus ir lazerius, kuriais akinami policijos pareig\u016bnai.<\/p>\n<p>ES, suteikusi Gruzijai kandidat\u0117s status\u0105 2023 met\u0173 gruod\u012f, su s\u0105lyga, kad \u0161alis \u012fvykdys bloko rekomendacijas, sustabd\u0117 stojim\u0105 ir suma\u017eino finansin\u0119 param\u0105 bir\u017eel\u012f, kai buvo patvirtintas u\u017esienio \u012ftakos \u012fstatymas.<\/p>\n<p>Gruzija de\u0161imtme\u010dius buvo laikoma viena provakarieti\u0161kiausi\u0173 ir demokrati\u0161kiausi\u0173 i\u0161 Soviet\u0173 S\u0105jungos \u012fp\u0117dini\u0173, ta\u010diau santykiai su Vakarais \u0161iais metais pa\u0161lijo d\u0117l akivaizdaus \u0161alies u\u017esienio politikos pos\u016bkio ir autoritarinio poslinkio.<\/p>\n<p>Prasid\u0117jus karui Ukrainoje, \u201eGruzin\u0173 svajon\u0117\u201c \u0117m\u0117si gerinti ry\u0161ius su Rusija, kuri Gruzij\u0105 vald\u0117 200 met\u0173 iki 1991 m.<\/p>\n<\/p><\/div>\n<p><br \/>\n<br \/><a href=\"https:\/\/news.sky.com\/story\/former-premier-league-footballer-voted-president-of-georgia-13273189\">Source link <\/a><\/p>\n","protected":false},"excerpt":{"rendered":"<p>Buv\u0119s \u201ePremier\u201c lygos futbolininkas buvo paskirtas Gruzijos prezidentu, did\u0117jant \u012ftampai d\u0117l \u0161alies santyki\u0173 su Rusija. 53 met\u0173 Michailas Kavela\u0161vilis buvo puol\u0117jas \u201eManchester City\u201c. 1996\u20131997 m., o v\u0117liau \u017eaid\u0117 keliuose \u0160veicarijos Superlygos klubuose. 2016 m. jis buvo i\u0161rinktas \u012f parlament\u0105, o 2022 m. \u012fk\u016br\u0117 politin\u012f jud\u0117jim\u0105 \u201eLiaudies vald\u017eia\u201c \u2013 valdan\u010diosios partijos \u201eGruzin\u0173 svajon\u0117\u201c atskilusi\u0105 grup\u0119. Vaizdas: [&hellip;]<\/p>\n","protected":false},"author":1,"featured_media":1235,"comment_status":"","ping_status":"","sticky":false,"template":"","format":"standard","meta":{"om_disable_all_campaigns":false,"_monsterinsights_skip_tracking":false,"_monsterinsights_sitenote_active":false,"_monsterinsights_sitenote_note":"","_monsterinsights_sitenote_category":0,"footnotes":""},"categories":[4],"tags":[2776,2834,2836,2835,2833,24,23,2832,2837],"class_list":["post-1234","post","type-post","status-publish","format-standard","has-post-thumbnail","hentry","category-pasaulio-naujienos","tag-buves","tag-futbolininkas","tag-gruzijos","tag-isrinktas","tag-lygos","tag-naujienos","tag-pasaulio","tag-premier","tag-prezidentu"],"aioseo_notices":[],"_links":{"self":[{"href":"https:\/\/pasaulioziniasklaida.lt\/index.php\/wp-json\/wp\/v2\/posts\/1234","targetHints":{"allow":["GET"]}}],"collection":[{"href":"https:\/\/pasaulioziniasklaida.lt\/index.php\/wp-json\/wp\/v2\/posts"}],"about":[{"href":"https:\/\/pasaulioziniasklaida.lt\/index.php\/wp-json\/wp\/v2\/types\/post"}],"author":[{"embeddable":true,"href":"https:\/\/pasaulioziniasklaida.lt\/index.php\/wp-json\/wp\/v2\/users\/1"}],"replies":[{"embeddable":true,"href":"https:\/\/pasaulioziniasklaida.lt\/index.php\/wp-json\/wp\/v2\/comments?post=1234"}],"version-history":[{"count":0,"href":"https:\/\/pasaulioziniasklaida.lt\/index.php\/wp-json\/wp\/v2\/posts\/1234\/revisions"}],"wp:featuredmedia":[{"embeddable":true,"href":"https:\/\/pasaulioziniasklaida.lt\/index.php\/wp-json\/wp\/v2\/media\/1235"}],"wp:attachment":[{"href":"https:\/\/pasaulioziniasklaida.lt\/index.php\/wp-json\/wp\/v2\/media?parent=1234"}],"wp:term":[{"taxonomy":"category","embeddable":true,"href":"https:\/\/pasaulioziniasklaida.lt\/index.php\/wp-json\/wp\/v2\/categories?post=1234"},{"taxonomy":"post_tag","embeddable":true,"href":"https:\/\/pasaulioziniasklaida.lt\/index.php\/wp-json\/wp\/v2\/tags?post=1234"}],"curies":[{"name":"wp","href":"https:\/\/api.w.org\/{rel}","templated":true}]}}