{"id":1238,"date":"2024-12-15T15:05:41","date_gmt":"2024-12-15T15:05:41","guid":{"rendered":"https:\/\/pasaulioziniasklaida.lt\/index.php\/2024\/12\/15\/izraelis-isake-uzdaryti-dublino-ambasada-kaltindamas-airijos-vyriausybes-ekstremalia-antiizraeliska-politika-pasaulio-naujienos\/"},"modified":"2024-12-15T15:05:41","modified_gmt":"2024-12-15T15:05:41","slug":"izraelis-isake-uzdaryti-dublino-ambasada-kaltindamas-airijos-vyriausybes-ekstremalia-antiizraeliska-politika-pasaulio-naujienos","status":"publish","type":"post","link":"https:\/\/pasaulioziniasklaida.lt\/index.php\/2024\/12\/15\/izraelis-isake-uzdaryti-dublino-ambasada-kaltindamas-airijos-vyriausybes-ekstremalia-antiizraeliska-politika-pasaulio-naujienos\/","title":{"rendered":"Izraelis \u012fsak\u0117 u\u017edaryti Dublino ambasad\u0105, kaltindamas \u201eAirijos vyriausyb\u0117s ekstremali\u0105 antiizraeli\u0161k\u0105 politik\u0105\u201c | Pasaulio naujienos"},"content":{"rendered":"<p> <br \/>\n<\/p>\n<div data-component-name=\"ui-article-body\" data-highlight-intro=\"true\">\n<p>Izraelio u\u017esienio reikal\u0173 ministras nurod\u0117 u\u017edaryti \u0161alies ambasad\u0105 Dubline, remdamasis Airijos vyriausyb\u0117s \u201eypatinga antiizraeline politika\u201c.<\/p>\n<p>Gideonas Sa&#8217;aras sak\u0117, kad \u201eAirija per\u017eeng\u0117 visas raudonas linijas santykiuose su Izraeliu\u201c.<\/p>\n<p>\u201eAirijos veiksmai ir antisemitin\u0117 retorika prie\u0161 Izrael\u012f yra grind\u017eiami \u017eyd\u0173 valstyb\u0117s delegitizavimu ir demonizavimu, taip pat dvigubais standartais\u201c, \u2013 sakoma jo prane\u0161ime.<\/p>\n<p>Ministras atkreip\u0117 d\u0117mes\u012f \u012f Airijos sprendim\u0105 \u0161i\u0173 met\u0173 prad\u017eioje <strong>pripa\u017einti Palestinos valstyb\u0119<\/strong>d\u0117l kurio Izraelis at\u0161auk\u0117 savo ambasadori\u0173 i\u0161 Dublino.<\/p>\n<div class=\"sdc-article-widget sdc-article-image\">\n<figure class=\"sdc-article-image__figure\">\n<div class=\"sdc-article-image__wrapper\" data-aspect-ratio=\"16\/9\">\n          \n    <\/div><figcaption class=\"ui-media-caption\">\n        <span class=\"u-hide-visually\">Vaizdas:<\/span><br \/>\n        <span class=\"ui-media-caption__caption-text\">Izraelio u\u017esienio reikal\u0173 ministras Gideonas Saaras. Nuotrauka: Reuters<br \/>\n        <\/span><br \/>\n      <\/figcaption><\/figure>\n<\/div>\n<p>\u0160is \u017eingsnis taip pat priimtas po to, kai Airijos vyriausyb\u0117 parei\u0161k\u0117, kad pra\u0161ys Tarptautinio teisingumo teismo (ICJ). <strong>i\u0161pl\u0117sti genocido apibr\u0117\u017eim\u0105<\/strong> &#8211; teigia, kad Izraelis vykd\u0117 \u201ekolektyvines bausmes\u201c \u017emon\u0117ms Gazoje.<\/p>\n<p>Airijos ministras pirmininkas (taoiseach) parei\u0161kime teig\u0117, kad sprendimas yra \u201elabai apgail\u0117tinas\u201c ir kad \u201enebuvo taip svarbu i\u0161laikyti atvirus kanalus, kad gal\u0117tume geriau suprasti vieni kit\u0173 pozicijas, net kai nesutariame\u201c.<\/p>\n<div class=\"sdc-article-widget sdc-article-image\">\n<figure class=\"sdc-article-image__figure\">\n<div class=\"sdc-article-image__wrapper\" data-aspect-ratio=\"16\/9\">\n          <img decoding=\"async\" class=\"sdc-article-image__item\" loading=\"lazy\" intrinsicsize=\"768x432\" src=\"https:\/\/e3.365dm.com\/24\/11\/768x432\/skynews-taoiseach-simon-harris_6742532.jpg?20241108140659\" srcset=\"https:\/\/e3.365dm.com\/24\/11\/384x216\/skynews-taoiseach-simon-harris_6742532.jpg?20241108140659 380w, https:\/\/e3.365dm.com\/24\/11\/768x432\/skynews-taoiseach-simon-harris_6742532.jpg?20241108140659 760w, https:\/\/e3.365dm.com\/24\/11\/1600x900\/skynews-taoiseach-simon-harris_6742532.jpg?20241108140659 1024w, https:\/\/e3.365dm.com\/24\/11\/2048x1152\/skynews-taoiseach-simon-harris_6742532.jpg?20241108140659 2048w\" sizes=\"(min-width: 1024px) 1024px, 100vw\" alt=\"Taoiseachas Simonas Harrisas kalb\u0117jo su \u017einiasklaidos atstovais prie Dublino vyriausyb\u0117s pastato. Nuotraukos data: 2024 m. spalio 30 d., tre\u010diadienis.\"\/>\n    <\/div><figcaption class=\"ui-media-caption\">\n        <span class=\"u-hide-visually\">Vaizdas:<\/span><br \/>\n        <span class=\"ui-media-caption__caption-text\">Taoiseachas Simonas Harrisas pra\u0117jus\u012f m\u0117nes\u012f Dubline kalb\u0117jo su \u017einiasklaidos atstovais. Nuotrauka: PA<br \/>\n        <\/span><br \/>\n      <\/figcaption><\/figure>\n<\/div>\n<p>Simonas Harrisas prid\u016br\u0117: \u201eVisi\u0161kai atmetu teigin\u012f, kad Airija yra prie\u0161 Izrael\u012f. Airija palaiko taik\u0105, \u017emogaus teises ir tarptautin\u0119 teis\u0119.<\/p>\n<p>&#8222;Airija nori dviej\u0173 valstybi\u0173 sprendimo ir kad Izraelis ir Palestina gyvent\u0173 taikiai ir saugiai. Airija visada pasisakys u\u017e \u017emogaus teises ir tarptautin\u0119 teis\u0119. Niekas nuo to neatitrauks.&#8221;<\/p>\n<p>Vietoj to Izraelis \u201ekoreguos savo diplomatin\u012f atstovybi\u0173 tinkl\u0105\u201c, kad sustiprint\u0173 ry\u0161ius su \u0161alimis, kurios nori daryti t\u0105 pat\u012f su Izraeliu, bet dar neturi ambasados.<\/p>\n<p>D\u0117l \u0161ios prie\u017easties J.Saaras sak\u0117, kad Izraelis atidarys ambasad\u0105 Moldovoje, ir nurod\u0117 pareig\u016bnams surasti tinkam\u0105 pastat\u0105 ir prad\u0117ti ambasadoriaus skyrimo proces\u0105.<\/p>\n<p>Airijos vicepremjeras Michealas Martinas taip pat kalb\u0117jo vie\u0161ai, sakydamas, kad \u201en\u0117ra plan\u0173\u201c u\u017edaryti j\u0173 ambasad\u0105 Izraelyje, ir parei\u0161kime prid\u016br\u0117: \u201eTvirtai tikiu, kad svarbu i\u0161laikyti diplomatinius komunikacijos kanalus ir apgailestauju, kad buvo priimtas toks sprendimas. .<\/p>\n<p>\u201eAirijos pozicija d\u0117l konflikto Artimuosiuose Rytuose visada vadovavosi tarptautin\u0117s teis\u0117s principais ir vis\u0173 valstybi\u0173 \u012fsipareigojimu laikytis tarptautin\u0117s humanitarin\u0117s teis\u0117s.<\/p>\n<p>Jis prid\u016br\u0117, kad \u201ekaro Gazoje t\u0119simas ir nekalt\u0173 \u017emoni\u0173 \u017e\u016btis yra tiesiog nepriimtina ir prie\u0161tarauja tarptautinei teisei\u201c.<\/p>\n<p>&#8222;Tai rei\u0161kia kolektyvin\u0119 Gazos Ruo\u017eo palestinie\u010di\u0173 bausm\u0119. Mums reikia skubi\u0173 paliaub\u0173, vis\u0173 \u012fkait\u0173 paleidimo ir humanitarin\u0117s pagalbos antpl\u016bd\u017eio \u012f Gaz\u0105&#8221;, \u2013 prid\u016br\u0117 jis.<\/p>\n<p>Airijos vyriausyb\u0117 labai kriti\u0161kai vertino Izraelio vyriausyb\u0117s elges\u012f per kar\u0105 Gazoje, per kur\u012f, pasak Hamaso valdomos sveikatos apsaugos ministerijos, nuo spalio 7 d. i\u0161puolio \u017euvo 44 976 palestinie\u010diai ir 106 759 buvo su\u017eeisti.<\/p>\n<p>Ponas Martinas <strong>paskelb\u0117 ketvirtadien\u012f<\/strong> kad vyriausyb\u0117 pra\u0161ys Tarptautinio Teisingumo Teismo (TTT) i\u0161pl\u0117sti genocido apibr\u0117\u017eim\u0105 \u2013 teigdama, kad Izraelis vykd\u0117 \u201ekolektyvines bausmes\u201c \u017emon\u0117ms Gazoje.<\/p>\n<div class=\"sdc-article-widget sdc-site-video callfn\" data-account-id=\"6058004172001\" data-amp-iframe-embed=\"\" data-asset-id=\"a872b3a1-87a3-439c-ab0c-bf6323c968c4\" data-asset-path=\"\" data-asset-version=\"\" data-autoplay=\"false\" data-auth-config=\"\" data-caption=\"\u2018We as the Jewish people recognise what genocide is', Israeli government spokesperson David Mencer told Sky News.\" data-clip-type=\"\" data-component-name=\"sdc-site-video\" data-component-name-alias=\"ui-sitewide-video\" data-competition=\"\" data-copy-url-text=\"URL copied to clipboard\" data-fn=\"sdc-site-video\" data-id=\"id_a872b3a1-87a3-439c-ab0c-bf6323c968c4\" data-is-live-stream=\"false\" data-lite=\"true\" data-options=\"\" data-originator-id=\"51\" data-originator-handle=\"brightcove-news-gb\" data-package-name=\"\" data-provider=\"brightcove\" data-player-id=\"RC9PQUaJ6\" data-playsinline=\"\" data-sensitive=\"false\" data-sdc-id=\"6767879\" data-sdc-video-id=\"a872b3a1-87a3-439c-ab0c-bf6323c968c4\" data-sport-category=\"\" data-state=\"loading\" data-token-state=\"none\" data-video-ad-unit=\"\" data-video-blacklisted-originator-ids=\"\" data-video-id=\"ref:a872b3a1-87a3-439c-ab0c-bf6323c968c4\" data-video-type=\"\" data-auto-pause-on-not-visible=\"true\" tabindex=\"-1\" data-closed-captions-position=\"middle-third\" data-show-closed-captions=\"true\" data-show-pip=\"true\" data-show-live-stream-scrubber=\"true\" data-autoload=\"false\">\n<div class=\"sdc-site-video__inner\">\n<div class=\"sdc-site-video__content\" data-role=\"bridge-controller\" style=\"padding-bottom: calc(100% \/ ());\">\n<p class=\"sdc-site-video__accessibility-message\" data-role=\"accessibility-message\">Jei norite lengviau pasiekti vaizdo \u012fra\u0161\u0173 grotuv\u0105, naudokite nar\u0161ykl\u0119 \u201eChrome\u201c.<\/p>\n<p>              <span aria-hidden=\"true\" data-role=\"poster\" class=\"sdc-site-video__poster\"><br \/>\n                <img decoding=\"async\" loading=\"lazy\" src=\"https:\/\/e3.365dm.com\/24\/12\/768x432\/skynews-david-mencer-amnesty_6767882.jpg?20241205222544\" alt=\"Izraelio atstovas Davidas Menceris teigia, kad Amnesty parei\u0161kimas d\u0117l genocido Izraeliui yra \u201eklasikinis antisemitizmo pavyzdys\u201c. ir \u201eholokausto inversija\u201c.\" srcset=\"\" aria-hidden=\"true\" class=\"sdc-site-video__poster-img\"\/><br \/>\n              <span class=\"sdc-site-video__loader\"\/><br \/>\n                <span class=\"sdc-site-video__time\">1:58<\/span><br \/>\n              <\/span><\/p>\n<p>              <video id=\"id_a872b3a1-87a3-439c-ab0c-bf6323c968c4\" data-embed=\"default\" data-application-id=\"\" class=\"video-js sdc-site-video__tag\" controls=\"\" playsinline=\"\"\/>\n            <\/div><figcaption class=\"sdc-site-video__caption ui-media-caption\">\n<p>              <span class=\"ui-media-caption__caption-text\" data-role=\"caption-text\">\u201eMes, \u017eyd\u0173 tauta, suprantame, kas yra genocidas\u201c, \u2013 \u201eSky News\u201c sak\u0117 Izraelio vyriausyb\u0117s atstovas Davidas Menceris.<\/span><br \/>\n            <\/figcaption><\/div>\n<\/p><\/div>\n<p>Intervencija bus atlikta v\u0117liau \u0161\u012f m\u0117nes\u012f ir bus susieta su byla <strong>Piet\u0173 Afrika atne\u0161\u0117 <\/strong>pagal Jungtini\u0173 Taut\u0173 genocido konvencij\u0105.<\/p>\n<p>Martinas sak\u0117, kad Airijos vyriausybei yra \u201esusir\u016bpinimas\u201c, kad \u201esiauras genocido ai\u0161kinimas\u201c veda \u012f \u201enebaud\u017eiamumo kult\u016br\u0105, kurioje civili\u0173 apsauga suma\u017einama iki minimumo\u201c.<\/p>\n<p><strong>SKAITYTI DAUGIAU:<br \/>Netanyahu duoda parodymus teisme d\u0117l korupcijos<br \/>Nuotraukose: sirai \u0161ven\u010dia Assado re\u017eimo nuvertim\u0105<br \/>Buv\u0119s MI6 vadovas paai\u0161kina, kas bus toliau Sirijoje ir Artimuosiuose Rytuose<\/strong><\/p>\n<p>Dublino administracijos \u201epo\u017ei\u016bris \u012f konvencij\u0105 yra platesnis\u201c ir \u201epirmenyb\u0119 teikia civili\u0173 gyvyb\u0117s apsaugai\u201c, prid\u016br\u0117 jis.<\/p>\n<p>Gegu\u017e\u0119 Izraelio generalinio prokuroro pavaduotojas 15 tarptautini\u0173 teis\u0117j\u0173 kolegijai pasak\u0117, kad Piet\u0173 Afrikos kaltinimai genocidu yra <strong>\u201evisi\u0161kai atsiriboj\u0119s nuo fakt\u0173 ir aplinkybi\u0173\u201c<\/strong>.<\/p>\n<p>\u201eGinkluotas konfliktas n\u0117ra genocido sinonimas\u201c, \u2013 sak\u0117 Giladas Noamas ir prid\u016br\u0117, kad \u0161is kaltinimas \u201epajuokia siaubing\u0105 kaltinim\u0105 genocidu\u201c.<\/p>\n<\/p><\/div>\n<p><br \/>\n<br \/><a href=\"https:\/\/news.sky.com\/story\/israel-orders-closure-of-dublin-embassy-blaming-extreme-anti-israel-policy-of-irish-government-13274114\">Source link <\/a><\/p>\n","protected":false},"excerpt":{"rendered":"<p>Izraelio u\u017esienio reikal\u0173 ministras nurod\u0117 u\u017edaryti \u0161alies ambasad\u0105 Dubline, remdamasis Airijos vyriausyb\u0117s \u201eypatinga antiizraeline politika\u201c. Gideonas Sa&#8217;aras sak\u0117, kad \u201eAirija per\u017eeng\u0117 visas raudonas linijas santykiuose su Izraeliu\u201c. \u201eAirijos veiksmai ir antisemitin\u0117 retorika prie\u0161 Izrael\u012f yra grind\u017eiami \u017eyd\u0173 valstyb\u0117s delegitizavimu ir demonizavimu, taip pat dvigubais standartais\u201c, \u2013 sakoma jo prane\u0161ime. Ministras atkreip\u0117 d\u0117mes\u012f \u012f Airijos sprendim\u0105 [&hellip;]<\/p>\n","protected":false},"author":1,"featured_media":1239,"comment_status":"","ping_status":"","sticky":false,"template":"","format":"standard","meta":{"om_disable_all_campaigns":false,"_monsterinsights_skip_tracking":false,"_monsterinsights_sitenote_active":false,"_monsterinsights_sitenote_note":"","_monsterinsights_sitenote_category":0,"footnotes":""},"categories":[4],"tags":[1941,1267,2845,2842,2844,2840,69,2843,24,23,369,2841,1951],"class_list":["post-1238","post","type-post","status-publish","format-standard","has-post-thumbnail","hentry","category-pasaulio-naujienos","tag-airijos","tag-ambasada","tag-antiizraeliska","tag-dublino","tag-ekstremalia","tag-isake","tag-izraelis","tag-kaltindamas","tag-naujienos","tag-pasaulio","tag-politika","tag-uzdaryti","tag-vyriausybes"],"aioseo_notices":[],"_links":{"self":[{"href":"https:\/\/pasaulioziniasklaida.lt\/index.php\/wp-json\/wp\/v2\/posts\/1238","targetHints":{"allow":["GET"]}}],"collection":[{"href":"https:\/\/pasaulioziniasklaida.lt\/index.php\/wp-json\/wp\/v2\/posts"}],"about":[{"href":"https:\/\/pasaulioziniasklaida.lt\/index.php\/wp-json\/wp\/v2\/types\/post"}],"author":[{"embeddable":true,"href":"https:\/\/pasaulioziniasklaida.lt\/index.php\/wp-json\/wp\/v2\/users\/1"}],"replies":[{"embeddable":true,"href":"https:\/\/pasaulioziniasklaida.lt\/index.php\/wp-json\/wp\/v2\/comments?post=1238"}],"version-history":[{"count":0,"href":"https:\/\/pasaulioziniasklaida.lt\/index.php\/wp-json\/wp\/v2\/posts\/1238\/revisions"}],"wp:featuredmedia":[{"embeddable":true,"href":"https:\/\/pasaulioziniasklaida.lt\/index.php\/wp-json\/wp\/v2\/media\/1239"}],"wp:attachment":[{"href":"https:\/\/pasaulioziniasklaida.lt\/index.php\/wp-json\/wp\/v2\/media?parent=1238"}],"wp:term":[{"taxonomy":"category","embeddable":true,"href":"https:\/\/pasaulioziniasklaida.lt\/index.php\/wp-json\/wp\/v2\/categories?post=1238"},{"taxonomy":"post_tag","embeddable":true,"href":"https:\/\/pasaulioziniasklaida.lt\/index.php\/wp-json\/wp\/v2\/tags?post=1238"}],"curies":[{"name":"wp","href":"https:\/\/api.w.org\/{rel}","templated":true}]}}