{"id":1246,"date":"2024-12-16T15:06:19","date_gmt":"2024-12-16T15:06:19","guid":{"rendered":"https:\/\/pasaulioziniasklaida.lt\/index.php\/2024\/12\/16\/nuverstas-sirijos-lyderis-basharas-al-assadas-paskelbe-pirmaji-pareiskima-po-rezimo-zlugimo-pasaulio-naujienos\/"},"modified":"2024-12-16T15:06:19","modified_gmt":"2024-12-16T15:06:19","slug":"nuverstas-sirijos-lyderis-basharas-al-assadas-paskelbe-pirmaji-pareiskima-po-rezimo-zlugimo-pasaulio-naujienos","status":"publish","type":"post","link":"https:\/\/pasaulioziniasklaida.lt\/index.php\/2024\/12\/16\/nuverstas-sirijos-lyderis-basharas-al-assadas-paskelbe-pirmaji-pareiskima-po-rezimo-zlugimo-pasaulio-naujienos\/","title":{"rendered":"Nuverstas Sirijos lyderis Basharas al Assadas paskelb\u0117 pirm\u0105j\u012f parei\u0161kim\u0105 po re\u017eimo \u017elugimo | Pasaulio naujienos"},"content":{"rendered":"<p> <br \/>\n<\/p>\n<div data-component-name=\"ui-article-body\" data-highlight-intro=\"true\">\n<p>Buv\u0119s Sirijos lyderis Basharas al Assadas paskelb\u0117 pirm\u0105j\u012f parei\u0161kim\u0105 po jo re\u017eimo \u017elugimo.<\/p>\n<p>Socialin\u0117s \u017einiasklaidos \u012fra\u0161e jis teig\u0117 planav\u0119s toliau kovoti su sukil\u0117li\u0173 paj\u0117gomis, kol Rusija j\u012f evakuoja.<\/p>\n<p>Tokie komentarai, pirmieji vie\u0161ai nuo jo re\u017eimo nuvertimo daugiau nei prie\u0161 savait\u0119, buvo pateikti Sirijos prezident\u016bros kanale \u201eTelegram\u201c.<\/p>\n<p>Parei\u0161kime sakoma, kad jis i\u0161vyko i\u0161 Damasko \u012f Rusij\u0105 gruod\u017eio 8 d., \u201epra\u0117jus dienai po miesto \u017elugimo\u201c, ir priduriama: \u201eNiekada per \u0161iuos \u012fvykius nesvars\u010diau pasitraukti i\u0161 pareig\u0173 ar ie\u0161koti pab\u0117g\u0117lio.<\/p>\n<p>\u201eVienintelis veiksmas buvo t\u0119sti kov\u0105 su terorist\u0173 puolimu\u201c.<\/p>\n<p>B.al Assadas paliko Sirijos sostin\u0119 po \u017eaibi\u0161ko prie\u0161 re\u017eim\u0105 nusiteikusi\u0173 paj\u0117g\u0173 puolimo visoje \u0161alyje, staiga nutraukus jo 24 metus trukus\u012f valdym\u0105.<\/p>\n<p>Jis tvirtino, kad liko Damaske \u201eatlikti savo pareigas\u201c, kol sukil\u0117li\u0173 paj\u0117gos pateko \u012f miest\u0105, ir tik tada, suderinus su Rusijos paj\u0117gomis, buvo perkeltas \u012f Maskvos baz\u0119 pakrant\u0117s Latakijos provincijoje.<\/p>\n<p>Assadas tvirtino planav\u0119s t\u0119sti kov\u0105.<\/p>\n<p>Ta\u010diau paai\u0161k\u0117jus, kad jo paties paj\u0117gos visi\u0161kai \u017elugo prie\u0161 sukil\u0117li\u0173 puolim\u0105, oro baz\u0117, kurioje jis buvo, buvo u\u017epulta bepilo\u010di\u0173 orlaivi\u0173, sak\u0117 jis.<\/p>\n<p><strong>Skaityti daugiau:<br \/>Nuo aki\u0173 gydytojo iki diktatoriaus \u2013 Assado i\u0161kilimas ir \u017elugimas<\/strong><br \/><strong>Nuotraukose: sirai \u0161ven\u010dia Assado pabaig\u0105<br \/>Vaikai i\u0161kasa kaulus Sirijos \u017eudyni\u0173 vietoje<\/strong><\/p>\n<div class=\"sdc-article-widget sdc-site-video callfn\" data-account-id=\"6058004172001\" data-amp-iframe-embed=\"\" data-asset-id=\"54c844f0-d451-47e9-b3e9-44600b2ed975\" data-asset-path=\"\" data-asset-version=\"\" data-autoplay=\"false\" data-auth-config=\"\" data-caption=\"What it's like for people in Syria\" data-clip-type=\"\" data-component-name=\"sdc-site-video\" data-component-name-alias=\"ui-sitewide-video\" data-competition=\"\" data-copy-url-text=\"URL copied to clipboard\" data-fn=\"sdc-site-video\" data-id=\"id_54c844f0-d451-47e9-b3e9-44600b2ed975\" data-is-live-stream=\"false\" data-lite=\"true\" data-options=\"\" data-originator-id=\"51\" data-originator-handle=\"brightcove-news-gb\" data-package-name=\"\" data-provider=\"brightcove\" data-player-id=\"RC9PQUaJ6\" data-playsinline=\"\" data-sensitive=\"false\" data-sdc-id=\"6775062\" data-sdc-video-id=\"54c844f0-d451-47e9-b3e9-44600b2ed975\" data-sport-category=\"\" data-state=\"loading\" data-token-state=\"none\" data-video-ad-unit=\"\" data-video-blacklisted-originator-ids=\"\" data-video-id=\"ref:54c844f0-d451-47e9-b3e9-44600b2ed975\" data-video-type=\"\" data-auto-pause-on-not-visible=\"true\" tabindex=\"-1\" data-closed-captions-position=\"middle-third\" data-show-closed-captions=\"true\" data-show-pip=\"true\" data-show-live-stream-scrubber=\"true\" data-autoload=\"false\">\n<div class=\"sdc-site-video__inner\">\n<div class=\"sdc-site-video__content\" data-role=\"bridge-controller\" style=\"padding-bottom: calc(100% \/ ());\">\n<p class=\"sdc-site-video__accessibility-message\" data-role=\"accessibility-message\">Jei norite lengviau pasiekti vaizdo \u012fra\u0161\u0173 grotuv\u0105, naudokite nar\u0161ykl\u0119 \u201eChrome\u201c.<\/p>\n<p>              <span aria-hidden=\"true\" data-role=\"poster\" class=\"sdc-site-video__poster\"><br \/>\n                <br \/>\n              <span class=\"sdc-site-video__loader\"\/><br \/>\n                <span class=\"sdc-site-video__time\">11:13<\/span><br \/>\n              <\/span><\/p>\n<p>              <video id=\"id_54c844f0-d451-47e9-b3e9-44600b2ed975\" data-embed=\"default\" data-application-id=\"\" class=\"video-js sdc-site-video__tag\" controls=\"\" playsinline=\"\"\/>\n            <\/div><figcaption class=\"sdc-site-video__caption ui-media-caption\">\n<p>              <span class=\"ui-media-caption__caption-text\" data-role=\"caption-text\">Kaip tai atrodo \u017emon\u0117ms Sirijoje<\/span><br \/>\n            <\/figcaption><\/div>\n<\/p><\/div>\n<p>\u201eNetur\u0117dama tinkam\u0173 priemoni\u0173 palikti baz\u0119, Maskva papra\u0161\u0117, kad baz\u0117s vadovyb\u0117 surengt\u0173 skubi\u0105 evakuacij\u0105 \u012f Rusij\u0105 gruod\u017eio 8-osios sekmadienio vakar\u0105\u201c, \u2013 prid\u016br\u0117 jis.<\/p>\n<p>Jo, taip pat jo \u017emonos Asmos ir trij\u0173 j\u0173 vaik\u0173 buvimo vieta i\u0161 prad\u017ei\u0173 nebuvo \u017einoma, kol Rusija prane\u0161\u0117, kad Assadas paliko Sirij\u0105 po deryb\u0173 su sukil\u0117li\u0173 grupuot\u0117mis.<\/p>\n<p>B.al Assadas taip pat tvirtino, kad \u201eniekada nesiek\u0117 pareig\u0173 siekdamas asmenin\u0117s naudos\u201c, o laik\u0117 save \u201enacionalinio projekto saugotoju, palaikomu Sirijos \u017emoni\u0173 tik\u0117jimo\u201c.<\/p>\n<p>Ta\u010diau jis, atrodo, nemini galimo sugr\u012f\u017eimo.<\/p>\n<div class=\"sdc-article-widget sdc-site-video callfn\" data-account-id=\"6058004172001\" data-amp-iframe-embed=\"\" data-asset-id=\"1e21729c-5b80-4a29-b0a7-96750b916055\" data-asset-path=\"\" data-asset-version=\"\" data-autoplay=\"false\" data-auth-config=\"\" data-caption=\"Meet the chemical attack survivors\" data-clip-type=\"\" data-component-name=\"sdc-site-video\" data-component-name-alias=\"ui-sitewide-video\" data-competition=\"\" data-copy-url-text=\"URL copied to clipboard\" data-fn=\"sdc-site-video\" data-id=\"id_1e21729c-5b80-4a29-b0a7-96750b916055\" data-is-live-stream=\"false\" data-lite=\"true\" data-options=\"\" data-originator-id=\"51\" data-originator-handle=\"brightcove-news-gb\" data-package-name=\"\" data-provider=\"brightcove\" data-player-id=\"RC9PQUaJ6\" data-playsinline=\"\" data-sensitive=\"false\" data-sdc-id=\"6774510\" data-sdc-video-id=\"1e21729c-5b80-4a29-b0a7-96750b916055\" data-sport-category=\"\" data-state=\"loading\" data-token-state=\"none\" data-video-ad-unit=\"\" data-video-blacklisted-originator-ids=\"\" data-video-id=\"ref:1e21729c-5b80-4a29-b0a7-96750b916055\" data-video-type=\"\" data-auto-pause-on-not-visible=\"true\" tabindex=\"-1\" data-closed-captions-position=\"middle-third\" data-show-closed-captions=\"true\" data-show-pip=\"true\" data-show-live-stream-scrubber=\"true\" data-autoload=\"false\">\n<div class=\"sdc-site-video__inner\">\n<div class=\"sdc-site-video__content\" data-role=\"bridge-controller\" style=\"padding-bottom: calc(100% \/ ());\">\n<p class=\"sdc-site-video__accessibility-message\" data-role=\"accessibility-message\">Jei norite lengviau pasiekti vaizdo \u012fra\u0161\u0173 grotuv\u0105, naudokite nar\u0161ykl\u0119 \u201eChrome\u201c.<\/p>\n<p>              <span aria-hidden=\"true\" data-role=\"poster\" class=\"sdc-site-video__poster\"><br \/>\n                <img decoding=\"async\" loading=\"lazy\" src=\"https:\/\/e3.365dm.com\/24\/12\/768x432\/skynews-syria-ghouta_6774473.jpg?20241212214810\" alt=\"Ekrano nuotraukos i\u0161 Waghorn VT, kuriose jis lankosi zarino duj\u0173 atakos vietoje 2013 m. Damasko priemiestyje Gutoje Sirijoje. FTV PKG SYRIA ASSAD KARO NUSIKALTIMAI WAGHORN DAMASCUS 121224\" srcset=\"\" aria-hidden=\"true\" class=\"sdc-site-video__poster-img\"\/><br \/>\n              <span class=\"sdc-site-video__loader\"\/><br \/>\n                <span class=\"sdc-site-video__time\">3:18<\/span><br \/>\n              <\/span><\/p>\n<p>              <video id=\"id_1e21729c-5b80-4a29-b0a7-96750b916055\" data-embed=\"default\" data-application-id=\"\" class=\"video-js sdc-site-video__tag\" controls=\"\" playsinline=\"\"\/>\n            <\/div><figcaption class=\"sdc-site-video__caption ui-media-caption\">\n<p>              <span class=\"ui-media-caption__caption-text\" data-role=\"caption-text\">Susipa\u017einkite su chemin\u0119 atak\u0105 i\u0161gyvenusiais \u017emon\u0117mis<\/span><br \/>\n            <\/figcaption><\/div>\n<\/p><\/div>\n<p>Hayat Tahrir al Sham grupuot\u0117s, kuri privert\u0117 Assad\u0105 i\u0161eiti i\u0161 vald\u017eios, lyderis pa\u017ead\u0117jo patraukti Assad\u0105 ir jo bi\u010diulius atsakomyb\u0117n.<\/p>\n<p>Assadas, jo brolis Maheris ir du armijos generolai taip pat ie\u0161komi Pranc\u016bzijoje, kur pernai vald\u017eia i\u0161dav\u0117 tarptautin\u012f are\u0161to order\u012f d\u0117l \u012ftariamo bendrininkavimo vykdant karo nusikaltimus ir nusikaltimus \u017emoni\u0161kumui, \u012fskaitant 2013 m. chemin\u0119 atak\u0105 sukil\u0117li\u0173 kontroliuojamame Damasko priemiestyje.<\/p>\n<p>Dabar B.al Assado re\u017eimas \u017elugo ir baig\u0117si daugiau nei 50 jo \u0161eimos valdymo met\u0173, o karas ir niokojimai, kuriais pasi\u017eym\u0117jo jo vadovavimas, atleid\u017eiami.<\/p>\n<p>JT pra\u0117jusiais metais apskai\u010diavo, kad 2021 m. kovo pabaigoje per konflikt\u0105 \u017euvo daugiau nei 300 000 civili\u0173.<\/p>\n<p>2021 m. tyr\u0117jai apskai\u010diavo, kad per pirmuosius de\u0161imt pilietinio karo met\u0173 taip pat \u017euvo dar 250 000 kovotoj\u0173.<\/p>\n<p>Sirijos \u017emogaus teisi\u0173 tinklas (SNHR) apskai\u010diavo, kad vyriausyb\u0117s paj\u0117gos ir s\u0105junginink\u0173 Irano karin\u0117s paj\u0117gos buvo atsakingos u\u017e ma\u017edaug 87 % t\u0173 mir\u010di\u0173.<\/p>\n<div class=\"sdc-article-widget sdc-article-custom-markup \" data-component-name=\"sdc-article-custom-markup\" data-consent=\"pending\" data-vendor-name=\"spreaker\">\n<section aria-label=\"Consent required\" class=\"ui-consent-roadblock\" data-component-name=\"ui-consent-roadblock\" data-aspect-ratio=\"16\/9\">\n<div class=\"ui-consent-roadblock-body\">\n        <span class=\"ui-consent-roadblock-body__title\">Prane\u0161\u0117jas<\/span><br \/>\n            <span class=\"ui-consent-roadblock-body__description\" data-show-on-fallback=\"false\"><\/p>\n<p>                \u0160\u012f turin\u012f teikia <span class=\"ui-consent-roadblock-body__vendor-title\">Prane\u0161\u0117jas<\/span>kuri gali naudoti slapukus ir kitas technologijas. Nor\u0117dami parodyti jums \u0161\u012f turin\u012f, mums reikia j\u016bs\u0173 leidimo naudoti slapukus. Galite naudoti toliau esan\u010dius mygtukus, kad pakeistum\u0117te savo nuostatas, kad \u012fgalintum\u0117te <span class=\"ui-consent-roadblock-body__vendor-title\">Prane\u0161\u0117jas<\/span> slapukus arba leisti tuos slapukus tik vien\u0105 kart\u0105. Savo nustatymus galite bet kada pakeisti naudodami Privatumo parinktis.<br \/>\n            <\/span><br \/>\n            <span class=\"ui-consent-roadblock-body__description\" data-show-on-fallback=\"true\"><\/p>\n<p>                Deja, mes negal\u0117jome patikrinti, ar sutikote <span class=\"ui-consent-roadblock-body__vendor-title\">Prane\u0161\u0117jas<\/span> sausainiai. Jei norite per\u017ei\u016br\u0117ti \u0161\u012f turin\u012f, galite naudoti toliau esant\u012f mygtuk\u0105, kad leisti <span class=\"ui-consent-roadblock-body__vendor-title\">Prane\u0161\u0117jas<\/span> tik \u0161ios sesijos slapukus.<br \/>\n            <\/span><\/p>\n<div class=\"ui-consent-roadblock-body__link-group\">\n<p>                \u012egalinti slapukus Leisti slapukus vien\u0105 kart\u0105\n            <\/p><\/div>\n<\/p><\/div>\n<\/section>\n<\/div>\n<p><strong><em>\ud83d\udc49 Palieskite, kad steb\u0117tum\u0117te pasaul\u012f, kad ir kur gautum\u0117te podcast&#8217;us \ud83d\udc48<\/em><\/strong><\/p>\n<p>Tarp auk\u0173 yra beveik 30 000 vaik\u0173.<\/p>\n<p>Pasak \u017emogaus teisi\u0173 grupi\u0173, Assado vyriausyb\u0117 taip pat institucionalizavo kankinimus.<\/p>\n<p>Assado <strong>li\u016bdnai pagars\u0117j\u0119s Sednaya kal\u0117jimo kompleksas buvo pramintas \u201e\u017emoni\u0173 skerdykla\u201c.<\/strong> kur kal\u0117jimo pri\u017ei\u016br\u0117tojai \u012fvykd\u0117 masinius pakorimus ir egzekucijas, ra\u0161oma \u201eAmnesty International\u201c 2017 m.<\/p>\n<\/p><\/div>\n<p><br \/>\n<br \/><a href=\"https:\/\/news.sky.com\/story\/ousted-syrian-leader-bashar-al-assad-issues-first-statement-since-fall-of-regime-13274940\">Source link <\/a><\/p>\n","protected":false},"excerpt":{"rendered":"<p>Buv\u0119s Sirijos lyderis Basharas al Assadas paskelb\u0117 pirm\u0105j\u012f parei\u0161kim\u0105 po jo re\u017eimo \u017elugimo. Socialin\u0117s \u017einiasklaidos \u012fra\u0161e jis teig\u0117 planav\u0119s toliau kovoti su sukil\u0117li\u0173 paj\u0117gomis, kol Rusija j\u012f evakuoja. Tokie komentarai, pirmieji vie\u0161ai nuo jo re\u017eimo nuvertimo daugiau nei prie\u0161 savait\u0119, buvo pateikti Sirijos prezident\u016bros kanale \u201eTelegram\u201c. Parei\u0161kime sakoma, kad jis i\u0161vyko i\u0161 Damasko \u012f Rusij\u0105 [&hellip;]<\/p>\n","protected":false},"author":1,"featured_media":1247,"comment_status":"","ping_status":"","sticky":false,"template":"","format":"standard","meta":{"om_disable_all_campaigns":false,"_monsterinsights_skip_tracking":false,"_monsterinsights_sitenote_active":false,"_monsterinsights_sitenote_note":"","_monsterinsights_sitenote_category":0,"footnotes":""},"categories":[4],"tags":[2700,2859,538,24,2858,2860,23,164,1736,2861,2778,2862],"class_list":["post-1246","post","type-post","status-publish","format-standard","has-post-thumbnail","hentry","category-pasaulio-naujienos","tag-assadas","tag-basharas","tag-lyderis","tag-naujienos","tag-nuverstas","tag-pareiskima","tag-pasaulio","tag-paskelbe","tag-pirmaji","tag-rezimo","tag-sirijos","tag-zlugimo"],"aioseo_notices":[],"_links":{"self":[{"href":"https:\/\/pasaulioziniasklaida.lt\/index.php\/wp-json\/wp\/v2\/posts\/1246","targetHints":{"allow":["GET"]}}],"collection":[{"href":"https:\/\/pasaulioziniasklaida.lt\/index.php\/wp-json\/wp\/v2\/posts"}],"about":[{"href":"https:\/\/pasaulioziniasklaida.lt\/index.php\/wp-json\/wp\/v2\/types\/post"}],"author":[{"embeddable":true,"href":"https:\/\/pasaulioziniasklaida.lt\/index.php\/wp-json\/wp\/v2\/users\/1"}],"replies":[{"embeddable":true,"href":"https:\/\/pasaulioziniasklaida.lt\/index.php\/wp-json\/wp\/v2\/comments?post=1246"}],"version-history":[{"count":0,"href":"https:\/\/pasaulioziniasklaida.lt\/index.php\/wp-json\/wp\/v2\/posts\/1246\/revisions"}],"wp:featuredmedia":[{"embeddable":true,"href":"https:\/\/pasaulioziniasklaida.lt\/index.php\/wp-json\/wp\/v2\/media\/1247"}],"wp:attachment":[{"href":"https:\/\/pasaulioziniasklaida.lt\/index.php\/wp-json\/wp\/v2\/media?parent=1246"}],"wp:term":[{"taxonomy":"category","embeddable":true,"href":"https:\/\/pasaulioziniasklaida.lt\/index.php\/wp-json\/wp\/v2\/categories?post=1246"},{"taxonomy":"post_tag","embeddable":true,"href":"https:\/\/pasaulioziniasklaida.lt\/index.php\/wp-json\/wp\/v2\/tags?post=1246"}],"curies":[{"name":"wp","href":"https:\/\/api.w.org\/{rel}","templated":true}]}}