{"id":1250,"date":"2024-12-17T15:08:27","date_gmt":"2024-12-17T15:08:27","guid":{"rendered":"https:\/\/pasaulioziniasklaida.lt\/index.php\/2024\/12\/17\/pranesama-kad-izraelio-ministras-pirmininkas-benjaminas-netanyahu-vyksta-i-kaira-deryboms-del-paliaubu-gazoje-pasaulio-naujienos\/"},"modified":"2024-12-17T15:08:27","modified_gmt":"2024-12-17T15:08:27","slug":"pranesama-kad-izraelio-ministras-pirmininkas-benjaminas-netanyahu-vyksta-i-kaira-deryboms-del-paliaubu-gazoje-pasaulio-naujienos","status":"publish","type":"post","link":"https:\/\/pasaulioziniasklaida.lt\/index.php\/2024\/12\/17\/pranesama-kad-izraelio-ministras-pirmininkas-benjaminas-netanyahu-vyksta-i-kaira-deryboms-del-paliaubu-gazoje-pasaulio-naujienos\/","title":{"rendered":"Prane\u0161ama, kad Izraelio ministras pirmininkas Benjaminas Netanyahu vyksta \u012f Kair\u0105 deryboms d\u0117l paliaub\u0173 Gazoje | Pasaulio naujienos"},"content":{"rendered":"<p> <br \/>\n<br \/><\/p>\n<div data-component-name=\"ui-article-body\" data-highlight-intro=\"true\">\n<p>Izraelio ministras pirmininkas Benjaminas Netanyahu vyksta \u012f Kair\u0105 deryb\u0173 d\u0117l paliaub\u0173 Gazoje, prane\u0161\u0117 Reuters.<\/p>\n<p>Pasigirsta prie\u0161taring\u0173 prane\u0161im\u0173 apie Izraelio lyderio veiksmus ir ugnies nutraukimo artum\u0105, ta\u010diau naujien\u0173 agent\u016bra, remdamasi \u0161altiniais, informuotais apie susitikimus, prid\u016br\u0117, kad susitarimas tur\u0117t\u0173 b\u016bti pasira\u0161ytas artimiausiomis dienomis.<\/p>\n<p>Ta\u010diau \u0161is <strong>Tai b\u016bt\u0173 ne pirmas kartas, kai pasigirsta teigiam\u0173 gars\u0173<\/strong> apie galimas paliaubas, tik kad derybos nutr\u016bkt\u0173.<\/p>\n<p>Tuo tarpu \u201eHamas\u201c parei\u0161k\u0117, kad susitarimas d\u0117l paliaub\u0173 yra \u012fmanomas, ta\u010diau tik tuo atveju, jei Izraelis nenustatys nauj\u0173 s\u0105lyg\u0173.<\/p>\n<p>Pasak palestinie\u010di\u0173 pareig\u016bn\u0173, tai \u012fvyko po to, kai Izraelio ir \u201eHamas\u201c kare Gazoje \u017euvo daugyb\u0117 \u017emoni\u0173, <strong>\u0161i\u0105 savait\u0119 per\u017eeng\u0117 45 000 \u017emoni\u0173<\/strong>.<\/p>\n<p>Izraelio \u017einiasklaida \u201eHaaretz\u201c prane\u0161\u0117, kad ministro pirmininko atstovas spaudai paneig\u0117 teiginius, kad jis vyksta \u012f Egipt\u0105.<\/p>\n<p>Tarp prie\u0161taring\u0173 prane\u0161im\u0173 Balt\u0173j\u0173 r\u016bm\u0173 atstovas spaudai Johnas Kirby interviu \u201eFox News\u201c sak\u0117 manantis, kad \u0161alys art\u0117ja prie ilgai laukt\u0173 paliaub\u0173.<\/p>\n<p>Prane\u0161ama, kad jis sak\u0117: \u201eMes tikime \u2013 ir izraelie\u010diai tai pasak\u0117 \u2013 kad art\u0117jame, ir, be jokios abejon\u0117s, mes tuo tikime, bet taip pat esame atsarg\u016bs savo optimizmu.<\/p>\n<p>&#8222;Mes buvome tokioje pozicijoje ir anks\u010diau, kai negal\u0117jome \u012fveikti fini\u0161o linijos.&#8221;<\/p>\n<p>J. Kirby neatsak\u0117 \u012f klausim\u0105, ar B. Netanyahu vyksta \u012f Kair\u0105 deryb\u0173.<\/p>\n<p><em>\u0160i naujien\u0173 istorija atnaujinama ir netrukus bus paskelbta daugiau informacijos.<\/em><\/p>\n<p><em>Atnaujinkite puslap\u012f, kad gautum\u0117te piln\u0105 versij\u0105.<\/em><\/p>\n<p><em>I\u0161maniajame telefone ar plan\u0161etiniame kompiuteryje galite gauti \u012fsp\u0117jimus apie naujausias naujienas <strong>\u201eSky News\u201c programa<\/strong>. <\/em><em><em>Taip pat galite <\/em><em><strong>sekite mus WhatsApp<\/strong><\/em><em>  ir u\u017esiprenumeruokite m\u016bs\u0173 <\/em><em><strong>YouTube kanalas<\/strong><\/em><em>  kad neatsiliktum\u0117te nuo naujausi\u0173 naujien\u0173.<\/em><\/em><\/p>\n<\/p><\/div>\n<p><br \/>\n<br \/><a href=\"https:\/\/news.sky.com\/story\/israeli-prime-minister-benjamin-netanyahu-reportedly-heads-to-cairo-for-gaza-ceasefire-talks-13275507\">Source link <\/a><\/p>\n","protected":false},"excerpt":{"rendered":"<p>Izraelio ministras pirmininkas Benjaminas Netanyahu vyksta \u012f Kair\u0105 deryb\u0173 d\u0117l paliaub\u0173 Gazoje, prane\u0161\u0117 Reuters. Pasigirsta prie\u0161taring\u0173 prane\u0161im\u0173 apie Izraelio lyderio veiksmus ir ugnies nutraukimo artum\u0105, ta\u010diau naujien\u0173 agent\u016bra, remdamasi \u0161altiniais, informuotais apie susitikimus, prid\u016br\u0117, kad susitarimas tur\u0117t\u0173 b\u016bti pasira\u0161ytas artimiausiomis dienomis. Ta\u010diau \u0161is Tai b\u016bt\u0173 ne pirmas kartas, kai pasigirsta teigiam\u0173 gars\u0173 apie galimas paliaubas, [&hellip;]<\/p>\n","protected":false},"author":1,"featured_media":1251,"comment_status":"","ping_status":"","sticky":false,"template":"","format":"standard","meta":{"om_disable_all_campaigns":false,"_monsterinsights_skip_tracking":false,"_monsterinsights_sitenote_active":false,"_monsterinsights_sitenote_note":"","_monsterinsights_sitenote_category":0,"footnotes":""},"categories":[4],"tags":[2868,83,552,2871,19,291,2869,2779,24,66,2870,23,2780,2867,2740],"class_list":["post-1250","post","type-post","status-publish","format-standard","has-post-thumbnail","hentry","category-pasaulio-naujienos","tag-benjaminas","tag-del","tag-deryboms","tag-gazoje","tag-izraelio","tag-kad","tag-kaira","tag-ministras","tag-naujienos","tag-netanyahu","tag-paliaubu","tag-pasaulio","tag-pirmininkas","tag-pranesama","tag-vyksta"],"aioseo_notices":[],"_links":{"self":[{"href":"https:\/\/pasaulioziniasklaida.lt\/index.php\/wp-json\/wp\/v2\/posts\/1250","targetHints":{"allow":["GET"]}}],"collection":[{"href":"https:\/\/pasaulioziniasklaida.lt\/index.php\/wp-json\/wp\/v2\/posts"}],"about":[{"href":"https:\/\/pasaulioziniasklaida.lt\/index.php\/wp-json\/wp\/v2\/types\/post"}],"author":[{"embeddable":true,"href":"https:\/\/pasaulioziniasklaida.lt\/index.php\/wp-json\/wp\/v2\/users\/1"}],"replies":[{"embeddable":true,"href":"https:\/\/pasaulioziniasklaida.lt\/index.php\/wp-json\/wp\/v2\/comments?post=1250"}],"version-history":[{"count":0,"href":"https:\/\/pasaulioziniasklaida.lt\/index.php\/wp-json\/wp\/v2\/posts\/1250\/revisions"}],"wp:featuredmedia":[{"embeddable":true,"href":"https:\/\/pasaulioziniasklaida.lt\/index.php\/wp-json\/wp\/v2\/media\/1251"}],"wp:attachment":[{"href":"https:\/\/pasaulioziniasklaida.lt\/index.php\/wp-json\/wp\/v2\/media?parent=1250"}],"wp:term":[{"taxonomy":"category","embeddable":true,"href":"https:\/\/pasaulioziniasklaida.lt\/index.php\/wp-json\/wp\/v2\/categories?post=1250"},{"taxonomy":"post_tag","embeddable":true,"href":"https:\/\/pasaulioziniasklaida.lt\/index.php\/wp-json\/wp\/v2\/tags?post=1250"}],"curies":[{"name":"wp","href":"https:\/\/api.w.org\/{rel}","templated":true}]}}