{"id":1336,"date":"2024-12-26T15:17:16","date_gmt":"2024-12-26T15:17:16","guid":{"rendered":"https:\/\/pasaulioziniasklaida.lt\/index.php\/2024\/12\/26\/sirijos-jojimo-cempionas-pasakoja-apie-21-metu-kalejimo-isbandyma-po-to-kai-varzybose-iveike-basharo-al-assado-broli-pasaulio-naujienos\/"},"modified":"2024-12-26T15:17:16","modified_gmt":"2024-12-26T15:17:16","slug":"sirijos-jojimo-cempionas-pasakoja-apie-21-metu-kalejimo-isbandyma-po-to-kai-varzybose-iveike-basharo-al-assado-broli-pasaulio-naujienos","status":"publish","type":"post","link":"https:\/\/pasaulioziniasklaida.lt\/index.php\/2024\/12\/26\/sirijos-jojimo-cempionas-pasakoja-apie-21-metu-kalejimo-isbandyma-po-to-kai-varzybose-iveike-basharo-al-assado-broli-pasaulio-naujienos\/","title":{"rendered":"Sirijos jojimo \u010dempionas pasakoja apie 21 met\u0173 kal\u0117jimo i\u0161bandym\u0105 po to, kai var\u017eybose \u012fveik\u0117 Basharo al Assado brol\u012f | Pasaulio naujienos"},"content":{"rendered":"<p> <br \/>\n<\/p>\n<div data-component-name=\"ui-article-body\" data-highlight-intro=\"true\">\n<p>Sirijos buv\u0119s jojimo \u010dempionas papasakojo, kaip buvo \u012fkalintas ir kankinamas 21 metus po to, kai var\u017eybose \u012fveik\u0117 vyresn\u012fj\u012f Basharo al Assado brol\u012f. <\/p>\n<p>Adnanas Kassaras, ka\u017ekada buv\u0119s garsus \u0161alies sporto veik\u0117jas, \u201eSky News\u201c kalb\u0117jo apie savo i\u0161bandym\u0105 pirm\u0105 kart\u0105 po <strong>Assad\u0173 \u0161eimos re\u017eimo \u017elugimas<\/strong>Tai daugiau nei 50 met\u0173 taisykl\u0117.<\/p>\n<p>Devintojo de\u0161imtme\u010dio pabaigoje jis i\u0161kovojo kelis aukso medalius ir nacionalin\u0117s jojimo komandos kapitonu, o 1993 m. savo karjeros vir\u0161\u016bn\u0119 pasiek\u0117 tre\u010diajame tarptautiniame jojimo \u010dempionate Latakijoje, kur jo nepriekai\u0161tingas pasirodymas u\u017etikrino komandos pergal\u0119.<\/p>\n<p>Ponas Kassaras buvo artimas Basselio al Assado draugas, ta\u010diau \u0161is pasiekimas, matyt, suk\u0117l\u0117 jo draugo \u017eirgininko pykt\u012f, kuris var\u017eyb\u0173 metu susvyravo.<\/p>\n<p>Baselis buvo Sirijos prezidento \u012fp\u0117dinis, kol jo mirtis automobilio avarijoje 1994 m. atved\u0117 \u012f jo brol\u012f. <strong>Ba\u0161aras al Assadas<\/strong>gr\u012f\u017eo i\u0161 Londono, kur dirbo aki\u0173 gydytoju, kad b\u016bt\u0173 i\u0161mokytas perimti pareigas, kai mir\u0117 jo t\u0117vas.<\/p>\n<div class=\"sdc-article-widget sdc-article-image\">\n<figure class=\"sdc-article-image__figure\">\n<div class=\"sdc-article-image__wrapper\" data-aspect-ratio=\"16\/9\">\n          \n    <\/div><figcaption class=\"ui-media-caption\">\n        <span class=\"u-hide-visually\">Vaizdas:<\/span><br \/>\n        <span class=\"ui-media-caption__caption-text\">Adnanas Kassaras (kair\u0117je) su Baseliu al Assadu<br \/>\n        <\/span><br \/>\n      <\/figcaption><\/figure>\n<\/div>\n<p>&#8222;Min\u0117 pak\u0117l\u0117 mane ant savo pe\u010di\u0173. Tai buvo gryno d\u017eiaugsmo akimirka, bet Baseliui tai buvo ne tas pats. Ta diena prasid\u0117jo mano ko\u0161maras&#8221;, \u2013 sak\u0117 jis.<\/p>\n<p>Netrukus po \u012fvykio M. Kassaras buvo suimtas d\u0117l neai\u0161ki\u0173 kaltinim\u0173, kurie, jo teigimu, buvo i\u0161galvoti d\u0117l Baselio pasipiktinimo.<\/p>\n<p>Jis papasakojo, kaip jo sulaikymas virto u\u017esit\u0119susiu i\u0161bandymu, pa\u017eenklintu \u017eiauri\u0173 tardym\u0173 ir ilgus metus trukusios fizin\u0117s bei psichologin\u0117s prievartos.<\/p>\n<p>\u201e\u0160e\u0161is m\u0117nesius buvau laikomas po \u017eeme, nuolat mu\u0161amas ir be galo tardomas\u201c, \u2013 sak\u0117 jis.<\/p>\n<p>Tada jis buvo perkeltas \u012f li\u016bdnai pagars\u0117jus\u012f Sednajos kal\u0117jim\u0105, pramint\u0105 \u201e\u017emoni\u0173 skerdykla\u201c, kur, pasak jo, \u201ekankinimai tik pablog\u0117jo\u201c.<\/p>\n<div class=\"sdc-article-widget sdc-article-image\">\n<figure class=\"sdc-article-image__figure\">\n<div class=\"sdc-article-image__wrapper\" data-aspect-ratio=\"16\/9\">\n          <img decoding=\"async\" class=\"sdc-article-image__item\" loading=\"lazy\" intrinsicsize=\"768x432\" src=\"https:\/\/e3.365dm.com\/24\/12\/768x432\/skynews-bassel-al-assad-bashar_6785194.jpg?20241226114740\" srcset=\"https:\/\/e3.365dm.com\/24\/12\/384x216\/skynews-bassel-al-assad-bashar_6785194.jpg?20241226114740 380w, https:\/\/e3.365dm.com\/24\/12\/768x432\/skynews-bassel-al-assad-bashar_6785194.jpg?20241226114740 760w, https:\/\/e3.365dm.com\/24\/12\/1600x900\/skynews-bassel-al-assad-bashar_6785194.jpg?20241226114740 1024w, https:\/\/e3.365dm.com\/24\/12\/2048x1152\/skynews-bassel-al-assad-bashar_6785194.jpg?20241226114740 2048w\" sizes=\"(min-width: 1024px) 1024px, 100vw\" alt=\"Buv\u0119s Sirijos prezidentas Hafezas al Assadas, jo \u017emona Aniseh, s\u016bn\u016bs Maheris, Basharas, Baselis, Majdas ir dukra Bushra (stovi, LR) pozuoja \u0161eimos portretui.  Nuotrauka: Sana \/ Reuters\"\/>\n    <\/div><figcaption class=\"ui-media-caption\">\n        <span class=\"u-hide-visually\">Vaizdas:<\/span><br \/>\n        <span class=\"ui-media-caption__caption-text\">Buv\u0119s Sirijos prezidentas Hafezas al Assadas, jo \u017emona Aniseh, s\u016bn\u016bs Maheris, Basharas, Baselis, Majdas ir dukra Bushra (stovi, LR). Nuotrauka: Sana \/ Reuters<br \/>\n        <\/span><br \/>\n      <\/figcaption><\/figure>\n<\/div>\n<p><strong>Skaityti daugiau:<br \/>Nuo gydytojo iki diktatoriaus \u2013 Assado pakilimas ir nuopuolis<br \/>Li\u016bdnai pagars\u0117jusioje Sirijos \u201e\u017emoni\u0173 skerdykloje\u201c<\/strong><\/p>\n<p>G. Kassaras sak\u0117, kad po Baselio mirties jo gydymas tapo dar sunkesnis.<\/p>\n<p>\u201eJie kaltino mane d\u0117l jo mirties\u201c, \u2013 sak\u0117 jis. \u201eKiekvienais metais, minint jo mirties metines, kankinimai stipr\u0117jo.<\/p>\n<p>Jis taip pat septynerius su puse met\u0173 buvo laikomas Tadmuro kal\u0117jime, kuris taip pat li\u016bdnai pagars\u0117jo savo ne\u017emoni\u0161komis s\u0105lygomis.<\/p>\n<p>\u201eVien\u0105 ryt\u0105 jie man perv\u0117r\u0117 aus\u012f, o vakare sulau\u017e\u0117 \u017eandikaul\u012f\u201c, \u2013 prisimin\u0117 jis, sakydamas, kad tokie paprasti poelgiai, kaip malda, buvo sulaukti did\u017eiul\u0117s bausm\u0117s.<\/p>\n<p>&#8222;U\u017e meldim\u0105si jie mane trenk\u0117 1000 kart\u0173. Mano p\u0117dos buvo supl\u0117\u0161ytos, mano kaulai apnuodyti&#8221;, &#8211; sak\u0117 jis.<\/p>\n<p>Daugelis aktyvist\u0173 ne kart\u0105 i\u0161k\u0117l\u0117 jo byl\u0105 po Sirijos revoliucijos, kuri reikalavo Assado \u0161eimos valdymo pabaigos.<\/p>\n<p>Ta\u010diau nepaisant tarptautini\u0173 kreipim\u0173si, jo vardas ne kart\u0105 buvo pa\u0161alintas i\u0161 amnestijos dekret\u0173, paskelbt\u0173 jam \u012fkalinimo metu.<\/p>\n<p>Kassaras galiausiai buvo paleistas 2014 m. bir\u017eelio 16 d. po nuolatinio tarptautini\u0173 grupuo\u010di\u0173 spaudimo \u2013 pra\u0117jus beveik 22 metams po jo sulaikymo.<\/p>\n<p>Iki \u0161iol jis tyl\u0117jo apie savo \u012fkalinim\u0105, baimindamasis, kad bet koks bandymas pasidalyti jo istorija gali baigtis pakartotiniu are\u0161tu ir gr\u012f\u017eimu \u012f kal\u0117jim\u0105, ta\u010diau pasisak\u0117 po to, kai Assadas buvo nuverstas Sirijos prezidentu.<\/p>\n<p>\u201ePo ilgus metus trukusio \u012fkalinimo, kankinim\u0173 ir neteisyb\u0117s revoliucija galutinai nuvert\u0117 diktatori\u0161k\u0105 re\u017eim\u0105\u201c, \u2013 prid\u016br\u0117 jis.<\/p>\n<\/p><\/div>\n<p><br \/>\n<br \/><a href=\"https:\/\/news.sky.com\/story\/syrian-equestrian-champion-tells-of-21-year-prison-ordeal-after-beating-bashar-al-assads-brother-in-competition-13279915\">Source link <\/a><\/p>\n","protected":false},"excerpt":{"rendered":"<p>Sirijos buv\u0119s jojimo \u010dempionas papasakojo, kaip buvo \u012fkalintas ir kankinamas 21 metus po to, kai var\u017eybose \u012fveik\u0117 vyresn\u012fj\u012f Basharo al Assado brol\u012f. Adnanas Kassaras, ka\u017ekada buv\u0119s garsus \u0161alies sporto veik\u0117jas, \u201eSky News\u201c kalb\u0117jo apie savo i\u0161bandym\u0105 pirm\u0105 kart\u0105 po Assad\u0173 \u0161eimos re\u017eimo \u017elugimasTai daugiau nei 50 met\u0173 taisykl\u0117. Devintojo de\u0161imtme\u010dio pabaigoje jis i\u0161kovojo kelis aukso [&hellip;]<\/p>\n","protected":false},"author":1,"featured_media":1337,"comment_status":"","ping_status":"","sticky":false,"template":"","format":"standard","meta":{"om_disable_all_campaigns":false,"_monsterinsights_skip_tracking":false,"_monsterinsights_sitenote_active":false,"_monsterinsights_sitenote_note":"","_monsterinsights_sitenote_category":0,"footnotes":""},"categories":[4],"tags":[545,2725,3096,3097,3091,3094,3095,3090,88,3093,77,24,3092,23,2778,51],"class_list":["post-1336","post","type-post","status-publish","format-standard","has-post-thumbnail","hentry","category-pasaulio-naujienos","tag-apie","tag-assado","tag-basharo","tag-broli","tag-cempionas","tag-isbandyma","tag-iveike","tag-jojimo","tag-kai","tag-kalejimo","tag-metu","tag-naujienos","tag-pasakoja","tag-pasaulio","tag-sirijos","tag-varzybose"],"aioseo_notices":[],"_links":{"self":[{"href":"https:\/\/pasaulioziniasklaida.lt\/index.php\/wp-json\/wp\/v2\/posts\/1336","targetHints":{"allow":["GET"]}}],"collection":[{"href":"https:\/\/pasaulioziniasklaida.lt\/index.php\/wp-json\/wp\/v2\/posts"}],"about":[{"href":"https:\/\/pasaulioziniasklaida.lt\/index.php\/wp-json\/wp\/v2\/types\/post"}],"author":[{"embeddable":true,"href":"https:\/\/pasaulioziniasklaida.lt\/index.php\/wp-json\/wp\/v2\/users\/1"}],"replies":[{"embeddable":true,"href":"https:\/\/pasaulioziniasklaida.lt\/index.php\/wp-json\/wp\/v2\/comments?post=1336"}],"version-history":[{"count":0,"href":"https:\/\/pasaulioziniasklaida.lt\/index.php\/wp-json\/wp\/v2\/posts\/1336\/revisions"}],"wp:featuredmedia":[{"embeddable":true,"href":"https:\/\/pasaulioziniasklaida.lt\/index.php\/wp-json\/wp\/v2\/media\/1337"}],"wp:attachment":[{"href":"https:\/\/pasaulioziniasklaida.lt\/index.php\/wp-json\/wp\/v2\/media?parent=1336"}],"wp:term":[{"taxonomy":"category","embeddable":true,"href":"https:\/\/pasaulioziniasklaida.lt\/index.php\/wp-json\/wp\/v2\/categories?post=1336"},{"taxonomy":"post_tag","embeddable":true,"href":"https:\/\/pasaulioziniasklaida.lt\/index.php\/wp-json\/wp\/v2\/tags?post=1336"}],"curies":[{"name":"wp","href":"https:\/\/api.w.org\/{rel}","templated":true}]}}