{"id":1341,"date":"2024-12-27T15:21:57","date_gmt":"2024-12-27T15:21:57","guid":{"rendered":"https:\/\/pasaulioziniasklaida.lt\/index.php\/2024\/12\/27\/eurostar-keleiviai-valandoms-istrige-lamanso-tunelyje-sugedus-traukiniui-tarp-londono-ir-paryziaus-jk-naujienos\/"},"modified":"2024-12-27T15:21:57","modified_gmt":"2024-12-27T15:21:57","slug":"eurostar-keleiviai-valandoms-istrige-lamanso-tunelyje-sugedus-traukiniui-tarp-londono-ir-paryziaus-jk-naujienos","status":"publish","type":"post","link":"https:\/\/pasaulioziniasklaida.lt\/index.php\/2024\/12\/27\/eurostar-keleiviai-valandoms-istrige-lamanso-tunelyje-sugedus-traukiniui-tarp-londono-ir-paryziaus-jk-naujienos\/","title":{"rendered":"\u201eEurostar\u201c keleiviai \u201evalandoms \u012fstrig\u0119\u201c Laman\u0161o tunelyje sugedus traukiniui tarp Londono ir Pary\u017eiaus | JK naujienos"},"content":{"rendered":"<p> <br \/>\n<br \/><\/p>\n<div data-component-name=\"ui-article-body\" data-highlight-intro=\"true\">\n<p>Traukinio \u201eEurostar\u201c i\u0161 Londono \u012f Pary\u017ei\u0173 keleiviai sako, kad sugedus traukiniui valand\u0173 valandas buvo \u012fstrig\u0119 Laman\u0161o s\u0105siaurio tunelyje.<\/p>\n<p>06.01 val. traukinys i\u0161vyko laiku ir tur\u0117jo atvykti \u012f Pary\u017eiaus Gare du Nord 9.20 val. vietos laiku, ta\u010diau keliautojams buvo prane\u0161ta, kad jie atvyks \u012f Pary\u017ei\u0173 v\u0117luodami ma\u017edaug \u0161e\u0161ias valandas.<\/p>\n<p>\u201eEurostar\u201c savo tiesioginiame i\u0161vykimo ir atvykimo puslapyje nurod\u0117: \u201eD\u0117l technin\u0117s problemos j\u016bs\u0173 traukinys negali baigti kelion\u0117s. Dabar jis baigsis Calais Frethun, kur b\u016bsite perkeltas \u012f kit\u0105 traukin\u012f \u012f paskirties viet\u0105\u201c.<\/p>\n<p>Lisa Levine paskelb\u0117 X: &#8222;Kokia netvarka. Mes valand\u0173 valandas buvome \u012fstrig\u0119 tunelyje. Net ne\u012fsivaizduojame, kada i\u0161lipsime. Dabar pers\u0117dome \u012f kit\u0105 traukin\u012f ir tiesiogine prasme praleidome vis\u0105 dien\u0105 Pary\u017eiuje.<\/p>\n<p>&#8222;Daryk geriau Eurostar. Bendraukite su mokan\u010diais klientais.&#8221;<\/p>\n<p>Gaby Koppel, televizijos prodiuser\u0117, <strong>pasakojo \u201eThe Independent\u201c.<\/strong>: \u201eMes sustojome tunelyje ma\u017edaug valand\u0105 po kelion\u0117s, taigi, ma\u017edaug 7 val. JK laiku.<\/p>\n<p>\u201eRetkar\u010diais per garsiakalbius pasigirsdavo prane\u0161imai, kad jie ne\u017eino, kas yra gedimas.<\/p>\n<p><strong>Skaitykite daugiau i\u0161 \u201eSky News\u201c:<br \/>Reformos naryst\u0117 lenkia torius, bet skai\u010diai vadinami \u201enetikra\u201c<br \/>Pasiruo\u0161kite \u201e\u0161lapioms ir v\u0117juotoms\u201c Nauj\u0173j\u0173 met\u0173 i\u0161vakar\u0117ms \u2013 \u0161iek tiek sniego<br \/>Riau\u0161\u0117s, pab\u0117g\u0119 arkliai ir i\u0161mestas pieno kokteilis \u2013 2024 m. nuotraukose<\/strong><\/p>\n<p>Alicia Peters, operacij\u0173 pri\u017ei\u016br\u0117toja, va\u017eiavo traukiniu, ve\u017eusiu dukr\u0105 \u012f Pary\u017eiaus Disneilend\u0105.<\/p>\n<p>Ji sak\u0117 \u201eThe Independent\u201c: \u201eS\u0117d\u0117ti 2,5 valandos stovin\u010diame traukinyje su savo a\u0161tuonmete dukra buvo labai \u012ftempta.<\/p>\n<p>\u201eJi buvo labai susir\u016bpinusi, nes i\u0161girdome triuk\u0161m\u0105, o tada nebuvo elektros.<\/p>\n<p>\u201eBuvo labai kar\u0161ta ir mes tikrai ne\u017einojome, kada persikelsime, nes jie negal\u0117jo pateikti jokio laiko.<\/p>\n<p>Prane\u0161ime apie X gele\u017einkeli\u0173 bendrov\u0117 sak\u0117: \u201ePaslaugos atnaujinimas: \u0161\u012f ryt\u0105 traukinyje 9080 kilo technin\u0117 problema.<\/p>\n<p>&#8222;\u0160is traukinys dabar suma\u017eintu grei\u010diu va\u017eiuoja \u012f Kal\u0117, kur keleiviai bus perkelti \u012f kit\u0105 &#8222;Eurostar&#8221; traukin\u012f, kad t\u0119st\u0173 kelion\u0119 \u012f Pary\u017ei\u0173. D\u0117kojame u\u017e supratingum\u0105 ir atsipra\u0161ome u\u017e v\u0117lavim\u0105.&#8221;<\/p>\n<p>X naudotojai prane\u0161\u0117 apie ilgas eiles greitkelyje iki Laman\u0161o tunelio po traukinio gedimo.<\/p>\n<\/p><\/div>\n<p><br \/>\n<br \/><a href=\"https:\/\/news.sky.com\/story\/eurostar-passengers-trapped-for-hours-in-channel-tunnel-after-train-breaks-down-between-london-and-paris-13280510\">Source link <\/a><\/p>\n","protected":false},"excerpt":{"rendered":"<p>Traukinio \u201eEurostar\u201c i\u0161 Londono \u012f Pary\u017ei\u0173 keleiviai sako, kad sugedus traukiniui valand\u0173 valandas buvo \u012fstrig\u0119 Laman\u0161o s\u0105siaurio tunelyje. 06.01 val. traukinys i\u0161vyko laiku ir tur\u0117jo atvykti \u012f Pary\u017eiaus Gare du Nord 9.20 val. vietos laiku, ta\u010diau keliautojams buvo prane\u0161ta, kad jie atvyks \u012f Pary\u017ei\u0173 v\u0117luodami ma\u017edaug \u0161e\u0161ias valandas. \u201eEurostar\u201c savo tiesioginiame i\u0161vykimo ir atvykimo puslapyje [&hellip;]<\/p>\n","protected":false},"author":1,"featured_media":1342,"comment_status":"","ping_status":"","sticky":false,"template":"","format":"standard","meta":{"om_disable_all_campaigns":false,"_monsterinsights_skip_tracking":false,"_monsterinsights_sitenote_active":false,"_monsterinsights_sitenote_note":"","_monsterinsights_sitenote_category":0,"footnotes":""},"categories":[4],"tags":[3102,3105,3103,1235,3109,24,3110,3107,370,3108,3106,3104],"class_list":["post-1341","post","type-post","status-publish","format-standard","has-post-thumbnail","hentry","category-pasaulio-naujienos","tag-eurostar","tag-istrige","tag-keleiviai","tag-lamanso","tag-londono","tag-naujienos","tag-paryziaus","tag-sugedus","tag-tarp","tag-traukiniui","tag-tunelyje","tag-valandoms"],"aioseo_notices":[],"_links":{"self":[{"href":"https:\/\/pasaulioziniasklaida.lt\/index.php\/wp-json\/wp\/v2\/posts\/1341","targetHints":{"allow":["GET"]}}],"collection":[{"href":"https:\/\/pasaulioziniasklaida.lt\/index.php\/wp-json\/wp\/v2\/posts"}],"about":[{"href":"https:\/\/pasaulioziniasklaida.lt\/index.php\/wp-json\/wp\/v2\/types\/post"}],"author":[{"embeddable":true,"href":"https:\/\/pasaulioziniasklaida.lt\/index.php\/wp-json\/wp\/v2\/users\/1"}],"replies":[{"embeddable":true,"href":"https:\/\/pasaulioziniasklaida.lt\/index.php\/wp-json\/wp\/v2\/comments?post=1341"}],"version-history":[{"count":0,"href":"https:\/\/pasaulioziniasklaida.lt\/index.php\/wp-json\/wp\/v2\/posts\/1341\/revisions"}],"wp:featuredmedia":[{"embeddable":true,"href":"https:\/\/pasaulioziniasklaida.lt\/index.php\/wp-json\/wp\/v2\/media\/1342"}],"wp:attachment":[{"href":"https:\/\/pasaulioziniasklaida.lt\/index.php\/wp-json\/wp\/v2\/media?parent=1341"}],"wp:term":[{"taxonomy":"category","embeddable":true,"href":"https:\/\/pasaulioziniasklaida.lt\/index.php\/wp-json\/wp\/v2\/categories?post=1341"},{"taxonomy":"post_tag","embeddable":true,"href":"https:\/\/pasaulioziniasklaida.lt\/index.php\/wp-json\/wp\/v2\/tags?post=1341"}],"curies":[{"name":"wp","href":"https:\/\/api.w.org\/{rel}","templated":true}]}}