{"id":135,"date":"2024-08-04T20:59:37","date_gmt":"2024-08-04T20:59:37","guid":{"rendered":"https:\/\/pasaulioziniasklaida.lt\/index.php\/2024\/08\/04\/sudano-badas-zamzamo-stovyklos-badas-yra-zmogaus-sukeltas-ir-100-jo-galima-isvengti-sako-ekspertai-pasaulio-naujienos\/"},"modified":"2024-08-04T20:59:37","modified_gmt":"2024-08-04T20:59:37","slug":"sudano-badas-zamzamo-stovyklos-badas-yra-zmogaus-sukeltas-ir-100-jo-galima-isvengti-sako-ekspertai-pasaulio-naujienos","status":"publish","type":"post","link":"https:\/\/pasaulioziniasklaida.lt\/index.php\/2024\/08\/04\/sudano-badas-zamzamo-stovyklos-badas-yra-zmogaus-sukeltas-ir-100-jo-galima-isvengti-sako-ekspertai-pasaulio-naujienos\/","title":{"rendered":"Sudano badas: Zamzamo stovyklos badas yra \u201e\u017emogaus sukeltas ir 100 % jo galima i\u0161vengti\u201c, sako ekspertai |  Pasaulio naujienos"},"content":{"rendered":"<p> <br \/>\n<\/p>\n<div data-component-name=\"ui-article-body\" data-highlight-intro=\"true\">\n<p>Ma\u017edaug pus\u0117 milijono gyventoj\u0173 Zamzamo perk\u0117limo stovykloje, \u0160iaur\u0117s Darf\u016bre, gyvena ekstremaliose nesantaikose ir bado b\u016bsenoje.  Ten dirbantis gydytojas humanitarin\u0119 situacij\u0105 apib\u016bdina kaip \u201ekatastrofi\u0161k\u0105\u201c.<\/p>\n<p>\u201e\u017dmon\u0117s mir\u0161ta nuo bado\u201c, \u2013 sako dr. Nasras Yousifas Rajab, stovyklos sveikatos prane\u0161\u0117jas ir vietos pagalbos centro (ERR) narys.  \u201eAsmeni\u0161kai ma\u010diau, kaip mano akivaizdoje i\u0161 bado mir\u0117 pagyven\u0119s vyras, moteris pirm\u0105j\u012f n\u0117\u0161tumo m\u0117nes\u012f ir \u017eindymo am\u017eiaus k\u016bdikis.<\/p>\n<p>Ta\u010diau ekspertai teigia, kad \u0161io bado, kur\u012f anks\u010diau \u0161i\u0105 savait\u0119 oficialiai paskelb\u0117 Bado per\u017ei\u016bros komitetas (FRC), buvo \u201e100% i\u0161vengta\u201c ir jis yra \u201evisi\u0161kai \u017emogaus sukeltas\u201c.<\/p>\n<p>Araf, jauna moteris, dabar gyvenanti Zamzame su savo i\u0161gyvenusia \u0161eima, sako: \u201eRaketos krito ant m\u016bs\u0173 nam\u0173 ir nu\u017eud\u0117 m\u016bs\u0173 \u0161eim\u0105, m\u016bs\u0173 brolius, o mes pab\u0117gome \u010dia, kad prisiglaustume \u012f pradin\u0119 mergai\u010di\u0173 mokykl\u0105.<\/p>\n<p>&#8222;Klas\u0117s, kuriose gyvename, u\u017eliejamos nuo rudens li\u016b\u010di\u0173, net asilai ir karv\u0117s vargsta. Neturime net kibir\u0173 vandens gauti.&#8221;<\/p>\n<div class=\"sdc-article-widget sdc-article-image\">\n<figure class=\"sdc-article-image__figure\">\n<div class=\"sdc-article-image__wrapper\" data-aspect-ratio=\"16\/9\">\n          <img decoding=\"async\" class=\"sdc-article-image__item\" loading=\"lazy\" intrinsicsize=\"768x432\" src=\"https:\/\/e3.365dm.com\/24\/08\/768x432\/skynews-zamzam-sudan-famine_6647376.jpg?20240804173215\" srcset=\"https:\/\/e3.365dm.com\/24\/08\/384x216\/skynews-zamzam-sudan-famine_6647376.jpg?20240804173215 380w, https:\/\/e3.365dm.com\/24\/08\/768x432\/skynews-zamzam-sudan-famine_6647376.jpg?20240804173215 760w, https:\/\/e3.365dm.com\/24\/08\/1600x900\/skynews-zamzam-sudan-famine_6647376.jpg?20240804173215 1024w, https:\/\/e3.365dm.com\/24\/08\/2048x1152\/skynews-zamzam-sudan-famine_6647376.jpg?20240804173215 2048w\" sizes=\"(min-width: 1024px) 1024px, 100vw\" alt=\"Perkeltas Sudano vaikas pila vanden\u012f Zamzam stovykloje, \u0160iaur\u0117s Darf\u016bre, Sudane, 2024 m. rugpj\u016b\u010dio 1 d. REUTERS \/ Mohamedas Jamalas Jebrelis\"\/>\n    <\/div><figcaption class=\"ui-media-caption\">\n        <span class=\"u-hide-visually\">Vaizdas:<\/span><br \/>\n        <span class=\"ui-media-caption__caption-text\">Nuotrauka: Reuters<br \/>\n        <\/span><br \/>\n      <\/figcaption><\/figure>\n<\/div>\n<div class=\"sdc-article-widget sdc-article-image\">\n<figure class=\"sdc-article-image__figure\">\n<div class=\"sdc-article-image__wrapper\" data-aspect-ratio=\"16\/9\">\n          <img decoding=\"async\" class=\"sdc-article-image__item\" loading=\"lazy\" intrinsicsize=\"768x432\" src=\"https:\/\/e3.365dm.com\/24\/08\/768x432\/skynews-zamzam-sudan-famine_6647372.jpg?20240804173031\" srcset=\"https:\/\/e3.365dm.com\/24\/08\/384x216\/skynews-zamzam-sudan-famine_6647372.jpg?20240804173031 380w, https:\/\/e3.365dm.com\/24\/08\/768x432\/skynews-zamzam-sudan-famine_6647372.jpg?20240804173031 760w, https:\/\/e3.365dm.com\/24\/08\/1600x900\/skynews-zamzam-sudan-famine_6647372.jpg?20240804173031 1024w, https:\/\/e3.365dm.com\/24\/08\/2048x1152\/skynews-zamzam-sudan-famine_6647372.jpg?20240804173031 2048w\" sizes=\"(min-width: 1024px) 1024px, 100vw\" alt=\"Perkeltoji sudaniet\u0117 ilsisi prieglaudoje Zamzam stovykloje, \u0160iaur\u0117s Darf\u016bre, Sudane, 2024 m. rugpj\u016b\u010dio 1 d. REUTERS \/ Mohamedas Jamalas Jebrelis\"\/>\n    <\/div><figcaption class=\"ui-media-caption\">\n        <span class=\"u-hide-visually\">Vaizdas:<\/span><br \/>\n        <span class=\"ui-media-caption__caption-text\">  Nuotrauka: Reuters<br \/>\n        <\/span><br \/>\n      <\/figcaption><\/figure>\n<\/div>\n<p>Stovykla yra ma\u017edaug 12 km \u012f pietus nuo Al-Fashir miesto \u2013 \u0160iaur\u0117s Darf\u016bro sostin\u0117s \u0161irdies \u2013 kur <strong><a href=\"https:\/\/news.sky.com\/story\/sudan-civilians-trapped-as-un-warns-of-possible-imminent-attack-on-city-of-al-fashir-by-rapid-support-forces-13124227\" target=\"_blank\" rel=\"noopener\">vyksta m\u016b\u0161iai<\/a><\/strong>  Sudano ginkluot\u0173j\u0173 paj\u0117g\u0173 (SAF) ir greitosios paramos paj\u0117g\u0173 (RSF) susitarimas d\u0117l regiono sulaikytosios valstyb\u0117s teritorin\u0117s kontrol\u0117s.<\/p>\n<p>Dar keturios Darf\u016bro valstijos \u0161iuo metu yra kontroliuojamos RSF, o ginkluoto smurto prie\u0161 civilius banga privert\u0117 t\u016bkstan\u010dius \u017emoni\u0173, toki\u0173 kaip Arafas, ie\u0161koti saugumo Zamzamo stovykloje \u2013 nuo \u200b\u200bma\u017edaug 200 000 iki 300 000 gyventoj\u0173 iki ma\u017edaug 500 000 \u017emoni\u0173.<\/p>\n<p>\u201eYra daugyb\u0117 perkelt\u0173 \u017emoni\u0173 i\u0161 vis\u0173 pusi\u0173 <strong><a href=\"https:\/\/news.sky.com\/topic\/sudan-6985\" target=\"_blank\" rel=\"noopener\">Sudanas<\/a><\/strong>&#8222;, &#8211; sako dr. Rajab. &#8222;Tai yra perk\u0117limo stovykla, o ekonomika yra daug ma\u017eesn\u0117 nei dabar ten gyvenan\u010di\u0173 daug \u017emoni\u0173.&#8221;<\/p>\n<p>Humanitarin\u0117s grup\u0117s gyvuoja kelis m\u0117nesius <strong><a href=\"https:\/\/news.sky.com\/story\/sudan-could-be-weeks-away-from-a-catastrophic-hunger-crisis-13096901\" target=\"_blank\" rel=\"noopener\">\u012fsp\u0117jimas apie gresiant\u012f bad\u0105<\/a><\/strong>  Zamzamo stovykloje ir Darf\u016bro, Kordofano, Al-Jazirah valstij\u0173 ir Sudano sostin\u0117s Chartumo srityse, kur 2023 m. baland\u017eio m\u0117n. prasid\u0117jo karas tarp SAF ir RSF.<\/p>\n<p><strong>Skaityti daugiau:<br \/><a href=\"https:\/\/news.sky.com\/story\/sudan-violence-the-horrifying-statistics-behind-the-brutal-conflict-and-still-the-death-toll-is-unknown-13112932\" target=\"_blank\" rel=\"noopener\">Kod\u0117l Sudano auk\u0173 skai\u010dius ne\u017einomas?<\/a><br \/><a href=\"https:\/\/news.sky.com\/story\/sudan-civil-war-200-settlements-hit-by-fires-since-start-of-conflict-as-scorched-earth-tactics-intensify-13135155\" target=\"_blank\" rel=\"noopener\">200 gyvenvie\u010di\u0173 nukent\u0117jo nuo gaisro<\/a><\/strong><\/p>\n<div class=\"sdc-article-widget sdc-article-image\">\n<figure class=\"sdc-article-image__figure\">\n<div class=\"sdc-article-image__wrapper\" data-aspect-ratio=\"16\/9\">\n          <img decoding=\"async\" class=\"sdc-article-image__item\" loading=\"lazy\" intrinsicsize=\"768x432\" src=\"https:\/\/e3.365dm.com\/24\/08\/768x432\/skynews-sudan-zamzam-famine_6647374.jpg?20240804173144\" srcset=\"https:\/\/e3.365dm.com\/24\/08\/384x216\/skynews-sudan-zamzam-famine_6647374.jpg?20240804173144 380w, https:\/\/e3.365dm.com\/24\/08\/768x432\/skynews-sudan-zamzam-famine_6647374.jpg?20240804173144 760w, https:\/\/e3.365dm.com\/24\/08\/1600x900\/skynews-sudan-zamzam-famine_6647374.jpg?20240804173144 1024w, https:\/\/e3.365dm.com\/24\/08\/2048x1152\/skynews-sudan-zamzam-famine_6647374.jpg?20240804173144 2048w\" sizes=\"(min-width: 1024px) 1024px, 100vw\" alt=\"Perkeltieji Sudano vaikai stovi Zamzam stovykloje \u0160iaur\u0117s Darf\u016bre, Sudane, 2024 m. rugpj\u016b\u010dio 1 d. REUTERS \/ Mohamedas Jamalas Jebrelis\"\/>\n    <\/div><figcaption class=\"ui-media-caption\">\n        <span class=\"u-hide-visually\">Vaizdas:<\/span><br \/>\n        <span class=\"ui-media-caption__caption-text\">\u0160iuo metu stovykloje gyvena apie pus\u0117 milijono \u017emoni\u0173.  Nuotrauka: Reuters<br \/>\n        <\/span><br \/>\n      <\/figcaption><\/figure>\n<\/div>\n<p>Nuo tada abi frakcijos buvo apkaltintos trukdan\u010dios pagalbai patekti \u012f sritis, kurioms ypa\u010d reikia.  \u012erodymai rodo, kad RSF kovotojai pl\u0117\u0161ia sand\u0117lius ir sunkve\u017eimius, gabenan\u010dius humanitarines prekes, ir puola sveikatos prie\u017ei\u016bros \u012fstaigas, kuriose gydomi civiliai visoje \u0161alyje.<\/p>\n<p>Ar buvo galima sustabdyti badavim\u0105?  \u201eTaip, 100 % \u0161io bado buvo galima i\u0161vengti\u201c, \u2013 sako Anthony Neilas, Sudano INGO forumo koordinatorius.<\/p>\n<div class=\"sdc-article-widget sdc-article-strapline sdc-article-strapline--default-layout\" data-component-name=\"sdc-article-strapline\">\n<div class=\"sdc-article-strapline__link\">\n<div class=\"sdc-article-strapline__image-wrap\">\n                <picture><source srcset=\"https:\/\/e3.365dm.com\/24\/03\/320x180\/skynews-gfxwhatsapppromo-gfxwhatsapp_6490206.png 320w, https:\/\/e3.365dm.com\/24\/03\/640x380\/skynews-gfxwhatsapppromo-gfxwhatsapp_6490206.png 640w\" media=\"(max-width: 480px)\"><source srcset=\"https:\/\/e3.365dm.com\/24\/03\/256x256\/skynews-gfxwhatsapppromo-gfxwhatsapp_6490206.png 256w, https:\/\/e3.365dm.com\/24\/03\/512x512\/skynews-gfxwhatsapppromo-gfxwhatsapp_6490206.png 512w\" media=\"(min-width: 481px)\"><img decoding=\"async\" loading=\"lazy\" src=\"https:\/\/e3.365dm.com\/24\/03\/512x512\/skynews-gfxwhatsapppromo-gfxwhatsapp_6490206.png\" alt=\"Sekite Sky News per WhatsApp\" class=\"sdc-article-strapline__image\"\/><br \/>\n                <\/source><\/source><\/picture>\n            <\/div>\n<div class=\"sdc-article-strapline__body\">\n                <span class=\"sdc-article-strapline__title\">Sekite Sky News per WhatsApp<\/span><\/p>\n<p class=\"sdc-article-strapline__text\">Sekite visas naujausias naujienas i\u0161 JK ir viso pasaulio steb\u0117dami \u201eSky News\u201c.<\/p>\n<p>                <a href=\"https:\/\/whatsapp.com\/channel\/0029Va868Fv8vd1UsF99tP1u\" class=\"sdc-article-strapline__button\" target=\"_blank\" rel=\"noopener\">Bakstel\u0117kite \u010dia <\/a>\n        <\/div>\n<\/p><\/div>\n<\/p><\/div>\n<p>Jis t\u0119sia: \u201eIngo forumas skambina pavojaus signal\u0105 d\u0117l galimo bado nuo 2023 m. liepos m\u0117n. Badas Zamzame yra visi\u0161kai \u017emogaus sukeltas ir kyla d\u0117l kelis m\u0117nesius trukusi\u0173 konflikt\u0173 ir prieigos at\u0117mimo\u201c.<\/p>\n<p>\u201eBad\u0105 Zamzame i\u0161 esm\u0117s suk\u0117l\u0117 tarptautin\u0117s humanitarin\u0117s teis\u0117s pa\u017eeidimai. Abi \u0161alys pastaraisiais m\u0117nesiais aktyviai neig\u0117 humanitarin\u0117s pagalbos pristatym\u0105 \u012f Al-Fashir\u0105.<\/p>\n<div class=\"sdc-article-widget sdc-site-video callfn\" data-account-id=\"6058004172001\" data-amp-iframe-embed=\"\" data-asset-id=\"e92a444f-0351-42f4-95a8-4b9ccbee7e55\" data-asset-path=\"\" data-asset-version=\"\" data-autoplay=\"false\" data-auth-config=\"\" data-caption=\"Sudan's humanitarian crisis explained\" data-clip-type=\"\" data-component-name=\"sdc-site-video\" data-competition=\"\" data-copy-url-text=\"URL copied to clipboard\" data-fn=\"sdc-site-video\" data-id=\"id_e92a444f-0351-42f4-95a8-4b9ccbee7e55\" data-is-live-stream=\"false\" data-lite=\"true\" data-options=\"\" data-originator-id=\"51\" data-originator-handle=\"brightcove-news-gb\" data-package-name=\"\" data-provider=\"brightcove\" data-player-id=\"RC9PQUaJ6\" data-playsinline=\"\" data-sensitive=\"true\" data-sdc-id=\"6454598\" data-sdc-video-id=\"e92a444f-0351-42f4-95a8-4b9ccbee7e55\" data-sport-category=\"\" data-state=\"loading\" data-token-state=\"none\" data-video-ad-unit=\"\" data-video-blacklisted-originator-ids=\"\" data-video-id=\"ref:e92a444f-0351-42f4-95a8-4b9ccbee7e55\" data-video-type=\"\" data-auto-pause-on-not-visible=\"true\" tabindex=\"-1\" data-closed-captions-position=\"middle-third\" data-show-closed-captions=\"true\" data-show-pip=\"true\" data-show-live-stream-scrubber=\"true\">\n<div class=\"sdc-site-video__inner\">\n<div class=\"sdc-site-video__content\" data-role=\"bridge-controller\" style=\"padding-bottom: calc(100% \/ ());\">\n<p class=\"sdc-site-video__accessibility-message\" data-role=\"accessibility-message\">Jei norite lengviau pasiekti vaizdo \u012fra\u0161\u0173 grotuv\u0105, naudokite nar\u0161ykl\u0119 \u201eChrome\u201c.<\/p>\n<p>              <span aria-hidden=\"true\" data-role=\"poster\" class=\"sdc-site-video__poster\"><br \/>\n                <img decoding=\"async\" loading=\"lazy\" src=\"https:\/\/e3.365dm.com\/24\/02\/768x432\/796ba9c548fbb530caccdc9d48a0823c9730e5dcc3242bfb77b80ab0c53706fd_6454946.jpg?20240214065352\" alt=\"Yousra\" srcset=\"\" aria-hidden=\"true\" class=\"sdc-site-video__poster-img\"\/><br \/>\n              <span class=\"sdc-site-video__loader\"\/><br \/>\n                <span class=\"sdc-site-video__time\">2:21<\/span><br \/>\n              <\/span><\/p>\n<p>              <video id=\"id_e92a444f-0351-42f4-95a8-4b9ccbee7e55\" data-embed=\"default\" data-application-id=\"\" class=\"video-js sdc-site-video__tag\" controls=\"\" playsinline=\"\"\/><\/div><figcaption class=\"sdc-site-video__caption ui-media-caption\">\n<p>              <span class=\"ui-media-caption__caption-text\" data-role=\"caption-text\">Sudano humanitarin\u0117 kriz\u0117 paai\u0161kinta<\/span><br \/>\n            <\/figcaption><\/div>\n<\/p><\/div>\n<p>Relief International yra viena i\u0161 nedaugelio humanitarini\u0173 organizacij\u0173, vis dar veikian\u010di\u0173 Zamzame.  Jos \u0161alies direktorius Kashifas Shafique sako, kad \u0161iuo metu ji turi atsarg\u0173, bet turi skubiai papildyti atsargas arba galb\u016bt sustabdyti veikl\u0105.<\/p>\n<p>&#8222;\u0160iuo metu tiekimo nepakanka m\u016bs\u0173 poreikiams patenkinti. Be to, konfliktuojan\u010dios \u0161alys sustabd\u0117 tarptautin\u012f ir tarpvalstybin\u012f pristatym\u0105, o tai dar labiau padidino problem\u0105&#8221;, &#8211; sako Shafique.<\/p>\n<p>&#8222;Jei atsargos \u012f Al-Fashir\u0105 nepasieks per ateinan\u010dias dvi savaites, galime susidurti su situacija, kai negal\u0117sime t\u0119sti veiklos. Tiekimo grandin\u0117 \u0161iuo metu yra did\u017eiausias m\u016bs\u0173 i\u0161\u0161\u016bkis.&#8221;<\/p>\n<p>Sudanas neig\u0117, kad stovykloje egzistuoja badas.<\/p>\n<p>Jos Federalin\u0117 humanitarin\u0117s pagalbos komisija sekmadien\u012f parei\u0161k\u0117, kad s\u0105lygos ten \u201enesuderina\u201c su tomis, kurios turi b\u016bti \u012fvykdytos, kad b\u016bt\u0173 paskelbtas badas.<\/p>\n<p>Tai \u012fvyko pra\u0117jus vos kelioms dienoms po to, kai pasaulinis maisto steb\u0117jimas nustat\u0117, kad badas yra ir grei\u010diausiai t\u0119sis bent iki spalio m\u0117n.<\/p>\n<p>Zamzamo stovykloje besiglaud\u017eian\u010di\u0173 \u017emoni\u0173 kan\u010dios yra tik konflikt\u0173 kurstomo bado visame Sudane vaizdas.<\/p>\n<p><strong>Daugiau i\u0161 \u201eSky News\u201c:<br \/><a href=\"https:\/\/news.sky.com\/story\/ukraine-says-it-has-sunk-a-russian-submarine-before-launching-drone-strikes-across-the-border-13190445\" target=\"_blank\" rel=\"noopener\">Ukraina nuskandino Rusijos povandenin\u012f laiv\u0105<\/a><br \/><a href=\"https:\/\/news.sky.com\/story\/st-lucia-celebrates-as-julien-alfred-wins-islands-first-ever-olympic-medal-13190534\" target=\"_blank\" rel=\"noopener\">Sala \u0161ven\u010dia pirm\u0105j\u012f olimpin\u012f medal\u012f<\/a><\/strong><\/p>\n<div class=\"sdc-article-widget sdc-site-video callfn\" data-account-id=\"6058004172001\" data-amp-iframe-embed=\"\" data-asset-id=\"0fa38ef0-0b00-4a9e-a7a3-4104f0c78175\" data-asset-path=\"\" data-asset-version=\"\" data-autoplay=\"false\" data-auth-config=\"\" data-caption=\"Sudan's displaced children\" data-clip-type=\"\" data-component-name=\"sdc-site-video\" data-competition=\"\" data-copy-url-text=\"URL copied to clipboard\" data-fn=\"sdc-site-video\" data-id=\"id_0fa38ef0-0b00-4a9e-a7a3-4104f0c78175\" data-is-live-stream=\"false\" data-lite=\"true\" data-options=\"\" data-originator-id=\"51\" data-originator-handle=\"brightcove-news-gb\" data-package-name=\"\" data-provider=\"brightcove\" data-player-id=\"RC9PQUaJ6\" data-playsinline=\"\" data-sensitive=\"false\" data-sdc-id=\"6463483\" data-sdc-video-id=\"0fa38ef0-0b00-4a9e-a7a3-4104f0c78175\" data-sport-category=\"\" data-state=\"loading\" data-token-state=\"none\" data-video-ad-unit=\"\" data-video-blacklisted-originator-ids=\"\" data-video-id=\"ref:0fa38ef0-0b00-4a9e-a7a3-4104f0c78175\" data-video-type=\"\" data-auto-pause-on-not-visible=\"true\" tabindex=\"-1\" data-closed-captions-position=\"middle-third\" data-show-closed-captions=\"true\" data-show-pip=\"true\" data-show-live-stream-scrubber=\"true\">\n<div class=\"sdc-site-video__inner\">\n<div class=\"sdc-site-video__content\" data-role=\"bridge-controller\" style=\"padding-bottom: calc(100% \/ ());\">\n<p class=\"sdc-site-video__accessibility-message\" data-role=\"accessibility-message\">Jei norite lengviau pasiekti vaizdo \u012fra\u0161\u0173 grotuv\u0105, naudokite nar\u0161ykl\u0119 \u201eChrome\u201c.<\/p>\n<p>              <span aria-hidden=\"true\" data-role=\"poster\" class=\"sdc-site-video__poster\"><br \/>\n                <img decoding=\"async\" loading=\"lazy\" src=\"https:\/\/e3.365dm.com\/24\/02\/768x432\/sudan-elbagir-khartoum-displaced_6463971.jpg?20240221143907\" alt=\"Sudano perkelti vaikai\" srcset=\"\" aria-hidden=\"true\" class=\"sdc-site-video__poster-img\"\/><br \/>\n              <span class=\"sdc-site-video__loader\"\/><br \/>\n                <span class=\"sdc-site-video__time\">3:48<\/span><br \/>\n              <\/span><\/p>\n<p>              <video id=\"id_0fa38ef0-0b00-4a9e-a7a3-4104f0c78175\" data-embed=\"default\" data-application-id=\"\" class=\"video-js sdc-site-video__tag\" controls=\"\" playsinline=\"\"\/><\/div><figcaption class=\"sdc-site-video__caption ui-media-caption\">\n<p>              <span class=\"ui-media-caption__caption-text\" data-role=\"caption-text\">Sudano perkelti vaikai<\/span><br \/>\n            <\/figcaption><\/div>\n<\/p><\/div>\n<p>\u016akinink\u0173 bendruomenes kai kuriose tradici\u0161kai produktyviausiose \u0161alies \u017eem\u0117s \u016bkio vietov\u0117se niokoja RSF ir susivienijusios milicijos i\u0161puoliai.<\/p>\n<p>Sukil\u0117li\u0173 kontroliuojamose Piet\u0173 Kordofano vietose badas yra ranka pasiekiamas.  I\u0161 ma\u017edaug trij\u0173 milijon\u0173 \u017emoni\u0173, gyvenan\u010di\u0173 kontroliuojant SPLM-N, vienas milijonas susiduria su maisto tr\u016bkumu.<\/p>\n<p>\u201eSud\u0117tinga atskirti, ta\u010diau Piet\u0173 Kordofano valstijos apskrityse, kurias kontroliuoja SPLM-N, yra kai kuri\u0173 sri\u010di\u0173, kurios yra ant bado slenks\u010dio, ypa\u010d 12 apygard\u0173 i\u0161 14, taigi beveik visose apskrityse\u201c, \u2013 sako Johannesas i\u0161 SKBN. (Piet\u0173 Kordofanas ir M\u0117lynasis Nilas) koordinavimo padalinio vadovas.<\/p>\n<p>&#8222;Kai kuriose srityse per\u0117jimas i\u0161 ketvirtos \u012f penkt\u0105 faz\u0119, rodantis bad\u0105, yra labai siauras ir gali lengvai apvirsti. Ta\u010diau su tam tikra parama to galima i\u0161vengti.&#8221;<\/p>\n<p>     <a href=\"https:\/\/news.sky.com\/download-app\" target=\"blank\" data-tracking-label=\"ui-app-promo-download-link\" class=\"ui-app-promo sdc-article-widget\" data-type=\"\" data-component-name=\"ui-app-promo\" rel=\"noopener\"><\/p>\n<p>    <\/a><\/p>\n<p>Kaip ir Darf\u016bre, pagalbos, reikalingos norint i\u0161vengti bado labiausiai nukent\u0117jusiose Piet\u0173 Kordofano vietose, teikim\u0105 stabdo nepakankamas finansavimas, smarkios li\u016btys ir biurokratija.<\/p>\n<p>\u201eAtrodo, kad kai kurias JT agent\u016bras vis dar riboja susir\u016bpinimas d\u0117l nacionalinio suverenumo, kur\u012f gal\u0117jo arba gal\u0117jo i\u0161kelti laikinoji Port Sudano vyriausyb\u0117, vadovaujama Burhano (SAF vado). Taigi oficialiai prieigos n\u0117ra\u201c, \u2013 sako Johannesas.<\/p>\n<p>\u201eKai kurie asmenys vis d\u0117lto stengiasi \u2013 pagalbos prek\u0117s pristatomos prie Piet\u0173 Sudano sienos, o NVO yra atsakingos u\u017e j\u0173 gabenim\u0105 \u012f du regionus (Piet\u0173 Kordofano ir M\u0117lynojo Nilo valstij\u0105). Reagavimas yra labai jautrus laikui.<\/p>\n<p>\u201ePrieiga yra sezoni\u0161kai ribota, o \u0161iuo metu lietaus sezono metu du regionai yra sunkiai pasiekiami, o tai apsunkina papildom\u0105 atsak\u0105.<\/p>\n<p>\u2013 Bet to neu\u017etenka.<\/p>\n<\/p><\/div>\n<p><br \/>\n<br \/><a href=\"https:\/\/news.sky.com\/story\/sudan-famine-zamzam-camp-starvation-is-man-made-and-100-preventable-experts-say-13190871\">Source link <\/a><\/p>\n","protected":false},"excerpt":{"rendered":"<p>Ma\u017edaug pus\u0117 milijono gyventoj\u0173 Zamzamo perk\u0117limo stovykloje, \u0160iaur\u0117s Darf\u016bre, gyvena ekstremaliose nesantaikose ir bado b\u016bsenoje. Ten dirbantis gydytojas humanitarin\u0119 situacij\u0105 apib\u016bdina kaip \u201ekatastrofi\u0161k\u0105\u201c. \u201e\u017dmon\u0117s mir\u0161ta nuo bado\u201c, \u2013 sako dr. Nasras Yousifas Rajab, stovyklos sveikatos prane\u0161\u0117jas ir vietos pagalbos centro (ERR) narys. \u201eAsmeni\u0161kai ma\u010diau, kaip mano akivaizdoje i\u0161 bado mir\u0117 pagyven\u0119s vyras, moteris pirm\u0105j\u012f n\u0117\u0161tumo [&hellip;]<\/p>\n","protected":false},"author":1,"featured_media":136,"comment_status":"open","ping_status":"open","sticky":false,"template":"","format":"standard","meta":{"om_disable_all_campaigns":false,"_monsterinsights_skip_tracking":false,"_monsterinsights_sitenote_active":false,"_monsterinsights_sitenote_note":"","_monsterinsights_sitenote_category":0,"footnotes":""},"categories":[4],"tags":[],"class_list":["post-135","post","type-post","status-publish","format-standard","has-post-thumbnail","hentry","category-pasaulio-naujienos"],"aioseo_notices":[],"_links":{"self":[{"href":"https:\/\/pasaulioziniasklaida.lt\/index.php\/wp-json\/wp\/v2\/posts\/135","targetHints":{"allow":["GET"]}}],"collection":[{"href":"https:\/\/pasaulioziniasklaida.lt\/index.php\/wp-json\/wp\/v2\/posts"}],"about":[{"href":"https:\/\/pasaulioziniasklaida.lt\/index.php\/wp-json\/wp\/v2\/types\/post"}],"author":[{"embeddable":true,"href":"https:\/\/pasaulioziniasklaida.lt\/index.php\/wp-json\/wp\/v2\/users\/1"}],"replies":[{"embeddable":true,"href":"https:\/\/pasaulioziniasklaida.lt\/index.php\/wp-json\/wp\/v2\/comments?post=135"}],"version-history":[{"count":0,"href":"https:\/\/pasaulioziniasklaida.lt\/index.php\/wp-json\/wp\/v2\/posts\/135\/revisions"}],"wp:featuredmedia":[{"embeddable":true,"href":"https:\/\/pasaulioziniasklaida.lt\/index.php\/wp-json\/wp\/v2\/media\/136"}],"wp:attachment":[{"href":"https:\/\/pasaulioziniasklaida.lt\/index.php\/wp-json\/wp\/v2\/media?parent=135"}],"wp:term":[{"taxonomy":"category","embeddable":true,"href":"https:\/\/pasaulioziniasklaida.lt\/index.php\/wp-json\/wp\/v2\/categories?post=135"},{"taxonomy":"post_tag","embeddable":true,"href":"https:\/\/pasaulioziniasklaida.lt\/index.php\/wp-json\/wp\/v2\/tags?post=135"}],"curies":[{"name":"wp","href":"https:\/\/api.w.org\/{rel}","templated":true}]}}