{"id":1384,"date":"2025-01-02T15:28:36","date_gmt":"2025-01-02T15:28:36","guid":{"rendered":"https:\/\/pasaulioziniasklaida.lt\/index.php\/2025\/01\/02\/is-veliava-susijusi-su-ataka-naujajame-orleane-yra-ryskus-priminimas-kad-pavojinga-ekstremistine-islamistine-ideologija-niekada-neisnyko-pasaulio-naujienos\/"},"modified":"2025-01-02T15:28:36","modified_gmt":"2025-01-02T15:28:36","slug":"is-veliava-susijusi-su-ataka-naujajame-orleane-yra-ryskus-priminimas-kad-pavojinga-ekstremistine-islamistine-ideologija-niekada-neisnyko-pasaulio-naujienos","status":"publish","type":"post","link":"https:\/\/pasaulioziniasklaida.lt\/index.php\/2025\/01\/02\/is-veliava-susijusi-su-ataka-naujajame-orleane-yra-ryskus-priminimas-kad-pavojinga-ekstremistine-islamistine-ideologija-niekada-neisnyko-pasaulio-naujienos\/","title":{"rendered":"IS v\u0117liava, susijusi su ataka Naujajame Orleane, yra ry\u0161kus priminimas, kad pavojinga ekstremistin\u0117 islamistin\u0117 ideologija niekada nei\u0161nyko | Pasaulio naujienos"},"content":{"rendered":"<p> <br \/>\n<\/p>\n<div data-component-name=\"ui-article-body\" data-highlight-intro=\"true\">\n<p>\u201eIslamo valstyb\u0117s\u201c v\u0117liava, pritvirtinta prie pikapo, kuriuo Naujajame Orleane buvo nu\u017eudyta ir su\u017ealota de\u0161imtys \u017emoni\u0173, yra ni\u016brus priminimas apie nuolatin\u0119 islamist\u0173 ekstremizmo keliam\u0105 gr\u0117sm\u0119.<\/p>\n<p>Tyr\u0117jai skuba suprasti, kod\u0117l 42 met\u0173 Shamsud-Din Jabbar, JAV pilietis ir armijos veteranas, \u012ftariamas anksti Nauj\u0173j\u0173 met\u0173 dien\u0105 \u012fvykd\u0119s \u017eiaurum\u0105, atrodo \u012fkv\u0117ptas teroristin\u0117s grupuot\u0117s, dar vadinamos ISIS. .<\/p>\n<p>Pagrindinis klausimas bus nustatyti, ar jis buvo radikalizuotas d\u0117l ekstremalios teroristin\u0117s grupuot\u0117s ideologijos, ar buvo kokia nors kryptis ar \u012fgalinimas i\u0161 tikr\u0173j\u0173 IS nari\u0173 ar kit\u0173 radikalizuot\u0173 asmen\u0173.<\/p>\n<p>FTB i\u0161 prad\u017ei\u0173 teig\u0117 netikintys, kad vyras, kuris \u017euvo per susi\u0161audym\u0105 su policija po to, kai savo nuomojamu sunkve\u017eimiu \u012fsir\u0117\u017e\u0117 \u012f savo aukas per vien\u0105 baisiausi\u0173 teroro akt\u0173 Jungtin\u0117se Valstijose, veik\u0117 vienas.<\/p>\n<p><strong>Naujausi naujienos apie Naujojo Orleano atak\u0105<\/strong><\/p>\n<p>Ta\u010diau prezidentas Joe Bidenas v\u0117liau parei\u0161k\u0117, kad \u201epad\u0117tis labai sklandi\u201c, o tyrimui t\u0119siant \u201eniekas netur\u0117t\u0173 daryti skubot\u0173 i\u0161vad\u0173\u201c.<\/p>\n<p>Jis taip pat atskleid\u0117, kad \u012ftariamasis likus kelioms valandoms iki i\u0161puolio socialiniuose tinkluose paskelb\u0117 vaizdo \u012fra\u0161us, rodan\u010dius, kad j\u012f \u201e\u012fkv\u0117p\u0117 ISIS\u201c.<\/p>\n<div class=\"sdc-article-widget sdc-site-video callfn\" data-account-id=\"6058004172001\" data-amp-iframe-embed=\"\" data-asset-id=\"ccce5614-cded-4d4e-bc51-81e4ce27c60a\" data-asset-path=\"\" data-asset-version=\"\" data-autoplay=\"false\" data-auth-config=\"\" data-caption=\"President Joe Biden said Jabbar was 'inspired by ISIS'\" data-clip-type=\"\" data-component-name=\"sdc-site-video\" data-component-name-alias=\"ui-sitewide-video\" data-competition=\"\" data-copy-url-text=\"URL copied to clipboard\" data-fn=\"sdc-site-video\" data-id=\"id_ccce5614-cded-4d4e-bc51-81e4ce27c60a\" data-is-live-stream=\"false\" data-lite=\"true\" data-options=\"\" data-originator-id=\"51\" data-originator-handle=\"brightcove-news-gb\" data-package-name=\"\" data-provider=\"brightcove\" data-player-id=\"RC9PQUaJ6\" data-playsinline=\"\" data-sensitive=\"false\" data-sdc-id=\"6789657\" data-sdc-video-id=\"ccce5614-cded-4d4e-bc51-81e4ce27c60a\" data-sport-category=\"\" data-state=\"loading\" data-token-state=\"none\" data-video-ad-unit=\"\" data-video-blacklisted-originator-ids=\"\" data-video-id=\"ref:ccce5614-cded-4d4e-bc51-81e4ce27c60a\" data-video-type=\"\" data-auto-pause-on-not-visible=\"true\" tabindex=\"-1\" data-closed-captions-position=\"middle-third\" data-show-closed-captions=\"true\" data-show-pip=\"true\" data-show-live-stream-scrubber=\"true\" data-autoload=\"false\">\n<div class=\"sdc-site-video__inner\">\n<div class=\"sdc-site-video__content\" data-role=\"bridge-controller\" style=\"padding-bottom: calc(100% \/ ());\">\n<p class=\"sdc-site-video__accessibility-message\" data-role=\"accessibility-message\">Jei norite lengviau pasiekti vaizdo \u012fra\u0161\u0173 grotuv\u0105, naudokite nar\u0161ykl\u0119 \u201eChrome\u201c.<\/p>\n<p>              <span aria-hidden=\"true\" data-role=\"poster\" class=\"sdc-site-video__poster\"><br \/>\n                <br \/>\n              <span class=\"sdc-site-video__loader\"\/><br \/>\n                <span class=\"sdc-site-video__time\">0:58<\/span><br \/>\n              <\/span><\/p>\n<p>              <video id=\"id_ccce5614-cded-4d4e-bc51-81e4ce27c60a\" data-embed=\"default\" data-application-id=\"\" class=\"video-js sdc-site-video__tag\" controls=\"\" playsinline=\"\"\/>\n            <\/div><figcaption class=\"sdc-site-video__caption ui-media-caption\">\n<p>              <span class=\"ui-media-caption__caption-text\" data-role=\"caption-text\">Prezidentas Joe Bidenas sak\u0117, kad Jabbar\u0105 \u201e\u012fkv\u0117p\u0117 ISIS\u201c<\/span><br \/>\n            <\/figcaption><\/div>\n<\/p><\/div>\n<p>Kad ir kas paskatino Jabbar\u0105 \u012fvykdyti tokias skerdynes, jo \u017emog\u017eudi\u0161kas siaut\u0117jimas ir IS v\u0117liavos naudojimas pabr\u0117\u017eia ekstremistin\u0117s islamist\u0173 ideologijos keliam\u0105 pavoj\u0173 pra\u0117jus penkeriems metams po fizinio Islamo valstyb\u0117s pasiskelbusio kalifato Irake ir Sirijoje i\u0161ardymo.<\/p>\n<div class=\"sdc-article-widget sdc-article-image\">\n<figure class=\"sdc-article-image__figure\">\n<div class=\"sdc-article-image__wrapper\" data-aspect-ratio=\"3\/4\">\n        <img decoding=\"async\" class=\"sdc-article-image__item\" loading=\"lazy\" intrinsicsize=\"563x750\" src=\"https:\/\/e3.365dm.com\/25\/01\/563x750\/skynews-shamsud-din-jabbar_6789642.jpg?20250102114622\" srcset=\"https:\/\/e3.365dm.com\/25\/01\/252x337\/skynews-shamsud-din-jabbar_6789642.jpg?20250102114622 380w, https:\/\/e3.365dm.com\/25\/01\/563x750\/skynews-shamsud-din-jabbar_6789642.jpg?20250102114622 760w, https:\/\/e3.365dm.com\/25\/01\/900x1200\/skynews-shamsud-din-jabbar_6789642.jpg?20250102114622 1024w\" sizes=\"(min-width: 1024px) 1024px, 100vw\" alt=\"Shamsud-Din Jabbar. Nuotrauka: FTB\"\/>\n    <\/div><figcaption class=\"ui-media-caption\">\n        <span class=\"u-hide-visually\">Vaizdas:<\/span><br \/>\n        <span class=\"ui-media-caption__caption-text\">Shamsud-Din Jabbar. Nuotrauka: FTB<br \/>\n        <\/span><br \/>\n      <\/figcaption><\/figure>\n<\/div>\n<p><strong>Skaityti daugiau:<br \/>K\u0105 mes \u017einome apie \u012ftariam\u0105j\u012f<br \/>Paaugl\u0117 ir Prinstono universiteto absolvent\u0117 tarp pirm\u0173j\u0173 auk\u0173<\/strong><br \/><strong>Nauj\u0173j\u0173 met\u0173 skerdyn\u0117s persekioja Nauj\u0105j\u012f Orlean\u0105, bet \u201eBig Easy\u201c nukent\u0117jo ir anks\u010diau<\/strong><\/p>\n<p>I\u0161rinktasis prezidentas Donaldas Trumpas ne kart\u0105 yra apra\u0161\u0119s, kaip jo administracija \u201enugal\u0117jo ISIS\u201c per pirm\u0105j\u0105 prezidento kadencij\u0105.<\/p>\n<p>Tiesa, JAV vadovaujama koalicija prie\u0161 \u201eIslamo valstyb\u0119\u201c pad\u0117jo Irako ir Sirijos kurd\u0173 paj\u0117goms susigr\u0105\u017einti teritorijas, kurios pateko \u012f IS kontrol\u0119.<\/p>\n<p>JAV kariuomen\u0117 2019 met\u0173 spal\u012f taip pat sureng\u0117 reid\u0105, per kur\u012f \u017euvo tuometinis \u201eIslamo valstyb\u0117s\u201c vadovas Abu Bakras al Baghdadi.<\/p>\n<div class=\"sdc-article-widget sdc-article-image\">\n<figure class=\"sdc-article-image__figure\">\n<div class=\"sdc-article-image__wrapper\" data-aspect-ratio=\"16\/9\">\n          <img decoding=\"async\" class=\"sdc-article-image__item\" loading=\"lazy\" intrinsicsize=\"768x432\" src=\"https:\/\/e3.365dm.com\/25\/01\/768x432\/skynews-new-orleans-truck-attack_6789294.jpg?20250102114251\" srcset=\"https:\/\/e3.365dm.com\/25\/01\/384x216\/skynews-new-orleans-truck-attack_6789294.jpg?20250102114251 380w, https:\/\/e3.365dm.com\/25\/01\/768x432\/skynews-new-orleans-truck-attack_6789294.jpg?20250102114251 760w, https:\/\/e3.365dm.com\/25\/01\/1600x900\/skynews-new-orleans-truck-attack_6789294.jpg?20250102114251 1024w, https:\/\/e3.365dm.com\/25\/01\/2048x1152\/skynews-new-orleans-truck-attack_6789294.jpg?20250102114251 2048w\" sizes=\"(min-width: 1024px) 1024px, 100vw\" alt=\"Nuotrauka: AP\"\/>\n    <\/div><figcaption class=\"ui-media-caption\">\n        <span class=\"u-hide-visually\">Vaizdas:<\/span><br \/>\n        <span class=\"ui-media-caption__caption-text\">Nuotrauka: AP<br \/>\n        <\/span><br \/>\n      <\/figcaption><\/figure>\n<\/div>\n<p>Ta\u010diau jo ekstremistin\u0117 ideologija, kuri privert\u0117 de\u0161imtis t\u016bkstan\u010di\u0173 kovotoj\u0173 pasi\u017ead\u0117ti i\u0161tikimyb\u0119 \u201eIslamo valstybei\u201c, vykdydama siaubingus \u017emog\u017eudys\u010di\u0173, kankinim\u0173 ir vis\u0173, kurie nesilaik\u0117 j\u0173 i\u0161kreiptos sunit\u0173 islamo interpretacijos, pagrobimo, niekada nei\u0161nyko.<\/p>\n<p>Daugelis grupuot\u0117s kovotoj\u0173 buvo sugauti ir laikomi stovyklose ir sulaikymo centruose \u0161iaur\u0117s Sirijoje, ta\u010diau j\u0173 likimas tampa vis neai\u0161kesnis po Basharo al Assado re\u017eimo \u017elugimo kitos sunit\u0173 islamist\u0173 kovotoj\u0173 grupuot\u0117s Hayat Tahrir rankose. al-Sham (HTS), kuri kadaise buvo susieta su \u201eIslamo valstybe\u201c.<\/p>\n<p>Ahmedas al-Sharaa, HTS lyderis, tap\u0119s faktiniu Sirijos valdovu, siek\u0117 atitolinti savo grupuot\u0119 nuo ankstesni\u0173 ry\u0161i\u0173 su islamistiniu ekstremizmu.<\/p>\n<p>Ta\u010diau JK, JAV ir kitos Vakar\u0173 valstyb\u0117s HTS vis dar laiko teroristiniu subjektu.<\/p>\n<p>Ekspertai baiminasi, kad \u012fvykiai Sirijoje gali \u012fkv\u0117pti \u201eIslamo valstyb\u0117s\u201c simpatijas ir r\u0117m\u0117jus visame pasaulyje surengti naujas atakas.<\/p>\n<p>Dar per anksti susieti konkre\u010dius \u012fvykius, tokius kaip Assado re\u017eimo \u017elugimas, su kraujo praliejimu Naujojo Orleano gatv\u0117se.<\/p>\n<p>Ta\u010diau saugumo pareig\u016bnai, \u012fskaitant MI5 vadov\u0105, jau seniai persp\u0117jo apie kylan\u010di\u0105 \u201eIslamo valstyb\u0117s\u201c ir \u201eal Qaeda\u201c gr\u0117sm\u0119.<\/p>\n<p>Spalio m\u0117n. kalboje Kenas McCallumas i\u0161sak\u0117 jam labiausiai r\u016bpin\u010di\u0105 terorizmo tendencij\u0105: \u201eAl Qaeda ir ypa\u010d \u201eIslamo valstyb\u0117s\u201c keliama gr\u0117sm\u0117 did\u0117ja\u201c.<\/p>\n<\/p><\/div>\n<p><br \/>\n<br \/><a href=\"https:\/\/news.sky.com\/story\/new-orleans-attack-is-flag-linked-to-deadly-attack-is-stark-reminder-dangerous-extremist-islamist-ideology-has-never-gone-away-13282768\">Source link <\/a><\/p>\n","protected":false},"excerpt":{"rendered":"<p>\u201eIslamo valstyb\u0117s\u201c v\u0117liava, pritvirtinta prie pikapo, kuriuo Naujajame Orleane buvo nu\u017eudyta ir su\u017ealota de\u0161imtys \u017emoni\u0173, yra ni\u016brus priminimas apie nuolatin\u0119 islamist\u0173 ekstremizmo keliam\u0105 gr\u0117sm\u0119. Tyr\u0117jai skuba suprasti, kod\u0117l 42 met\u0173 Shamsud-Din Jabbar, JAV pilietis ir armijos veteranas, \u012ftariamas anksti Nauj\u0173j\u0173 met\u0173 dien\u0105 \u012fvykd\u0119s \u017eiaurum\u0105, atrodo \u012fkv\u0117ptas teroristin\u0117s grupuot\u0117s, dar vadinamos ISIS. . Pagrindinis klausimas bus [&hellip;]<\/p>\n","protected":false},"author":1,"featured_media":1385,"comment_status":"","ping_status":"","sticky":false,"template":"","format":"standard","meta":{"om_disable_all_campaigns":false,"_monsterinsights_skip_tracking":false,"_monsterinsights_sitenote_active":false,"_monsterinsights_sitenote_note":"","_monsterinsights_sitenote_category":0,"footnotes":""},"categories":[4],"tags":[108,3218,3220,3219,291,2086,24,3221,71,3199,23,3217,3009,3216,1724,3215,377],"class_list":["post-1384","post","type-post","status-publish","format-standard","has-post-thumbnail","hentry","category-pasaulio-naujienos","tag-ataka","tag-ekstremistine","tag-ideologija","tag-islamistine","tag-kad","tag-naujajame","tag-naujienos","tag-neisnyko","tag-niekada","tag-orleane","tag-pasaulio","tag-pavojinga","tag-priminimas","tag-ryskus","tag-susijusi","tag-veliava","tag-yra"],"aioseo_notices":[],"_links":{"self":[{"href":"https:\/\/pasaulioziniasklaida.lt\/index.php\/wp-json\/wp\/v2\/posts\/1384","targetHints":{"allow":["GET"]}}],"collection":[{"href":"https:\/\/pasaulioziniasklaida.lt\/index.php\/wp-json\/wp\/v2\/posts"}],"about":[{"href":"https:\/\/pasaulioziniasklaida.lt\/index.php\/wp-json\/wp\/v2\/types\/post"}],"author":[{"embeddable":true,"href":"https:\/\/pasaulioziniasklaida.lt\/index.php\/wp-json\/wp\/v2\/users\/1"}],"replies":[{"embeddable":true,"href":"https:\/\/pasaulioziniasklaida.lt\/index.php\/wp-json\/wp\/v2\/comments?post=1384"}],"version-history":[{"count":0,"href":"https:\/\/pasaulioziniasklaida.lt\/index.php\/wp-json\/wp\/v2\/posts\/1384\/revisions"}],"wp:featuredmedia":[{"embeddable":true,"href":"https:\/\/pasaulioziniasklaida.lt\/index.php\/wp-json\/wp\/v2\/media\/1385"}],"wp:attachment":[{"href":"https:\/\/pasaulioziniasklaida.lt\/index.php\/wp-json\/wp\/v2\/media?parent=1384"}],"wp:term":[{"taxonomy":"category","embeddable":true,"href":"https:\/\/pasaulioziniasklaida.lt\/index.php\/wp-json\/wp\/v2\/categories?post=1384"},{"taxonomy":"post_tag","embeddable":true,"href":"https:\/\/pasaulioziniasklaida.lt\/index.php\/wp-json\/wp\/v2\/tags?post=1384"}],"curies":[{"name":"wp","href":"https:\/\/api.w.org\/{rel}","templated":true}]}}