{"id":149,"date":"2024-08-07T21:50:46","date_gmt":"2024-08-07T21:50:46","guid":{"rendered":"https:\/\/pasaulioziniasklaida.lt\/index.php\/2024\/08\/07\/trys-taylor-swift-koncertai-atsaukti-austrijoje-sulaikius-du-vyrus-del-itariamo-teroristinio-samokslo-pasaulio-naujienos\/"},"modified":"2024-08-07T21:50:46","modified_gmt":"2024-08-07T21:50:46","slug":"trys-taylor-swift-koncertai-atsaukti-austrijoje-sulaikius-du-vyrus-del-itariamo-teroristinio-samokslo-pasaulio-naujienos","status":"publish","type":"post","link":"https:\/\/pasaulioziniasklaida.lt\/index.php\/2024\/08\/07\/trys-taylor-swift-koncertai-atsaukti-austrijoje-sulaikius-du-vyrus-del-itariamo-teroristinio-samokslo-pasaulio-naujienos\/","title":{"rendered":"Trys Taylor Swift koncertai at\u0161aukti Austrijoje sulaikius du vyrus d\u0117l \u012ftariamo teroristinio s\u0105mokslo |  Pasaulio naujienos"},"content":{"rendered":"<p> <br \/>\n<\/p>\n<div data-component-name=\"ui-article-body\" data-highlight-intro=\"true\">\n<p>Trys Taylor Swift koncertai buvo at\u0161aukti po to, kai buvo suimti du vyrai, susij\u0119 su \u012ftariamu teroro s\u0105mokslu, kuriuo, kaip teigiama, buvo nukreipti \u012f \u012fvykius.<\/p>\n<p>Swift tur\u0117jo \u017eaisti Vienos Ernst Happel stadione ketvirtadien\u012f, penktadien\u012f ir \u0161e\u0161tadien\u012f.<\/p>\n<p>Ta\u010diau rengini\u0173 organizatorius \u201eBarracuda Music\u201c v\u0117lai tre\u010diadien\u012f savo \u201eInstagram\u201c paskyroje parei\u0161k\u0117, kad \u201emes neturime kito pasirinkimo, kaip tik at\u0161aukti tris suplanuotus pasirodymus d\u0117l vis\u0173 saugumo\u201c, \u201epatvirtinus ()planuot\u0105 teroro i\u0161puol\u012f\u201c.<\/p>\n<div class=\"sdc-article-widget sdc-article-image\">\n<figure class=\"sdc-article-image__figure\">\n<div class=\"sdc-article-image__wrapper\" data-aspect-ratio=\"16\/9\">\n          <img decoding=\"async\" class=\"sdc-article-image__item\" loading=\"lazy\" intrinsicsize=\"768x432\" src=\"https:\/\/e3.365dm.com\/24\/08\/768x432\/skynews-taylor-swift-music_6650263.png?20240807211501\" srcset=\"https:\/\/e3.365dm.com\/24\/08\/384x216\/skynews-taylor-swift-music_6650263.png?20240807211501 380w, https:\/\/e3.365dm.com\/24\/08\/768x432\/skynews-taylor-swift-music_6650263.png?20240807211501 760w, https:\/\/e3.365dm.com\/24\/08\/1600x900\/skynews-taylor-swift-music_6650263.png?20240807211501 1024w, https:\/\/e3.365dm.com\/24\/08\/2048x1152\/skynews-taylor-swift-music_6650263.png?20240807211501 2048w\" sizes=\"(min-width: 1024px) 1024px, 100vw\" alt=\"Gerb\u0117jai ruo\u0161iasi pamatyti Swift.  Nuotrauka: AP\"\/>\n    <\/div><figcaption class=\"ui-media-caption\">\n        <span class=\"u-hide-visually\">Vaizdas:<\/span><br \/>\n        <span class=\"ui-media-caption__caption-text\">Mega\u017evaig\u017ed\u0117s gerb\u0117jai ruo\u0161iasi j\u0105 pamatyti anks\u010diau \u0161\u012f m\u0117nes\u012f Var\u0161uvoje, Lenkijoje.  Nuotrauka: AP<br \/>\n        <\/span><br \/>\n      <\/figcaption><\/figure>\n<\/div>\n<p>Pana\u0161u, kad pop\u017evaig\u017ed\u0117s svetain\u0117 taip pat atspindi at\u0161aukim\u0105.<\/p>\n<p>Austrijos sostin\u0117je vykstan\u010di\u0173 pasirodym\u0173 skirtuke \u201eKelion\u0117\u201c dabar yra u\u017era\u0161as: \u201e*Visi bilietai bus automati\u0161kai gr\u0105\u017einti per artimiausias 10 darbo dien\u0173\u201c.<\/p>\n<p>Du vyrai buvo suimti d\u0117l \u012ftariamo teroristinio s\u0105mokslo, kuriuo, pasak policijos, buvo siekiama svarbi\u0173 \u012fvyki\u0173 Vienoje, \u012fskaitant art\u0117jan\u010dius \u201eSwift\u201c koncertus.<\/p>\n<p>Su tyrimu susipa\u017ein\u0119 JAV pareig\u016bnai sak\u0117 \u201eSky News\u201c JAV partneriui NBC News, kad Austrijos teis\u0117sauga ie\u0161ko papildomo asmens ar asmen\u0173, galin\u010di\u0173 tur\u0117ti \u017eini\u0173 apie tariam\u0105 s\u0105moksl\u0105.<\/p>\n<p>Pareig\u016bnai prid\u016br\u0117, kad \u012ftariamieji kur\u012f laik\u0105 buvo sekami ir Austrijos vald\u017eios institucijoms buvo gerai \u017einomi.<\/p>\n<p>Pasak Vienos valstijos policijos direktoriaus Franzo Rufo, vienas i\u0161 suimt\u0173j\u0173 buvo 19-metis, tariamai prisiek\u0119s i\u0161tikimyb\u0119 teroristinei grupuotei IS.<\/p>\n<p>\u201eTyrim\u0173 metu nustat\u0117me parengiamuosius veiksmus ir pasteb\u0117jome, kad 19-metis \u012ftariamasis ypa\u010d daug d\u0117mesio skyr\u0117 Taylor Swift koncertams Vienoje\u201c, \u2013 sak\u0117 R. Rufas.<\/p>\n<p>Jis buvo sulaikytas ankst\u0173 ryt\u0105 rugpj\u016b\u010dio 7 d., o antrasis are\u0161tas \u012fvyko Vienoje v\u0117liau t\u0105 dien\u0105.<\/p>\n<p>Policija prane\u0161\u0117, kad abu vyrai radikal\u0117jo internete.<\/p>\n<p>Teigiama, kad jie tur\u0117jo konkre\u010di\u0173 ir i\u0161sami\u0173 plan\u0173, kaip \u012fvykdyti i\u0161puolius prie\u0161 koncertus, kuriuos policija tik\u0117josi sulaukti apie 65 000 dalyvi\u0173 kiekvien\u0105 dien\u0105.<\/p>\n<p>Sulaikant 19-met\u012f Austrijos piliet\u012f Ternico mieste, \u017demutin\u0117je Austrijoje, pareig\u016bnai aptiko chemini\u0173 med\u017eiag\u0173, kurios tiriamos kaip galimos bombos sudedamosios dalys.<\/p>\n<p>Austrijos kancleris Karlas Nehammeris apib\u016bdino at\u0161aukim\u0105 kaip \u201ekart\u0173 nusivylim\u0105\u201c, bet sak\u0117, kad \u201etragedijai buvo (buvo) u\u017ekirstas kelias\u201c.<\/p>\n<p>Jis sak\u0117, kad pad\u0117tis aplink tariam\u0105 s\u0105moksl\u0105 buvo \u201elabai rimta\u201c, ta\u010diau pad\u0117kojo vald\u017eios institucijoms u\u017e ry\u017etingus veiksmus.<\/p>\n<p><strong>Skaitykite daugiau i\u0161 \u201eSky News\u201c:<br \/><a href=\"https:\/\/news.sky.com\/story\/us-election-did-taylor-swift-just-reveal-shes-backing-kamala-harris-for-president-13192708\" target=\"_blank\" rel=\"noopener\">Ar Taylor Swift atskleid\u0117, k\u0105 remia JAV prezidento poste?<\/a><br \/><a href=\"https:\/\/news.sky.com\/story\/police-search-sewers-as-former-catalan-president-carles-puigdemont-vows-to-return-to-spain-13192675\" target=\"_blank\" rel=\"noopener\">Buv\u0119s Katalonijos prezidentas \u017eada gr\u012f\u017eti, policija ie\u0161ko kanalizacijos<\/a><br \/><a href=\"https:\/\/news.sky.com\/story\/rodri-spain-and-manchester-city-star-banned-over-gibraltar-is-spanish-chant-at-euro-2024-victory-event-13192655\" target=\"_blank\" rel=\"noopener\">\u201ePremier\u201c lygos \u017evaig\u017ed\u0117 u\u017edrausta d\u0117l skanduot\u0117s \u201eGibraltaras \u2013 ispani\u0161kas\u201c.<\/a><\/strong><\/p>\n<div class=\"sdc-article-widget sdc-article-strapline sdc-article-strapline--default-layout\" data-component-name=\"sdc-article-strapline\">\n<div class=\"sdc-article-strapline__link\">\n<div class=\"sdc-article-strapline__image-wrap\">\n                <picture><source srcset=\"https:\/\/e3.365dm.com\/24\/03\/320x180\/skynews-gfxwhatsapp-gfxwhatsapppromo_6490210.png 320w, https:\/\/e3.365dm.com\/24\/03\/640x380\/skynews-gfxwhatsapp-gfxwhatsapppromo_6490210.png 640w\" media=\"(max-width: 480px)\"><source srcset=\"https:\/\/e3.365dm.com\/24\/03\/256x256\/skynews-gfxwhatsapp-gfxwhatsapppromo_6490210.png 256w, https:\/\/e3.365dm.com\/24\/03\/512x512\/skynews-gfxwhatsapp-gfxwhatsapppromo_6490210.png 512w\" media=\"(min-width: 481px)\"><img decoding=\"async\" loading=\"lazy\" src=\"https:\/\/e3.365dm.com\/24\/03\/512x512\/skynews-gfxwhatsapp-gfxwhatsapppromo_6490210.png\" alt=\"Sekite Sky News per WhatsApp\" class=\"sdc-article-strapline__image\"\/><br \/>\n                <\/source><\/source><\/picture>\n            <\/div>\n<div class=\"sdc-article-strapline__body\">\n                <span class=\"sdc-article-strapline__title\">Sekite Sky News per WhatsApp<\/span><\/p>\n<p class=\"sdc-article-strapline__text\">Sekite visas naujausias naujienas i\u0161 JK ir viso pasaulio steb\u0117dami \u201eSky News\u201c.<\/p>\n<p>                <a href=\"https:\/\/whatsapp.com\/channel\/0029Va868Fv8vd1UsF99tP1u\" class=\"sdc-article-strapline__button\" target=\"_blank\" rel=\"noopener\">Bakstel\u0117kite \u010dia<\/a>\n        <\/div>\n<\/p><\/div>\n<\/p><\/div>\n<p>Austrijos elitinis \u201eCobra\u201c padalinys suteik\u0117 pagalb\u0105 per are\u0161tus.<\/p>\n<p>Pasak policijos, i\u0161 prad\u017ei\u0173 nebuvo plan\u0173 at\u0161aukti koncert\u0173, ta\u010diau v\u0117liau situacija pasikeit\u0117.<\/p>\n<p>Koncertai buvo at\u0161aukti pra\u0117jus vos kelioms valandoms po to, kai Austrijos vald\u017eia paskelb\u0117 patobulintas koncert\u0173 saugumo priemones.<\/p>\n<p>R. Rufas sak\u0117, kad, be kita ko, ypatingas d\u0117mesys bus skiriamas patikrinimams atvykti ir didesniam policijos buvimui.<\/p>\n<p>     <a href=\"https:\/\/news.sky.com\/download-app\" target=\"blank\" data-tracking-label=\"ui-app-promo-download-link\" class=\"ui-app-promo sdc-article-widget\" data-type=\"\" data-component-name=\"ui-app-promo\" rel=\"noopener\"><\/p>\n<p>    <\/a><\/p>\n<p>Vienos policijos vir\u0161ininkas Gerhardas Purstlis taip pat sak\u0117, kad nors konkretus pavojus buvo suma\u017eintas iki minimumo, abstrak\u010dia rizika pateisina saugumo didinim\u0105.<\/p>\n<\/p><\/div>\n<p><br \/>\n<br \/><a href=\"https:\/\/news.sky.com\/story\/taylor-swift-concerts-cancelled-after-two-men-arrested-in-austria-over-suspected-terror-plot-13192877\">Source link <\/a><\/p>\n","protected":false},"excerpt":{"rendered":"<p>Trys Taylor Swift koncertai buvo at\u0161aukti po to, kai buvo suimti du vyrai, susij\u0119 su \u012ftariamu teroro s\u0105mokslu, kuriuo, kaip teigiama, buvo nukreipti \u012f \u012fvykius. Swift tur\u0117jo \u017eaisti Vienos Ernst Happel stadione ketvirtadien\u012f, penktadien\u012f ir \u0161e\u0161tadien\u012f. Ta\u010diau rengini\u0173 organizatorius \u201eBarracuda Music\u201c v\u0117lai tre\u010diadien\u012f savo \u201eInstagram\u201c paskyroje parei\u0161k\u0117, kad \u201emes neturime kito pasirinkimo, kaip tik at\u0161aukti [&hellip;]<\/p>\n","protected":false},"author":1,"featured_media":150,"comment_status":"open","ping_status":"open","sticky":false,"template":"","format":"standard","meta":{"om_disable_all_campaigns":false,"_monsterinsights_skip_tracking":false,"_monsterinsights_sitenote_active":false,"_monsterinsights_sitenote_note":"","_monsterinsights_sitenote_category":0,"footnotes":""},"categories":[4],"tags":[],"class_list":["post-149","post","type-post","status-publish","format-standard","has-post-thumbnail","hentry","category-pasaulio-naujienos"],"aioseo_notices":[],"_links":{"self":[{"href":"https:\/\/pasaulioziniasklaida.lt\/index.php\/wp-json\/wp\/v2\/posts\/149","targetHints":{"allow":["GET"]}}],"collection":[{"href":"https:\/\/pasaulioziniasklaida.lt\/index.php\/wp-json\/wp\/v2\/posts"}],"about":[{"href":"https:\/\/pasaulioziniasklaida.lt\/index.php\/wp-json\/wp\/v2\/types\/post"}],"author":[{"embeddable":true,"href":"https:\/\/pasaulioziniasklaida.lt\/index.php\/wp-json\/wp\/v2\/users\/1"}],"replies":[{"embeddable":true,"href":"https:\/\/pasaulioziniasklaida.lt\/index.php\/wp-json\/wp\/v2\/comments?post=149"}],"version-history":[{"count":0,"href":"https:\/\/pasaulioziniasklaida.lt\/index.php\/wp-json\/wp\/v2\/posts\/149\/revisions"}],"wp:featuredmedia":[{"embeddable":true,"href":"https:\/\/pasaulioziniasklaida.lt\/index.php\/wp-json\/wp\/v2\/media\/150"}],"wp:attachment":[{"href":"https:\/\/pasaulioziniasklaida.lt\/index.php\/wp-json\/wp\/v2\/media?parent=149"}],"wp:term":[{"taxonomy":"category","embeddable":true,"href":"https:\/\/pasaulioziniasklaida.lt\/index.php\/wp-json\/wp\/v2\/categories?post=149"},{"taxonomy":"post_tag","embeddable":true,"href":"https:\/\/pasaulioziniasklaida.lt\/index.php\/wp-json\/wp\/v2\/tags?post=149"}],"curies":[{"name":"wp","href":"https:\/\/api.w.org\/{rel}","templated":true}]}}