{"id":1529,"date":"2025-01-18T15:50:25","date_gmt":"2025-01-18T15:50:25","guid":{"rendered":"https:\/\/pasaulioziniasklaida.lt\/index.php\/2025\/01\/18\/ispanijoje-sugriuvo-slidininku-keltuvas-desimtys-zmoniu-buvo-suzeisti-pasaulio-naujienos\/"},"modified":"2025-01-18T15:50:25","modified_gmt":"2025-01-18T15:50:25","slug":"ispanijoje-sugriuvo-slidininku-keltuvas-desimtys-zmoniu-buvo-suzeisti-pasaulio-naujienos","status":"publish","type":"post","link":"https:\/\/pasaulioziniasklaida.lt\/index.php\/2025\/01\/18\/ispanijoje-sugriuvo-slidininku-keltuvas-desimtys-zmoniu-buvo-suzeisti-pasaulio-naujienos\/","title":{"rendered":"Ispanijoje \u201esugriuvo\u201c slidinink\u0173 keltuvas, de\u0161imtys \u017emoni\u0173 buvo su\u017eeisti | Pasaulio naujienos"},"content":{"rendered":"<p> <br \/>\n<\/p>\n<div data-component-name=\"ui-article-body\" data-highlight-intro=\"true\">\n<p>De\u0161imtys \u017emoni\u0173 buvo su\u017eeisti, kai kurie sunkiai, per keltuvo avarij\u0105 Ispanijoje.<\/p>\n<p>Incidentas \u012fvyko ant keltuvo Ast\u00fan slidin\u0117jimo kurorte, kuris yra ant <strong>ispan\u0173<\/strong> siena su Pranc\u016bzija, Pir\u0117n\u0173 kaln\u0173 grandin\u0117je.<\/p>\n<p>Ma\u017eiausiai 30 \u017emoni\u0173 buvo su\u017eeisti. Pasak regiono vyriausyb\u0117s, devyni i\u0161 j\u0173 yra labai sunkiai su\u017eeisti, o a\u0161tuoni \u2013 sunkiai.<\/p>\n<p>Valstybinis televizijos kanalas TVE prane\u0161\u0117, kad apie 80 \u017emoni\u0173 liko \u012fstrig\u0119 ant kr\u0117slinio keltuvo.<\/p>\n<p>Liudininkas transliuotojui sak\u0117: \u201eKaip nutr\u016bko laidas, at\u0161oko k\u0117d\u0117s ir nukrito \u017emon\u0117s\u201c.<\/p>\n<div class=\"sdc-article-widget sdc-article-image\">\n<figure class=\"sdc-article-image__figure\">\n<div class=\"sdc-article-image__wrapper\" data-aspect-ratio=\"16\/9\">\n          \n    <\/div><figcaption class=\"ui-media-caption\">\n        <span class=\"u-hide-visually\">Vaizdas:<\/span><br \/>\n        <span class=\"ui-media-caption__caption-text\">Nuotrauka: Jaime Pelegr\u00ed \/ X<br \/>\n        <\/span><br \/>\n      <\/figcaption><\/figure>\n<\/div>\n<p>Incidento prie\u017eastis \u0161iuo metu ne\u017einoma.<\/p>\n<p>Socialiniuose tinkluose sklindantys vaizdai ir vaizdo \u012fra\u0161ai rodo, kaip \u017emon\u0117s guli ant grind\u0173 \u0161alia slidinink\u0173 keltuvo. Taip pat buvo pasteb\u0117tas kurorte besileid\u017eiantis mal\u016bnsparnis.<\/p>\n<p>Ispanijos ministras pirmininkas Pedro S\u00e1nchezas sak\u0117, kad j\u012f \u201esukr\u0117t\u0117 \u017einia apie nelaiming\u0105 atsitikim\u0105\u201c.<\/p>\n<p>\u201eVisa m\u016bs\u0173 meil\u0117 su\u017eeistiesiems ir j\u0173 \u0161eimoms\u201c, \u2013 sak\u0117 jis.<\/p>\n<div class=\"sdc-article-widget sdc-article-image\">\n<figure class=\"sdc-article-image__figure\">\n<div class=\"sdc-article-image__wrapper\" data-aspect-ratio=\"16\/9\">\n          <img decoding=\"async\" class=\"sdc-article-image__item\" loading=\"lazy\" intrinsicsize=\"768x432\" src=\"https:\/\/e3.365dm.com\/25\/01\/768x432\/skynews-spain-astun-ski-resort_6802919.jpg?20250118140356\" srcset=\"https:\/\/e3.365dm.com\/25\/01\/384x216\/skynews-spain-astun-ski-resort_6802919.jpg?20250118140356 380w, https:\/\/e3.365dm.com\/25\/01\/768x432\/skynews-spain-astun-ski-resort_6802919.jpg?20250118140356 760w, https:\/\/e3.365dm.com\/25\/01\/1600x900\/skynews-spain-astun-ski-resort_6802919.jpg?20250118140356 1024w, https:\/\/e3.365dm.com\/25\/01\/2048x1152\/skynews-spain-astun-ski-resort_6802919.jpg?20250118140356 2048w\" sizes=\"(min-width: 1024px) 1024px, 100vw\" alt=\"Nuotrauka: Guardia Civil \/ Reuters\"\/>\n    <\/div><figcaption class=\"ui-media-caption\">\n        <span class=\"u-hide-visually\">Vaizdas:<\/span><br \/>\n        <span class=\"ui-media-caption__caption-text\">Nuotrauka: Guardia Civil \/ Reuters<br \/>\n        <\/span><br \/>\n      <\/figcaption><\/figure>\n<\/div>\n<p>Aragono vyriausyb\u0117s prezidentas Jorge Azc\u00f3n sak\u0117, kad buvo informuotas apie incident\u0105 ir vyksta \u012f \u012fvykio viet\u0105.<\/p>\n<p>Ispanijos ministras pirmininkas taip pat sak\u0117, kad kalb\u0117josi su J. Azc\u00f3n, \u201enor\u0117damas pasi\u016blyti jam visi\u0161k\u0105 vyriausyb\u0117s param\u0105\u201c.<\/p>\n<p>Nukent\u0117jusi\u0173j\u0173 \u0161eimoms buvo sukurta telefono linija.<\/p>\n<p><strong>Skaitykite daugiau i\u0161 \u201eSky News\u201c:<\/strong><br \/><strong>Prad\u0117tas sprogstamojo \u201eStarship\u201c bandomojo skryd\u017eio tyrimas<br \/>Izraelis sako smog\u0119s \u201e50 teroristini\u0173 taikini\u0173 visoje Gazoje\u201c <\/strong><\/p>\n<p>Ispanijos Raudonasis Kry\u017eius prane\u0161\u0117, kad \u012fvykio vietoje prisijung\u0117 prie greitosios pagalbos tarnyb\u0173 su pa\u017eangiu greitosios pagalbos automobiliu ir 11 kit\u0173 specializuot\u0173 transporto priemoni\u0173.<\/p>\n<p>\u012evykio vietoje buv\u0119s \u201eSpotify\u201c komercijos direktorius Jaime Pelegr\u00ed taip pat ra\u0161\u0117 \u201eX\u201c: \u201eAvarija Ast\u016bne. Nukrito Canal Roya k\u0117d\u0117.<\/p>\n<p>\u201eLaimei, mums viskas gerai, bet yra su\u017eeist\u0173 \u017emoni\u0173, mat\u0117me, kaip nukrenta keli ne\u0161tuvai\u201c.<\/p>\n<\/p><\/div>\n<p><br \/>\n<br \/><a href=\"https:\/\/news.sky.com\/story\/ski-lift-collapses-in-spain-leaving-several-people-injured-13291261\">Source link <\/a><\/p>\n","protected":false},"excerpt":{"rendered":"<p>De\u0161imtys \u017emoni\u0173 buvo su\u017eeisti, kai kurie sunkiai, per keltuvo avarij\u0105 Ispanijoje. Incidentas \u012fvyko ant keltuvo Ast\u00fan slidin\u0117jimo kurorte, kuris yra ant ispan\u0173 siena su Pranc\u016bzija, Pir\u0117n\u0173 kaln\u0173 grandin\u0117je. Ma\u017eiausiai 30 \u017emoni\u0173 buvo su\u017eeisti. Pasak regiono vyriausyb\u0117s, devyni i\u0161 j\u0173 yra labai sunkiai su\u017eeisti, o a\u0161tuoni \u2013 sunkiai. Valstybinis televizijos kanalas TVE prane\u0161\u0117, kad apie 80 [&hellip;]<\/p>\n","protected":false},"author":1,"featured_media":1530,"comment_status":"","ping_status":"","sticky":false,"template":"","format":"standard","meta":{"om_disable_all_campaigns":false,"_monsterinsights_skip_tracking":false,"_monsterinsights_sitenote_active":false,"_monsterinsights_sitenote_note":"","_monsterinsights_sitenote_category":0,"footnotes":""},"categories":[4],"tags":[331,1443,2021,3541,24,23,3540,3539,3542,429],"class_list":["post-1529","post","type-post","status-publish","format-standard","has-post-thumbnail","hentry","category-pasaulio-naujienos","tag-buvo","tag-desimtys","tag-ispanijoje","tag-keltuvas","tag-naujienos","tag-pasaulio","tag-slidininku","tag-sugriuvo","tag-suzeisti","tag-zmoniu"],"aioseo_notices":[],"_links":{"self":[{"href":"https:\/\/pasaulioziniasklaida.lt\/index.php\/wp-json\/wp\/v2\/posts\/1529","targetHints":{"allow":["GET"]}}],"collection":[{"href":"https:\/\/pasaulioziniasklaida.lt\/index.php\/wp-json\/wp\/v2\/posts"}],"about":[{"href":"https:\/\/pasaulioziniasklaida.lt\/index.php\/wp-json\/wp\/v2\/types\/post"}],"author":[{"embeddable":true,"href":"https:\/\/pasaulioziniasklaida.lt\/index.php\/wp-json\/wp\/v2\/users\/1"}],"replies":[{"embeddable":true,"href":"https:\/\/pasaulioziniasklaida.lt\/index.php\/wp-json\/wp\/v2\/comments?post=1529"}],"version-history":[{"count":0,"href":"https:\/\/pasaulioziniasklaida.lt\/index.php\/wp-json\/wp\/v2\/posts\/1529\/revisions"}],"wp:featuredmedia":[{"embeddable":true,"href":"https:\/\/pasaulioziniasklaida.lt\/index.php\/wp-json\/wp\/v2\/media\/1530"}],"wp:attachment":[{"href":"https:\/\/pasaulioziniasklaida.lt\/index.php\/wp-json\/wp\/v2\/media?parent=1529"}],"wp:term":[{"taxonomy":"category","embeddable":true,"href":"https:\/\/pasaulioziniasklaida.lt\/index.php\/wp-json\/wp\/v2\/categories?post=1529"},{"taxonomy":"post_tag","embeddable":true,"href":"https:\/\/pasaulioziniasklaida.lt\/index.php\/wp-json\/wp\/v2\/tags?post=1529"}],"curies":[{"name":"wp","href":"https:\/\/api.w.org\/{rel}","templated":true}]}}