{"id":1537,"date":"2025-01-19T15:52:53","date_gmt":"2025-01-19T15:52:53","guid":{"rendered":"https:\/\/pasaulioziniasklaida.lt\/index.php\/2025\/01\/19\/du-paaugliai-intensyviosios-terapijos-skyriuje-po-ispanijos-slidininku-keltuvo-griuties-pranesa-vietos-ziniasklaida-pasaulio-naujienos\/"},"modified":"2025-01-19T15:52:53","modified_gmt":"2025-01-19T15:52:53","slug":"du-paaugliai-intensyviosios-terapijos-skyriuje-po-ispanijos-slidininku-keltuvo-griuties-pranesa-vietos-ziniasklaida-pasaulio-naujienos","status":"publish","type":"post","link":"https:\/\/pasaulioziniasklaida.lt\/index.php\/2025\/01\/19\/du-paaugliai-intensyviosios-terapijos-skyriuje-po-ispanijos-slidininku-keltuvo-griuties-pranesa-vietos-ziniasklaida-pasaulio-naujienos\/","title":{"rendered":"Du paaugliai intensyviosios terapijos skyriuje po Ispanijos slidinink\u0173 keltuvo gri\u016bties, prane\u0161a vietos \u017einiasklaida | Pasaulio naujienos"},"content":{"rendered":"<p> <br \/>\n<\/p>\n<div data-component-name=\"ui-article-body\" data-highlight-intro=\"true\">\n<p>Dvi 18-met\u0117s Ispanijoje sugriuvus slidinink\u0173 keltuvui yra reanimacijoje, prane\u0161a vietos \u017einiasklaida.<\/p>\n<p><strong>\u012evykis \u0161e\u0161tadien\u012f<\/strong> vyko ant kr\u0117slinio keltuvo Ast\u00fan slidin\u0117jimo kurorte, kuris yra ant <strong>ispan\u0173<\/strong> siena su Pranc\u016bzija, Pir\u0117n\u0173 kaln\u0173 grandin\u0117je.<\/p>\n<p>Regiono vald\u017eia prane\u0161\u0117, kad ma\u017eiausiai 30 \u017emoni\u0173 buvo su\u017eeisti, devyni i\u0161 j\u0173 labai sunkiai, nors v\u0117liau slidin\u0117jimo kurortas prane\u0161\u0117, kad apie 15 \u017emoni\u0173 buvo su\u017eeista, o trys \u2013 sunkiai.<\/p>\n<p>Regionin\u0117 \u017einiasklaida el Diario nuo tada <strong>prane\u0161\u0117<\/strong> kad dvi 18-met\u0117s moterys yra stebimos intensyviosios terapijos skyriuose, remdamasis regiono vald\u017eia.<\/p>\n<div class=\"sdc-article-widget sdc-article-image\">\n<figure class=\"sdc-article-image__figure\">\n<div class=\"sdc-article-image__wrapper\" data-aspect-ratio=\"16\/9\">\n          \n    <\/div><figcaption class=\"ui-media-caption\">\n        <span class=\"u-hide-visually\">Vaizdas:<\/span><br \/>\n        <span class=\"ui-media-caption__caption-text\">\u0160e\u0161tadien\u012f slidin\u0117jimo kurorte avarinis mal\u016bnsparnis. Nuotrauka: AP<br \/>\n        <\/span><br \/>\n      <\/figcaption><\/figure>\n<\/div>\n<div class=\"sdc-article-widget sdc-article-image\">\n<figure class=\"sdc-article-image__figure\">\n<div class=\"sdc-article-image__wrapper\" data-aspect-ratio=\"16\/9\">\n          <img decoding=\"async\" class=\"sdc-article-image__item\" loading=\"lazy\" intrinsicsize=\"768x432\" src=\"https:\/\/e3.365dm.com\/25\/01\/768x432\/skynews-astum-ski-resort-emergency-helicopter_6803797.jpg?20250119085940\" srcset=\"https:\/\/e3.365dm.com\/25\/01\/384x216\/skynews-astum-ski-resort-emergency-helicopter_6803797.jpg?20250119085940 380w, https:\/\/e3.365dm.com\/25\/01\/768x432\/skynews-astum-ski-resort-emergency-helicopter_6803797.jpg?20250119085940 760w, https:\/\/e3.365dm.com\/25\/01\/1600x900\/skynews-astum-ski-resort-emergency-helicopter_6803797.jpg?20250119085940 1024w, https:\/\/e3.365dm.com\/25\/01\/2048x1152\/skynews-astum-ski-resort-emergency-helicopter_6803797.jpg?20250119085940 2048w\" sizes=\"(min-width: 1024px) 1024px, 100vw\" alt=\"\u0160e\u0161tadien\u012f Astum slidin\u0117jimo kurorte vir\u0161 slidinink\u0173 keltuv\u0173 praskrenda avarinis sraigtasparnis. Nuotrauka: AP\"\/>\n    <\/div><figcaption class=\"ui-media-caption\">\n        <span class=\"u-hide-visually\">Vaizdas:<\/span><br \/>\n        <span class=\"ui-media-caption__caption-text\">Nuotrauka: AP<br \/>\n        <\/span><br \/>\n      <\/figcaption><\/figure>\n<\/div>\n<p>\u0160e\u0161tadien\u012f i\u0161platintame prane\u0161ime kurortas sak\u0117: \u201eAvarijos prie\u017eastys ne\u017einomos, tod\u0117l \u0161iuo metu jos tiriamos.<\/p>\n<p>&#8222;\u012estaiga yra su visais leidimais ir patikrinimais. Su\u017eeist\u0173j\u0173 gelb\u0117jimo ir perve\u017eimo protokolai veik\u0117 tinkamai, visi \u012fkaln\u0117s naudotojai buvo evakuoti per dvi su puse valandos.&#8221;<\/p>\n<p><strong>Skaityti daugiau:<\/strong><br \/><strong>Did\u017eiosios Britanijos kilm\u0117s izraelit\u0119 tarp \u012fkait\u0173 \u201eHamas\u201c planuoja paleisti<br \/>Per sprogim\u0105 \u017euvo 70 \u017emoni\u0173, kai minia \u201es\u0117m\u0117 kur\u0105\u201c i\u0161 apvirto tanklaivio<\/strong><\/p>\n<p>Slidin\u0117jimo kurortas prane\u0161\u0117, kad sekmadien\u012f jis dirbs \u201e\u012fprastomis valandomis\u201c.<\/p>\n<p><strong>\u201eLabai baisi akimirka\u201c<\/strong><\/p>\n<p>Jaime Pelegri, kuris buvo ant kr\u0117slinio keltuvo, kai jis griuvo, sak\u0117 \u201eSky News\u201c, kad tai buvo \u201elabai baisus momentas\u201c ir kad incidentas \u012fvyko \u201eper kelias sekundes\u201c.<\/p>\n<p>\u201eMes vis dar kilome auk\u0161tyn, atrod\u0117, kad kabelis prarado \u012ftamp\u0105\u201c, \u2013 sak\u0117 jis. &#8222;Taigi tuo pa\u010diu metu visos lifto k\u0117d\u0117s prad\u0117jo kristi, ir mes i\u0161 tikr\u0173j\u0173 buvome to dalis.&#8221;<\/p>\n<p>Jis sak\u0117, kad k\u0105 tik \u012flip\u0119 \u012f lift\u0105 su \u017emona nesusi\u017eeid\u0117, o \u201emus supan\u010dios k\u0117d\u0117s nukrito atgal\u201c.<\/p>\n<p>Ta\u010diau auk\u0161\u010diau keltuvo \u201e\u010dia atsitiko&#8230; pavojingesni dalykai, buvo su\u017eeist\u0173 \u017emoni\u0173\u201c.<\/p>\n<p>Ponas Pelegri sak\u0117, kad kai kurie slidininkai atrod\u0117 taip, lyg nukrito \u201etikriausiai 10\u201315 m&#8230; iki sniego\u201c.<\/p>\n<p>Ispanijos ministras pirmininkas Pedro S\u00e1nchez sak\u0117, kad j\u012f \u201esukr\u0117t\u0117 \u017einia apie nelaiming\u0105 atsitikim\u0105\u201c.<\/p>\n<p>\u201eVisa m\u016bs\u0173 meil\u0117 su\u017eeistiesiems ir j\u0173 \u0161eimoms\u201c, \u2013 sak\u0117 jis.<\/p>\n<\/p><\/div>\n<p><br \/>\n<br \/><a href=\"https:\/\/news.sky.com\/story\/two-teenagers-in-intensive-care-after-spain-ski-lift-collapse-local-media-reports-13292118\">Source link <\/a><\/p>\n","protected":false},"excerpt":{"rendered":"<p>Dvi 18-met\u0117s Ispanijoje sugriuvus slidinink\u0173 keltuvui yra reanimacijoje, prane\u0161a vietos \u017einiasklaida. \u012evykis \u0161e\u0161tadien\u012f vyko ant kr\u0117slinio keltuvo Ast\u00fan slidin\u0117jimo kurorte, kuris yra ant ispan\u0173 siena su Pranc\u016bzija, Pir\u0117n\u0173 kaln\u0173 grandin\u0117je. Regiono vald\u017eia prane\u0161\u0117, kad ma\u017eiausiai 30 \u017emoni\u0173 buvo su\u017eeisti, devyni i\u0161 j\u0173 labai sunkiai, nors v\u0117liau slidin\u0117jimo kurortas prane\u0161\u0117, kad apie 15 \u017emoni\u0173 buvo su\u017eeista, [&hellip;]<\/p>\n","protected":false},"author":1,"featured_media":1538,"comment_status":"","ping_status":"","sticky":false,"template":"","format":"standard","meta":{"om_disable_all_campaigns":false,"_monsterinsights_skip_tracking":false,"_monsterinsights_sitenote_active":false,"_monsterinsights_sitenote_note":"","_monsterinsights_sitenote_category":0,"footnotes":""},"categories":[4],"tags":[3560,3556,301,3559,24,3555,23,3561,3558,3540,3557,2075,3562],"class_list":["post-1537","post","type-post","status-publish","format-standard","has-post-thumbnail","hentry","category-pasaulio-naujienos","tag-griuties","tag-intensyviosios","tag-ispanijos","tag-keltuvo","tag-naujienos","tag-paaugliai","tag-pasaulio","tag-pranesa","tag-skyriuje","tag-slidininku","tag-terapijos","tag-vietos","tag-ziniasklaida"],"aioseo_notices":[],"_links":{"self":[{"href":"https:\/\/pasaulioziniasklaida.lt\/index.php\/wp-json\/wp\/v2\/posts\/1537","targetHints":{"allow":["GET"]}}],"collection":[{"href":"https:\/\/pasaulioziniasklaida.lt\/index.php\/wp-json\/wp\/v2\/posts"}],"about":[{"href":"https:\/\/pasaulioziniasklaida.lt\/index.php\/wp-json\/wp\/v2\/types\/post"}],"author":[{"embeddable":true,"href":"https:\/\/pasaulioziniasklaida.lt\/index.php\/wp-json\/wp\/v2\/users\/1"}],"replies":[{"embeddable":true,"href":"https:\/\/pasaulioziniasklaida.lt\/index.php\/wp-json\/wp\/v2\/comments?post=1537"}],"version-history":[{"count":0,"href":"https:\/\/pasaulioziniasklaida.lt\/index.php\/wp-json\/wp\/v2\/posts\/1537\/revisions"}],"wp:featuredmedia":[{"embeddable":true,"href":"https:\/\/pasaulioziniasklaida.lt\/index.php\/wp-json\/wp\/v2\/media\/1538"}],"wp:attachment":[{"href":"https:\/\/pasaulioziniasklaida.lt\/index.php\/wp-json\/wp\/v2\/media?parent=1537"}],"wp:term":[{"taxonomy":"category","embeddable":true,"href":"https:\/\/pasaulioziniasklaida.lt\/index.php\/wp-json\/wp\/v2\/categories?post=1537"},{"taxonomy":"post_tag","embeddable":true,"href":"https:\/\/pasaulioziniasklaida.lt\/index.php\/wp-json\/wp\/v2\/tags?post=1537"}],"curies":[{"name":"wp","href":"https:\/\/api.w.org\/{rel}","templated":true}]}}