{"id":1566,"date":"2025-01-23T16:00:39","date_gmt":"2025-01-23T16:00:39","guid":{"rendered":"https:\/\/pasaulioziniasklaida.lt\/index.php\/2025\/01\/23\/michealas-martinas-balsavo-uz-kitu-airijos-premjeru-po-chaoso-kai-parlamentas-buvo-sustabdytas-pasaulio-naujienos\/"},"modified":"2025-01-23T16:00:39","modified_gmt":"2025-01-23T16:00:39","slug":"michealas-martinas-balsavo-uz-kitu-airijos-premjeru-po-chaoso-kai-parlamentas-buvo-sustabdytas-pasaulio-naujienos","status":"publish","type":"post","link":"https:\/\/pasaulioziniasklaida.lt\/index.php\/2025\/01\/23\/michealas-martinas-balsavo-uz-kitu-airijos-premjeru-po-chaoso-kai-parlamentas-buvo-sustabdytas-pasaulio-naujienos\/","title":{"rendered":"Michealas Martinas balsavo u\u017e kitu Airijos premjeru po chaoso, kai parlamentas buvo sustabdytas | Pasaulio naujienos"},"content":{"rendered":"<p> <br \/>\n<\/p>\n<div data-component-name=\"ui-article-body\" data-highlight-intro=\"true\">\n<p>Michaelas Martinas gavo Airijos parlamento param\u0105, kad tapt\u0173 kitu \u0161alies premjeru.<\/p>\n<p>Ilgamet\u0117s \u201eFianna Fail\u201c lyder\u0117s nominacija buvo paremta 95:76 \u2013 kit\u0105 dien\u0105 po \u201eDail\u201c sustabdymo ir proceso sustabdymo d\u0117l chaoti\u0161ko gin\u010do.<\/p>\n<p>Jis oficialiai taps Airijos taoiseach (ministru pirmininku) per ceremonij\u0105 su prezidentu Michaelu D Higginsu jo oficialioje rezidencijoje Aras an Uachtarain Dubline.<\/p>\n<p>J. Higginsas pasira\u0161ys paskyrimo order\u012f ir \u012fteiks Martinui Daoiseach antspaud\u0105.<\/p>\n<div class=\"sdc-article-widget sdc-article-image\">\n<figure class=\"sdc-article-image__figure\">\n<div class=\"sdc-article-image__wrapper\" data-aspect-ratio=\"16\/9\">\n          \n    <\/div><figcaption class=\"ui-media-caption\">\n        <span class=\"u-hide-visually\">Vaizdas:<\/span><br \/>\n        <span class=\"ui-media-caption__caption-text\">\u201eFianna Fail\u201c lyderis Michealas Martinas palieka \u201eLeinster House\u201c po jo paskyrimo. Nuotrauka: PA<br \/>\n        <\/span><br \/>\n      <\/figcaption><\/figure>\n<\/div>\n<p>I\u0161 prad\u017ei\u0173 buvo numatyta, kad kandidat\u016bra bus paskirta tre\u010diadien\u012f, ta\u010diau nesutarus, ar kai kuriems nepriklausomiems asmenims bus suteiktas opozicijos kalb\u0117jimo laikas, byla baig\u0117si taip, kad naujasis Airijos vadovas nebuvo oficialiai i\u0161rinktas.<\/p>\n<p><strong>Ponas Martinas<\/strong>\u201eFianna Fail\u201c tapo did\u017eiausia partija po Airijos visuotini\u0173 rinkim\u0173 lapkrit\u012f.<\/p>\n<p>Ji sutiko v\u0117l sudaryti koalicij\u0105 su Fine Gael, kuriam vadovauja kadencij\u0105 baigiantis ministras pirmininkas Simonas Harrisas.<\/p>\n<p>Abi partijos kartu vos nesulauk\u0117 daugumos \u201eDail\u201c ir po ilg\u0173 deryb\u0173 penkeri\u0173 met\u0173 vyriausyb\u0117s kadencijai jas palaikys keli nepriklausomi TD (MP).<\/p>\n<div class=\"sdc-article-widget sdc-article-image\">\n<figure class=\"sdc-article-image__figure\">\n<div class=\"sdc-article-image__wrapper\" data-aspect-ratio=\"16\/9\">\n          <img decoding=\"async\" class=\"sdc-article-image__item\" loading=\"lazy\" intrinsicsize=\"768x432\" src=\"https:\/\/e3.365dm.com\/25\/01\/768x432\/skynews-ireland-parliament_6807678.jpg?20250122170424\" srcset=\"https:\/\/e3.365dm.com\/25\/01\/384x216\/skynews-ireland-parliament_6807678.jpg?20250122170424 380w, https:\/\/e3.365dm.com\/25\/01\/768x432\/skynews-ireland-parliament_6807678.jpg?20250122170424 760w, https:\/\/e3.365dm.com\/25\/01\/1600x900\/skynews-ireland-parliament_6807678.jpg?20250122170424 1024w, https:\/\/e3.365dm.com\/25\/01\/2048x1152\/skynews-ireland-parliament_6807678.jpg?20250122170424 2048w\" sizes=\"(min-width: 1024px) 1024px, 100vw\" alt=\"Prie\u0161 balsuojant d\u0117l \u200b\u200bMichealo Martino paskyrimo Taoiseach pareigose, Maxwellsas i\u0161leido dalom\u0105j\u0105 nuotrauk\u0105 i\u0161 \u201eThe Dail\u201c TD. Nuotraukos data: tre\u010diadienis, 2025 m. sausio 22 d. Fergal Phillips \/ Maxwells \/ PA Wire\"\/>\n    <\/div><figcaption class=\"ui-media-caption\">\n        <span class=\"u-hide-visually\">Vaizdas:<\/span><br \/>\n        <span class=\"ui-media-caption__caption-text\">\u201eDail\u201c buvo sustabdytas tre\u010diadien\u012f kilus gin\u010dui. Nuotrauka: PA<br \/>\n        <\/span><br \/>\n      <\/figcaption><\/figure>\n<\/div>\n<p>\u201eSinn Fein\u201c pasi\u016bl\u0117 partijos lyderei Mary Lou McDonald u\u017eimti \u201etaoiseach\u201c vaidmen\u012f, ta\u010diau ji savo kalboje pripa\u017eino, kad pasi\u016blymas nebus s\u0117kmingas.<\/p>\n<p>64 met\u0173 M. Martinas \u0117jo ministro pirmininko pareigas paskutin\u0117je koalicin\u0117je vyriausyb\u0117je su Fine Gael ir \u017dali\u0173j\u0173 partija.<\/p>\n<p>Ta koalicija \u012fved\u0117 \u201erotacin\u012f taoiseach\u201c mechanizm\u0105, pagal kur\u012f kadencijos viduryje Fianna Fail ir Fine Gael lyderiai apsikeit\u0117 auk\u0161\u010diausia pareigybe.<\/p>\n<p>Susitarimas bus pakartotas, nors trejus ar dvejus metus bus palankus Fianna Fail, pripa\u017e\u012fstant partijos 10 viet\u0173 prana\u0161um\u0105 prie\u0161 Fine Gael.<\/p>\n<p><strong>Skaityti daugiau<br \/>Airija atideda ministro pirmininko atrank\u0105<br \/>Jungtin\u0117 Airija \u201eteis\u0117tas siekis\u201c, bet \u201ene prioritetas\u201c<\/strong><\/p>\n<p>Ji t\u0119sia partneryst\u0119, prasid\u0117jusi\u0105 2020 m. ir atmetusi beveik \u0161imtmet\u012f trukus\u012f prie\u0161i\u0161kum\u0105 tarp dviej\u0173 \u0161ali\u0173, kurios buvo sukurtos i\u0161 prie\u0161ing\u0173 XX a. 2 de\u0161imtme\u010dio Airijos pilietinio karo pusi\u0173.<\/p>\n<p>Airijos tarptautinio boksininko s\u016bnus Martinas \u0117jo sveikatos, u\u017esienio reikal\u0173, gynybos ir \u0161vietimo ministerijose.<\/p>\n<p>Harrisas u\u017eims tanaist\u0117s premjero pavaduotojo pareigas. V\u0117liau M. Martinas si\u016blys kitos vyriausyb\u0117s narius.<\/p>\n<p>Atvykstantys ministr\u0173 kabineto nariai taip pat keliaus \u012f Aras an Uachtarain valstybin\u012f pri\u0117mimo kambar\u012f, kad gaut\u0173 biuro antspaudus.<\/p>\n<\/p><\/div>\n<p><br \/>\n<br \/><a href=\"https:\/\/news.sky.com\/story\/micheal-martin-voted-in-as-irelands-next-premier-after-chaos-sees-parliament-suspended-13294929\">Source link <\/a><\/p>\n","protected":false},"excerpt":{"rendered":"<p>Michaelas Martinas gavo Airijos parlamento param\u0105, kad tapt\u0173 kitu \u0161alies premjeru. Ilgamet\u0117s \u201eFianna Fail\u201c lyder\u0117s nominacija buvo paremta 95:76 \u2013 kit\u0105 dien\u0105 po \u201eDail\u201c sustabdymo ir proceso sustabdymo d\u0117l chaoti\u0161ko gin\u010do. Jis oficialiai taps Airijos taoiseach (ministru pirmininku) per ceremonij\u0105 su prezidentu Michaelu D Higginsu jo oficialioje rezidencijoje Aras an Uachtarain Dubline. J. Higginsas pasira\u0161ys [&hellip;]<\/p>\n","protected":false},"author":1,"featured_media":1567,"comment_status":"","ping_status":"","sticky":false,"template":"","format":"standard","meta":{"om_disable_all_campaigns":false,"_monsterinsights_skip_tracking":false,"_monsterinsights_sitenote_active":false,"_monsterinsights_sitenote_note":"","_monsterinsights_sitenote_category":0,"footnotes":""},"categories":[4],"tags":[1941,3633,331,3635,88,1181,3632,3631,24,3636,23,3634,3637,2295],"class_list":["post-1566","post","type-post","status-publish","format-standard","has-post-thumbnail","hentry","category-pasaulio-naujienos","tag-airijos","tag-balsavo","tag-buvo","tag-chaoso","tag-kai","tag-kitu","tag-martinas","tag-michealas","tag-naujienos","tag-parlamentas","tag-pasaulio","tag-premjeru","tag-sustabdytas","tag-uz"],"aioseo_notices":[],"_links":{"self":[{"href":"https:\/\/pasaulioziniasklaida.lt\/index.php\/wp-json\/wp\/v2\/posts\/1566","targetHints":{"allow":["GET"]}}],"collection":[{"href":"https:\/\/pasaulioziniasklaida.lt\/index.php\/wp-json\/wp\/v2\/posts"}],"about":[{"href":"https:\/\/pasaulioziniasklaida.lt\/index.php\/wp-json\/wp\/v2\/types\/post"}],"author":[{"embeddable":true,"href":"https:\/\/pasaulioziniasklaida.lt\/index.php\/wp-json\/wp\/v2\/users\/1"}],"replies":[{"embeddable":true,"href":"https:\/\/pasaulioziniasklaida.lt\/index.php\/wp-json\/wp\/v2\/comments?post=1566"}],"version-history":[{"count":0,"href":"https:\/\/pasaulioziniasklaida.lt\/index.php\/wp-json\/wp\/v2\/posts\/1566\/revisions"}],"wp:featuredmedia":[{"embeddable":true,"href":"https:\/\/pasaulioziniasklaida.lt\/index.php\/wp-json\/wp\/v2\/media\/1567"}],"wp:attachment":[{"href":"https:\/\/pasaulioziniasklaida.lt\/index.php\/wp-json\/wp\/v2\/media?parent=1566"}],"wp:term":[{"taxonomy":"category","embeddable":true,"href":"https:\/\/pasaulioziniasklaida.lt\/index.php\/wp-json\/wp\/v2\/categories?post=1566"},{"taxonomy":"post_tag","embeddable":true,"href":"https:\/\/pasaulioziniasklaida.lt\/index.php\/wp-json\/wp\/v2\/tags?post=1566"}],"curies":[{"name":"wp","href":"https:\/\/api.w.org\/{rel}","templated":true}]}}