{"id":159,"date":"2024-08-09T22:23:30","date_gmt":"2024-08-09T22:23:30","guid":{"rendered":"https:\/\/pasaulioziniasklaida.lt\/index.php\/2024\/08\/09\/imane-khelif-alzyro-boksininke-paryziuje-laimejo-auksa-ir-tapo-olimpine-cempione-pasaulio-naujienos\/"},"modified":"2024-08-09T22:23:30","modified_gmt":"2024-08-09T22:23:30","slug":"imane-khelif-alzyro-boksininke-paryziuje-laimejo-auksa-ir-tapo-olimpine-cempione-pasaulio-naujienos","status":"publish","type":"post","link":"https:\/\/pasaulioziniasklaida.lt\/index.php\/2024\/08\/09\/imane-khelif-alzyro-boksininke-paryziuje-laimejo-auksa-ir-tapo-olimpine-cempione-pasaulio-naujienos\/","title":{"rendered":"Imane Khelif: Al\u017eyro boksinink\u0117 Pary\u017eiuje laim\u0117jo auks\u0105 ir tapo olimpine \u010dempione | Pasaulio naujienos"},"content":{"rendered":"<p> <br \/>\n<\/p>\n<div data-component-name=\"ui-article-body\" data-highlight-intro=\"true\">\n<p>Al\u017eyro boksininkas Pary\u017eiaus \u017eaidyni\u0173 ly\u010di\u0173 eil\u0117s centre buvo kar\u016bnuotas olimpiniu \u010dempionu.<\/p>\n<p>Imane Khelif patogiai \u012fveik\u0117 kiniet\u0119 Yang Liu vienbalsiai nusprendusi laim\u0117ti auks\u0105 moter\u0173 pusvidutinio svorio kategorijoje.<\/p>\n<p>Ji laim\u0117jo kiekvien\u0105 i\u0161 trij\u0173 raund\u0173 teis\u0117j\u0173 rezultat\u0173 kortel\u0117se ir \u0161oktel\u0117jo \u012f savo trenerio gl\u0117b\u012f, kai buvo paskelbtas sprendimas.<\/p>\n<p><strong><a href=\"https:\/\/www.skysports.com\/olympics\/live-blog\/15234\/13116598\/olympics-2024-live-news-updates-from-paris-todays-events-and-latest-results\" target=\"_blank\" rel=\"noopener\">2024 m. olimpin\u0117s \u017eaidyn\u0117s TIESIOGIAI! Naujienos, atnaujinimai ir naujausi rezultatai i\u0161 Pary\u017eiaus<\/a><\/strong><\/p>\n<p>Jis \u0161v\u0119sdamas 25-eri\u0173 vaikin\u0105 ne\u0161\u0117 aplink aren\u0105 ant pe\u010di\u0173.<\/p>\n<div class=\"sdc-article-widget sdc-article-image\">\n<figure class=\"sdc-article-image__figure\">\n<div class=\"sdc-article-image__wrapper\" data-aspect-ratio=\"16\/9\">\n          <img decoding=\"async\" class=\"sdc-article-image__item\" loading=\"lazy\" intrinsicsize=\"768x432\" src=\"https:\/\/e3.365dm.com\/24\/08\/768x432\/skynews-imran-khelife_6652430.jpg?20240809221754\" srcset=\"https:\/\/e3.365dm.com\/24\/08\/384x216\/skynews-imran-khelife_6652430.jpg?20240809221754 380w, https:\/\/e3.365dm.com\/24\/08\/768x432\/skynews-imran-khelife_6652430.jpg?20240809221754 760w, https:\/\/e3.365dm.com\/24\/08\/1600x900\/skynews-imran-khelife_6652430.jpg?20240809221754 1024w, https:\/\/e3.365dm.com\/24\/08\/2048x1152\/skynews-imran-khelife_6652430.jpg?20240809221754 2048w\" sizes=\"(min-width: 1024px) 1024px, 100vw\" alt=\"Imranas Khelife'as i\u0161\u0117jo per savo aukso medalio kov\u0105. Nuotrauka: Reuters\"\/>\n    <\/div><figcaption class=\"ui-media-caption\">\n        <span class=\"u-hide-visually\">Vaizdas:<\/span><br \/>\n        <span class=\"ui-media-caption__caption-text\">Al\u017eyrietis buvo kar\u016bnuotas pusvidutinio svorio kategorijoje iki 66 kg. Nuotrauka: Reuters<br \/>\n        <\/span><br \/>\n      <\/figcaption><\/figure>\n<\/div>\n<p>Khelifas buvo atid\u017eiai stebimas po ankstesnio kovotojo <strong><a href=\"https:\/\/news.sky.com\/story\/imane-khelif-how-gender-boxing-row-created-one-of-the-most-contentious-olympics-contests-ever-13189076\" target=\"_blank\" rel=\"noopener\">i\u0161jungti po 46 sekund\u017ei\u0173<\/a><\/strong>sakydama, kad taip siekiama apsaugoti jos sveikat\u0105, nes al\u017eyriet\u0117s sm\u016bgiai buvo tokie stipr\u016bs.<\/p>\n<p>Khelifas sak\u0117, kad tai bus aukso laim\u0117jimas <strong><a href=\"https:\/\/news.sky.com\/story\/imane-khelif-boxer-at-centre-of-olympic-gender-row-says-winning-gold-would-be-best-response-13191156\" target=\"_blank\" rel=\"noopener\">\u201egeriausias atsakymas\u201c jos kritikams<\/a><\/strong>.<\/p>\n<div class=\"sdc-article-widget sdc-article-related-stories sdc-article-related-stories--thumbnails\" data-component-name=\"sdc-article-related-stories\">\n<div class=\"sdc-article-related-stories__content\">\n<h3 class=\"sdc-article-related-stories__title\">Daugiau apie 2024 m. Pary\u017eiaus olimpines \u017eaidynes<\/h3>\n<\/p><\/div>\n<\/p><\/div>\n<p>Kai kurie tvirtino, kad jai netur\u0117jo b\u016bti leista dalyvauti var\u017eybose, nes baiminasi, kad jos testosterono kiekis gali padid\u0117ti, o tai gali sukelti papildomos j\u0117gos ir raumen\u0173, o tai gali sukelti pavoj\u0173 jos var\u017eovei.<\/p>\n<p>Khelifas ir Taivano boksininkas pra\u0117jusiais metais buvo u\u017edrausti dalyvauti pasaulio \u010dempionate, o Tarptautin\u0117 bokso asociacija (IBA) parei\u0161k\u0117, kad jie neatlaik\u0117 lyties tinkamumo test\u0173.<\/p>\n<p>Ta\u010diau Tarptautinis olimpinis komitetas (IOC) teig\u0117, kad sprendimas buvo \u201estaigus ir savavali\u0161kas\u201c, o bandymai buvo labai klaidingi.<\/p>\n<p>Ji u\u017edraud\u0117 IBA d\u0117l valdymo klausim\u0173, tariamos korupcijos ir ry\u0161i\u0173 su Rusija.<\/p>\n<div class=\"sdc-article-widget sdc-article-custom-markup \" data-component-name=\"sdc-article-custom-markup\" data-consent=\"pending\" data-vendor-name=\"spreaker\">\n<section aria-label=\"Consent required\" class=\"ui-consent-roadblock\" data-component-name=\"ui-consent-roadblock\" data-aspect-ratio=\"16\/9\">\n<div class=\"ui-consent-roadblock-body\">\n        <span class=\"ui-consent-roadblock-body__title\">Prane\u0161\u0117jas<\/span><br \/>\n            <span class=\"ui-consent-roadblock-body__description\" data-show-on-fallback=\"false\"><\/p>\n<p>                \u0160\u012f turin\u012f teikia <span class=\"ui-consent-roadblock-body__vendor-title\">Prane\u0161\u0117jas<\/span>kuri gali naudoti slapukus ir kitas technologijas. Nor\u0117dami parodyti jums \u0161\u012f turin\u012f, mums reikia j\u016bs\u0173 leidimo naudoti slapukus. Galite naudoti toliau esan\u010dius mygtukus, kad pakeistum\u0117te savo nuostatas, kad \u012fgalintum\u0117te <span class=\"ui-consent-roadblock-body__vendor-title\">Prane\u0161\u0117jas<\/span> slapukus arba leisti tuos slapukus tik vien\u0105 kart\u0105. Savo nustatymus galite bet kada pakeisti naudodami <a href=\"#privacy-options\">Privatumo parinktys<\/a>.<br \/>\n            <\/span><br \/>\n            <span class=\"ui-consent-roadblock-body__description\" data-show-on-fallback=\"true\"><\/p>\n<p>                Deja, mes negal\u0117jome patikrinti, ar sutikote <span class=\"ui-consent-roadblock-body__vendor-title\">Prane\u0161\u0117jas<\/span> sausainiai. Jei norite per\u017ei\u016br\u0117ti \u0161\u012f turin\u012f, galite naudoti toliau esant\u012f mygtuk\u0105, kad leisti <span class=\"ui-consent-roadblock-body__vendor-title\">Prane\u0161\u0117jas<\/span> tik \u0161ios sesijos slapukus.<br \/>\n            <\/span><\/p>\n<div class=\"ui-consent-roadblock-body__link-group\">\n                <a href=\"#\" class=\"ui-consent-roadblock-body__link ui-consent-roadblock-permanently\" data-single-click-vendor-name=\"spreaker\" data-show-on-fallback=\"false\">\u012egalinti slapukus<\/a><br \/>\n                <a href=\"#\" class=\"ui-consent-roadblock-body__link ui-consent-roadblock-once\" data-single-click-vendor-name=\"spreaker\">Leisti slapukus vien\u0105 kart\u0105<\/a>\n            <\/div>\n<\/p><\/div>\n<\/section>\n<\/div>\n<p><strong>\ud83d\udc49 <a href=\"https:\/\/podfollow.com\/skynewsdaily\" target=\"_blank\" rel=\"noopener\">Spustel\u0117kite, kad u\u017esiprenumeruotum\u0117te \u201eSky News Daily\u201c, kad ir kur gautum\u0117te podcast&#8217;us<\/a> \ud83d\udc48<\/strong><\/p>\n<p>TOK atstovas Markas Adamsas sak\u0117, kad visi Pary\u017eiaus boksininkai atitiko tinkamumo kriterijus \u2013 lyt\u012f ir am\u017ei\u0173 \u201epagal j\u0173 pas\u0105\u201c.<\/p>\n<p>Jis sak\u0117, kad Khelif ir taivan\u0117 Lin Yu-ting jau daugel\u012f met\u0173 var\u017e\u0117si moter\u0173 var\u017eybose, o al\u017eyrietis taip pat pasirod\u0117 Tokijo \u017eaidyn\u0117se.<\/p>\n<p><strong>Skaitykite daugiau i\u0161 \u201eSky News\u201c:<\/strong><br \/><a href=\"https:\/\/news.sky.com\/story\/sao-paulo-passenger-plane-crashes-in-brazil-reports-13194150\" target=\"_blank\" rel=\"noopener\"><strong>Brazilijoje sudu\u017eo keleivinis l\u0117ktuvas su 61 \u017emogumi<\/strong><\/a><br \/><strong><a href=\"https:\/\/news.sky.com\/story\/travis-scott-arrested-in-paris-after-altercation-with-hotel-security-guard-13194090\" target=\"_blank\" rel=\"noopener\">Reperis Travisas Scottas suimtas Pary\u017eiuje <\/a><\/strong><\/p>\n<div class=\"sdc-article-widget sdc-article-strapline sdc-article-strapline--default-layout\" data-component-name=\"sdc-article-strapline\">\n<div class=\"sdc-article-strapline__link\">\n<div class=\"sdc-article-strapline__image-wrap\">\n                <picture><source srcset=\"https:\/\/e3.365dm.com\/24\/03\/320x180\/skynews-gfxwhatsapppromo-gfxwhatsapp_6490206.png 320w, https:\/\/e3.365dm.com\/24\/03\/640x380\/skynews-gfxwhatsapppromo-gfxwhatsapp_6490206.png 640w\" media=\"(max-width: 480px)\"><source srcset=\"https:\/\/e3.365dm.com\/24\/03\/256x256\/skynews-gfxwhatsapppromo-gfxwhatsapp_6490206.png 256w, https:\/\/e3.365dm.com\/24\/03\/512x512\/skynews-gfxwhatsapppromo-gfxwhatsapp_6490206.png 512w\" media=\"(min-width: 481px)\"><img decoding=\"async\" loading=\"lazy\" src=\"https:\/\/e3.365dm.com\/24\/03\/512x512\/skynews-gfxwhatsapppromo-gfxwhatsapp_6490206.png\" alt=\"Sekite Sky News per WhatsApp\" class=\"sdc-article-strapline__image\"\/><br \/>\n                <\/source><\/source><\/picture>\n            <\/div>\n<div class=\"sdc-article-strapline__body\">\n                <span class=\"sdc-article-strapline__title\">Sekite Sky News per WhatsApp<\/span><\/p>\n<p class=\"sdc-article-strapline__text\">Sekite visas naujausias naujienas i\u0161 JK ir viso pasaulio steb\u0117dami \u201eSky News\u201c.<\/p>\n<p>                <a href=\"https:\/\/whatsapp.com\/channel\/0029Va868Fv8vd1UsF99tP1u\" class=\"sdc-article-strapline__button\" target=\"_blank\" rel=\"noopener\">Bakstel\u0117kite \u010dia<\/a>\n        <\/div>\n<\/p><\/div>\n<\/p><\/div>\n<p>     <a href=\"https:\/\/news.sky.com\/download-app\" target=\"blank\" data-tracking-label=\"ui-app-promo-download-link\" class=\"ui-app-promo sdc-article-widget\" data-type=\"\" data-component-name=\"ui-app-promo\" rel=\"noopener\"><\/p>\n<p>    <\/a><\/p>\n<p>Diskusijose d\u0117l boksinink\u0173 atnaujintos diskusijos d\u0117l sportinink\u0173, kuri\u0173 seksualinis vystymasis (DSD) gali skirtis.<\/p>\n<p>DSD apima grup\u0119 b\u016bkli\u0173, susijusi\u0173 su genais, hormonais ir reprodukciniais organais, kurie vystosi kitaip nei tik\u0117tasi.<\/p>\n<p>Ta\u010diau ne\u017einoma, ar Khelif ir Yu-ting, kuri \u0161e\u0161tadien\u012f kovos savo pa\u010dios finale, turi toki\u0173 skirtum\u0173.<\/p>\n<\/p><\/div>\n<p><br \/>\n<br \/><a href=\"https:\/\/news.sky.com\/story\/imane-khelif-algerian-boxer-at-centre-of-gender-row-wins-gold-to-become-olympic-champion-13194173\">Source link <\/a><\/p>\n","protected":false},"excerpt":{"rendered":"<p>Al\u017eyro boksininkas Pary\u017eiaus \u017eaidyni\u0173 ly\u010di\u0173 eil\u0117s centre buvo kar\u016bnuotas olimpiniu \u010dempionu. Imane Khelif patogiai \u012fveik\u0117 kiniet\u0119 Yang Liu vienbalsiai nusprendusi laim\u0117ti auks\u0105 moter\u0173 pusvidutinio svorio kategorijoje. Ji laim\u0117jo kiekvien\u0105 i\u0161 trij\u0173 raund\u0173 teis\u0117j\u0173 rezultat\u0173 kortel\u0117se ir \u0161oktel\u0117jo \u012f savo trenerio gl\u0117b\u012f, kai buvo paskelbtas sprendimas. 2024 m. olimpin\u0117s \u017eaidyn\u0117s TIESIOGIAI! Naujienos, atnaujinimai ir naujausi rezultatai [&hellip;]<\/p>\n","protected":false},"author":1,"featured_media":160,"comment_status":"open","ping_status":"open","sticky":false,"template":"","format":"standard","meta":{"om_disable_all_campaigns":false,"_monsterinsights_skip_tracking":false,"_monsterinsights_sitenote_active":false,"_monsterinsights_sitenote_note":"","_monsterinsights_sitenote_category":0,"footnotes":""},"categories":[4],"tags":[],"class_list":["post-159","post","type-post","status-publish","format-standard","has-post-thumbnail","hentry","category-pasaulio-naujienos"],"aioseo_notices":[],"_links":{"self":[{"href":"https:\/\/pasaulioziniasklaida.lt\/index.php\/wp-json\/wp\/v2\/posts\/159","targetHints":{"allow":["GET"]}}],"collection":[{"href":"https:\/\/pasaulioziniasklaida.lt\/index.php\/wp-json\/wp\/v2\/posts"}],"about":[{"href":"https:\/\/pasaulioziniasklaida.lt\/index.php\/wp-json\/wp\/v2\/types\/post"}],"author":[{"embeddable":true,"href":"https:\/\/pasaulioziniasklaida.lt\/index.php\/wp-json\/wp\/v2\/users\/1"}],"replies":[{"embeddable":true,"href":"https:\/\/pasaulioziniasklaida.lt\/index.php\/wp-json\/wp\/v2\/comments?post=159"}],"version-history":[{"count":0,"href":"https:\/\/pasaulioziniasklaida.lt\/index.php\/wp-json\/wp\/v2\/posts\/159\/revisions"}],"wp:featuredmedia":[{"embeddable":true,"href":"https:\/\/pasaulioziniasklaida.lt\/index.php\/wp-json\/wp\/v2\/media\/160"}],"wp:attachment":[{"href":"https:\/\/pasaulioziniasklaida.lt\/index.php\/wp-json\/wp\/v2\/media?parent=159"}],"wp:term":[{"taxonomy":"category","embeddable":true,"href":"https:\/\/pasaulioziniasklaida.lt\/index.php\/wp-json\/wp\/v2\/categories?post=159"},{"taxonomy":"post_tag","embeddable":true,"href":"https:\/\/pasaulioziniasklaida.lt\/index.php\/wp-json\/wp\/v2\/tags?post=159"}],"curies":[{"name":"wp","href":"https:\/\/api.w.org\/{rel}","templated":true}]}}