{"id":1623,"date":"2025-01-29T16:09:33","date_gmt":"2025-01-29T16:09:33","guid":{"rendered":"https:\/\/pasaulioziniasklaida.lt\/index.php\/2025\/01\/29\/sprogmenys-rasti-kartu-su-zydu-taikiniu-sarasu-daugialypeje-antisemitiniuose-ispuoliuose-australijoje-pasaulio-naujienos\/"},"modified":"2025-01-29T16:09:33","modified_gmt":"2025-01-29T16:09:33","slug":"sprogmenys-rasti-kartu-su-zydu-taikiniu-sarasu-daugialypeje-antisemitiniuose-ispuoliuose-australijoje-pasaulio-naujienos","status":"publish","type":"post","link":"https:\/\/pasaulioziniasklaida.lt\/index.php\/2025\/01\/29\/sprogmenys-rasti-kartu-su-zydu-taikiniu-sarasu-daugialypeje-antisemitiniuose-ispuoliuose-australijoje-pasaulio-naujienos\/","title":{"rendered":"Sprogmenys, rasti kartu su \u017eyd\u0173 taikini\u0173 s\u0105ra\u0161u, daugialyp\u0117je antisemitiniuose i\u0161puoliuose Australijoje | Pasaulio naujienos"},"content":{"rendered":"<p> <br \/>\n<\/p>\n<div data-component-name=\"ui-article-body\" data-highlight-intro=\"true\">\n<p>Australijos policija sako, kad jie suplanavo planuojam\u0105 antisemitin\u012f i\u0161puol\u012f, atrad\u0119 karavan\u0105, kuriame yra sprogmen\u0173, kartu su \u017eyd\u0173 taikini\u0173 s\u0105ra\u0161u.<\/p>\n<p>Policija rado pakankamai sprogmen\u0173, kad padaryt\u0173 bomb\u0105 su ma\u017edaug 130 p\u0117d\u0173 (40 m) sprogimu, pasl\u0117ptu karavane <strong>Sidn\u0117jus <\/strong>Sausio 19 d. DURB priemiestyje Naujojo Piet\u0173 Velso policijos komisaro pavaduotojas Davidas Hudsonas tre\u010diadien\u012f sak\u0117 spaudos konferencijai.<\/p>\n<p>Nustatyta med\u017eiaga buvo \u201ePowergel\u201c &#8211; sprogmenis, kuris da\u017enai naudojamas kasybos pramon\u0117je.<\/p>\n<p>Pareig\u016bnai taip pat rado \u017eyd\u0173 taikini\u0173 s\u0105ra\u0161\u0105, kur\u012f ponas Hudsonas atsisak\u0117 nustatyti, ta\u010diau teig\u0117, kad atitinkami bendruomen\u0117s nariai buvo informuoti.<\/p>\n<p>Ponas Hudsonas teig\u0117, kad pastaraisiais m\u0117nesiais tai \u017eymi pavojing\u0105 \u201eeskalacij\u0105\u201c antisemitini\u0173 padegim\u0173 ir graffiti incident\u0173 kampanijoje.<\/p>\n<p>Tai seka <strong>Padegimo ataka prie\u0161 Melburno ADASS Izraelio sinagog\u0105<\/strong> Gruod\u017eio m\u0117n., Kuris su\u017eeid\u0117 vien\u0105 asmen\u012f ir padar\u0117 didel\u0119 \u017eal\u0105 &#8211; ir vaik\u0173 prie\u017ei\u016bros centras buvo nustatomas sausio 21 d. Ryt\u0173 Sidn\u0117juje.<\/p>\n<div class=\"sdc-article-widget sdc-article-image\">\n<figure class=\"sdc-article-image__figure\">\n<div class=\"sdc-article-image__wrapper\" data-aspect-ratio=\"16\/9\">\n          \n    <\/div><figcaption class=\"ui-media-caption\">\n        <span class=\"u-hide-visually\">Vaizdas:<\/span><br \/>\n        <span class=\"ui-media-caption__caption-text\">ADASS Izraelio sinagoga Melburne po to, kai ji buvo u\u017epulta 2024 m. Gruod\u017eio m\u0117n. PIC: AP<br \/>\n        <\/span><br \/>\n      <\/figcaption><\/figure>\n<\/div>\n<p>&#8222;Tai tikrai yra eskalacija. Sprogmen\u0173 naudojimas &#8230; gali padaryti didel\u0119 \u017eal\u0105&#8221;, &#8211; sak\u0117 p. Hudsonas.<\/p>\n<p>Naujojo Piet\u0173 Velso premjeras Chrisas Minnsas patvirtino, kad kovos su terorizmu vald\u017eia tiria.<\/p>\n<p>&#8222;Tai yra galimo masinio avarijos \u012fvykio atradimas. Yra tik vienas b\u016bdas j\u012f i\u0161kviesti. Tai yra terorizmas. \u0160tai d\u0117l ko mes labai nerimaujame&#8221;, &#8211; sak\u0117 jis.<\/p>\n<p>&#8222;Tai sukelt\u0173 teror\u0105 bendruomenei, ypa\u010d \u017eyd\u0173 bendruomenei, ir ji turi b\u016bti sutikta su visais vyriausyb\u0117s i\u0161tekliais.&#8221;<\/p>\n<div class=\"sdc-article-widget sdc-article-image\">\n<figure class=\"sdc-article-image__figure\">\n<div class=\"sdc-article-image__wrapper\" data-aspect-ratio=\"16\/9\">\n          <img decoding=\"async\" class=\"sdc-article-image__item\" loading=\"lazy\" intrinsicsize=\"768x432\" src=\"https:\/\/e3.365dm.com\/25\/01\/768x432\/skynews-map-australia-australia-map_6813555.jpg?20250129125304\" srcset=\"https:\/\/e3.365dm.com\/25\/01\/384x216\/skynews-map-australia-australia-map_6813555.jpg?20250129125304 380w, https:\/\/e3.365dm.com\/25\/01\/768x432\/skynews-map-australia-australia-map_6813555.jpg?20250129125304 760w, https:\/\/e3.365dm.com\/25\/01\/1600x900\/skynews-map-australia-australia-map_6813555.jpg?20250129125304 1024w, https:\/\/e3.365dm.com\/25\/01\/2048x1152\/skynews-map-australia-australia-map_6813555.jpg?20250129125304 2048w\" sizes=\"(min-width: 1024px) 1024px, 100vw\" alt=\" \"\/>\n    <\/div><figcaption class=\"ui-media-caption\">\n        <span class=\"u-hide-visually\">Vaizdas:<\/span><br \/>\n        <span class=\"ui-media-caption__caption-text\">Sprogmenys, rasti Dural, \u017eymi eskalavim\u0105 antisemitini\u0173 incident\u0173 kampanijoje did\u017eiausiuose Australijos miestuose<br \/>\n        <\/span><br \/>\n      <\/figcaption><\/figure>\n<\/div>\n<p><strong>Skaitykite daugiau i\u0161 \u201eSky News\u201c:<\/strong><br \/><strong>Daugelis bijojo mirusi\u0173 Indijoje<br \/>Brit\u0173 vyras mir\u0161ta j\u016broje prie Tenerif\u0117s<br \/>Didelis \u201eCoca Cola\u201c at\u0161aukimas d\u0117l sveikatos rizikos<\/strong><\/p>\n<p>Ponas Hudsonas prid\u016br\u0117, kad buvo padaryta keletas are\u0161t\u0173, ta\u010diau ne d\u0117l aptikt\u0173 sprogmen\u0173.<\/p>\n<p><strong>Padid\u0117ti i\u0161puoli\u0173 nuo Izraelio-Hamo karo<\/strong><\/p>\n<p><strong>Australija<\/strong>Did\u017eiausi miestai Sidn\u0117juje ir Melburne, kuriuose gyvena 85% \u0161alies \u017eyd\u0173 gyventoj\u0173, nuo pat padid\u0117jo antisemitiniai ir islamofobiniai incidentai nuo pat. <strong>Izraelio-Ham\u0173 karas<\/strong> I\u0161\u0117jo 2023 m.<\/p>\n<p>Tai apima i\u0161puolius prie\u0161 sinagogas, pastatus, versl\u0105 ir automobilius.<\/p>\n<p>Tais metais buvo priimti \u012fstatymai, u\u017edraud\u017eiantys vie\u0161us teroro grup\u0117s simboli\u0173 demonstravim\u0105.<\/p>\n<p>2023 m. Spalio 7 d. \u201eHamas\u201c ginklane\u0161iai prad\u0117jo i\u0161puol\u012f prie\u0161 Piet\u0173 Izrael\u012f ir nu\u017eud\u0117 1200 \u017emoni\u0173.<\/p>\n<p>Remiantis teritorijos sveikatos apsaugos ministerija, Gazoje buvo nu\u017eudyta daugiau nei 47 000 \u017emoni\u0173.<\/p>\n<\/p><\/div>\n<p><br \/>\n<br \/><a href=\"https:\/\/news.sky.com\/story\/explosives-found-alongside-list-of-jewish-targets-amid-spate-of-antisemitic-attacks-in-australia-13298839\">Source link <\/a><\/p>\n","protected":false},"excerpt":{"rendered":"<p>Australijos policija sako, kad jie suplanavo planuojam\u0105 antisemitin\u012f i\u0161puol\u012f, atrad\u0119 karavan\u0105, kuriame yra sprogmen\u0173, kartu su \u017eyd\u0173 taikini\u0173 s\u0105ra\u0161u. Policija rado pakankamai sprogmen\u0173, kad padaryt\u0173 bomb\u0105 su ma\u017edaug 130 p\u0117d\u0173 (40 m) sprogimu, pasl\u0117ptu karavane Sidn\u0117jus Sausio 19 d. DURB priemiestyje Naujojo Piet\u0173 Velso policijos komisaro pavaduotojas Davidas Hudsonas tre\u010diadien\u012f sak\u0117 spaudos konferencijai. Nustatyta med\u017eiaga [&hellip;]<\/p>\n","protected":false},"author":1,"featured_media":1624,"comment_status":"","ping_status":"","sticky":false,"template":"","format":"standard","meta":{"om_disable_all_campaigns":false,"_monsterinsights_skip_tracking":false,"_monsterinsights_sitenote_active":false,"_monsterinsights_sitenote_note":"","_monsterinsights_sitenote_category":0,"footnotes":""},"categories":[4],"tags":[3790,1968,3789,2474,543,24,23,3785,3788,3784,3787,3786],"class_list":["post-1623","post","type-post","status-publish","format-standard","has-post-thumbnail","hentry","category-pasaulio-naujienos","tag-antisemitiniuose","tag-australijoje","tag-daugialypeje","tag-ispuoliuose","tag-kartu","tag-naujienos","tag-pasaulio","tag-rasti","tag-sarasu","tag-sprogmenys","tag-taikiniu","tag-zydu"],"aioseo_notices":[],"_links":{"self":[{"href":"https:\/\/pasaulioziniasklaida.lt\/index.php\/wp-json\/wp\/v2\/posts\/1623","targetHints":{"allow":["GET"]}}],"collection":[{"href":"https:\/\/pasaulioziniasklaida.lt\/index.php\/wp-json\/wp\/v2\/posts"}],"about":[{"href":"https:\/\/pasaulioziniasklaida.lt\/index.php\/wp-json\/wp\/v2\/types\/post"}],"author":[{"embeddable":true,"href":"https:\/\/pasaulioziniasklaida.lt\/index.php\/wp-json\/wp\/v2\/users\/1"}],"replies":[{"embeddable":true,"href":"https:\/\/pasaulioziniasklaida.lt\/index.php\/wp-json\/wp\/v2\/comments?post=1623"}],"version-history":[{"count":0,"href":"https:\/\/pasaulioziniasklaida.lt\/index.php\/wp-json\/wp\/v2\/posts\/1623\/revisions"}],"wp:featuredmedia":[{"embeddable":true,"href":"https:\/\/pasaulioziniasklaida.lt\/index.php\/wp-json\/wp\/v2\/media\/1624"}],"wp:attachment":[{"href":"https:\/\/pasaulioziniasklaida.lt\/index.php\/wp-json\/wp\/v2\/media?parent=1623"}],"wp:term":[{"taxonomy":"category","embeddable":true,"href":"https:\/\/pasaulioziniasklaida.lt\/index.php\/wp-json\/wp\/v2\/categories?post=1623"},{"taxonomy":"post_tag","embeddable":true,"href":"https:\/\/pasaulioziniasklaida.lt\/index.php\/wp-json\/wp\/v2\/tags?post=1623"}],"curies":[{"name":"wp","href":"https:\/\/api.w.org\/{rel}","templated":true}]}}