{"id":1633,"date":"2025-01-30T20:40:02","date_gmt":"2025-01-30T20:40:02","guid":{"rendered":"https:\/\/pasaulioziniasklaida.lt\/index.php\/2025\/01\/30\/varsuvoje-ministras-v-kondratovic-susitiko-su-frontex-vadovybe\/"},"modified":"2025-01-30T20:40:02","modified_gmt":"2025-01-30T20:40:02","slug":"varsuvoje-ministras-v-kondratovic-susitiko-su-frontex-vadovybe","status":"publish","type":"post","link":"https:\/\/pasaulioziniasklaida.lt\/index.php\/2025\/01\/30\/varsuvoje-ministras-v-kondratovic-susitiko-su-frontex-vadovybe\/","title":{"rendered":"Var\u0161uvoje ministras V. Kondratovi\u010d susitiko su \u201eFrontex\u201c vadovybe"},"content":{"rendered":"<p> <br \/>\n<\/p>\n<p><\/p>\n<p>Vidaus reikal\u0173 ministras Vladislav Kondratovi\u010d Var\u0161uvoje lank\u0117si Europos sien\u0173 ir pakran\u010di\u0173 apsaugos agent\u016broje \u201eFrontex\u201c, kur susitiko su vykdomuoju direktoriumi Hansu Leijtensu bei kitais auk\u0161to lygio agent\u016bros atstovais. Susitikimo tikslas \u2013 stiprinti bendradarbiavim\u0105 ir aptarti Europos S\u0105jungos (ES) i\u0161or\u0117s sien\u0173 apsaugos klausimus.<\/p>\n<p>Ministras V. Kondratovi\u010d pabr\u0117\u017e\u0117 Lietuvos ir \u201eFrontex\u201c partneryst\u0117s svarb\u0105 bei pad\u0117kojo u\u017e agent\u016bros pagalb\u0105, ypa\u010d 2021 m. neteis\u0117tos migracijos kriz\u0117s metu.<\/p>\n<blockquote>\n<p>\u201eI\u0161or\u0117s sienos apsaugos stiprinimas yra vienas pagrindini\u0173 Vyriausyb\u0117s prioritet\u0173. D\u0117kojame \u201eFrontex\u201c u\u017e nuolatin\u012f palaikym\u0105, operatyvin\u0119 ir technin\u0119 pagalb\u0105, kuri sustiprina Lietuvos institucij\u0173 paj\u0117gumus\u201c, \u2013 teig\u0117 ministras.<\/p>\n<\/blockquote>\n<p>Ministras V. Kondratovi\u010d taip pat atkreip\u0117 d\u0117mes\u012f \u012f Lietuvos pareig\u016bn\u0173 dalyvavim\u0105 bendrai su \u201eFrontex\u201c vykdomose operacijose. 2024 m. Lietuvos pareig\u016bn\u0173 skai\u010dius misijose i\u0161augo 80 proc. \u2013 nuo 146 pareig\u016bn\u0173 2023 m. iki 261 pareig\u016bn\u0173 2024 m. Pasak ministro, tai rodo Lietuvos \u012fsipareigojim\u0105 ES sien\u0173 saugumui ir yra puiki proga pareig\u016bnams mokytis ir tobul\u0117ti.<\/p>\n<p>Susitikimo metu aptarta besikei\u010dianti geopolitin\u0117 situacija bei migracijos i\u0161\u0161\u016bkiai. Vidaus reikal\u0173 ministras akcentavo, kad nepaisant stabilios situacijos pasienyje su Baltarusija, migracijos instrumentalizavimo gr\u0117sm\u0117 i\u0161lieka. Jis pabr\u0117\u017e\u0117, kad ES lygmeniu turi b\u016bti ie\u0161koma inovatyvi\u0173 sprendim\u0173 migracijos valdymui, nes \u0161iuo metu egzistuojantys mechanizmai da\u017eniausiai skirti tik padariniams \u0161velninti.<\/p>\n<p>Viena i\u0161 susitikimo tem\u0173 buvo efektyvesn\u0117s ES gr\u0105\u017einimo politikos stiprinimas. Ministro teigimu, tre\u010diosios \u0161alys turi prisiimti atsakomyb\u0119 ir bendradarbiauti d\u0117l neteis\u0117t\u0173 migrant\u0173 gr\u0105\u017einimo. Jis i\u0161rei\u0161k\u0117 param\u0105 diskusijoms d\u0117l nauj\u0173 sprendim\u0173, pavyzd\u017eiui, gr\u0105\u017einimo centr\u0173 steigimo tre\u010diosiose \u0161alyse, kurie gal\u0117t\u0173 suma\u017einti migracijos spaudim\u0105 ES.<\/p>\n<p>Susitikimo metu aptartos ir \u201eFrontex\u201c mandato stiprinimo perspektyvos. Ministras pabr\u0117\u017e\u0117, kad \u201eFrontex\u201c veiklos pl\u0117trai ir paj\u0117gum\u0173 didinimui turi b\u016bti u\u017etikrintas tinkamas ES finansavimas \u2013 tai yra esmin\u0117 efektyvesnio sien\u0173 valdymo prielaida. Jis patikino, jog Lietuva yra pasirengusi aktyviai dalyvauti diskusijose d\u0117l \u201eFrontex\u201c mandato stiprinimo, ypa\u010d migrant\u0173 gr\u0105\u017einimo srityje.<\/p>\n<p>\u0160ia publikacija dalinasi Lietuvos region\u0173 naujien\u0173 portalas \u201eMiesto naujienos\u201c. Daugiau sau ir savo miestui aktuali\u0173 naujien\u0173 rasite portale Miesto naujienos.<\/p>\n<p><br \/>\n<br \/><a href=\"https:\/\/miestonaujienos.lt\/varsuvoje-ministras-v-kondratovic-susitiko-su-frontex-vadovybe\/\">Source link <\/a><\/p>\n","protected":false},"excerpt":{"rendered":"<p>Vidaus reikal\u0173 ministras Vladislav Kondratovi\u010d Var\u0161uvoje lank\u0117si Europos sien\u0173 ir pakran\u010di\u0173 apsaugos agent\u016broje \u201eFrontex\u201c, kur susitiko su vykdomuoju direktoriumi Hansu Leijtensu bei kitais auk\u0161to lygio agent\u016bros atstovais. Susitikimo tikslas \u2013 stiprinti bendradarbiavim\u0105 ir aptarti Europos S\u0105jungos (ES) i\u0161or\u0117s sien\u0173 apsaugos klausimus. Ministras V. Kondratovi\u010d pabr\u0117\u017e\u0117 Lietuvos ir \u201eFrontex\u201c partneryst\u0117s svarb\u0105 bei pad\u0117kojo u\u017e agent\u016bros pagalb\u0105, [&hellip;]<\/p>\n","protected":false},"author":1,"featured_media":1634,"comment_status":"","ping_status":"","sticky":false,"template":"","format":"standard","meta":{"om_disable_all_campaigns":false,"_monsterinsights_skip_tracking":false,"_monsterinsights_sitenote_active":false,"_monsterinsights_sitenote_note":"","_monsterinsights_sitenote_category":0,"footnotes":""},"categories":[4],"tags":[3811,3642,2779,936,1805,3810],"class_list":["post-1633","post","type-post","status-publish","format-standard","has-post-thumbnail","hentry","category-pasaulio-naujienos","tag-frontex","tag-kondratovic","tag-ministras","tag-susitiko","tag-vadovybe","tag-varsuvoje"],"aioseo_notices":[],"_links":{"self":[{"href":"https:\/\/pasaulioziniasklaida.lt\/index.php\/wp-json\/wp\/v2\/posts\/1633","targetHints":{"allow":["GET"]}}],"collection":[{"href":"https:\/\/pasaulioziniasklaida.lt\/index.php\/wp-json\/wp\/v2\/posts"}],"about":[{"href":"https:\/\/pasaulioziniasklaida.lt\/index.php\/wp-json\/wp\/v2\/types\/post"}],"author":[{"embeddable":true,"href":"https:\/\/pasaulioziniasklaida.lt\/index.php\/wp-json\/wp\/v2\/users\/1"}],"replies":[{"embeddable":true,"href":"https:\/\/pasaulioziniasklaida.lt\/index.php\/wp-json\/wp\/v2\/comments?post=1633"}],"version-history":[{"count":0,"href":"https:\/\/pasaulioziniasklaida.lt\/index.php\/wp-json\/wp\/v2\/posts\/1633\/revisions"}],"wp:featuredmedia":[{"embeddable":true,"href":"https:\/\/pasaulioziniasklaida.lt\/index.php\/wp-json\/wp\/v2\/media\/1634"}],"wp:attachment":[{"href":"https:\/\/pasaulioziniasklaida.lt\/index.php\/wp-json\/wp\/v2\/media?parent=1633"}],"wp:term":[{"taxonomy":"category","embeddable":true,"href":"https:\/\/pasaulioziniasklaida.lt\/index.php\/wp-json\/wp\/v2\/categories?post=1633"},{"taxonomy":"post_tag","embeddable":true,"href":"https:\/\/pasaulioziniasklaida.lt\/index.php\/wp-json\/wp\/v2\/tags?post=1633"}],"curies":[{"name":"wp","href":"https:\/\/api.w.org\/{rel}","templated":true}]}}