{"id":1649,"date":"2025-02-01T16:13:42","date_gmt":"2025-02-01T16:13:42","guid":{"rendered":"https:\/\/pasaulioziniasklaida.lt\/index.php\/2025\/02\/01\/holokaustas-isgyvenes-albrechtas-weinbergas-99-m-pasaulio-naujienos\/"},"modified":"2025-02-01T16:13:42","modified_gmt":"2025-02-01T16:13:42","slug":"holokaustas-isgyvenes-albrechtas-weinbergas-99-m-pasaulio-naujienos","status":"publish","type":"post","link":"https:\/\/pasaulioziniasklaida.lt\/index.php\/2025\/02\/01\/holokaustas-isgyvenes-albrechtas-weinbergas-99-m-pasaulio-naujienos\/","title":{"rendered":"Holokaustas i\u0161gyven\u0119s Albrechtas Weinbergas, 99 m. Pasaulio naujienos"},"content":{"rendered":"<p> <br \/>\n<\/p>\n<div data-component-name=\"ui-article-body\" data-highlight-intro=\"true\">\n<p>Holokausto i\u0161gyven\u0119s asmuo teig\u0117, kad gr\u0105\u017eins savo federalinio nuopeln\u0173 apdovanojim\u0105.<\/p>\n<p><strong>Albrechtas Weinbergas<\/strong>Sprendimas priimamas po to, kai parlamentin\u0117 dauguma buvo u\u017etikrinta Vokietijoje, pirm\u0105 kart\u0105 po Antrojo pasaulinio karo bendradarbiaudamas i\u0161 kra\u0161tutini\u0173 de\u0161ini\u0173j\u0173.<\/p>\n<p>99-eri\u0173 met\u0173 vyras i\u0161gyveno Naci\u0173 mirties stovyklas Au\u0161vice-Birkenau ir Bergen-Belsen. Pirmiausia jis buvo pasmerktas priverstiniam darbui 1939 m. &#8211; ir buvo paleistas 1945 m. Baland\u017eio 15 d.<\/p>\n<p>Jis pamat\u0117, kaip jo t\u0117vai ved\u0117 \u012f duj\u0173 kamer\u0105, o Holokausto metu taip pat buvo nu\u017eudyti ir 39 kiti jo \u0161eimos nariai.<\/p>\n<p>Ponas Weinbergas ketvirtadien\u012f AFP sak\u0117: \u201eNoriu jam (nuopeln\u0173 ordinui) gr\u0105\u017einti po to, kai \u0161alys sujung\u0117 paj\u0117gas su de\u0161ini\u0173j\u0173 radikal\u0173\u201c.<\/p>\n<p>Vadinamasis \u201eantpl\u016bd\u017eio apribojimo \u012fstatymo projektas\u201c b\u016bt\u0173 nutrauk\u0119s \u0161eimos susitikimus migrantams ir suteikdama federalinei policijai daugiau galios vykdyti deportacijas.<\/p>\n<p>Nors taip buvo <strong>galiausiai u\u017eblokavo<\/strong> Penktadien\u012f &#8211; atmestas su 350 bals\u0173 prie\u0161 ir 338 balsus palaikant &#8211; ankstesnis balsas tre\u010diadien\u012f siaurai pra\u0117jo.<\/p>\n<p>Konservatyvi krik\u0161\u010dioni\u0173 demokratin\u0117s s\u0105jungos (CDU) opozicija, naudodama Vokietijos (AFD) alternatyv\u0105 (AFD), kuriai visuomet neoficialiai sutiko niekada nedirbti alternatyvos Vokietijai (AFD).<\/p>\n<p>\u0160is pasi\u016blymas paragino Vokietij\u0105 pasukti daugiau migrant\u0173 prie jos sienos.<\/p>\n<div class=\"sdc-article-widget sdc-site-video callfn\" data-account-id=\"6058004172001\" data-amp-iframe-embed=\"\" data-asset-id=\"31d67f2e-5d03-4ac8-bb09-b4df453cdcb6\" data-asset-path=\"\" data-asset-version=\"\" data-autoplay=\"false\" data-auth-config=\"\" data-caption=\"Weinberg: 'I lost 41 members of my family'\" data-clip-type=\"\" data-component-name=\"sdc-site-video\" data-component-name-alias=\"ui-sitewide-video\" data-competition=\"\" data-copy-url-text=\"URL copied to clipboard\" data-fn=\"sdc-site-video\" data-id=\"id_31d67f2e-5d03-4ac8-bb09-b4df453cdcb6\" data-is-live-stream=\"false\" data-lite=\"true\" data-options=\"\" data-originator-id=\"51\" data-originator-handle=\"brightcove-news-gb\" data-package-name=\"\" data-provider=\"brightcove\" data-player-id=\"yjBoKQ5XA\" data-playsinline=\"\" data-sensitive=\"false\" data-sdc-id=\"6811252\" data-sdc-video-id=\"31d67f2e-5d03-4ac8-bb09-b4df453cdcb6\" data-sport-category=\"\" data-state=\"loading\" data-token-state=\"none\" data-video-ad-unit=\"\" data-video-blacklisted-originator-ids=\"\" data-video-id=\"ref:31d67f2e-5d03-4ac8-bb09-b4df453cdcb6\" data-video-type=\"\" data-auto-pause-on-not-visible=\"true\" tabindex=\"-1\" data-closed-captions-position=\"middle-third\" data-show-closed-captions=\"true\" data-show-pip=\"true\" data-show-live-stream-scrubber=\"true\" data-autoload=\"false\">\n<div class=\"sdc-site-video__inner\">\n<div class=\"sdc-site-video__content\" data-role=\"bridge-controller\" style=\"padding-bottom: calc(100% \/ ());\">\n<p class=\"sdc-site-video__accessibility-message\" data-role=\"accessibility-message\">Nor\u0117dami gauti labiau prieinam\u0105 vaizdo grotuv\u0105, naudokite \u201eChrome\u201c nar\u0161ykl\u0119<\/p>\n<p>              <span aria-hidden=\"true\" data-role=\"poster\" class=\"sdc-site-video__poster\"><br \/>\n                <br \/>\n              <span class=\"sdc-site-video__loader\"\/><br \/>\n                <span class=\"sdc-site-video__time\">3:31<\/span><br \/>\n              <\/span><\/p>\n<p>              <video id=\"id_31d67f2e-5d03-4ac8-bb09-b4df453cdcb6\" data-embed=\"default\" data-application-id=\"\" class=\"video-js sdc-site-video__tag\" controls=\"\" playsinline=\"\"\/>\n            <\/div><figcaption class=\"sdc-site-video__caption ui-media-caption\">\n<p>              <span class=\"ui-media-caption__caption-text\" data-role=\"caption-text\">Weinbergas: \u201eA\u0161 praradau 41 savo \u0161eimos narius\u201c<\/span><br \/>\n            <\/figcaption><\/div>\n<\/p><\/div>\n<p><strong>Skaitykite daugiau i\u0161 \u201eSky News\u201c<br \/>Vokietijos kancleris slenka Elonas Muskas<br \/>Muskas pasirodo AFD kampanijoje<br \/>Vokietija susiduria su tre\u010diaisiais nuosmukio metais<\/strong><\/p>\n<p>Daugeliui CDU bendradarbiavimas su AFD rei\u0161kia nutraukti tabu, kaip dirbti su kra\u0161tutiniais de\u0161iniaisiais.<\/p>\n<p>AFD, kuriam \u0161iuo metu pri\u017ei\u016brima valstyb\u0117s, \u012ftarus kra\u0161tutini\u0173 de\u0161ini\u0173j\u0173 ekstremizm\u0105, anks\u010diau suk\u0117l\u0117 gin\u010d\u0173 d\u0117l kritikavimo Vokietijos Holokausto atminimo min\u0117jimo kritikavimo.<\/p>\n<p>Pra\u0117jus\u012f pirmadien\u012f 80-metis Au\u0161vico i\u0161sivadavimo metines pasi\u017eym\u0117jo politikais ir pasaulio lyderiais.<\/p>\n<p><strong>Kiti i\u0161gyvenusieji seka pavyzd\u017eiu<\/strong><\/p>\n<p>Komentuodamas balsavim\u0105, dar vienas Au\u0161vico i\u0161gyven\u0119s Au\u0161vicas Eva Umlauf, 82 m.<\/p>\n<p>&#8222;Mes visi \u017einome, kaip Vokietijos politikai kart\u0105 paman\u0117, kad jie gali bendradarbiauti su Hitleriu ir naci\u0173 partija. Atjunkite juos&#8221;, &#8211; sak\u0117 ji atvirame lai\u0161ke \u201eSueddeutsche Zeitung\u201c laikra\u0161\u010diui.<\/p>\n<p>&#8222;Ir vos po keleri\u0173 met\u0173 m\u016bs\u0173 demokratija tapo diktat\u016bra. Taika tapo kare&#8221;, &#8211; sak\u0117 ji.<\/p>\n<p>Luigi Toscano, fotografas, kurio projektas \u201enepamir\u0161ime\u201c pasidalyti Holokausto i\u0161gyvenusi\u0173j\u0173 istorijomis, taip pat teig\u0117, kad jis gr\u0105\u017eins savo nuopeln\u0173 ordin\u0105.<\/p>\n<p>\u201eVakar CDU i\u0161dav\u0117 m\u016bs\u0173 demokratines vertybes su rezoliucija ir parama partijai, kuri i\u0161 dalies vadinama de\u0161iniojo sparno ekstremistu\u201c,-anks\u010diau \u0161i\u0105 savait\u0119 \u201eInstagram\u201c \u012fra\u0161e ra\u0161\u0117 ponas Toscano.<\/p>\n<p>Tikimasi, kad Vokietija tur\u0117t\u0173 surengti visuotinius rinkimus vasario 23 d., O krik\u0161\u010dioni\u0173 demokratin\u0117s s\u0105jungos (CDU)\/Christian Social S\u0105jungos (CSU) BLOC, \u0161iuo metu apklausoje &#8211; ma\u017edaug 30%, laim\u0117s.<\/p>\n<p>CDU lyderis Freidrichas Merzas pasi\u016bl\u0117 sugrie\u017etinti migracijos kontrol\u0119, reaguodamas \u012f daugyb\u0119 naujausi\u0173 auk\u0161to rango \u017emoni\u0173 \u017eudyni\u0173, turin\u010di\u0173 imigrant\u0173.<\/p>\n<\/p><\/div>\n<p><br \/>\n<br \/><a href=\"https:\/\/news.sky.com\/story\/holocaust-survivor-albrecht-weinberg-99-to-return-order-of-merit-after-german-opposition-cooperates-with-far-right-13300650\">Source link <\/a><\/p>\n","protected":false},"excerpt":{"rendered":"<p>Holokausto i\u0161gyven\u0119s asmuo teig\u0117, kad gr\u0105\u017eins savo federalinio nuopeln\u0173 apdovanojim\u0105. Albrechtas WeinbergasSprendimas priimamas po to, kai parlamentin\u0117 dauguma buvo u\u017etikrinta Vokietijoje, pirm\u0105 kart\u0105 po Antrojo pasaulinio karo bendradarbiaudamas i\u0161 kra\u0161tutini\u0173 de\u0161ini\u0173j\u0173. 99-eri\u0173 met\u0173 vyras i\u0161gyveno Naci\u0173 mirties stovyklas Au\u0161vice-Birkenau ir Bergen-Belsen. Pirmiausia jis buvo pasmerktas priverstiniam darbui 1939 m. &#8211; ir buvo paleistas 1945 m. [&hellip;]<\/p>\n","protected":false},"author":1,"featured_media":1650,"comment_status":"","ping_status":"","sticky":false,"template":"","format":"standard","meta":{"om_disable_all_campaigns":false,"_monsterinsights_skip_tracking":false,"_monsterinsights_sitenote_active":false,"_monsterinsights_sitenote_note":"","_monsterinsights_sitenote_category":0,"footnotes":""},"categories":[4],"tags":[3843,3841,3842,24,23,3844],"class_list":["post-1649","post","type-post","status-publish","format-standard","has-post-thumbnail","hentry","category-pasaulio-naujienos","tag-albrechtas","tag-holokaustas","tag-isgyvenes","tag-naujienos","tag-pasaulio","tag-weinbergas"],"aioseo_notices":[],"_links":{"self":[{"href":"https:\/\/pasaulioziniasklaida.lt\/index.php\/wp-json\/wp\/v2\/posts\/1649","targetHints":{"allow":["GET"]}}],"collection":[{"href":"https:\/\/pasaulioziniasklaida.lt\/index.php\/wp-json\/wp\/v2\/posts"}],"about":[{"href":"https:\/\/pasaulioziniasklaida.lt\/index.php\/wp-json\/wp\/v2\/types\/post"}],"author":[{"embeddable":true,"href":"https:\/\/pasaulioziniasklaida.lt\/index.php\/wp-json\/wp\/v2\/users\/1"}],"replies":[{"embeddable":true,"href":"https:\/\/pasaulioziniasklaida.lt\/index.php\/wp-json\/wp\/v2\/comments?post=1649"}],"version-history":[{"count":0,"href":"https:\/\/pasaulioziniasklaida.lt\/index.php\/wp-json\/wp\/v2\/posts\/1649\/revisions"}],"wp:featuredmedia":[{"embeddable":true,"href":"https:\/\/pasaulioziniasklaida.lt\/index.php\/wp-json\/wp\/v2\/media\/1650"}],"wp:attachment":[{"href":"https:\/\/pasaulioziniasklaida.lt\/index.php\/wp-json\/wp\/v2\/media?parent=1649"}],"wp:term":[{"taxonomy":"category","embeddable":true,"href":"https:\/\/pasaulioziniasklaida.lt\/index.php\/wp-json\/wp\/v2\/categories?post=1649"},{"taxonomy":"post_tag","embeddable":true,"href":"https:\/\/pasaulioziniasklaida.lt\/index.php\/wp-json\/wp\/v2\/tags?post=1649"}],"curies":[{"name":"wp","href":"https:\/\/api.w.org\/{rel}","templated":true}]}}