{"id":1663,"date":"2025-02-03T16:16:07","date_gmt":"2025-02-03T16:16:07","guid":{"rendered":"https:\/\/pasaulioziniasklaida.lt\/index.php\/2025\/02\/03\/ciles-teniso-zaidejas-cristianas-garinas-praranda-daviso-taures-kvalifikacija-kad-atsisakytu-testi-po-susidurimo-pasaulio-naujienos\/"},"modified":"2025-02-03T16:16:07","modified_gmt":"2025-02-03T16:16:07","slug":"ciles-teniso-zaidejas-cristianas-garinas-praranda-daviso-taures-kvalifikacija-kad-atsisakytu-testi-po-susidurimo-pasaulio-naujienos","status":"publish","type":"post","link":"https:\/\/pasaulioziniasklaida.lt\/index.php\/2025\/02\/03\/ciles-teniso-zaidejas-cristianas-garinas-praranda-daviso-taures-kvalifikacija-kad-atsisakytu-testi-po-susidurimo-pasaulio-naujienos\/","title":{"rendered":"\u010cil\u0117s teniso \u017eaid\u0117jas Cristianas Garinas praranda Daviso taur\u0117s kvalifikacij\u0105, kad atsisakyt\u0173 t\u0119sti po susid\u016brimo | Pasaulio naujienos"},"content":{"rendered":"<p> <br \/>\n<\/p>\n<div data-component-name=\"ui-article-body\" data-highlight-intro=\"true\">\n<p>\u010cil\u0117s teniso \u017eaid\u0117jas Cristianas Garinas keistai prarado savo \u201eDavis\u201c taur\u0117s kvalifikacij\u0105 po to, kai atsisak\u0117 t\u0119sti atsitiktin\u012f susid\u016brim\u0105 su savo prie\u0161ininku.<\/p>\n<p>Belgijos \u201eZizou Bergs\u201c \u0161vent\u0117 laim\u0117damas \u017eaidim\u0105 tre\u010diame sete, kai jis sprindino link savo suolo.<\/p>\n<p>Garinas tuo pa\u010diu metu prava\u017eiavo siaur\u0105 tarp\u0105 tarp tinklo ir teis\u0117jo k\u0117d\u0117s, ir jie susid\u016br\u0117, kai Bergai pagavo \u010cil\u0117s \u017eaid\u0117j\u0105 \u012f akis.<\/p>\n<p>25-eri\u0173 belgietis i\u0161kart prad\u0117jo atsipra\u0161yti, o Garinas tur\u0117jo gauti gydym\u0105.<\/p>\n<p>Bergsui buvo suteiktas kodo pa\u017eeidimas d\u0117l nesportuojamo elgesio, ta\u010diau jo \u010cil\u0117s prie\u0161ininkas atsisak\u0117 t\u0119sti ir paragino j\u012f diskvalifikuoti.<\/p>\n<p>Vietoj to, 28 -eri\u0173 met\u0173 Garinas gavo tris i\u0161 eil\u0117s pa\u017eeidimus i\u0161 eil\u0117s, d\u0117l kuri\u0173 buvo bauda \u017eaidim\u0173, o jis pralaim\u0117jo rinkin\u012f ir rungtynes \u200b\u200bnejud\u0117damas i\u0161 suolelio.<\/p>\n<p>\u201eBergs\u201c laim\u0117jo 6-3, 4-6, 7-5, tai rei\u0161kia, kad Belgija pateko \u012f antr\u0105j\u012f kvalifikacijos etap\u0105.<\/p>\n<p>Tarptautin\u0117 teniso federacija (ITF) savo prane\u0161ime teig\u0117: \u201eTai buvo reta, apgail\u0117tina ir labai subtili situacija ir visi dalyvaujantys, \u012fskaitant nepriklausom\u0105 gydytoj\u0105, vykd\u0117 deram\u0105 patikrinim\u0105, pagr\u012fst\u0105 taisykl\u0117mis ir proced\u016bromis.<\/p>\n<p>&#8222;Mes suprantame emocijas, susijusias su \u0161iuo ne\u012fprastu \u012fvykiu, ta\u010diau galutinis sprendimas buvo priimtas svarstant visus aplinkinius faktus ir unikalias aplinkybes.&#8221;<\/p>\n<p><strong>Skaitykite daugiau:<\/strong><br \/><strong>CAT draudimas gali b\u016bti pateiktas \u0160kotijoje<\/strong><br \/><strong>Buv\u0119s Ispanijos futbolo vir\u0161ininkas eina \u012f teism\u0105 d\u0117l \u201eKiss\u201c<\/strong><br \/><strong>\u0160tai k\u0105 visi kalba po \u201eGrammy\u201c<\/strong><\/p>\n<div class=\"sdc-article-widget sdc-article-image\">\n<figure class=\"sdc-article-image__figure\">\n<div class=\"sdc-article-image__wrapper\" data-aspect-ratio=\"16\/9\">\n          \n    <\/div><figcaption class=\"ui-media-caption\">\n        <span class=\"u-hide-visually\">Vaizdas:<\/span><br \/>\n        <span class=\"ui-media-caption__caption-text\">Crisitanas Garinas paragino diskvalifikuoti savo prie\u0161inink\u0105. PIC: \u201eReuters\u201c<br \/>\n        <\/span><br \/>\n      <\/figcaption><\/figure>\n<\/div>\n<div class=\"sdc-article-widget sdc-article-strapline sdc-article-strapline--default-layout\" data-component-name=\"sdc-article-strapline\">\n<div class=\"sdc-article-strapline__link\">\n<div class=\"sdc-article-strapline__image-wrap\">\n                <picture><source srcset=\"https:\/\/e3.365dm.com\/24\/03\/320x180\/skynews-gfxwhatsapppromo-gfxwhatsapp_6490206.png 320w, https:\/\/e3.365dm.com\/24\/03\/640x380\/skynews-gfxwhatsapppromo-gfxwhatsapp_6490206.png 640w\" media=\"(max-width: 480px)\"><source srcset=\"https:\/\/e3.365dm.com\/24\/03\/256x256\/skynews-gfxwhatsapppromo-gfxwhatsapp_6490206.png 256w, https:\/\/e3.365dm.com\/24\/03\/512x512\/skynews-gfxwhatsapppromo-gfxwhatsapp_6490206.png 512w\" media=\"(min-width: 481px)\"><img decoding=\"async\" loading=\"lazy\" src=\"https:\/\/e3.365dm.com\/24\/03\/512x512\/skynews-gfxwhatsapppromo-gfxwhatsapp_6490206.png\" alt=\"Sekite \u201eSky News\u201c \u201eWhatsApp\u201c\" class=\"sdc-article-strapline__image\"\/><br \/>\n                <\/source><\/source><\/picture>\n            <\/div>\n<div class=\"sdc-article-strapline__body\">\n                <span class=\"sdc-article-strapline__title\">Sekite \u201eSky News\u201c \u201eWhatsApp\u201c<\/span><\/p>\n<p class=\"sdc-article-strapline__text\">Sekite visas naujausias naujienas i\u0161 JK ir visame pasaulyje, sekdami \u201eSky News\u201c<\/p>\n<p>                Bakstel\u0117kite \u010dia\n        <\/p><\/div>\n<\/p><\/div>\n<\/p><\/div>\n<p>\u010cil\u0117s olimpinis komitetas \u201eX\u201c parei\u0161k\u0117, kad jis buvo \u201enusimin\u0119s ir ne\u012ftik\u0117tinas\u201c d\u0117l situacijos ir kad jis rems \u010cil\u0117s teniso federacij\u0105 \u201etaigi, kad \u0161is g\u0117dingas tarptautinis incidentas neb\u016bt\u0173 nenubaustas\u201c.<\/p>\n<p>\u0160iuo metu \u201eBergs\u201c u\u017eima 61 viet\u0105 pasaulyje, o Garinas u\u017eima 132 viet\u0105.<\/p>\n<p>\u201eDavis\u201c taur\u0117, kuri\u0105 sudaro komandos i\u0161 150 \u0161ali\u0173, yra did\u017eiausia kasmetin\u0117 pasaulio sporto var\u017eybos tenise.<\/p>\n<p>Finalas \u012fvyks lapkrit\u012f.<\/p>\n<\/p><\/div>\n<p><br \/>\n<br \/><a href=\"https:\/\/news.sky.com\/story\/chilean-tennis-player-cristian-garin-loses-davis-cup-qualifier-for-refusing-to-continue-after-collision-13302418\">Source link <\/a><\/p>\n","protected":false},"excerpt":{"rendered":"<p>\u010cil\u0117s teniso \u017eaid\u0117jas Cristianas Garinas keistai prarado savo \u201eDavis\u201c taur\u0117s kvalifikacij\u0105 po to, kai atsisak\u0117 t\u0119sti atsitiktin\u012f susid\u016brim\u0105 su savo prie\u0161ininku. Belgijos \u201eZizou Bergs\u201c \u0161vent\u0117 laim\u0117damas \u017eaidim\u0105 tre\u010diame sete, kai jis sprindino link savo suolo. Garinas tuo pa\u010diu metu prava\u017eiavo siaur\u0105 tarp\u0105 tarp tinklo ir teis\u0117jo k\u0117d\u0117s, ir jie susid\u016br\u0117, kai Bergai pagavo \u010cil\u0117s \u017eaid\u0117j\u0105 [&hellip;]<\/p>\n","protected":false},"author":1,"featured_media":1664,"comment_status":"","ping_status":"","sticky":false,"template":"","format":"standard","meta":{"om_disable_all_campaigns":false,"_monsterinsights_skip_tracking":false,"_monsterinsights_sitenote_active":false,"_monsterinsights_sitenote_note":"","_monsterinsights_sitenote_category":0,"footnotes":""},"categories":[4],"tags":[3872,3864,3867,3870,3868,291,3871,24,23,3869,3806,1633,3865,1509,3866],"class_list":["post-1663","post","type-post","status-publish","format-standard","has-post-thumbnail","hentry","category-pasaulio-naujienos","tag-atsisakytu","tag-ciles","tag-cristianas","tag-daviso","tag-garinas","tag-kad","tag-kvalifikacija","tag-naujienos","tag-pasaulio","tag-praranda","tag-susidurimo","tag-taures","tag-teniso","tag-testi","tag-zaidejas"],"aioseo_notices":[],"_links":{"self":[{"href":"https:\/\/pasaulioziniasklaida.lt\/index.php\/wp-json\/wp\/v2\/posts\/1663","targetHints":{"allow":["GET"]}}],"collection":[{"href":"https:\/\/pasaulioziniasklaida.lt\/index.php\/wp-json\/wp\/v2\/posts"}],"about":[{"href":"https:\/\/pasaulioziniasklaida.lt\/index.php\/wp-json\/wp\/v2\/types\/post"}],"author":[{"embeddable":true,"href":"https:\/\/pasaulioziniasklaida.lt\/index.php\/wp-json\/wp\/v2\/users\/1"}],"replies":[{"embeddable":true,"href":"https:\/\/pasaulioziniasklaida.lt\/index.php\/wp-json\/wp\/v2\/comments?post=1663"}],"version-history":[{"count":0,"href":"https:\/\/pasaulioziniasklaida.lt\/index.php\/wp-json\/wp\/v2\/posts\/1663\/revisions"}],"wp:featuredmedia":[{"embeddable":true,"href":"https:\/\/pasaulioziniasklaida.lt\/index.php\/wp-json\/wp\/v2\/media\/1664"}],"wp:attachment":[{"href":"https:\/\/pasaulioziniasklaida.lt\/index.php\/wp-json\/wp\/v2\/media?parent=1663"}],"wp:term":[{"taxonomy":"category","embeddable":true,"href":"https:\/\/pasaulioziniasklaida.lt\/index.php\/wp-json\/wp\/v2\/categories?post=1663"},{"taxonomy":"post_tag","embeddable":true,"href":"https:\/\/pasaulioziniasklaida.lt\/index.php\/wp-json\/wp\/v2\/tags?post=1663"}],"curies":[{"name":"wp","href":"https:\/\/api.w.org\/{rel}","templated":true}]}}