{"id":1670,"date":"2025-02-04T16:18:35","date_gmt":"2025-02-04T16:18:35","guid":{"rendered":"https:\/\/pasaulioziniasklaida.lt\/index.php\/2025\/02\/04\/svedijos-saudymas-ka-mes-zinome-po-to-kai-penki-zmones-saude-i-suaugusiuju-svietimo-centra-pasaulio-naujienos\/"},"modified":"2025-02-04T16:18:35","modified_gmt":"2025-02-04T16:18:35","slug":"svedijos-saudymas-ka-mes-zinome-po-to-kai-penki-zmones-saude-i-suaugusiuju-svietimo-centra-pasaulio-naujienos","status":"publish","type":"post","link":"https:\/\/pasaulioziniasklaida.lt\/index.php\/2025\/02\/04\/svedijos-saudymas-ka-mes-zinome-po-to-kai-penki-zmones-saude-i-suaugusiuju-svietimo-centra-pasaulio-naujienos\/","title":{"rendered":"\u0160vedijos \u0161audymas: k\u0105 mes \u017einome po to, kai penki \u017emon\u0117s \u0161aud\u0117 \u012f suaugusi\u0173j\u0173 \u0161vietimo centr\u0105 | Pasaulio naujienos"},"content":{"rendered":"<p> <br \/>\n<\/p>\n<div data-component-name=\"ui-article-body\" data-highlight-intro=\"true\">\n<p>Vyksta pagrindin\u0117 policijos operacija po to, kai penki \u017emon\u0117s buvo su\u0161audyti \u012f suaugusi\u0173j\u0173 \u0161vietimo centr\u0105 \u0160vedijoje.<\/p>\n<p>Vald\u017eia persp\u0117jo visuomen\u0119 atsiriboti nuo Orebro miesto, ma\u017edaug 200 km (125 myli\u0173) \u012f vakarus nuo Sostin\u0117s Stokholmo, teritorijos.<\/p>\n<p><strong>\u0160vedijos \u0161audymas Naujausias: sekite atnaujinimus<\/strong><\/p>\n<p>\u012e ligonin\u0119 buvo i\u0161ve\u017eti penki \u017emon\u0117s, i\u0161 kuri\u0173 vienas yra kriti\u0161kai su\u017eeistas.<\/p>\n<p>Policija teig\u0117, kad jie dar negali pasakyti, ar kas nors buvo nu\u017eudytas. Jie taip pat nepateik\u0117 jokios daugiau informacijos apie tai, ar su\u017eeistieji buvo studentai, ar mokytojai.<\/p>\n<p>\u0160tai viskas, apie k\u0105 mes \u017einome <strong>\u0161audymas<\/strong> kol kas.<\/p>\n<div class=\"sdc-article-widget sdc-article-image\">\n<figure class=\"sdc-article-image__figure\">\n<div class=\"sdc-article-image__wrapper\" data-aspect-ratio=\"16\/9\">\n          \n    <\/div><figcaption class=\"ui-media-caption\">\n        <span class=\"u-hide-visually\">Vaizdas:<\/span><br \/>\n        <span class=\"ui-media-caption__caption-text\">PIC: TT naujien\u0173 agent\u016bra\/\u201eKicki Nilsson\u201c\/\u201eReuters\u201c<br \/>\n        <\/span><br \/>\n      <\/figcaption><\/figure>\n<\/div>\n<p><strong>Kas nutiko?<\/strong><\/p>\n<p>Policija buvo \u012fsp\u0117ta, kad \u0161\u016bviai buvo \u0161audomi \u012f universiteto miestelio Risbergska suaugusi\u0173j\u0173 \u0161vietimo centr\u0105 i\u0161kart po 12.30 val. Vietos laiku (11.30 val. JK laikas) antradien\u012f.<\/p>\n<p>Smurtas kilo po to, kai daugelis student\u0173 gr\u012f\u017eo namo po nacionalinio egzamino. Vaizdo \u012fra\u0161o filmuota med\u017eiaga i\u0161 \u012fvykio vietos parod\u0117 didel\u012f policijos buvim\u0105 ir kitas avarines transporto priemones.<\/p>\n<div class=\"sdc-article-widget sdc-article-image\">\n<figure class=\"sdc-article-image__figure\">\n<div class=\"sdc-article-image__wrapper\" data-aspect-ratio=\"16\/9\">\n          <img decoding=\"async\" class=\"sdc-article-image__item\" loading=\"lazy\" intrinsicsize=\"768x432\" src=\"https:\/\/e3.365dm.com\/25\/02\/768x432\/skynews-risbergska-police-risbergska-school_6819397.jpg?20250204144642\" srcset=\"https:\/\/e3.365dm.com\/25\/02\/384x216\/skynews-risbergska-police-risbergska-school_6819397.jpg?20250204144642 380w, https:\/\/e3.365dm.com\/25\/02\/768x432\/skynews-risbergska-police-risbergska-school_6819397.jpg?20250204144642 760w, https:\/\/e3.365dm.com\/25\/02\/1600x900\/skynews-risbergska-police-risbergska-school_6819397.jpg?20250204144642 1024w, https:\/\/e3.365dm.com\/25\/02\/2048x1152\/skynews-risbergska-police-risbergska-school_6819397.jpg?20250204144642 2048w\" sizes=\"(min-width: 1024px) 1024px, 100vw\" alt=\"Policija \u0161audymo vietoje Risbergskos mokykloje, Orebro mieste, \u0160vedijos paveiksl\u0117lyje: \u201eKicki Nilsson\u201c\/TT naujien\u0173 agent\u016bra \"\/>\n    <\/div><figcaption class=\"ui-media-caption\">\n        <span class=\"u-hide-visually\">Vaizdas:<\/span><br \/>\n        <span class=\"ui-media-caption__caption-text\">PIC: \u201eKicti Nilsson\u201c\/\u201eTT News Agency\u201c<br \/>\n        <\/span><br \/>\n      <\/figcaption><\/figure>\n<\/div>\n<p>V\u0117liau vald\u017eios institucijos patvirtino, kad po incidento \u012f ligonin\u0119 buvo i\u0161ve\u017eti penki \u017emon\u0117s. Keturiems i\u0161 j\u0173 buvo atlikta operacija.<\/p>\n<p>I\u0161 t\u0173 keturi\u0173 vienas yra sunkiai su\u017eeistas, du yra stabil\u016bs, o vienas yra \u0161iek tiek su\u017eeistas.<\/p>\n<p>Po \u0161audymo buvo evakuoti studentai, kurie buvo prieglobstis netoliese esan\u010diuose pastatuose ir kitose mokyklos dalyse.<\/p>\n<p>Remiantis jos tinklalapiu, \u201eRisbergska\u201c tarnauja studentams, vyresniems nei 20 met\u0173.<\/p>\n<p>Si\u016blomi pirmin\u0117s ir auk\u0161tesn\u0117s vidurin\u0117s mokyklos kursai, taip pat \u0160vedijos u\u017esi\u0117mimai imigrantams, profesinis mokymas ir programos \u017emon\u0117ms su intelektualine negalia.<\/p>\n<div class=\"sdc-article-widget sdc-article-custom-markup \" data-component-name=\"sdc-article-custom-markup\" data-consent=\"pending\" data-vendor-name=\"datawrapper\">\n<section aria-label=\"Consent required\" class=\"ui-consent-roadblock\" data-component-name=\"ui-consent-roadblock\" data-aspect-ratio=\"1\/1\">\n<div class=\"ui-consent-roadblock-body\">\n        <span class=\"ui-consent-roadblock-body__title\">\u201eDatawRapper\u201c<\/span><br \/>\n            <span class=\"ui-consent-roadblock-body__description\" data-show-on-fallback=\"false\"><\/p>\n<p>                \u0160\u012f turin\u012f teikia <span class=\"ui-consent-roadblock-body__vendor-title\">\u201eDatawRapper\u201c<\/span>kurie gali b\u016bti naudojami slapukai ir kitos technologijos. Nor\u0117dami parodyti jums \u0161\u012f turin\u012f, mums reikia j\u016bs\u0173 leidimo naudoti slapukus. Nor\u0117dami \u012fjungti, galite naudoti \u017eemiau esan\u010dius mygtukus <span class=\"ui-consent-roadblock-body__vendor-title\">\u201eDatawRapper\u201c<\/span> sausainiai arba leisti tuos slapukus tik vien\u0105 kart\u0105. Galite bet kada pakeisti savo nustatymus naudodamiesi privatumo parinktimis.<br \/>\n            <\/span><br \/>\n            <span class=\"ui-consent-roadblock-body__description\" data-show-on-fallback=\"true\"><\/p>\n<p>                Deja, mes negal\u0117jome patikrinti, ar sutikote <span class=\"ui-consent-roadblock-body__vendor-title\">\u201eDatawRapper\u201c<\/span> sausainiai. Nor\u0117dami per\u017ei\u016br\u0117ti \u0161\u012f turin\u012f, galite naudoti \u017eemiau esant\u012f mygtuk\u0105, kad gal\u0117tum\u0117te leisti <span class=\"ui-consent-roadblock-body__vendor-title\">\u201eDatawRapper\u201c<\/span> Slapukai tik \u0161iam sesijai.<br \/>\n            <\/span><\/p>\n<div class=\"ui-consent-roadblock-body__link-group\">\n<p>                \u012egalinti slapukus Leiskite slapukams vien\u0105 kart\u0105\n            <\/p><\/div>\n<\/p><\/div>\n<\/section>\n<\/div>\n<p><strong>K\u0105 mes \u017einome apie \u012ftariam\u0105j\u012f<\/strong><\/p>\n<p>\u012etariamasis liko bevardis, ta\u010diau policija patvirtino, kad jie yra patinai.<\/p>\n<p>Vald\u017eia teig\u0117, kad, j\u0173 manymu, \u012ftariamasis yra tarp penki\u0173 ligonin\u0117se su\u017eeist\u0173 \u017emoni\u0173.<\/p>\n<div class=\"sdc-article-widget sdc-article-image\">\n<figure class=\"sdc-article-image__figure\">\n<div class=\"sdc-article-image__wrapper\" data-aspect-ratio=\"16\/9\">\n          <img decoding=\"async\" class=\"sdc-article-image__item\" loading=\"lazy\" intrinsicsize=\"768x432\" src=\"https:\/\/e3.365dm.com\/25\/02\/768x432\/skynews-police-orebro-sweden_6819484.jpg?20250204143448\" srcset=\"https:\/\/e3.365dm.com\/25\/02\/384x216\/skynews-police-orebro-sweden_6819484.jpg?20250204143448 380w, https:\/\/e3.365dm.com\/25\/02\/768x432\/skynews-police-orebro-sweden_6819484.jpg?20250204143448 760w, https:\/\/e3.365dm.com\/25\/02\/1600x900\/skynews-police-orebro-sweden_6819484.jpg?20250204143448 1024w, https:\/\/e3.365dm.com\/25\/02\/2048x1152\/skynews-police-orebro-sweden_6819484.jpg?20250204143448 2048w\" sizes=\"(min-width: 1024px) 1024px, 100vw\" alt=\"PIC: Ap\"\/>\n    <\/div><figcaption class=\"ui-media-caption\">\n        <span class=\"u-hide-visually\">Vaizdas:<\/span><br \/>\n        <span class=\"ui-media-caption__caption-text\">PIC: Ap<br \/>\n        <\/span><br \/>\n      <\/figcaption><\/figure>\n<\/div>\n<p>Policija prid\u016br\u0117, kad jie negali atmesti, kad yra daugiau \u012ftariam\u0173 u\u017epuolik\u0173.<\/p>\n<p>Jie sak\u0117, kad kitas tyrimo etapas yra nustatyti \u0161audymo motyv\u0105.<\/p>\n<p><strong>\u201eTrys kirp\u010diukai ir gars\u016bs riksmai\u201c<\/strong><\/p>\n<p>Vienas asmuo, kuris buvo tarp t\u0173, priverst\u0173 patys barkaduoti mokykloje, teig\u0117, kad \u201ei\u0161girdo tris kirp\u010diukus ir garsus riksmus\u201c.<\/p>\n<p>&#8222;Dabar mes s\u0117dime \u010dia laukdami, kol bus evakuoti i\u0161 mokyklos. M\u016bs\u0173 gauta informacija yra ta, kad tur\u0117tume s\u0117d\u0117ti ir laukti&#8221;, &#8211; jie pasakojo \u201eExpressen\u201c laikra\u0161\u010diui.<\/p>\n<div class=\"sdc-article-widget sdc-article-image\">\n<figure class=\"sdc-article-image__figure\">\n<div class=\"sdc-article-image__wrapper\" data-aspect-ratio=\"16\/9\">\n          <img decoding=\"async\" class=\"sdc-article-image__item\" loading=\"lazy\" intrinsicsize=\"768x432\" src=\"https:\/\/e3.365dm.com\/25\/02\/768x432\/skynews-police-orebro-sweden_6819481.jpg?20250204143256\" srcset=\"https:\/\/e3.365dm.com\/25\/02\/384x216\/skynews-police-orebro-sweden_6819481.jpg?20250204143256 380w, https:\/\/e3.365dm.com\/25\/02\/768x432\/skynews-police-orebro-sweden_6819481.jpg?20250204143256 760w, https:\/\/e3.365dm.com\/25\/02\/1600x900\/skynews-police-orebro-sweden_6819481.jpg?20250204143256 1024w, https:\/\/e3.365dm.com\/25\/02\/2048x1152\/skynews-police-orebro-sweden_6819481.jpg?20250204143256 2048w\" sizes=\"(min-width: 1024px) 1024px, 100vw\" alt=\"Vaizdo \u012fra\u0161o griebtuvas i\u0161 AP \"\/>\n    <\/div><figcaption class=\"ui-media-caption\">\n        <span class=\"u-hide-visually\">Vaizdas:<\/span><br \/>\n        <span class=\"ui-media-caption__caption-text\">Policija \u012fvykio vietoje<br \/>\n        <\/span><br \/>\n      <\/figcaption><\/figure>\n<\/div>\n<p>\u0160vedijos laikra\u0161tis \u201eAftonbladet\u201c prane\u0161\u0117, kad vienas asmuo, \u012fstrig\u0119s mokykloje, sakydamas: \u201eMes gird\u0117jome kelis \u0161\u016bvius lauke\u201c.<\/p>\n<p>Pelavas Koubakas, fotografas, kuris i\u0161puolio metu buvo rajone, teig\u0117, kad danguje mat\u0117 bent tris policijos sraigtasparnius.<\/p>\n<p>\u201eA\u0161 kalb\u0117jau su vaikinu, va\u017eiuojan\u010diu dvira\u010diu, kuris pra\u0117jo per rajon\u0105\u201c, &#8211; pasakojo jis \u201eSky News\u201c laid\u0173 ved\u0117jui <strong>Kamali Melburnas<\/strong>.<\/p>\n<p>&#8222;Jis tur\u0117jo draug\u0105, kuris dirbo mokykloje, kuris jam atsiunt\u0117 tekstin\u012f prane\u0161im\u0105, kad ten kilo automatin\u0117 \u0161autuvo gaisras. Jis gul\u0117jo ant grind\u0173 mokyklos viduje.&#8221;<\/p>\n<div class=\"sdc-article-widget sdc-article-image\">\n<figure class=\"sdc-article-image__figure\">\n<div class=\"sdc-article-image__wrapper\" data-aspect-ratio=\"16\/9\">\n          <img decoding=\"async\" class=\"sdc-article-image__item\" loading=\"lazy\" intrinsicsize=\"768x432\" src=\"https:\/\/e3.365dm.com\/25\/02\/768x432\/skynews-sweden-orebro-school_6819405.jpg?20250204131954\" srcset=\"https:\/\/e3.365dm.com\/25\/02\/384x216\/skynews-sweden-orebro-school_6819405.jpg?20250204131954 380w, https:\/\/e3.365dm.com\/25\/02\/768x432\/skynews-sweden-orebro-school_6819405.jpg?20250204131954 760w, https:\/\/e3.365dm.com\/25\/02\/1600x900\/skynews-sweden-orebro-school_6819405.jpg?20250204131954 1024w, https:\/\/e3.365dm.com\/25\/02\/2048x1152\/skynews-sweden-orebro-school_6819405.jpg?20250204131954 2048w\" sizes=\"(min-width: 1024px) 1024px, 100vw\" alt=\"Policija Risbergska mokykloje Orebro mieste, \u0160vedijoje.  PIC: TT naujien\u0173 agent\u016bra\/\u201eKicki Nilsson\u201c\/\u201eReuters\u201c\"\/>\n    <\/div><figcaption class=\"ui-media-caption\">\n        <span class=\"u-hide-visually\">Vaizdas:<\/span><br \/>\n        <span class=\"ui-media-caption__caption-text\">PIC: TT naujien\u0173 agent\u016bra\/\u201eKicki Nilsson\u201c\/\u201eReuters\u201c<br \/>\n        <\/span><br \/>\n      <\/figcaption><\/figure>\n<\/div>\n<p>Paklaustas, ar ginkl\u0173 smurtas rajone buvo retas, ponas Koubakas teig\u0117, kad taip n\u0117ra.<\/p>\n<p>&#8222;Per pastaruosius por\u0105 met\u0173 mes tur\u0117jome daugyb\u0119 susi\u0161audym\u0173 aplink \u0160vedij\u0105 ir Orebro. Ta\u010diau atrodo, kad tai yra tarsi didesnis&#8221;, &#8211; sak\u0117 jis.<\/p>\n<p>&#8222;Manau, kad (policija) \u0161iais laikais yra gana i\u0161silavin\u0119 apie tokio tipo situacijas. Labai greitai po \u017eadintuvo labai greitai reagavo i\u0161 didelio policijos padalinio ir daugybe sraigtasparni\u0173.&#8221;<\/p>\n<p><strong>K\u0105 pasak\u0117 policija?<\/strong><\/p>\n<p>\u0160vedijos policija anks\u010diau persp\u0117jo visuomen\u0119, kad \u201epavojus nesibaigia\u201c, ta\u010diau atnaujinime teig\u0117, kad jie mano, kad gresianti gr\u0117sm\u0117 baig\u0117si.<\/p>\n<div class=\"sdc-article-widget sdc-article-image\">\n<figure class=\"sdc-article-image__figure\">\n<div class=\"sdc-article-image__wrapper\" data-aspect-ratio=\"16\/9\">\n          <img decoding=\"async\" class=\"sdc-article-image__item\" loading=\"lazy\" intrinsicsize=\"768x432\" src=\"https:\/\/e3.365dm.com\/25\/02\/768x432\/skynews-orebro-sweden-helicopter_6819461.jpg?20250204141904\" srcset=\"https:\/\/e3.365dm.com\/25\/02\/384x216\/skynews-orebro-sweden-helicopter_6819461.jpg?20250204141904 380w, https:\/\/e3.365dm.com\/25\/02\/768x432\/skynews-orebro-sweden-helicopter_6819461.jpg?20250204141904 760w, https:\/\/e3.365dm.com\/25\/02\/1600x900\/skynews-orebro-sweden-helicopter_6819461.jpg?20250204141904 1024w, https:\/\/e3.365dm.com\/25\/02\/2048x1152\/skynews-orebro-sweden-helicopter_6819461.jpg?20250204141904 2048w\" sizes=\"(min-width: 1024px) 1024px, 100vw\" alt=\"Sraigtasparnis \u0161audymo vietoje Risbergskos mokykloje, Orebro.   PIC: \u201eKicti Nilsson\u201c\/\u201eTT News Agency\u201c\/AP\"\/>\n    <\/div><figcaption class=\"ui-media-caption\">\n        <span class=\"u-hide-visually\">Vaizdas:<\/span><br \/>\n        <span class=\"ui-media-caption__caption-text\">PIC: \u201eKicti Nilsson\u201c\/\u201eTT News Agency\u201c\/AP<br \/>\n        <\/span><br \/>\n      <\/figcaption><\/figure>\n<\/div>\n<p>Keli\u0173 rajono mokykl\u0173 mokiniai ir darbuotojai prad\u0117jo evakuotis, ta\u010diau pareig\u016bnai liep\u0117 visuomenei vis dar likti atokiau nuo rajono.<\/p>\n<p>Jie prid\u016br\u0117, kad \u201etoliau ie\u0161ko mokyklos ir daugiausia d\u0117mesio skiria saugumo darbui\u201c.<\/p>\n<p>Policijos sraigtasparnis buvo pavaizduotas aplink \u0161vietimo centr\u0105, kai operacija t\u0119siasi.<\/p>\n<p><strong>K\u0105 pasak\u0117 vyriausyb\u0117?<\/strong><\/p>\n<p>\u0160vedijos ministras pirmininkas Ulfas Kristerssonas teig\u0117, kad tai \u201elabai skausminga diena\u201c.<\/p>\n<p>\u201eMano mintys taip pat yra su visomis, kuri\u0173 normalioji mokyklos diena buvo kei\u010diama \u012f teror\u0105\u201c, &#8211; ra\u0161\u0117 jis X.<\/p>\n<p>&#8222;Apsiribojant klase, bijojan\u010dia savo gyvenimo, yra ko\u0161maras, kurio niekas netur\u0117t\u0173 patirti.&#8221;<\/p>\n<p>Jis prid\u016br\u0117, kad vyriausyb\u0117 glaud\u017eiai bendrauja su policija ir seka poky\u010dius.<\/p>\n<p>\u201eMano raginimas taip pat yra suteikti policijai ramyb\u0119, kurios jiems reikia i\u0161tirti, kas nutiko ir kaip gal\u0117jo \u012fvykti \u0161ie siaubingi nusikaltimai\u201c, &#8211; teig\u0117 p. Kristerssonas.<\/p>\n<p>Teisingumo ministras Gunnar Strommeris \u0160vedijos naujien\u0173 agent\u016brai TT sak\u0117, kad ataskaitos buvo \u201elabai rimtos\u201c.<\/p>\n<p>Kol Matsas Perssonas, u\u017eimtumo ir integracijos ministras, sak\u0117: \u201eVyriausyb\u0117 labai atid\u017eiai stebi poky\u010dius ir d\u0117l to nuolat dirba su policija\u201c.<\/p>\n<\/p><\/div>\n<p><br \/>\n<br \/><a href=\"https:\/\/news.sky.com\/story\/sweden-shooting-what-we-know-after-five-people-shot-at-adult-education-centre-13302979\">Source link <\/a><\/p>\n","protected":false},"excerpt":{"rendered":"<p>Vyksta pagrindin\u0117 policijos operacija po to, kai penki \u017emon\u0117s buvo su\u0161audyti \u012f suaugusi\u0173j\u0173 \u0161vietimo centr\u0105 \u0160vedijoje. Vald\u017eia persp\u0117jo visuomen\u0119 atsiriboti nuo Orebro miesto, ma\u017edaug 200 km (125 myli\u0173) \u012f vakarus nuo Sostin\u0117s Stokholmo, teritorijos. \u0160vedijos \u0161audymas Naujausias: sekite atnaujinimus \u012e ligonin\u0119 buvo i\u0161ve\u017eti penki \u017emon\u0117s, i\u0161 kuri\u0173 vienas yra kriti\u0161kai su\u017eeistas. Policija teig\u0117, kad jie [&hellip;]<\/p>\n","protected":false},"author":1,"featured_media":1671,"comment_status":"","ping_status":"","sticky":false,"template":"","format":"standard","meta":{"om_disable_all_campaigns":false,"_monsterinsights_skip_tracking":false,"_monsterinsights_sitenote_active":false,"_monsterinsights_sitenote_note":"","_monsterinsights_sitenote_category":0,"footnotes":""},"categories":[4],"tags":[1931,78,88,2030,24,23,3888,3889,3886,2691,2103,949,3887,1462],"class_list":["post-1670","post","type-post","status-publish","format-standard","has-post-thumbnail","hentry","category-pasaulio-naujienos","tag-centra","tag-ka","tag-kai","tag-mes","tag-naujienos","tag-pasaulio","tag-penki","tag-saude","tag-saudymas","tag-suaugusiuju","tag-svedijos","tag-svietimo","tag-zinome","tag-zmones"],"aioseo_notices":[],"_links":{"self":[{"href":"https:\/\/pasaulioziniasklaida.lt\/index.php\/wp-json\/wp\/v2\/posts\/1670","targetHints":{"allow":["GET"]}}],"collection":[{"href":"https:\/\/pasaulioziniasklaida.lt\/index.php\/wp-json\/wp\/v2\/posts"}],"about":[{"href":"https:\/\/pasaulioziniasklaida.lt\/index.php\/wp-json\/wp\/v2\/types\/post"}],"author":[{"embeddable":true,"href":"https:\/\/pasaulioziniasklaida.lt\/index.php\/wp-json\/wp\/v2\/users\/1"}],"replies":[{"embeddable":true,"href":"https:\/\/pasaulioziniasklaida.lt\/index.php\/wp-json\/wp\/v2\/comments?post=1670"}],"version-history":[{"count":0,"href":"https:\/\/pasaulioziniasklaida.lt\/index.php\/wp-json\/wp\/v2\/posts\/1670\/revisions"}],"wp:featuredmedia":[{"embeddable":true,"href":"https:\/\/pasaulioziniasklaida.lt\/index.php\/wp-json\/wp\/v2\/media\/1671"}],"wp:attachment":[{"href":"https:\/\/pasaulioziniasklaida.lt\/index.php\/wp-json\/wp\/v2\/media?parent=1670"}],"wp:term":[{"taxonomy":"category","embeddable":true,"href":"https:\/\/pasaulioziniasklaida.lt\/index.php\/wp-json\/wp\/v2\/categories?post=1670"},{"taxonomy":"post_tag","embeddable":true,"href":"https:\/\/pasaulioziniasklaida.lt\/index.php\/wp-json\/wp\/v2\/tags?post=1670"}],"curies":[{"name":"wp","href":"https:\/\/api.w.org\/{rel}","templated":true}]}}