{"id":1672,"date":"2025-02-04T16:38:25","date_gmt":"2025-02-04T16:38:25","guid":{"rendered":"https:\/\/pasaulioziniasklaida.lt\/index.php\/2025\/02\/04\/kauno-miesto-savivaldybe-stiprink-bendruomenes-veikla-savivaldybese\/"},"modified":"2025-02-04T16:38:25","modified_gmt":"2025-02-04T16:38:25","slug":"kauno-miesto-savivaldybe-stiprink-bendruomenes-veikla-savivaldybese","status":"publish","type":"post","link":"https:\/\/pasaulioziniasklaida.lt\/index.php\/2025\/02\/04\/kauno-miesto-savivaldybe-stiprink-bendruomenes-veikla-savivaldybese\/","title":{"rendered":"Kauno miesto savivaldyb\u0117 Stiprink bendruomen\u0117s veikl\u0105 savivaldyb\u0117se"},"content":{"rendered":"<p> <br \/>\n<\/p>\n<div data-post-id=\"188143\">\n<p>Kvie\u010diame Kauno miesto bendruomenines organizacijas teikti parai\u0161kas pagal priemon\u0119 SADM \u201eStiprinti bendruomenin\u0119 veikl\u0105 savivaldyb\u0117se\u201c \u012fgyvendinant bandom\u0105j\u012f model\u012f.<\/p>\n<p>Priemon\u0117 \u012fgyvendinama vadovaujantis LR Socialin\u0117s apsaugos ir darbo ministerijos Nevyriausybini\u0173 organizacij\u0173 ir bendruomenin\u0117s veiklos stiprinimo 2023\u20132025 met\u0173 veiksm\u0173 plano 2.1.1.1 priemon\u0117s \u201eStiprinti bendruomenin\u0119 veikl\u0105 savivaldyb\u0117se\u201c \u012fgyvendinimo, \u012fgyvendinant bandom\u0105j\u012f model\u012f, apra\u0161u.<\/p>\n<p><\/p>\n<p><strong>Parai\u0161kos priimamos nuo 2025 m. vasario 3 d. iki 2025 m. vasario 28 d. 23.59 val.\u00a0 <\/strong><\/p>\n<p><strong>I\u0161sami\u0105 informacij\u0105 apie program\u0105, parai\u0161k\u0173 teikim\u0105 bei reikalavimus parei\u0161k\u0117jams rasite paspaud\u0119 \u010dia.<\/strong><\/p>\n<\/p><\/div>\n<p><script>\n(function(d, s, id) {\n  var js, fjs = d.getElementsByTagName(s)[0];\n  if (d.getElementById(id)) return;\n  js = d.createElement(s); js.id = id;\n  js.src = \"\/\/connect.facebook.net\/lt_LT\/sdk.js#xfbml=1&version=v2.5&appId=118913718193570\";\n  fjs.parentNode.insertBefore(js, fjs);\n}(document, 'script', 'facebook-jssdk'));<\/script><script>(function(d, s, id) {\n\t\t\t\t\t\t\t\t\t\t\t  var js, fjs = d.getElementsByTagName(s)[0];\n\t\t\t\t\t\t\t\t\t\t\t  if (d.getElementById(id)) return;\n\t\t\t\t\t\t\t\t\t\t\t  js = d.createElement(s); js.id = id;\n\t\t\t\t\t\t\t\t\t\t\t  js.src = \"\/\/connect.facebook.net\/lt_LT\/sdk.js#xfbml=1&version=v2.3&appId=118913718193570\";\n\t\t\t\t\t\t\t\t\t\t\t  fjs.parentNode.insertBefore(js, fjs);\n\t\t\t\t\t\t\t\t\t\t\t}(document, 'script', 'facebook-jssdk'));\n\t\t\t\t\t\t\t\t\t\t\t<\/script><br \/>\n<br \/><br \/>\n<br \/><a href=\"https:\/\/www.kaunas.lt\/2025\/02\/04\/stiprink-bendruomenes-veikla-savivaldybese\/\">Source link <\/a><\/p>\n","protected":false},"excerpt":{"rendered":"<p>Kvie\u010diame Kauno miesto bendruomenines organizacijas teikti parai\u0161kas pagal priemon\u0119 SADM \u201eStiprinti bendruomenin\u0119 veikl\u0105 savivaldyb\u0117se\u201c \u012fgyvendinant bandom\u0105j\u012f model\u012f. Priemon\u0117 \u012fgyvendinama vadovaujantis LR Socialin\u0117s apsaugos ir darbo ministerijos Nevyriausybini\u0173 organizacij\u0173 ir bendruomenin\u0117s veiklos stiprinimo 2023\u20132025 met\u0173 veiksm\u0173 plano 2.1.1.1 priemon\u0117s \u201eStiprinti bendruomenin\u0119 veikl\u0105 savivaldyb\u0117se\u201c \u012fgyvendinimo, \u012fgyvendinant bandom\u0105j\u012f model\u012f, apra\u0161u. Parai\u0161kos priimamos nuo 2025 m. vasario 3 d. [&hellip;]<\/p>\n","protected":false},"author":1,"featured_media":1673,"comment_status":"","ping_status":"","sticky":false,"template":"","format":"standard","meta":{"om_disable_all_campaigns":false,"_monsterinsights_skip_tracking":false,"_monsterinsights_sitenote_active":false,"_monsterinsights_sitenote_note":"","_monsterinsights_sitenote_category":0,"footnotes":""},"categories":[3],"tags":[3891,1708,115,1709,3893,3890,3892],"class_list":["post-1672","post","type-post","status-publish","format-standard","has-post-thumbnail","hentry","category-salies-naujienos","tag-bendruomenes","tag-kauno","tag-miesto","tag-savivaldybe","tag-savivaldybese","tag-stiprink","tag-veikla"],"aioseo_notices":[],"_links":{"self":[{"href":"https:\/\/pasaulioziniasklaida.lt\/index.php\/wp-json\/wp\/v2\/posts\/1672","targetHints":{"allow":["GET"]}}],"collection":[{"href":"https:\/\/pasaulioziniasklaida.lt\/index.php\/wp-json\/wp\/v2\/posts"}],"about":[{"href":"https:\/\/pasaulioziniasklaida.lt\/index.php\/wp-json\/wp\/v2\/types\/post"}],"author":[{"embeddable":true,"href":"https:\/\/pasaulioziniasklaida.lt\/index.php\/wp-json\/wp\/v2\/users\/1"}],"replies":[{"embeddable":true,"href":"https:\/\/pasaulioziniasklaida.lt\/index.php\/wp-json\/wp\/v2\/comments?post=1672"}],"version-history":[{"count":0,"href":"https:\/\/pasaulioziniasklaida.lt\/index.php\/wp-json\/wp\/v2\/posts\/1672\/revisions"}],"wp:featuredmedia":[{"embeddable":true,"href":"https:\/\/pasaulioziniasklaida.lt\/index.php\/wp-json\/wp\/v2\/media\/1673"}],"wp:attachment":[{"href":"https:\/\/pasaulioziniasklaida.lt\/index.php\/wp-json\/wp\/v2\/media?parent=1672"}],"wp:term":[{"taxonomy":"category","embeddable":true,"href":"https:\/\/pasaulioziniasklaida.lt\/index.php\/wp-json\/wp\/v2\/categories?post=1672"},{"taxonomy":"post_tag","embeddable":true,"href":"https:\/\/pasaulioziniasklaida.lt\/index.php\/wp-json\/wp\/v2\/tags?post=1672"}],"curies":[{"name":"wp","href":"https:\/\/api.w.org\/{rel}","templated":true}]}}