{"id":170,"date":"2024-08-12T22:40:56","date_gmt":"2024-08-12T22:40:56","guid":{"rendered":"https:\/\/pasaulioziniasklaida.lt\/index.php\/2024\/08\/12\/starmeris-ragina-irana-susilaikyti-nuo-izraelio-puolimo-per-reta-telefono-skambuti-su-salies-prezidentu-pasaulio-naujienos\/"},"modified":"2024-08-12T22:40:56","modified_gmt":"2024-08-12T22:40:56","slug":"starmeris-ragina-irana-susilaikyti-nuo-izraelio-puolimo-per-reta-telefono-skambuti-su-salies-prezidentu-pasaulio-naujienos","status":"publish","type":"post","link":"https:\/\/pasaulioziniasklaida.lt\/index.php\/2024\/08\/12\/starmeris-ragina-irana-susilaikyti-nuo-izraelio-puolimo-per-reta-telefono-skambuti-su-salies-prezidentu-pasaulio-naujienos\/","title":{"rendered":"Starmeris ragina Iran\u0105 \u201esusilaikyti nuo Izraelio puolimo\u201c per \u201eret\u0105\u201c telefono skambut\u012f su \u0161alies prezidentu | Pasaulio naujienos"},"content":{"rendered":"<p> <br \/>\n<\/p>\n<div data-component-name=\"ui-article-body\" data-highlight-intro=\"true\">\n<p>Seras Keiras Starmeris kalb\u0117josi su Irano prezidentu, siekdamas tarptautini\u0173 pastang\u0173 suma\u017einti \u012ftamp\u0105 Artimuosiuose Rytuose.<\/p>\n<p>30 minu\u010di\u0173 truk\u0119s pokalbis telefonu su Masoudu Pezeshkianu po bendro Jungtin\u0117s Karalyst\u0117s, JAV, Pranc\u016bzijos ir Vokietijos parei\u0161kimo paragino Iran\u0105 ir jo s\u0105jungininkus \u201eatsisakyti savo nuolatini\u0173 grasinim\u0173 kariniu i\u0161puoliu prie\u0161 Izrael\u012f\u201c.<\/p>\n<p>Vis labiau baiminamasi, kad Iranas ims ker\u0161yti Izraeliui d\u0117l \u201eHamas\u201c lyderio Ismailo Haniyeh nu\u017eudymo \u0161alyje, paskatin\u0119s JAV. <strong><a href=\"https:\/\/news.sky.com\/story\/iran-holds-military-drills-as-retaliation-expected-against-israel-over-death-of-hamas-leader-13195714\" target=\"_blank\" rel=\"noopener\">\u012fsakyti dislokuoti valdom\u0173 raket\u0173 povandenin\u012f laiv\u0105<\/a><\/strong>  \u012f Artimuosius Rytus.<\/p>\n<p>Pokalbio su J. Pezeshkian metu seras Keiras parei\u0161k\u0117, kad yra \u201elabai susir\u016bpin\u0119s d\u0117l pad\u0117ties\u201c ir paragino visas \u0161alis \u201edeeskaluoti ir vengti tolesnio regioninio susiprie\u0161inimo\u201c, teigiama pokalbyje i\u0161 Dauning Stryto.<\/p>\n<p>Ministras pirmininkas taip pat sak\u0117, kad yra \u201erimta klaidingo apskai\u010diavimo rizika, tod\u0117l dabar at\u0117jo laikas ramiai ir atid\u017eiai apsvarstyti\u201c, ragindamas Iran\u0105 \u201esusilaikyti nuo Izraelio puolimo\u201c ir parei\u0161k\u0117, kad \u201ekaras niekam netinka\u201c.<\/p>\n<p>Skaitymas t\u0119siamas: \u201eMinistras pirmininkas pabr\u0117\u017e\u0117 savo \u012fsipareigojim\u0105 nedelsiant nutraukti ugn\u012f, paleisti visus \u012fkaitus ir didinti humanitarin\u0119 pagalb\u0105 Gazos ruo\u017ee.<\/p>\n<p>\u201eJis prid\u016br\u0117, kad norint pasiekti \u0161i\u0173 rezultat\u0173, d\u0117mesys tur\u0117t\u0173 b\u016bti skiriamas diplomatin\u0117ms deryboms.<\/p>\n<div class=\"sdc-article-widget sdc-site-video callfn\" data-account-id=\"6058004172001\" data-amp-iframe-embed=\"\" data-asset-id=\"c2aa8469-d49f-4dd6-9a65-f48e11bf4777\" data-asset-path=\"\" data-asset-version=\"\" data-autoplay=\"false\" data-auth-config=\"\" data-caption=\"'Iran wants to see a military effect'\" data-clip-type=\"\" data-component-name=\"sdc-site-video\" data-competition=\"\" data-copy-url-text=\"URL copied to clipboard\" data-fn=\"sdc-site-video\" data-id=\"id_c2aa8469-d49f-4dd6-9a65-f48e11bf4777\" data-is-live-stream=\"false\" data-lite=\"true\" data-options=\"\" data-originator-id=\"51\" data-originator-handle=\"brightcove-news-gb\" data-package-name=\"\" data-provider=\"brightcove\" data-player-id=\"RC9PQUaJ6\" data-playsinline=\"\" data-sensitive=\"false\" data-sdc-id=\"6654963\" data-sdc-video-id=\"c2aa8469-d49f-4dd6-9a65-f48e11bf4777\" data-sport-category=\"\" data-state=\"loading\" data-token-state=\"none\" data-video-ad-unit=\"\" data-video-blacklisted-originator-ids=\"\" data-video-id=\"ref:c2aa8469-d49f-4dd6-9a65-f48e11bf4777\" data-video-type=\"\" data-auto-pause-on-not-visible=\"true\" tabindex=\"-1\" data-closed-captions-position=\"middle-third\" data-show-closed-captions=\"true\" data-show-pip=\"true\" data-show-live-stream-scrubber=\"true\">\n<div class=\"sdc-site-video__inner\">\n<div class=\"sdc-site-video__content\" data-role=\"bridge-controller\" style=\"padding-bottom: calc(100% \/ ());\">\n<p class=\"sdc-site-video__accessibility-message\" data-role=\"accessibility-message\">Jei norite lengviau pasiekti vaizdo \u012fra\u0161\u0173 grotuv\u0105, naudokite nar\u0161ykl\u0119 \u201eChrome\u201c.<\/p>\n<p>              <span aria-hidden=\"true\" data-role=\"poster\" class=\"sdc-site-video__poster\"><br \/>\n                <img decoding=\"async\" loading=\"lazy\" src=\"https:\/\/e3.365dm.com\/24\/08\/768x432\/skynews-sean-bell-iran_6654965.jpg?20240812211025\" alt=\"\u201eIranas nori matyti karin\u012f efekt\u0105\u201c \u2013 Seanas Bellas apie Iran\u0105\" srcset=\"\" aria-hidden=\"true\" class=\"sdc-site-video__poster-img\"\/><br \/>\n              <span class=\"sdc-site-video__loader\"\/><br \/>\n                <span class=\"sdc-site-video__time\">1:36<\/span><br \/>\n              <\/span><\/p>\n<p>              <video id=\"id_c2aa8469-d49f-4dd6-9a65-f48e11bf4777\" data-embed=\"default\" data-application-id=\"\" class=\"video-js sdc-site-video__tag\" controls=\"\" playsinline=\"\"\/>\n            <\/div><figcaption class=\"sdc-site-video__caption ui-media-caption\">\n<p>              <span class=\"ui-media-caption__caption-text\" data-role=\"caption-text\">\u201eIranas nori matyti karin\u012f efekt\u0105\u201c<\/span><br \/>\n            <\/figcaption><\/div>\n<\/p><\/div>\n<p>Seras Keiras taip pat i\u0161k\u0117l\u0117 u\u017esienio sulaikyt\u0173j\u0173 Irane bylas, o abu lyderiai sutar\u0117, kad \u201ekonstruktyvus dialogas&#8230; buvo abiej\u0173 \u0161ali\u0173 interesai\u201c.<\/p>\n<p>\u201eMinistras pirmininkas prid\u016br\u0117, kad tai b\u016bt\u0173 galima sustiprinti tik tuo atveju, jei Iranas nutraukt\u0173 savo destabilizuojan\u010dius veiksmus, \u012fskaitant grasinimus asmenims Jungtin\u0117je Karalyst\u0117je, ir toliau nepad\u0117s Rusijos invazijai \u012f Ukrain\u0105\u201c, \u2013 sak\u0117 Dauning Stritas.<\/p>\n<p><strong>Skambinkite \u201elabai retas atvejis\u201c <\/strong><\/p>\n<p>Sky Artim\u0173j\u0173 Ryt\u0173 korespondentas <strong><a href=\"https:\/\/news.sky.com\/author\/alistair-bunkall-499\" target=\"_blank\" rel=\"noopener\">Alisteras Bunkallas<\/a> <\/strong>sak\u0117, kad Did\u017eiosios Britanijos ministrui pirmininkui \u201elabai retas atvejis\u201c kalbasi su Irano lyderiu, ir tai \u201erodo, kokia vertinga\u201c tur\u0117ti Did\u017eiosios Britanijos ambasad\u0105 Teherane \u2013 to neturi daugelis \u0161ali\u0173, \u012fskaitant JAV.<\/p>\n<div class=\"sdc-article-widget sdc-article-tweet\" data-component-name=\"sdc-article-tweet\" data-consent=\"pending\" data-vendor-name=\"twitter\">\n<section aria-label=\"Consent required\" class=\"ui-consent-roadblock\" data-component-name=\"ui-consent-roadblock\" data-aspect-ratio=\"\" style=\"--width: 7; --height:4;\">\n<div class=\"ui-consent-roadblock-body\">\n        <span class=\"ui-consent-roadblock-body__title\">X<\/span><br \/>\n            <span class=\"ui-consent-roadblock-body__description\" data-show-on-fallback=\"false\"><\/p>\n<p>                \u0160\u012f turin\u012f teikia <span class=\"ui-consent-roadblock-body__vendor-title\">X<\/span>kuri gali naudoti slapukus ir kitas technologijas. Nor\u0117dami parodyti jums \u0161\u012f turin\u012f, mums reikia j\u016bs\u0173 leidimo naudoti slapukus. Galite naudoti toliau esan\u010dius mygtukus, kad pakeistum\u0117te savo nuostatas, kad \u012fgalintum\u0117te <span class=\"ui-consent-roadblock-body__vendor-title\">X<\/span> slapukus arba leisti tuos slapukus tik vien\u0105 kart\u0105. Savo nustatymus galite bet kada pakeisti naudodami <a href=\"#privacy-options\">Privatumo parinktys<\/a>.<br \/>\n            <\/span><br \/>\n            <span class=\"ui-consent-roadblock-body__description\" data-show-on-fallback=\"true\"><\/p>\n<p>                Deja, mes negal\u0117jome patikrinti, ar sutikote <span class=\"ui-consent-roadblock-body__vendor-title\">X<\/span> sausainiai. Jei norite per\u017ei\u016br\u0117ti \u0161\u012f turin\u012f, galite naudoti toliau esant\u012f mygtuk\u0105, kad leisti <span class=\"ui-consent-roadblock-body__vendor-title\">X<\/span> tik \u0161ios sesijos slapukus.<br \/>\n            <\/span><\/p>\n<div class=\"ui-consent-roadblock-body__link-group\">\n                <a href=\"#\" class=\"ui-consent-roadblock-body__link ui-consent-roadblock-permanently\" data-single-click-vendor-name=\"twitter\" data-show-on-fallback=\"false\">\u012egalinti slapukus<\/a><br \/>\n                <a href=\"#\" class=\"ui-consent-roadblock-body__link ui-consent-roadblock-once\" data-single-click-vendor-name=\"twitter\">Leisti slapukus vien\u0105 kart\u0105<\/a>\n            <\/div>\n<\/p><\/div>\n<\/section>\n<\/div>\n<p>Skambutyje seras Keiras sugeb\u0117jo perteikti \u017eini\u0105, kuri\u0105 Vakar\u0173 lyderiai naudoja \u201ekaip mork\u0105&#8230; kad numu\u0161t\u0173 Iran\u0105 nuo kra\u0161to\u201c, sak\u0117 Bunkallas.<\/p>\n<p>Tai rei\u0161kia: \u201e\u017di\u016br\u0117kite, jei mes galime pabandyti pasiekti paliaub\u0173 susitarim\u0105, o derybos d\u0117l paliaub\u0173 tur\u0117t\u0173 \u012fvykti ketvirtadien\u012f, tada viskas, k\u0105 darysite per t\u0105 laik\u0105 ar net po to, rizikuoja tos derybos \u017elugti. \u201c, \u2013 prid\u016br\u0117 jis.<\/p>\n<p>Ankstesniame bendrame parei\u0161kime, kuriame taip pat dalyvavo Italija, pasaulio lyderiai teig\u0117, kad \u201enegalima daugiau prarasti laiko\u201c pasiekti paliaubas ir u\u017etikrinti likusi\u0173 Gazos \u012fkait\u0173 paleidim\u0105.<\/p>\n<p><strong>Skaityti daugiau:<br \/><a href=\"https:\/\/news.sky.com\/story\/hezbollah-and-iran-poised-to-attack-israel-this-week-as-region-on-brink-of-dangerous-escalation-13196134\" target=\"_blank\" rel=\"noopener\">\u201eHezbollah\u201c ir Iranas \u201ery\u017eosi \u0161i\u0105 savait\u0119 pulti Izrael\u012f\u201c<\/a><\/strong><br \/><strong><a href=\"https:\/\/news.sky.com\/story\/god-will-take-revenge-inside-the-beirut-building-damaged-in-airstrike-that-killed-hezbollah-military-leader-13194407\" target=\"_blank\" rel=\"noopener\">Ragina atker\u0161yti po \u201eHezbollah\u201c karinio vadovo sm\u016bgio<\/a><br \/><a href=\"https:\/\/news.sky.com\/story\/no-civilians-in-area-when-airstrike-hit-gaza-school-turned-shelter-israel-claims-after-charity-says-more-than-100-people-killed-13196032\" target=\"_blank\" rel=\"noopener\">Izraelis smog\u0117 Gazos mokyklos prieglaudai, paverstai prieglauda<\/a><\/strong><\/p>\n<p>Parei\u0161kime priduriama: \u201eMes i\u0161rei\u0161k\u0117me savo param\u0105 Izraelio gynybai nuo Irano agresijos ir Irano remiam\u0173 teroristini\u0173 grupuo\u010di\u0173 i\u0161puoli\u0173.<\/p>\n<p>\u201eMes raginome Iran\u0105 atsisakyti nuolatini\u0173 grasinim\u0173 surengti karin\u012f i\u0161puol\u012f prie\u0161 Izrael\u012f ir aptar\u0117me rimtas pasekmes regiono saugumui, jeigu tokia ataka \u012fvykt\u0173\u201c.<\/p>\n<p>Irano revoliucin\u0117 gvardija penktadien\u012f prad\u0117jo karines pratybas<strong> <\/strong>vakarin\u0117je Kerman\u0161aho provincijoje netoli sienos su Iraku<strong>.<\/strong><\/p>\n<p>Iranas sak\u0117, kad auk\u0161\u010diausias \u201eHamas\u201c politinis lyderis <strong><a href=\"https:\/\/news.sky.com\/story\/hamas-leader-ismail-haniyeh-killed-in-iran-group-says-13187783\" target=\"_blank\" rel=\"noopener\">Ismailas Haniyehas buvo \u201enu\u017eudytas\u201c<\/a><\/strong>  jos sostin\u0117je Teherane liepos 31 d.<\/p>\n<p>Izraelis neprisi\u0117m\u0117 ir neneig\u0117 atsakomyb\u0117s u\u017e J. Haniyeh mirt\u012f.<\/p>\n<div class=\"sdc-article-widget sdc-article-custom-markup \" data-component-name=\"sdc-article-custom-markup\" data-consent=\"pending\" data-vendor-name=\"spreaker\">\n<section aria-label=\"Consent required\" class=\"ui-consent-roadblock\" data-component-name=\"ui-consent-roadblock\" data-aspect-ratio=\"16\/9\">\n<div class=\"ui-consent-roadblock-body\">\n        <span class=\"ui-consent-roadblock-body__title\">Prane\u0161\u0117jas<\/span><br \/>\n            <span class=\"ui-consent-roadblock-body__description\" data-show-on-fallback=\"false\"><\/p>\n<p>                \u0160\u012f turin\u012f teikia <span class=\"ui-consent-roadblock-body__vendor-title\">Prane\u0161\u0117jas<\/span>kuri gali naudoti slapukus ir kitas technologijas. Nor\u0117dami parodyti jums \u0161\u012f turin\u012f, mums reikia j\u016bs\u0173 leidimo naudoti slapukus. Galite naudoti toliau esan\u010dius mygtukus, kad pakeistum\u0117te savo nuostatas, kad \u012fgalintum\u0117te <span class=\"ui-consent-roadblock-body__vendor-title\">Prane\u0161\u0117jas<\/span> slapukus arba leisti tuos slapukus tik vien\u0105 kart\u0105. Savo nustatymus galite bet kada pakeisti naudodami <a href=\"#privacy-options\">Privatumo parinktys<\/a>.<br \/>\n            <\/span><br \/>\n            <span class=\"ui-consent-roadblock-body__description\" data-show-on-fallback=\"true\"><\/p>\n<p>                Deja, mes negal\u0117jome patikrinti, ar sutikote <span class=\"ui-consent-roadblock-body__vendor-title\">Prane\u0161\u0117jas<\/span> sausainiai. Jei norite per\u017ei\u016br\u0117ti \u0161\u012f turin\u012f, galite naudoti toliau esant\u012f mygtuk\u0105, kad leisti <span class=\"ui-consent-roadblock-body__vendor-title\">Prane\u0161\u0117jas<\/span> tik \u0161ios sesijos slapukus.<br \/>\n            <\/span><\/p>\n<div class=\"ui-consent-roadblock-body__link-group\">\n                <a href=\"#\" class=\"ui-consent-roadblock-body__link ui-consent-roadblock-permanently\" data-single-click-vendor-name=\"spreaker\" data-show-on-fallback=\"false\">\u012egalinti slapukus<\/a><br \/>\n                <a href=\"#\" class=\"ui-consent-roadblock-body__link ui-consent-roadblock-once\" data-single-click-vendor-name=\"spreaker\">Leisti slapukus vien\u0105 kart\u0105<\/a>\n            <\/div>\n<\/p><\/div>\n<\/section>\n<\/div>\n<p><strong>\ud83d\udc49 <a href=\"https:\/\/podfollow.com\/skynewsdaily\" target=\"_blank\" rel=\"noopener\">Spustel\u0117kite, kad u\u017esiprenumeruotum\u0117te \u201eSky News Daily\u201c, kad ir kur gautum\u0117te podcast&#8217;us<\/a> \ud83d\udc48 <\/strong><\/p>\n<p>Izraelio vyriausyb\u0117s atstovas, paklaustas apie galim\u0105 Irano ar \u201eHezbollah\u201c atsak\u0105 arba regioninio konflikto eskalavim\u0105, apib\u016bdino \u201eteroro armij\u0173 \u017eied\u0105\u201c.<\/p>\n<p>Davidas Menceris sak\u0117 \u201eSky News\u201c: \u201e\u0160i Irano blogio a\u0161is suformavo smaugim\u0105 prie\u0161 Izrael\u012f\u201c.<\/p>\n<p>Jis prid\u016br\u0117: \u201eHezbollah Libane, Hamas Gazoje, husiai Jemene&#8230; Izraelis u\u017e bet koki\u0105 agresij\u0105 prie\u0161 mus i\u0161 bet kurios arenos reikalaus didel\u0119 kain\u0105.<\/p>\n<p>\u201eMes ai\u0161kiai pasak\u0117me, kad visada i\u0161tiessime savo pirm\u0105j\u0105 rank\u0105 \u012f taik\u0105 bet kuriam partneriui, norime taikos Irano \u017emon\u0117ms, bet \u0161is re\u017eimas, \u0161is fa\u0161istinis, islamistinis re\u017eimas, kuris kontroliuoja Teherane, turi suprasti, kad m\u016bs\u0173 ilga ranka pasieks kiekvien\u0105, kuris kenkia m\u016bs\u0173 \u017emon\u0117ms\u201c.<\/p>\n<\/p><\/div>\n<p><br \/>\n<br \/><a href=\"https:\/\/news.sky.com\/story\/pm-has-spoken-to-iran-president-to-de-escalate-tensions-in-middle-east-13196154\">Source link <\/a><\/p>\n","protected":false},"excerpt":{"rendered":"<p>Seras Keiras Starmeris kalb\u0117josi su Irano prezidentu, siekdamas tarptautini\u0173 pastang\u0173 suma\u017einti \u012ftamp\u0105 Artimuosiuose Rytuose. 30 minu\u010di\u0173 truk\u0119s pokalbis telefonu su Masoudu Pezeshkianu po bendro Jungtin\u0117s Karalyst\u0117s, JAV, Pranc\u016bzijos ir Vokietijos parei\u0161kimo paragino Iran\u0105 ir jo s\u0105jungininkus \u201eatsisakyti savo nuolatini\u0173 grasinim\u0173 kariniu i\u0161puoliu prie\u0161 Izrael\u012f\u201c. Vis labiau baiminamasi, kad Iranas ims ker\u0161yti Izraeliui d\u0117l \u201eHamas\u201c lyderio [&hellip;]<\/p>\n","protected":false},"author":1,"featured_media":171,"comment_status":"open","ping_status":"open","sticky":false,"template":"","format":"standard","meta":{"om_disable_all_campaigns":false,"_monsterinsights_skip_tracking":false,"_monsterinsights_sitenote_active":false,"_monsterinsights_sitenote_note":"","_monsterinsights_sitenote_category":0,"footnotes":""},"categories":[4],"tags":[],"class_list":["post-170","post","type-post","status-publish","format-standard","has-post-thumbnail","hentry","category-pasaulio-naujienos"],"aioseo_notices":[],"_links":{"self":[{"href":"https:\/\/pasaulioziniasklaida.lt\/index.php\/wp-json\/wp\/v2\/posts\/170","targetHints":{"allow":["GET"]}}],"collection":[{"href":"https:\/\/pasaulioziniasklaida.lt\/index.php\/wp-json\/wp\/v2\/posts"}],"about":[{"href":"https:\/\/pasaulioziniasklaida.lt\/index.php\/wp-json\/wp\/v2\/types\/post"}],"author":[{"embeddable":true,"href":"https:\/\/pasaulioziniasklaida.lt\/index.php\/wp-json\/wp\/v2\/users\/1"}],"replies":[{"embeddable":true,"href":"https:\/\/pasaulioziniasklaida.lt\/index.php\/wp-json\/wp\/v2\/comments?post=170"}],"version-history":[{"count":0,"href":"https:\/\/pasaulioziniasklaida.lt\/index.php\/wp-json\/wp\/v2\/posts\/170\/revisions"}],"wp:featuredmedia":[{"embeddable":true,"href":"https:\/\/pasaulioziniasklaida.lt\/index.php\/wp-json\/wp\/v2\/media\/171"}],"wp:attachment":[{"href":"https:\/\/pasaulioziniasklaida.lt\/index.php\/wp-json\/wp\/v2\/media?parent=170"}],"wp:term":[{"taxonomy":"category","embeddable":true,"href":"https:\/\/pasaulioziniasklaida.lt\/index.php\/wp-json\/wp\/v2\/categories?post=170"},{"taxonomy":"post_tag","embeddable":true,"href":"https:\/\/pasaulioziniasklaida.lt\/index.php\/wp-json\/wp\/v2\/tags?post=170"}],"curies":[{"name":"wp","href":"https:\/\/api.w.org\/{rel}","templated":true}]}}