{"id":174,"date":"2024-08-13T22:52:07","date_gmt":"2024-08-13T22:52:07","guid":{"rendered":"https:\/\/pasaulioziniasklaida.lt\/index.php\/2024\/08\/13\/hamas-teigia-kad-sia-savaite-neprisijungs-prie-derybu-del-paliaubu-pasaulio-naujienos\/"},"modified":"2024-08-13T22:52:07","modified_gmt":"2024-08-13T22:52:07","slug":"hamas-teigia-kad-sia-savaite-neprisijungs-prie-derybu-del-paliaubu-pasaulio-naujienos","status":"publish","type":"post","link":"https:\/\/pasaulioziniasklaida.lt\/index.php\/2024\/08\/13\/hamas-teigia-kad-sia-savaite-neprisijungs-prie-derybu-del-paliaubu-pasaulio-naujienos\/","title":{"rendered":"\u201eHamas\u201c teigia, kad \u0161i\u0105 savait\u0119 neprisijungs prie deryb\u0173 d\u0117l paliaub\u0173 | Pasaulio naujienos"},"content":{"rendered":"<p> <br \/>\n<\/p>\n<div data-component-name=\"ui-article-body\" data-highlight-intro=\"true\">\n<p>\u201eHamas\u201c parei\u0161k\u0117, kad \u0161i\u0105 savait\u0119 neprisijungs prie deryb\u0173 d\u0117l paliaub\u0173.<\/p>\n<p>Ketvirtadien\u012f tur\u0117t\u0173 vykti derybos d\u0117l paliaub\u0173 tarp Izraelio ir \u201eHamas\u201c.<\/p>\n<p>Ta\u010diau \u201eHamas\u201c atstovas Libane \u201eSky News\u201c sak\u0117, kad kovotoj\u0173 grup\u0117s delegatai nebedalyvaus.<\/p>\n<p>Savo parei\u0161kime Ahmadas Abdulas Hadi teig\u0117, kad \u201eHamas\u201c \u201ei\u0161 principo\u201c neprie\u0161tarauja deryboms d\u0117l paliaub\u0173.<\/p>\n<p>Ta\u010diau jis parei\u0161k\u0117, kad \u0161i\u0105 savait\u0119 nedalyvaus, nes Izraelio ministras pirmininkas Benjaminas Netanyahu \u201enesuinteresuotas pasiekti susitarimo, kuris visi\u0161kai nutraukt\u0173 agresij\u0105\u201c.<\/p>\n<p>\u201eJis veikiau apgaudin\u0117ja, i\u0161sisukin\u0117ja ir nori prat\u0119sti kar\u0105 ir netgi i\u0161pl\u0117sti j\u012f regioniniu lygmeniu, tod\u0117l derybomis naudojasi kaip priedanga t\u0119sti agresij\u0105 prie\u0161 m\u016bs\u0173 \u017emones ir vykdyti daugiau \u017eudyni\u0173 prie\u0161 juos\u201c, \u2013 sak\u0117 jis.<\/p>\n<p><strong>Skaityti daugiau:<\/strong><br \/><strong><a href=\"https:\/\/news.sky.com\/story\/crucial-few-days-in-middle-east-with-region-on-brink-of-a-ceasefire-or-new-conflict-13195983\" target=\"_blank\" rel=\"noopener\">Analiz\u0117: regionas ant paliaub\u0173 slenks\u010dio \u2013 arba naujas konfliktas<\/a><br \/><a href=\"https:\/\/news.sky.com\/story\/gaza-four-day-old-twins-killed-in-airstrike-as-father-went-to-get-birth-certificates-13196395\" target=\"_blank\" rel=\"noopener\">Gazos ruo\u017ee per antskryd\u012f \u017euvo naujagimiai dvyniai<\/a><\/strong><\/p>\n<p>Grup\u0117 parei\u0161k\u0117, kad gr\u012f\u0161 prie deryb\u0173, jei Izraelio vyriausyb\u0117 bus \u201eai\u0161kus \u012fsipareigojimas\u201c patvirtinti \u201eHamas\u201c liep\u0105 pateikt\u0105 paliaub\u0173 pasi\u016blym\u0105.<\/p>\n<p>Ji apkaltino Izrael\u012f nauj\u0173 s\u0105lyg\u0173 nustatymu ir taip pat teig\u0117, kad j\u012f supykd\u0117 <strong><a href=\"https:\/\/news.sky.com\/story\/hamas-leader-ismail-haniyeh-killed-in-iran-group-says-13187783\" target=\"_blank\" rel=\"noopener\">Hamas lyderio Ismailo Haniyeh nu\u017eudymas<\/a><\/strong>taip pat neseniai <strong><a href=\"https:\/\/news.sky.com\/story\/dozens-killed-in-israeli-strike-on-school-turned-shelter-in-gaza-city-palestinian-health-officials-say-13194413\" target=\"_blank\" rel=\"noopener\">mirtinas i\u0161puolis prie\u0161 mokyklos kompleks\u0105<\/a><\/strong>  Gazos mieste.<\/p>\n<div class=\"sdc-article-widget sdc-site-video callfn\" data-account-id=\"6058004172001\" data-amp-iframe-embed=\"\" data-asset-id=\"1154f55a-2033-45cb-89c0-1be3be3e4e5e\" data-asset-path=\"\" data-asset-version=\"\" data-autoplay=\"false\" data-auth-config=\"\" data-caption=\"Baby is only survivor of family killed in IDF strike\" data-clip-type=\"\" data-component-name=\"sdc-site-video\" data-competition=\"\" data-copy-url-text=\"URL copied to clipboard\" data-fn=\"sdc-site-video\" data-id=\"id_1154f55a-2033-45cb-89c0-1be3be3e4e5e\" data-is-live-stream=\"false\" data-lite=\"true\" data-options=\"\" data-originator-id=\"51\" data-originator-handle=\"brightcove-news-gb\" data-package-name=\"\" data-provider=\"brightcove\" data-player-id=\"RC9PQUaJ6\" data-playsinline=\"\" data-sensitive=\"true\" data-sdc-id=\"6655654\" data-sdc-video-id=\"1154f55a-2033-45cb-89c0-1be3be3e4e5e\" data-sport-category=\"\" data-state=\"loading\" data-token-state=\"none\" data-video-ad-unit=\"\" data-video-blacklisted-originator-ids=\"\" data-video-id=\"ref:1154f55a-2033-45cb-89c0-1be3be3e4e5e\" data-video-type=\"\" data-auto-pause-on-not-visible=\"true\" tabindex=\"-1\" data-closed-captions-position=\"middle-third\" data-show-closed-captions=\"true\" data-show-pip=\"true\" data-show-live-stream-scrubber=\"true\">\n<div class=\"sdc-site-video__inner\">\n<div class=\"sdc-site-video__content\" data-role=\"bridge-controller\" style=\"padding-bottom: calc(100% \/ ());\">\n<p class=\"sdc-site-video__accessibility-message\" data-role=\"accessibility-message\">Jei norite lengviau pasiekti vaizdo \u012fra\u0161\u0173 grotuv\u0105, naudokite nar\u0161ykl\u0119 \u201eChrome\u201c.<\/p>\n<p>              <span aria-hidden=\"true\" data-role=\"poster\" class=\"sdc-site-video__poster\"><br \/>\n                <img decoding=\"async\" loading=\"lazy\" src=\"https:\/\/e3.365dm.com\/24\/08\/768x432\/skynews-gaza-israeli-strike_6655573.jpg?20240813173508\" alt=\"Trij\u0173 m\u0117nesi\u0173 k\u016bdikis Reem buvo vienintelis, kuris i\u0161gyveno Izraelio antskryd\u012f prie\u0161 Khan Younis, per kur\u012f \u017euvo visa jos \u0161eima.\" srcset=\"\" aria-hidden=\"true\" class=\"sdc-site-video__poster-img\"\/><br \/>\n              <span class=\"sdc-site-video__loader\"\/><br \/>\n                <span class=\"sdc-site-video__time\">0:34<\/span><br \/>\n              <\/span><\/p>\n<p>              <video id=\"id_1154f55a-2033-45cb-89c0-1be3be3e4e5e\" data-embed=\"default\" data-application-id=\"\" class=\"video-js sdc-site-video__tag\" controls=\"\" playsinline=\"\"\/><\/div><figcaption class=\"sdc-site-video__caption ui-media-caption\">\n<p>              <span class=\"ui-media-caption__caption-text\" data-role=\"caption-text\">Baby yra vienintel\u0117 i\u0161gyvenusi \u0161eima, \u017euvusi per IDF antskryd\u012f<\/span><br \/>\n            <\/figcaption><\/div>\n<\/p><\/div>\n<p>Kataro, Egipto ir JAV tarpininkai bando sudaryti susitarim\u0105 u\u017ebaigti kar\u0105.<\/p>\n<p>Jie i\u0161tisus m\u0117nesius steng\u0117si pasiekti, kad \u0161alys susitart\u0173 d\u0117l trij\u0173 etap\u0173 plano, pagal kur\u012f Hamasas i\u0161laisvint\u0173 likusius \u012fkaitus, paimtus per jo spalio 7 d. i\u0161puol\u012f mainais \u012f Izraelio \u012fkalintus palestinie\u010dius, o Izraelis pasitraukt\u0173 i\u0161 Gazos.<\/p>\n<div class=\"sdc-article-widget sdc-article-strapline sdc-article-strapline--default-layout\" data-component-name=\"sdc-article-strapline\">\n<div class=\"sdc-article-strapline__link\">\n<div class=\"sdc-article-strapline__image-wrap\">\n                <picture><source srcset=\"https:\/\/e3.365dm.com\/24\/03\/320x180\/skynews-gfxwhatsapppromo-gfxwhatsapp_6490206.png 320w, https:\/\/e3.365dm.com\/24\/03\/640x380\/skynews-gfxwhatsapppromo-gfxwhatsapp_6490206.png 640w\" media=\"(max-width: 480px)\"><source srcset=\"https:\/\/e3.365dm.com\/24\/03\/256x256\/skynews-gfxwhatsapppromo-gfxwhatsapp_6490206.png 256w, https:\/\/e3.365dm.com\/24\/03\/512x512\/skynews-gfxwhatsapppromo-gfxwhatsapp_6490206.png 512w\" media=\"(min-width: 481px)\"><img decoding=\"async\" loading=\"lazy\" src=\"https:\/\/e3.365dm.com\/24\/03\/512x512\/skynews-gfxwhatsapppromo-gfxwhatsapp_6490206.png\" alt=\"Sekite Sky News per WhatsApp\" class=\"sdc-article-strapline__image\"\/><br \/>\n                <\/source><\/source><\/picture>\n            <\/div>\n<div class=\"sdc-article-strapline__body\">\n                <span class=\"sdc-article-strapline__title\">Sekite Sky News per WhatsApp<\/span><\/p>\n<p class=\"sdc-article-strapline__text\">Sekite visas naujausias naujienas i\u0161 JK ir viso pasaulio steb\u0117dami \u201eSky News\u201c.<\/p>\n<p>                <a href=\"https:\/\/whatsapp.com\/channel\/0029Va868Fv8vd1UsF99tP1u\" class=\"sdc-article-strapline__button\" target=\"_blank\" rel=\"noopener\">Bakstel\u0117kite \u010dia<\/a>\n        <\/div>\n<\/p><\/div>\n<\/p><\/div>\n<p>Ta\u010diau naujausias \u201eHamas\u201c parei\u0161kimas paskelbtas pasirod\u017eius prane\u0161imams, kad JAV valstyb\u0117s sekretorius Antony Blinken atid\u0117jo savo kelion\u0119 \u012f Artimuosius Rytus.<\/p>\n<p>Blinkenas tur\u0117jo i\u0161vykti antradien\u012f, ta\u010diau \u201eAxios\u201c prane\u0161\u0117, kad auk\u0161\u010diausio diplomato kelion\u0117 buvo atid\u0117ta d\u0117l \u201eneapibr\u0117\u017etumo d\u0117l pad\u0117ties\u201c.<\/p>\n<p>Anks\u010diau t\u0105 pa\u010di\u0105 dien\u0105 \u201eHamas\u201c pirm\u0105 kart\u0105 per kelis m\u0117nesius paleido dvi raketas, nukreiptas \u012f Tel Aviv\u0105.<\/p>\n<div class=\"sdc-article-widget sdc-article-custom-markup \" data-component-name=\"sdc-article-custom-markup\" data-consent=\"pending\" data-vendor-name=\"spreaker\">\n<section aria-label=\"Consent required\" class=\"ui-consent-roadblock\" data-component-name=\"ui-consent-roadblock\" data-aspect-ratio=\"16\/9\">\n<div class=\"ui-consent-roadblock-body\">\n        <span class=\"ui-consent-roadblock-body__title\">Prane\u0161\u0117jas<\/span><br \/>\n            <span class=\"ui-consent-roadblock-body__description\" data-show-on-fallback=\"false\"><\/p>\n<p>                \u0160\u012f turin\u012f teikia <span class=\"ui-consent-roadblock-body__vendor-title\">Prane\u0161\u0117jas<\/span>kuri gali naudoti slapukus ir kitas technologijas. Nor\u0117dami parodyti jums \u0161\u012f turin\u012f, mums reikia j\u016bs\u0173 leidimo naudoti slapukus. Galite naudoti toliau esan\u010dius mygtukus, kad pakeistum\u0117te savo nuostatas, kad \u012fgalintum\u0117te <span class=\"ui-consent-roadblock-body__vendor-title\">Prane\u0161\u0117jas<\/span> slapukus arba leisti tuos slapukus tik vien\u0105 kart\u0105. Savo nustatymus galite bet kada pakeisti naudodami <a href=\"#privacy-options\">Privatumo parinktys<\/a>.<br \/>\n            <\/span><br \/>\n            <span class=\"ui-consent-roadblock-body__description\" data-show-on-fallback=\"true\"><\/p>\n<p>                Deja, mes negal\u0117jome patikrinti, ar sutikote <span class=\"ui-consent-roadblock-body__vendor-title\">Prane\u0161\u0117jas<\/span> sausainiai. Jei norite per\u017ei\u016br\u0117ti \u0161\u012f turin\u012f, galite naudoti toliau esant\u012f mygtuk\u0105, kad leisti <span class=\"ui-consent-roadblock-body__vendor-title\">Prane\u0161\u0117jas<\/span> tik \u0161ios sesijos slapukus.<br \/>\n            <\/span><\/p>\n<div class=\"ui-consent-roadblock-body__link-group\">\n                <a href=\"#\" class=\"ui-consent-roadblock-body__link ui-consent-roadblock-permanently\" data-single-click-vendor-name=\"spreaker\" data-show-on-fallback=\"false\">\u012egalinti slapukus<\/a><br \/>\n                <a href=\"#\" class=\"ui-consent-roadblock-body__link ui-consent-roadblock-once\" data-single-click-vendor-name=\"spreaker\">Leisti slapukus vien\u0105 kart\u0105<\/a>\n            <\/div>\n<\/p><\/div>\n<\/section>\n<\/div>\n<p><strong>\ud83d\udc49 <a href=\"https:\/\/podfollow.com\/skynewsdaily\" target=\"_blank\" rel=\"noopener\">Spustel\u0117kite, kad u\u017esiprenumeruotum\u0117te \u201eSky News Daily\u201c, kad ir kur gautum\u0117te podcast&#8217;us<\/a> \ud83d\udc48<\/strong><\/p>\n<p>Pirmadien\u012f JAV pareig\u016bnai sak\u0117, kad tikisi, kad ketvirtadienio derybos t\u0119sis taip, kaip planuota.<\/p>\n<p>JAV Valstyb\u0117s departamento pareig\u016bnas sak\u0117, kad Kataras sieks \u012ftikinti \u201eHamas\u201c dalyvauti taikos derybose.<\/p>\n<p>     <a href=\"https:\/\/news.sky.com\/download-app\" target=\"blank\" data-tracking-label=\"ui-app-promo-download-link\" class=\"ui-app-promo sdc-article-widget\" data-type=\"\" data-component-name=\"ui-app-promo\" rel=\"noopener\"><\/p>\n<p>    <\/a><\/p>\n<p>\u201eM\u016bs\u0173 partneriai Katare mus patikino, kad dirbs, kad \u201eHamas\u201c b\u016bt\u0173 atstovaujama\u201c, \u2013 antradien\u012f per instrukta\u017e\u0105 su \u017eurnalistais sak\u0117 JAV valstyb\u0117s departamento atstovas Vedantas Patelis.<\/p>\n<p>Po daugiau nei 10 m\u0117nesi\u0173 trukusi\u0173 kov\u0173 palestinie\u010di\u0173 auk\u0173 skai\u010dius Gazoje art\u0117ja prie 40 000, teigia \u201eHamas\u201c valdoma sveikatos apsaugos ministerija.<\/p>\n<p>Netanyahu anks\u010diau parei\u0161k\u0117, kad Izraelio tikslai Gazoje yra sunaikinti \u201eHamas\u201c \u201evaldymo ir karinius paj\u0117gumus\u201c ir sugr\u0105\u017einti jo \u012fkaitus namo.<\/p>\n<\/p><\/div>\n<p><br \/>\n<br \/><a href=\"https:\/\/news.sky.com\/story\/hamas-says-it-will-not-join-ceasefire-talks-this-week-13196535\">Source link <\/a><\/p>\n","protected":false},"excerpt":{"rendered":"<p>\u201eHamas\u201c parei\u0161k\u0117, kad \u0161i\u0105 savait\u0119 neprisijungs prie deryb\u0173 d\u0117l paliaub\u0173. Ketvirtadien\u012f tur\u0117t\u0173 vykti derybos d\u0117l paliaub\u0173 tarp Izraelio ir \u201eHamas\u201c. Ta\u010diau \u201eHamas\u201c atstovas Libane \u201eSky News\u201c sak\u0117, kad kovotoj\u0173 grup\u0117s delegatai nebedalyvaus. Savo parei\u0161kime Ahmadas Abdulas Hadi teig\u0117, kad \u201eHamas\u201c \u201ei\u0161 principo\u201c neprie\u0161tarauja deryboms d\u0117l paliaub\u0173. Ta\u010diau jis parei\u0161k\u0117, kad \u0161i\u0105 savait\u0119 nedalyvaus, nes Izraelio [&hellip;]<\/p>\n","protected":false},"author":1,"featured_media":175,"comment_status":"open","ping_status":"open","sticky":false,"template":"","format":"standard","meta":{"om_disable_all_campaigns":false,"_monsterinsights_skip_tracking":false,"_monsterinsights_sitenote_active":false,"_monsterinsights_sitenote_note":"","_monsterinsights_sitenote_category":0,"footnotes":""},"categories":[4],"tags":[],"class_list":["post-174","post","type-post","status-publish","format-standard","has-post-thumbnail","hentry","category-pasaulio-naujienos"],"aioseo_notices":[],"_links":{"self":[{"href":"https:\/\/pasaulioziniasklaida.lt\/index.php\/wp-json\/wp\/v2\/posts\/174","targetHints":{"allow":["GET"]}}],"collection":[{"href":"https:\/\/pasaulioziniasklaida.lt\/index.php\/wp-json\/wp\/v2\/posts"}],"about":[{"href":"https:\/\/pasaulioziniasklaida.lt\/index.php\/wp-json\/wp\/v2\/types\/post"}],"author":[{"embeddable":true,"href":"https:\/\/pasaulioziniasklaida.lt\/index.php\/wp-json\/wp\/v2\/users\/1"}],"replies":[{"embeddable":true,"href":"https:\/\/pasaulioziniasklaida.lt\/index.php\/wp-json\/wp\/v2\/comments?post=174"}],"version-history":[{"count":0,"href":"https:\/\/pasaulioziniasklaida.lt\/index.php\/wp-json\/wp\/v2\/posts\/174\/revisions"}],"wp:featuredmedia":[{"embeddable":true,"href":"https:\/\/pasaulioziniasklaida.lt\/index.php\/wp-json\/wp\/v2\/media\/175"}],"wp:attachment":[{"href":"https:\/\/pasaulioziniasklaida.lt\/index.php\/wp-json\/wp\/v2\/media?parent=174"}],"wp:term":[{"taxonomy":"category","embeddable":true,"href":"https:\/\/pasaulioziniasklaida.lt\/index.php\/wp-json\/wp\/v2\/categories?post=174"},{"taxonomy":"post_tag","embeddable":true,"href":"https:\/\/pasaulioziniasklaida.lt\/index.php\/wp-json\/wp\/v2\/tags?post=174"}],"curies":[{"name":"wp","href":"https:\/\/api.w.org\/{rel}","templated":true}]}}