{"id":1750,"date":"2025-02-13T16:08:54","date_gmt":"2025-02-13T16:08:54","guid":{"rendered":"https:\/\/pasaulioziniasklaida.lt\/index.php\/2025\/02\/13\/dagi-arslanaliev-noredamas-nuvezti-roberto-karius-i-gilius-vandenis-viename-171-kataras\/"},"modified":"2025-02-13T16:08:54","modified_gmt":"2025-02-13T16:08:54","slug":"dagi-arslanaliev-noredamas-nuvezti-roberto-karius-i-gilius-vandenis-viename-171-kataras","status":"publish","type":"post","link":"https:\/\/pasaulioziniasklaida.lt\/index.php\/2025\/02\/13\/dagi-arslanaliev-noredamas-nuvezti-roberto-karius-i-gilius-vandenis-viename-171-kataras\/","title":{"rendered":"Dagi Arslanaliev, nor\u0117damas nuve\u017eti Roberto karius \u012f gilius vandenis viename 171: Kataras"},"content":{"rendered":"<p> <br \/>\n<\/p>\n<div>\n<p><span style=\"font-weight: 400;\">Dabar jis gali pasigirti 9-2 pro-MMA rekordu, o keturios i\u0161 \u0161i\u0173 pergali\u0173 pasirod\u0117 po to, kai 2018 m. Met\u0173 kovos apdovanojimas &#8211; ir dar kart\u0105 buvo Dagi, kuris pasirod\u0117 vir\u0161uje.<\/span><\/p>\n<p><span style=\"font-weight: 400;\">Visada pavojinga lengvojo diviziono fig\u016bra, Arslanaliev&#8217;as prarado tik vien\u0105 MMA Christianui Lee, ir dabar jis atsiduria prie\u0161 \u201eHardy Roberto\u201c kareiv\u012f, nor\u0117damas dar kart\u0105 beld\u017eiantis \u012f \u010dempiono Lee duris.<\/span><\/p>\n<p>        <!-- ADUnit: Mob_EN_Nativead --><\/p>\n<p><span style=\"font-weight: 400;\">Ir gerbdamas savo vokie\u010di\u0173 oponent\u0105, Arslanjevas i\u0161 tikr\u0173j\u0173 mato daug, kad j\u012f jaudint\u0173si prie\u0161 j\u0173 171: Kataro kova \u201eLusail\u201c arenoje kit\u0105 savait\u0119.<\/span><\/p>\n<p><span style=\"font-weight: 400;\">\u201eGalb\u016bt\u201e Soldic \u201cyra labai kietas vaikinas, bet a\u0161 i\u0161 jo nema\u010diau nieko ypa\u010d pavojingo\u201c, &#8211; sak\u0117 jis. \u201eA\u0161 tiesiog sunkiai dirbsiu ir pamatysiu, kaip viskas klostosi. A\u0161 nelabai per daug susitelkiu \u012f jo stipri\u0105sias ar silpn\u0105sias puses &#8211; a\u0161 tiesiog darau savo darb\u0105 \u201c.<\/span><\/p>\n<p><span style=\"font-weight: 400;\">\u201eSoldic\u201c atsisak\u0117 svorio kategorijos, kad gal\u0117t\u0173 imtis \u0161ios kovos, ta\u010diau \u201eArslanaliev\u201c tai neturi jokios \u012ftakos rezultatui.<\/span><\/p>\n<p><span style=\"font-weight: 400;\">\u201eNesvarbu, kokio svorio jis yra. Kai \u012feiname \u012f narv\u0105, tai tik jis ir a\u0161. Jo r\u0117m\u0117jai ir mano lieka lauke. Nesvarbu, ar jis juda auk\u0161tyn, ar \u017eemyn, tai netur\u0117s \u012ftakos kovai.<\/span><\/p>\n<p><span style=\"font-weight: 400;\">Turkijos kovotojas ne\u012fdarbino joki\u0173 speciali\u0173 mokym\u0173 \u201eSoldic\u201c-tai tik \u012fprasta jo kovos su kova kampanija ir pasirengimas giliai imtis kovos dalyk\u0173-suteik\u0117 miniai to, ko jie tik\u0117josi i\u0161 \u0161io sprogstamojo kovotojo.<\/span><\/p>\n<p><span style=\"font-weight: 400;\">\u201eA\u0161 ruo\u0161iuosi \u012fprastu b\u016bdu, kaip ir visada ruo\u0161iuosi geram prie\u0161ininkui. Man labiau patinka sutelkti d\u0117mes\u012f \u012f savo boks\u0105. <\/span><\/p>\n<p><span style=\"font-weight: 400;\">\u201eNegaliu nusp\u0117ti, kas nutiks kovoje, ir nepadarysiu joki\u0173 parei\u0161kim\u0173, nes ne\u017einau, kaip viskas atsiskleis. Mano planas yra paprastas: pasim\u0117gauti savo prie\u0161ininku, pasinaudoti jo klaidomis ir vis\u0105 laik\u0105 i\u0161likti aktyviai. Jei apdaila ateis anksti, padarysiu visk\u0105, kad tai \u012fvykt\u0173.  <\/span><\/p>\n<p><span style=\"font-weight: 400;\">Man b\u016bt\u0173 geriau kovoti \u012f v\u0117lesnius raundus. Tokiu b\u016bdu, kai mano oponento padangos galiu parodyti k\u0105 nors ypatingo auditorijai. \u201c<\/span><\/p>\n<p><span style=\"font-weight: 400;\">Kalb\u0117damas apie \u0161i\u0105 auditorij\u0105, \u201eArslanaliev\u201c gali laukti tam tikros ver\u017elaus palaikymo \u201eLusail\u201c arenoje, nes jis pirm\u0105 kart\u0105 kovoja Vidurini\u0173j\u0173 Ryt\u0173 \u017eem\u0117je.<\/span><\/p>\n<p><span style=\"font-weight: 400;\">\u201eMan labai malonu, kad turiu galimyb\u0119 kovoti Viduriniuose Rytuose ir u\u017e tai, kad \u017emon\u0117s gal\u0117t\u0173 skristi ir \u017ei\u016br\u0117ti\u201c, &#8211; sak\u0117 jis.<\/span><\/p>\n<p><b>\u201c<\/b><span style=\"font-weight: 400;\">Tai bus mano pirmoji kova Katare ir d\u017eiaugiuosi, kad sutikau Kataro auditorij\u0105.<\/span><\/p>\n<p><span style=\"font-weight: 400;\">\u201eSavo gerb\u0117jams visame pasaulyje: po ilgo laiko gr\u012f\u017eau \u012f narv\u0105. A\u0161 pasiruo\u0161\u0119s parodyti vis\u0105 \u012fg\u016bd\u017ei\u0173 arsenal\u0105, kur\u012f per daugel\u012f met\u0173 \u012fgijau. \u201c<\/span><\/p>\n<p><b><i>Galite steb\u0117ti, kaip Dagi Arslanaliev ir Roberto Collic Clowdidas yra vienas 171: Kataras, kuris vyks vasario 20 d., Ketvirtadien\u012f, 17 val. Mekoje \u201eLusail\u201c sporto arenoje Katare. Nor\u0117dami gauti informacijos apie bilietus, <\/i><\/b><b><i>Spustel\u0117kite \u010dia<\/i><\/b><b><i>. Arba galite \u017ei\u016br\u0117ti rengin\u012f tiesiogiai \u201eBein Sports\u201c arba <\/i><\/b><b><i>\u017di\u016br\u0117ti.Onefc.com<\/i><\/b><b><i>. <\/i><\/b><\/p>\n<\/p><\/div>\n<p><script>\n    !function(f,b,e,v,n,t,s)\n    {if(f.fbq)return;n=f.fbq=function()\n    {n.callMethod? n.callMethod.apply(n,arguments):n.queue.push(arguments)}\n    ;\n    if(!f._fbq)f._fbq=n;n.push=n;n.loaded=!0;n.version='2.0';\n    n.queue=();t=b.createElement(e);t.async=!0;\n    t.src=v;s=b.getElementsByTagName(e)(0);\n    s.parentNode.insertBefore(t,s)}(window,document,'script',\n    'https:\/\/connect.facebook.net\/en_US\/fbevents.js');\n    fbq('init', '860081330738247');\n    fbq('track', 'PageView');\n    fbq('track', 'ViewContent');\n    <\/script><script>jQuery(function ($) {\n(function(d, s, id) {\n    var js, fjs = d.getElementsByTagName(s)(0);\n    if (d.getElementById(id)) return;\n    js = d.createElement(s);\n    js.id = id;\n    js.async = true;\n    js.src = \"\/\/connect.facebook.net\/en_US\/sdk.js#xfbml=1&appId=1892660097624150&version=v2.0\";\n    fjs.parentNode.insertBefore(js, fjs);\n}(document, 'script', 'facebook-jssdk'));                \n$( document ).ready(function() {\n        $.ajax({\n        url: '\/ajax\/nextarticleajax',\n        type: 'POST',\n        data: {cat: 113399, id: 349281, count: 2, ajax: true},  \n        error: function(xhr,tStatus,e){\n            if(!xhr){\n                console.log(' We have an error '+tStatus+'   '+e.message);\n            }else{\n                console.log('else: '+e.message);\n            }\n          },\n        success: function(resp){\n            $('.ajax_article').html(JSON.parse(resp).main);\n          }\n        });\n      });\n});<\/script><br \/>\n<br \/><br \/>\n<br \/><a href=\"https:\/\/sport360.com\/article\/boxing-mma\/one-championship-mma\/349281\/dagi-arslanaliev-looking-to-take-roberto-soldic-into-deep-waters-at-one-171-qatar\">Source link <\/a><\/p>\n","protected":false},"excerpt":{"rendered":"<p>Dabar jis gali pasigirti 9-2 pro-MMA rekordu, o keturios i\u0161 \u0161i\u0173 pergali\u0173 pasirod\u0117 po to, kai 2018 m. Met\u0173 kovos apdovanojimas &#8211; ir dar kart\u0105 buvo Dagi, kuris pasirod\u0117 vir\u0161uje. Visada pavojinga lengvojo diviziono fig\u016bra, Arslanaliev&#8217;as prarado tik vien\u0105 MMA Christianui Lee, ir dabar jis atsiduria prie\u0161 \u201eHardy Roberto\u201c kareiv\u012f, nor\u0117damas dar kart\u0105 beld\u017eiantis \u012f [&hellip;]<\/p>\n","protected":false},"author":1,"featured_media":1751,"comment_status":"","ping_status":"","sticky":false,"template":"","format":"standard","meta":{"om_disable_all_campaigns":false,"_monsterinsights_skip_tracking":false,"_monsterinsights_sitenote_active":false,"_monsterinsights_sitenote_note":"","_monsterinsights_sitenote_category":0,"footnotes":""},"categories":[5],"tags":[4050,4049,4054,3418,4057,4051,4052,4053,4055,4056],"class_list":["post-1750","post","type-post","status-publish","format-standard","has-post-thumbnail","hentry","category-sportas","tag-arslanaliev","tag-dagi","tag-gilius","tag-karius","tag-kataras","tag-noredamas","tag-nuvezti","tag-roberto","tag-vandenis","tag-viename"],"aioseo_notices":[],"_links":{"self":[{"href":"https:\/\/pasaulioziniasklaida.lt\/index.php\/wp-json\/wp\/v2\/posts\/1750","targetHints":{"allow":["GET"]}}],"collection":[{"href":"https:\/\/pasaulioziniasklaida.lt\/index.php\/wp-json\/wp\/v2\/posts"}],"about":[{"href":"https:\/\/pasaulioziniasklaida.lt\/index.php\/wp-json\/wp\/v2\/types\/post"}],"author":[{"embeddable":true,"href":"https:\/\/pasaulioziniasklaida.lt\/index.php\/wp-json\/wp\/v2\/users\/1"}],"replies":[{"embeddable":true,"href":"https:\/\/pasaulioziniasklaida.lt\/index.php\/wp-json\/wp\/v2\/comments?post=1750"}],"version-history":[{"count":0,"href":"https:\/\/pasaulioziniasklaida.lt\/index.php\/wp-json\/wp\/v2\/posts\/1750\/revisions"}],"wp:featuredmedia":[{"embeddable":true,"href":"https:\/\/pasaulioziniasklaida.lt\/index.php\/wp-json\/wp\/v2\/media\/1751"}],"wp:attachment":[{"href":"https:\/\/pasaulioziniasklaida.lt\/index.php\/wp-json\/wp\/v2\/media?parent=1750"}],"wp:term":[{"taxonomy":"category","embeddable":true,"href":"https:\/\/pasaulioziniasklaida.lt\/index.php\/wp-json\/wp\/v2\/categories?post=1750"},{"taxonomy":"post_tag","embeddable":true,"href":"https:\/\/pasaulioziniasklaida.lt\/index.php\/wp-json\/wp\/v2\/tags?post=1750"}],"curies":[{"name":"wp","href":"https:\/\/api.w.org\/{rel}","templated":true}]}}