{"id":1768,"date":"2025-02-15T16:33:19","date_gmt":"2025-02-15T16:33:19","guid":{"rendered":"https:\/\/pasaulioziniasklaida.lt\/index.php\/2025\/02\/15\/zelenskyy-europos-ginkluotosios-pajegos-skambuciai-yra-griezta-tiesa-kad-londonas-paryzius-ir-berlyna-reikejo-isgirsti-pasaulio-naujienos\/"},"modified":"2025-02-15T16:33:19","modified_gmt":"2025-02-15T16:33:19","slug":"zelenskyy-europos-ginkluotosios-pajegos-skambuciai-yra-griezta-tiesa-kad-londonas-paryzius-ir-berlyna-reikejo-isgirsti-pasaulio-naujienos","status":"publish","type":"post","link":"https:\/\/pasaulioziniasklaida.lt\/index.php\/2025\/02\/15\/zelenskyy-europos-ginkluotosios-pajegos-skambuciai-yra-griezta-tiesa-kad-londonas-paryzius-ir-berlyna-reikejo-isgirsti-pasaulio-naujienos\/","title":{"rendered":"Zelenskyy Europos ginkluotosios paj\u0117gos skambu\u010diai yra grie\u017eta tiesa, kad Londonas, Pary\u017eius ir Berlyn\u0105 reik\u0117jo i\u0161girsti | Pasaulio naujienos"},"content":{"rendered":"<p> <br \/>\n<\/p>\n<div data-component-name=\"ui-article-body\" data-highlight-intro=\"true\">\n<p>At\u0117jo laikas ginkluotosioms Europos paj\u0117goms.<\/p>\n<p>Tai buvo pagrindin\u0117 \u017einia i\u0161 <strong>Ukraina<\/strong>Did\u017eiosios Miuncheno saugumo konferencijos prezidentas, kuris \u017eiauriai atskleid\u0117 Europos nereik\u0161mingum\u0105, kai JAV n\u0117ra \u012f priek\u012f.<\/p>\n<p><strong>Volodymyr Zelenskyy<\/strong> Sak\u0117, kad tokia j\u0117ga nepakeis transatlantinio NATO aljanso, ta\u010diau ji vietoj to bus <strong>\u012esitikinkite, kad Europa yra tokia stipri kaip Va\u0161ingtonas<\/strong> &#8211; Ir dar kart\u0105 rimtai \u017ei\u016brima \u012f draugus ir prie\u0161us.<\/p>\n<p>\u201eTurime pastatyti ginkluotosiomis Europos paj\u0117gomis, kad Europos ateitis priklausyt\u0173 tik nuo europie\u010di\u0173, o Europoje priimami sprendimai Europoje\u201c, &#8211; sak\u0117 jis, \u0161e\u0161tadien\u012f kalb\u0117damas pagrindin\u0117je scenoje Miuncheno saugumo konferencijoje.<\/p>\n<div class=\"sdc-article-widget sdc-article-image\">\n<figure class=\"sdc-article-image__figure\">\n<div class=\"sdc-article-image__wrapper\" data-aspect-ratio=\"16\/9\">\n          \n    <\/div><figcaption class=\"ui-media-caption\">\n        <span class=\"u-hide-visually\">Vaizdas:<\/span><br \/>\n        <span class=\"ui-media-caption__caption-text\">Volodymyr Zelenskyy kalba Miuncheno saugumo konferencijoje. PIC: Ap<br \/>\n        <\/span><br \/>\n      <\/figcaption><\/figure>\n<\/div>\n<p>Tai yra at\u0161iauri tiesa, kad Londonui, Pary\u017eiui ir Berlynui reik\u0117jo i\u0161girsti, nes tampa vis akivaizdu, kad Va\u0161ingtonas, vadovaujamas prezidento Donaldo Trumpo, yra daug labiau suinteresuotas eiti vienas, o ne b\u016bti dideliam, bet geranori\u0161kam \u017ev\u0117riui &#8211; partneri\u0173 aljanse.<\/p>\n<p>Vis d\u0117lto problema yra ta, kad nuo \u0161altojo karo pabaigos galingiausi\u0173 Europos armijos, karin\u0117s j\u016br\u0173 paj\u0117gos ir oro paj\u0117gos buvo i\u0161tu\u0161tintos, nes vyriausyb\u0117s i\u0161laid\u0173 prioritetai per\u0117jo prie taikos laiko, toki\u0173 kaip ekonomika, sveikatos prie\u017ei\u016bra ir socialin\u0117 gerov\u0117.<\/p>\n<p>Lygiagre\u010diai Europa prarado savo karo m\u0105stysen\u0105, pagimdyt\u0105 dviej\u0173 pasaulini\u0173 kar\u0173 ir \u0160altojo karo m\u016b\u0161io laukuose, ta\u010diau po to leido augti suglebusi, nes \u017eemyno nauda pasinaudojo taikos prana\u0161umais, ne\u012fvertindamas poreikio i\u0161laikyti kovos kra\u0161t\u0105, kad apsaugot\u0173 savo vertybes.<\/p>\n<p><strong>Naivus nusiraminimas<\/strong><\/p>\n<p>Aliarmo varpai, galintys baigti \u0161\u012f naiv\u0173 nusiraminim\u0105, skamb\u0117jo pastar\u0105j\u012f de\u0161imtmet\u012f, ta\u010diau jie pagaliau pasiek\u0117 \u201eCrescendo\u201c Miunchene.<\/p>\n<p>Tai yra esminis pasirinkimo momentas: arba Europa, atkreipia d\u0117mes\u012f \u012f \u012fsp\u0117jimus, arba jis ruo\u0161iasi, kad j\u012f bud\u0117t\u0173 Va\u0161ingtono, Pekino ar Maskvos u\u017egaidos.<\/p>\n<div class=\"sdc-article-widget sdc-site-video callfn\" data-account-id=\"6058004172001\" data-amp-iframe-embed=\"\" data-asset-id=\"ed650c7f-2466-4269-aefc-3a2478497428\" data-asset-path=\"\" data-asset-version=\"\" data-autoplay=\"false\" data-auth-config=\"\" data-caption=\"'Unlikely' Ukraine gets old borders back\" data-clip-type=\"\" data-component-name=\"sdc-site-video\" data-component-name-alias=\"ui-sitewide-video\" data-competition=\"\" data-copy-url-text=\"URL copied to clipboard\" data-fn=\"sdc-site-video\" data-id=\"id_ed650c7f-2466-4269-aefc-3a2478497428\" data-is-live-stream=\"false\" data-lite=\"true\" data-options=\"\" data-originator-id=\"51\" data-originator-handle=\"brightcove-news-gb\" data-package-name=\"\" data-provider=\"brightcove\" data-player-id=\"yjBoKQ5XA\" data-playsinline=\"\" data-sensitive=\"false\" data-sdc-id=\"6827263\" data-sdc-video-id=\"ed650c7f-2466-4269-aefc-3a2478497428\" data-sport-category=\"\" data-state=\"loading\" data-token-state=\"none\" data-video-ad-unit=\"\" data-video-blacklisted-originator-ids=\"\" data-video-id=\"ref:ed650c7f-2466-4269-aefc-3a2478497428\" data-video-type=\"\" data-auto-pause-on-not-visible=\"true\" tabindex=\"-1\" data-closed-captions-position=\"middle-third\" data-show-closed-captions=\"true\" data-show-pip=\"true\" data-show-live-stream-scrubber=\"true\" data-autoload=\"false\">\n<div class=\"sdc-site-video__inner\">\n<div class=\"sdc-site-video__content\" data-role=\"bridge-controller\" style=\"padding-bottom: calc(100% \/ ());\">\n<p class=\"sdc-site-video__accessibility-message\" data-role=\"accessibility-message\">Nor\u0117dami gauti labiau prieinam\u0105 vaizdo grotuv\u0105, naudokite \u201eChrome\u201c nar\u0161ykl\u0119<\/p>\n<p>              <span aria-hidden=\"true\" data-role=\"poster\" class=\"sdc-site-video__poster\"><br \/>\n                <img decoding=\"async\" loading=\"lazy\" src=\"https:\/\/e3.365dm.com\/25\/02\/768x432\/skynews-donald-trump_6827265.jpg?20250213072236\" alt=\"Trumpas apie Zelenskyy ir Ukrain\u0105\" srcset=\"\" aria-hidden=\"true\" class=\"sdc-site-video__poster-img\"\/><br \/>\n              <span class=\"sdc-site-video__loader\"\/><br \/>\n                <span class=\"sdc-site-video__time\">0:34<\/span><br \/>\n              <\/span><\/p>\n<p>              <video id=\"id_ed650c7f-2466-4269-aefc-3a2478497428\" data-embed=\"default\" data-application-id=\"\" class=\"video-js sdc-site-video__tag\" controls=\"\" playsinline=\"\"\/>\n            <\/div><figcaption class=\"sdc-site-video__caption ui-media-caption\">\n<p>              <span class=\"ui-media-caption__caption-text\" data-role=\"caption-text\">\u201eMa\u017eai tik\u0117tina\u201c Ukraina sugr\u0105\u017eina senas sienas<\/span><br \/>\n            <\/figcaption><\/div>\n<\/p><\/div>\n<p><strong>Stipri\u0173 \u017eod\u017ei\u0173 nepakanka<\/strong><\/p>\n<p>Tiesa, keli Europos lyderiai, \u012fskaitant JK u\u017esienio reikal\u0173 sekretori\u0173 David\u0105 Lammy, i\u0161leido \u0161aukimus, skirtus sustiprinti gynybos i\u0161laidas ir karines galimybes.<\/p>\n<p>Ta\u010diau vien stipri\u0173 \u017eod\u017ei\u0173 nebebus.<\/p>\n<p>Turi b\u016bti pertvarkytas prioritetas, kai individual\u016bs pilie\u010diai yra priversti pa\u017eadinti atsakomyb\u0119, kuri\u0105 kiekvienas asmuo prisiima ginti savo vertybes ir atitinkamas \u0161alis.<\/p>\n<p>Remiantis Ukrainos niokojan\u010diu i\u0161gyvenimo karu <strong>Vladimiras Putinas<\/strong>Visos masto invazija, ponas Zelenskyy paragino JK ir kitus Europos s\u0105jungininkus ne tik padidinti investicijas \u012f gynyb\u0105, bet ir u\u017etikrinti, kad j\u0173 gyventojai tur\u0117t\u0173 nor\u0105 kovoti.<\/p>\n<p>\u201e\u017dinoma, reikia pinig\u0173\u201c, &#8211; sak\u0117 ponas Zelenskyy, kalb\u0117damas angli\u0161kai.<\/p>\n<p>&#8222;Bet vien tik pinigai nesustabdys prie\u0161o u\u017epuolimo &#8230; tai susij\u0119 ne tik su biud\u017eetu. Kalbama apie \u017emones, kurie supranta, kad jiems reikia ginti savo namus.&#8221;<\/p>\n<div class=\"sdc-article-widget sdc-article-custom-markup \" data-component-name=\"sdc-article-custom-markup\" data-consent=\"pending\" data-vendor-name=\"spreaker\">\n<section aria-label=\"Consent required\" class=\"ui-consent-roadblock\" data-component-name=\"ui-consent-roadblock\" data-aspect-ratio=\"16\/9\">\n<div class=\"ui-consent-roadblock-body\">\n        <span class=\"ui-consent-roadblock-body__title\">\u016agis<\/span><br \/>\n            <span class=\"ui-consent-roadblock-body__description\" data-show-on-fallback=\"false\"><\/p>\n<p>                \u0160\u012f turin\u012f teikia <span class=\"ui-consent-roadblock-body__vendor-title\">\u016agis<\/span>kurie gali b\u016bti naudojami slapukai ir kitos technologijos. Nor\u0117dami parodyti jums \u0161\u012f turin\u012f, mums reikia j\u016bs\u0173 leidimo naudoti slapukus. Nor\u0117dami \u012fjungti, galite naudoti \u017eemiau esan\u010dius mygtukus <span class=\"ui-consent-roadblock-body__vendor-title\">\u016agis<\/span> sausainiai arba leisti tuos slapukus tik vien\u0105 kart\u0105. Galite bet kada pakeisti savo nustatymus naudodamiesi privatumo parinktimis.<br \/>\n            <\/span><br \/>\n            <span class=\"ui-consent-roadblock-body__description\" data-show-on-fallback=\"true\"><\/p>\n<p>                Deja, mes negal\u0117jome patikrinti, ar sutikote <span class=\"ui-consent-roadblock-body__vendor-title\">\u016agis<\/span> sausainiai. Nor\u0117dami per\u017ei\u016br\u0117ti \u0161\u012f turin\u012f, galite naudoti \u017eemiau esant\u012f mygtuk\u0105, kad gal\u0117tum\u0117te leisti <span class=\"ui-consent-roadblock-body__vendor-title\">\u016agis<\/span> Slapukai tik \u0161iam sesijai.<br \/>\n            <\/span><\/p>\n<div class=\"ui-consent-roadblock-body__link-group\">\n<p>                \u012egalinti slapukus Leiskite slapukams vien\u0105 kart\u0105\n            <\/p><\/div>\n<\/p><\/div>\n<\/section>\n<\/div>\n<p>\ud83d\udc49 <strong>Klausykite \u201eSky News Daily\u201c savo \u201ePodcast\u201c programoje<\/strong> \ud83d\udc48<\/p>\n<p><strong>\u201eUkraina niekada nepriims pasi\u016blym\u0173, sudaryt\u0173 u\u017e m\u016bs\u0173 nugaros\u201c<\/strong><\/p>\n<p>Vis\u0173 pirma, JK praeityje buvo sugadinta, kai kiti Europos lyderiai &#8211; ypa\u010d Emmanuelis Macronas i\u0161 Pranc\u016bzijos &#8211; lobizavo Europos S\u0105jungos armijai, nerimaudami, kad ji sunaikins NATO pateikt\u0105 kolektyvin\u012f atgrasym\u0105.<\/p>\n<p>Ta\u010diau ponas Zelenskyy atkreip\u0117 d\u0117mes\u012f \u012f \u0161\u012f susir\u016bpinim\u0105 sakydamas: &#8222;Tai n\u0117ra susij\u0119s su aljanso pakeitimu. Tai rei\u0161kia, kad Europos ind\u0117lis \u012f m\u016bs\u0173 partneryst\u0119 yra lygus Amerikos.&#8221;<\/p>\n<p><strong>Skaitykite daugiau:<\/strong><br \/><strong>Ar rusai mano, kad Trumpas gali sustabdyti kar\u0105 Ukrainoje?<\/strong><br \/><strong>Trumpas nori, kad Rusija gr\u012f\u017et\u0173 \u012f G7<\/strong><\/p>\n<p>Kalbant <strong>Rusija<\/strong>Karas Ukrainoje, prezidentas Zelenskyy nustat\u0117 savo raudonas linijas, kurios kartais prie\u0161taravo Donaldo Trumpo taikos deryb\u0173, dominuojan\u010di\u0173 oro bangose, vizija.<\/p>\n<p>\u201eUkraina niekada nepriims sandori\u0173, sudaryt\u0173 u\u017e nugaros be m\u016bs\u0173 dalyvavimo\u201c, &#8211; sak\u0117 jis.<\/p>\n<p>\u201eJei mums nepalieka deryb\u0173 d\u0117l savo ateities, tada visi prarandame\u201c, pridurdami, kad NATO naryst\u0117 Ukrainai nebuvo nuo stalo, kiek jam r\u016bp\u0117jo.<\/p>\n<p><strong>&#8222;O kas, jei Rusija ateis u\u017e tave?&#8221;<\/strong><\/p>\n<p>Jis taip pat v\u0117l persp\u0117jo apie galim\u0105 konflikto i\u0161pl\u0117tim\u0105.<\/p>\n<p>Cituodamas Ukrainos \u017evalgyb\u0105, jis sak\u0117, kad Rusija stato nauj\u0105 iki 150 000 kareivi\u0173 &#8211; ma\u017edaug tokio pat dyd\u017eio kaip ir visos Did\u017eiosios Britanijos armijos, karinio j\u016br\u0173 laivyno ir oro paj\u0117g\u0173 paj\u0117g\u0173, kad ji prad\u0117s dislokuoti Baltarusijai, arti treniruo\u010di\u0173 ir pratim\u0173.<\/p>\n<p>&#8222;Ar \u0161ios Rusijos paj\u0117gos Baltarusijoje yra skirtos pulti Ukrain\u0105? Gal. O gal ne. O gal tai skirta jums&#8221;, &#8211; sak\u0117 jis, u\u017esimindamas apie NATO s\u0105jungininkus Lenkij\u0105 ir Baltijos valstijas.<\/p>\n<div class=\"sdc-article-widget sdc-site-video callfn\" data-account-id=\"6058004172001\" data-amp-iframe-embed=\"\" data-asset-id=\"dd31f1be-f0f6-490b-bf16-7e3a614320f1\" data-asset-path=\"\" data-asset-version=\"\" data-autoplay=\"false\" data-auth-config=\"\" data-caption=\"JD Vance wants 'lasting peace' in Eastern Europe\" data-clip-type=\"\" data-component-name=\"sdc-site-video\" data-component-name-alias=\"ui-sitewide-video\" data-competition=\"\" data-copy-url-text=\"URL copied to clipboard\" data-fn=\"sdc-site-video\" data-id=\"id_dd31f1be-f0f6-490b-bf16-7e3a614320f1\" data-is-live-stream=\"false\" data-lite=\"true\" data-options=\"\" data-originator-id=\"51\" data-originator-handle=\"brightcove-news-gb\" data-package-name=\"\" data-provider=\"brightcove\" data-player-id=\"yjBoKQ5XA\" data-playsinline=\"\" data-sensitive=\"false\" data-sdc-id=\"6828866\" data-sdc-video-id=\"dd31f1be-f0f6-490b-bf16-7e3a614320f1\" data-sport-category=\"\" data-state=\"loading\" data-token-state=\"none\" data-video-ad-unit=\"\" data-video-blacklisted-originator-ids=\"\" data-video-id=\"ref:dd31f1be-f0f6-490b-bf16-7e3a614320f1\" data-video-type=\"\" data-auto-pause-on-not-visible=\"true\" tabindex=\"-1\" data-closed-captions-position=\"middle-third\" data-show-closed-captions=\"true\" data-show-pip=\"true\" data-show-live-stream-scrubber=\"true\" data-autoload=\"false\">\n<div class=\"sdc-site-video__inner\">\n<div class=\"sdc-site-video__content\" data-role=\"bridge-controller\" style=\"padding-bottom: calc(100% \/ ());\">\n<p class=\"sdc-site-video__accessibility-message\" data-role=\"accessibility-message\">Nor\u0117dami gauti labiau prieinam\u0105 vaizdo grotuv\u0105, naudokite \u201eChrome\u201c nar\u0161ykl\u0119<\/p>\n<p>              <span aria-hidden=\"true\" data-role=\"poster\" class=\"sdc-site-video__poster\"><br \/>\n                <img decoding=\"async\" loading=\"lazy\" src=\"https:\/\/e3.365dm.com\/25\/02\/768x432\/skynews-jd-vance-zelenskyy_6828868.jpg?20250214180756\" alt=\"JD Vance Zelenskyy Munich \" srcset=\"\" aria-hidden=\"true\" class=\"sdc-site-video__poster-img\"\/><br \/>\n              <span class=\"sdc-site-video__loader\"\/><br \/>\n                <span class=\"sdc-site-video__time\">1:13<\/span><br \/>\n              <\/span><\/p>\n<p>              <video id=\"id_dd31f1be-f0f6-490b-bf16-7e3a614320f1\" data-embed=\"default\" data-application-id=\"\" class=\"video-js sdc-site-video__tag\" controls=\"\" playsinline=\"\"\/>\n            <\/div><figcaption class=\"sdc-site-video__caption ui-media-caption\">\n<p>              <span class=\"ui-media-caption__caption-text\" data-role=\"caption-text\">JD Vance nori \u201eilgalaik\u0117s ramyb\u0117s\u201c Ryt\u0173 Europoje<\/span><br \/>\n            <\/figcaption><\/div>\n<\/p><\/div>\n<p><strong>Giliai nepatog\u016bs laikai<\/strong><\/p>\n<p>Ponas Zelenskyy teig\u0117, kad jis intensyviai did\u017eiuojasi tuo, kaip ukrainie\u010diai susib\u016br\u0117 sustabdyti Maskvos per pirm\u0105sias kelias savo karo dienas, prie\u0161 kovodamas su kovomis kovose, kurios nuo to laiko negailestingai siaut\u0117jo.<\/p>\n<p>Tada jis paklaus\u0117 Europos politik\u0173, diplomat\u0173 ir karini\u0173 vadov\u0173 auditorijos Miunchene: \u201eJei Rusija ateis u\u017e jus, ar j\u016bs\u0173 armija gal\u0117t\u0173 kovoti vienodai?\u201c<\/p>\n<p>Nepatogus klausimas giliai nepatogiai.<\/p>\n<\/p><\/div>\n<p><br \/>\n<br \/><a href=\"https:\/\/news.sky.com\/story\/zelenskyys-europe-armed-forces-call-is-harsh-truth-that-london-paris-and-berlin-needed-to-hear-13309765\">Source link <\/a><\/p>\n","protected":false},"excerpt":{"rendered":"<p>At\u0117jo laikas ginkluotosioms Europos paj\u0117goms. Tai buvo pagrindin\u0117 \u017einia i\u0161 UkrainaDid\u017eiosios Miuncheno saugumo konferencijos prezidentas, kuris \u017eiauriai atskleid\u0117 Europos nereik\u0161mingum\u0105, kai JAV n\u0117ra \u012f priek\u012f. Volodymyr Zelenskyy Sak\u0117, kad tokia j\u0117ga nepakeis transatlantinio NATO aljanso, ta\u010diau ji vietoj to bus \u012esitikinkite, kad Europa yra tokia stipri kaip Va\u0161ingtonas &#8211; Ir dar kart\u0105 rimtai \u017ei\u016brima \u012f [&hellip;]<\/p>\n","protected":false},"author":1,"featured_media":1769,"comment_status":"","ping_status":"","sticky":false,"template":"","format":"standard","meta":{"om_disable_all_campaigns":false,"_monsterinsights_skip_tracking":false,"_monsterinsights_sitenote_active":false,"_monsterinsights_sitenote_note":"","_monsterinsights_sitenote_category":0,"footnotes":""},"categories":[4],"tags":[4109,1689,4103,4105,4111,291,4107,24,390,4108,23,4110,4104,4106,377,4102],"class_list":["post-1768","post","type-post","status-publish","format-standard","has-post-thumbnail","hentry","category-pasaulio-naujienos","tag-berlyna","tag-europos","tag-ginkluotosios","tag-griezta","tag-isgirsti","tag-kad","tag-londonas","tag-naujienos","tag-pajegos","tag-paryzius","tag-pasaulio","tag-reikejo","tag-skambuciai","tag-tiesa","tag-yra","tag-zelenskyy"],"aioseo_notices":[],"_links":{"self":[{"href":"https:\/\/pasaulioziniasklaida.lt\/index.php\/wp-json\/wp\/v2\/posts\/1768","targetHints":{"allow":["GET"]}}],"collection":[{"href":"https:\/\/pasaulioziniasklaida.lt\/index.php\/wp-json\/wp\/v2\/posts"}],"about":[{"href":"https:\/\/pasaulioziniasklaida.lt\/index.php\/wp-json\/wp\/v2\/types\/post"}],"author":[{"embeddable":true,"href":"https:\/\/pasaulioziniasklaida.lt\/index.php\/wp-json\/wp\/v2\/users\/1"}],"replies":[{"embeddable":true,"href":"https:\/\/pasaulioziniasklaida.lt\/index.php\/wp-json\/wp\/v2\/comments?post=1768"}],"version-history":[{"count":0,"href":"https:\/\/pasaulioziniasklaida.lt\/index.php\/wp-json\/wp\/v2\/posts\/1768\/revisions"}],"wp:featuredmedia":[{"embeddable":true,"href":"https:\/\/pasaulioziniasklaida.lt\/index.php\/wp-json\/wp\/v2\/media\/1769"}],"wp:attachment":[{"href":"https:\/\/pasaulioziniasklaida.lt\/index.php\/wp-json\/wp\/v2\/media?parent=1768"}],"wp:term":[{"taxonomy":"category","embeddable":true,"href":"https:\/\/pasaulioziniasklaida.lt\/index.php\/wp-json\/wp\/v2\/categories?post=1768"},{"taxonomy":"post_tag","embeddable":true,"href":"https:\/\/pasaulioziniasklaida.lt\/index.php\/wp-json\/wp\/v2\/tags?post=1768"}],"curies":[{"name":"wp","href":"https:\/\/api.w.org\/{rel}","templated":true}]}}