{"id":178,"date":"2024-08-14T23:04:12","date_gmt":"2024-08-14T23:04:12","guid":{"rendered":"https:\/\/pasaulioziniasklaida.lt\/index.php\/2024\/08\/14\/nepaisant-daugybes-gazos-ruozo-paliaubu-derybu-nepasitikejimas-islieka-ir-tai-kelia-gresme-bet-kokiai-taikos-viltis-pasaulio-naujienos\/"},"modified":"2024-08-14T23:04:12","modified_gmt":"2024-08-14T23:04:12","slug":"nepaisant-daugybes-gazos-ruozo-paliaubu-derybu-nepasitikejimas-islieka-ir-tai-kelia-gresme-bet-kokiai-taikos-viltis-pasaulio-naujienos","status":"publish","type":"post","link":"https:\/\/pasaulioziniasklaida.lt\/index.php\/2024\/08\/14\/nepaisant-daugybes-gazos-ruozo-paliaubu-derybu-nepasitikejimas-islieka-ir-tai-kelia-gresme-bet-kokiai-taikos-viltis-pasaulio-naujienos\/","title":{"rendered":"Nepaisant daugyb\u0117s Gazos ruo\u017eo paliaub\u0173 deryb\u0173, nepasitik\u0117jimas i\u0161lieka \u2013 ir tai kelia gr\u0117sm\u0119 bet kokiai taikos viltis | Pasaulio naujienos"},"content":{"rendered":"<p> <br \/>\n<\/p>\n<div data-component-name=\"ui-article-body\" data-highlight-intro=\"true\">\n<p>Libano sostin\u0117je Beirute kilo \u012fnirtinga diplomatin\u0117 veikla prie\u0161 itin svarbias derybas Dohoje, kuriomis siekiama susitarti d\u0117l paliaub\u0173 Gazoje.<\/p>\n<p>\u012eskrido JAV specialusis prezidento pasiuntinys Amosas Hochsteinas <a href=\"https:\/\/news.sky.com\/topic\/lebanon-6383\" target=\"_blank\" rel=\"noopener\"><strong>Libanas<\/strong><\/a>  bandyti i\u0161vengti regioninio karo, persp\u0117jant, kad did\u0117janti \u012ftampa gali tapti \u201enekontroliuojama\u201c.<\/p>\n<p><a href=\"https:\/\/news.sky.com\/topic\/iran-5977\" target=\"_blank\" rel=\"noopener\"><strong>Iranas<\/strong><\/a>  ir Libano <a href=\"https:\/\/news.sky.com\/topic\/hezbollah-8356\" target=\"_blank\" rel=\"noopener\"><strong>\u201eHezbollah\u201c.<\/strong><\/a>  Abu \u017eada imtis atsakom\u0173j\u0173 veiksm\u0173 d\u0117l dviej\u0173 i\u0161puoli\u0173 Teherane ir Beirute, d\u0117l kuri\u0173 kaltina <a href=\"https:\/\/news.sky.com\/topic\/israel-5981\" target=\"_blank\" rel=\"noopener\"><strong>Izraelis<\/strong><\/a>.<\/p>\n<p>Izraelis pripa\u017eino tai \u012fvykd\u0119s <a href=\"https:\/\/news.sky.com\/story\/hezbollah-leader-confirms-death-of-top-military-commander-fuad-shukr-in-israeli-strike-on-beirut-13188236\" target=\"_blank\" rel=\"noopener\"><strong>Beiruto puolimas<\/strong><\/a>  kuris nu\u017eud\u0117 pagrindin\u012f \u201eHezbollah\u201c vad\u0105, bet nepatvirtino ir nepaneig\u0117 <a href=\"https:\/\/news.sky.com\/story\/hamas-leader-ismail-haniyeh-killed-in-iran-group-says-13187783\" target=\"_blank\" rel=\"noopener\"><strong>pagrindinio Hamas derybininko nu\u017eudymo<\/strong><\/a>  Ismailas Haniyehas, kai jis lank\u0117si Irane.<\/p>\n<p>\u201eNeb\u0117ra laiko \u0161vaistyti&#8230; ir neb\u0117ra pagr\u012fst\u0173 pasiteisinim\u0173 n\u0117 vienai \u0161aliai d\u0117l tolesnio delsimo\u201c, \u2013 sak\u0117 ponas Hochsteinas su daugiau nei nusivylimu d\u0117l susitarimo, d\u0117l kurio kovos sustos. laikomi \u012fkaitai <strong><a href=\"https:\/\/news.sky.com\/topic\/gaza-8014\" target=\"_blank\" rel=\"noopener\">Gaza<\/a><\/strong>  i\u0161laisvinti ir palestinie\u010diai kaliniai.<\/p>\n<div class=\"sdc-article-widget sdc-article-image\">\n<figure class=\"sdc-article-image__figure\">\n<div class=\"sdc-article-image__wrapper\" data-aspect-ratio=\"16\/9\">\n          <img decoding=\"async\" class=\"sdc-article-image__item\" loading=\"lazy\" intrinsicsize=\"768x432\" src=\"https:\/\/e3.365dm.com\/24\/08\/768x432\/skynews-alex-crawford-amos-hochstein_6656841.jpg?20240814213458\" srcset=\"https:\/\/e3.365dm.com\/24\/08\/384x216\/skynews-alex-crawford-amos-hochstein_6656841.jpg?20240814213458 380w, https:\/\/e3.365dm.com\/24\/08\/768x432\/skynews-alex-crawford-amos-hochstein_6656841.jpg?20240814213458 760w, https:\/\/e3.365dm.com\/24\/08\/1600x900\/skynews-alex-crawford-amos-hochstein_6656841.jpg?20240814213458 1024w, https:\/\/e3.365dm.com\/24\/08\/2048x1152\/skynews-alex-crawford-amos-hochstein_6656841.jpg?20240814213458 2048w\" sizes=\"(min-width: 1024px) 1024px, 100vw\" alt=\"Amosas Hochsteinas atvyksta \u012f diplomatines derybas d\u0117l ugnies nutraukimo Gazoje\"\/>\n    <\/div>\n<\/figure>\n<\/div>\n<div class=\"sdc-article-widget sdc-article-image\">\n<figure class=\"sdc-article-image__figure\">\n<div class=\"sdc-article-image__wrapper\" data-aspect-ratio=\"16\/9\">\n          <img decoding=\"async\" class=\"sdc-article-image__item\" loading=\"lazy\" intrinsicsize=\"768x432\" src=\"https:\/\/e3.365dm.com\/24\/08\/768x432\/skynews-alex-crawford-amos-hochstein_6656838.jpg?20240814213403\" srcset=\"https:\/\/e3.365dm.com\/24\/08\/384x216\/skynews-alex-crawford-amos-hochstein_6656838.jpg?20240814213403 380w, https:\/\/e3.365dm.com\/24\/08\/768x432\/skynews-alex-crawford-amos-hochstein_6656838.jpg?20240814213403 760w, https:\/\/e3.365dm.com\/24\/08\/1600x900\/skynews-alex-crawford-amos-hochstein_6656838.jpg?20240814213403 1024w, https:\/\/e3.365dm.com\/24\/08\/2048x1152\/skynews-alex-crawford-amos-hochstein_6656838.jpg?20240814213403 2048w\" sizes=\"(min-width: 1024px) 1024px, 100vw\" alt=\"Amosas Hochsteinas spaudos konferencijoje\"\/>\n    <\/div><figcaption class=\"ui-media-caption\">\n        <span class=\"u-hide-visually\">Vaizdas:<\/span><br \/>\n        <span class=\"ui-media-caption__caption-text\">\u201eNeb\u0117ra laiko gai\u0161ti&#8230; ir neb\u0117ra pagr\u012fst\u0173 pasiteisinim\u0173 n\u0117 vienai \u0161aliai d\u0117l tolesnio delsimo\u201c<br \/>\n        <\/span><br \/>\n      <\/figcaption><\/figure>\n<\/div>\n<p>Diplomatinis sprendimas yra \u012fmanomas, sak\u0117 M. Hochsteinas, ta\u010diau jis band\u0117 \u012ftikinti \u0161alis, kad stipr\u0117jantys karo veiksmai Libano ir Izraelio pasienyje tur\u0117t\u0173 b\u016bti atskirti nuo Izraelio ir \u201eHamas\u201c deryb\u0173.<\/p>\n<p>Tai atrodo ma\u017eai tik\u0117tina, turint omenyje, kad Libano grupuot\u0117 \u201eHezbollah\u201c tvirtina, kad spalio 8 d. prad\u0117jo \u0161audyti \u012f Izrael\u012f, siekdama paremti Palestinos reikal\u0105, ir baigsis tik tada, kai bus susitarta d\u0117l ugnies nutraukimo. <a href=\"http:\/\/news.sky.com\/topic\/hamas-8015\" target=\"_blank\" rel=\"noopener\"><strong>Hamas<\/strong><\/a>.<\/p>\n<p>\u201eSky News\u201c tai sak\u0117 \u201eHamas\u201c atstovas Libane daktaras Ahmedas Abulas Hadi <a href=\"https:\/\/news.sky.com\/story\/hamas-says-it-will-not-join-ceasefire-talks-this-week-13196535\" target=\"_blank\" rel=\"noopener\"><strong>jie nedalyvaus derybose<\/strong><\/a>  nepaisant to, kad yra \u201esuinteresuotas susitarimu\u201c.<\/p>\n<p>Jis t\u0119s\u0117: \u201e(Izraelio ministras pirmininkas Benjaminas) <a href=\"https:\/\/news.sky.com\/topic\/benjamin-netanyahu-6264\" target=\"_blank\" rel=\"noopener\"><strong>Netanjahu<\/strong><\/a>  ir jo vyriausyb\u0117 vis dar kelia naujas s\u0105lygas. Netanyahu n\u0117ra suinteresuotas susitarti\u201c.<\/p>\n<div class=\"sdc-article-widget sdc-site-video callfn\" data-account-id=\"6058004172001\" data-amp-iframe-embed=\"\" data-asset-id=\"db6a0e90-6800-4e1a-81c5-e7a901104f6b\" data-asset-path=\"\" data-asset-version=\"\" data-autoplay=\"false\" data-auth-config=\"\" data-caption=\"Hamas won't attend ceasefire talks\" data-clip-type=\"\" data-component-name=\"sdc-site-video\" data-competition=\"\" data-copy-url-text=\"URL copied to clipboard\" data-fn=\"sdc-site-video\" data-id=\"id_db6a0e90-6800-4e1a-81c5-e7a901104f6b\" data-is-live-stream=\"false\" data-lite=\"true\" data-options=\"\" data-originator-id=\"51\" data-originator-handle=\"brightcove-news-gb\" data-package-name=\"\" data-provider=\"brightcove\" data-player-id=\"RC9PQUaJ6\" data-playsinline=\"\" data-sensitive=\"false\" data-sdc-id=\"6656289\" data-sdc-video-id=\"db6a0e90-6800-4e1a-81c5-e7a901104f6b\" data-sport-category=\"\" data-state=\"loading\" data-token-state=\"none\" data-video-ad-unit=\"\" data-video-blacklisted-originator-ids=\"\" data-video-id=\"ref:db6a0e90-6800-4e1a-81c5-e7a901104f6b\" data-video-type=\"\" data-auto-pause-on-not-visible=\"true\" tabindex=\"-1\" data-closed-captions-position=\"middle-third\" data-show-closed-captions=\"true\" data-show-pip=\"true\" data-show-live-stream-scrubber=\"true\">\n<div class=\"sdc-site-video__inner\">\n<div class=\"sdc-site-video__content\" data-role=\"bridge-controller\" style=\"padding-bottom: calc(100% \/ ());\">\n<p class=\"sdc-site-video__accessibility-message\" data-role=\"accessibility-message\">Jei norite lengviau pasiekti vaizdo \u012fra\u0161\u0173 grotuv\u0105, naudokite nar\u0161ykl\u0119 \u201eChrome\u201c.<\/p>\n<p>              <span aria-hidden=\"true\" data-role=\"poster\" class=\"sdc-site-video__poster\"><br \/>\n                <img decoding=\"async\" loading=\"lazy\" src=\"https:\/\/e3.365dm.com\/24\/08\/768x432\/skynews-alistair-bunkall-hamas_6656297.jpg?20240814122525\" alt=\"Alistair Bunkall yra Jeruzal\u0117je\" srcset=\"\" aria-hidden=\"true\" class=\"sdc-site-video__poster-img\"\/><br \/>\n              <span class=\"sdc-site-video__loader\"\/><br \/>\n                <span class=\"sdc-site-video__time\">1:01<\/span><br \/>\n              <\/span><\/p>\n<p>              <video id=\"id_db6a0e90-6800-4e1a-81c5-e7a901104f6b\" data-embed=\"default\" data-application-id=\"\" class=\"video-js sdc-site-video__tag\" controls=\"\" playsinline=\"\"\/><\/div><figcaption class=\"sdc-site-video__caption ui-media-caption\">\n<p>              <span class=\"ui-media-caption__caption-text\" data-role=\"caption-text\">\u201eHamas\u201c nedalyvaus derybose d\u0117l ugnies nutraukimo<\/span><br \/>\n            <\/figcaption><\/div>\n<\/p><\/div>\n<p>Izraelio vyriausyb\u0117s atstovas Davidas Menceris tai paneig\u0117. \u201eB\u016btent \u201eHamas\u201c ir toliau nustato papildomas s\u0105lygas ir atsisak\u0117 susitarti\u201c, \u2013 sak\u0117 jis.<\/p>\n<p>Ta\u010diau per daugyb\u0119 susitikim\u0173 sostin\u0117je JAV pasiuntinys i\u0161girdo, kaip auk\u0161to rango politikai tiesiog netiki Izraelio teiginiais.<\/p>\n<p>Kadangi JAV, JK ir kitos \u0161alys \u201eHezbollah\u201c priskyr\u0117 teroristinei grupuotei, J. Hocksteinas susitiko su tarpininkais, galin\u010diais perduoti \u017einutes Iranui suderintai grupuotei.<\/p>\n<p><strong>Skaityti daugiau:<\/strong><br \/><a href=\"https:\/\/news.sky.com\/story\/middle-east-on-a-knife-edge-on-eve-of-gaza-ceasefire-talks-13196840\" target=\"_blank\" rel=\"noopener\"><strong>Artimieji Rytai ant peilio a\u0161mens deryb\u0173 i\u0161vakar\u0117se<\/strong><\/a><br \/><strong><a href=\"https:\/\/news.sky.com\/story\/pm-has-spoken-to-iran-president-to-de-escalate-tensions-in-middle-east-13196154\" target=\"_blank\" rel=\"noopener\">Irano prezidentas sako \u201eStarmer\u201c atsakas \u201eyra teis\u0117\u201c<\/a><\/strong><\/p>\n<div class=\"sdc-article-widget sdc-article-strapline sdc-article-strapline--default-layout\" data-component-name=\"sdc-article-strapline\">\n<div class=\"sdc-article-strapline__link\">\n<div class=\"sdc-article-strapline__image-wrap\">\n                <picture><source srcset=\"https:\/\/e3.365dm.com\/24\/03\/320x180\/skynews-gfxwhatsapppromo-gfxwhatsapp_6490206.png 320w, https:\/\/e3.365dm.com\/24\/03\/640x380\/skynews-gfxwhatsapppromo-gfxwhatsapp_6490206.png 640w\" media=\"(max-width: 480px)\"><source srcset=\"https:\/\/e3.365dm.com\/24\/03\/256x256\/skynews-gfxwhatsapppromo-gfxwhatsapp_6490206.png 256w, https:\/\/e3.365dm.com\/24\/03\/512x512\/skynews-gfxwhatsapppromo-gfxwhatsapp_6490206.png 512w\" media=\"(min-width: 481px)\"><img decoding=\"async\" loading=\"lazy\" src=\"https:\/\/e3.365dm.com\/24\/03\/512x512\/skynews-gfxwhatsapppromo-gfxwhatsapp_6490206.png\" alt=\"Sekite Sky News per WhatsApp\" class=\"sdc-article-strapline__image\"\/><br \/>\n                <\/source><\/source><\/picture>\n            <\/div>\n<div class=\"sdc-article-strapline__body\">\n                <span class=\"sdc-article-strapline__title\">Sekite Sky News per WhatsApp<\/span><\/p>\n<p class=\"sdc-article-strapline__text\">Sekite visas naujausias naujienas i\u0161 JK ir viso pasaulio steb\u0117dami \u201eSky News\u201c.<\/p>\n<p>                <a href=\"https:\/\/whatsapp.com\/channel\/0029Va868Fv8vd1UsF99tP1u\" class=\"sdc-article-strapline__button\" target=\"_blank\" rel=\"noopener\">Bakstel\u0117kite \u010dia<\/a>\n        <\/div>\n<\/p><\/div>\n<\/p><\/div>\n<p>Vienas pirm\u0173j\u0173 jo susitikim\u0173 buvo su Nabih Berri, Libano parlamento pirmininku, kuris da\u017enai buvo Vakar\u0173 vyriausybi\u0173 ir \u201eHezbollah\u201c pa\u0161nekovas.<\/p>\n<p>Ta\u010diau parei\u0161kimas, kur\u012f jis paskelb\u0117 \u017eurnalistams, v\u0117liau rodo, kad susitikimas nebuvo tobulas.<\/p>\n<p>\u201eTarpvalstybini\u0173 \u017emog\u017eudys\u010di\u0173 ir kasdieni\u0173 \u017eudyni\u0173 Gazoje ir Libane politika rodo Izraelio pasiry\u017eim\u0105 t\u0119sti karin\u012f eskalavim\u0105 ir su\u017elugdyti bet kokias pastangas sustabdyti kar\u0105\u201c, \u2013 sak\u0117 J. Berri.<\/p>\n<p>Jis JAV pasiuntiniui i\u0161rei\u0161k\u0117 \u201edidel\u012f susir\u016bpinim\u0105\u201c d\u0117l to, k\u0105 jis apib\u016bdino kaip \u201eeskalacinius \u017eingsnius\u201c, kuri\u0173 Izraelis \u0117m\u0117si politiniu ir kariniu lygmenimis, \u201ear tai b\u016bt\u0173 Teherane, ar Beirute, jau nekalbant apie kasdienes Izraelio \u017eudynes prie\u0161 vaikus ir civiliai Gazos ruo\u017ee ir Libane\u201c.<\/p>\n<div class=\"sdc-article-widget sdc-article-image\">\n<figure class=\"sdc-article-image__figure\">\n<div class=\"sdc-article-image__wrapper\" data-aspect-ratio=\"16\/9\">\n          <img decoding=\"async\" class=\"sdc-article-image__item\" loading=\"lazy\" intrinsicsize=\"768x432\" src=\"https:\/\/e3.365dm.com\/24\/08\/768x432\/skynews-alex-crawford-amos-hochstein_6656834.jpg?20240814213314\" srcset=\"https:\/\/e3.365dm.com\/24\/08\/384x216\/skynews-alex-crawford-amos-hochstein_6656834.jpg?20240814213314 380w, https:\/\/e3.365dm.com\/24\/08\/768x432\/skynews-alex-crawford-amos-hochstein_6656834.jpg?20240814213314 760w, https:\/\/e3.365dm.com\/24\/08\/1600x900\/skynews-alex-crawford-amos-hochstein_6656834.jpg?20240814213314 1024w, https:\/\/e3.365dm.com\/24\/08\/2048x1152\/skynews-alex-crawford-amos-hochstein_6656834.jpg?20240814213314 2048w\" sizes=\"(min-width: 1024px) 1024px, 100vw\" alt=\"Amosas Hochsteinas su opozicijos lyderiais\"\/>\n    <\/div>\n<\/figure>\n<\/div>\n<p>Net ir vykstant \u0161audykl\u0173 diplomatijai, Izraelio sm\u016bgiai Gazoje t\u0119s\u0117si, skai\u010diuojant derybas d\u0117l paliaub\u0173.<\/p>\n<p>\u201eTai vaikai\u201c, \u2013 \u0161auk\u0117 vienas verkiantis vyras, pad\u0117damas i\u0161ne\u0161ti nedidel\u012f ry\u0161ul\u0117l\u012f i\u0161 automobilio galo \u012f perpildytas laikinosios pagalbos skyri\u0173.<\/p>\n<p>Viduje, tarp su\u017ealojim\u0173 ir sielvarto chaoso, vienas sunkiai su\u017eeistas vaikas gul\u0117jo stipriai sutvarstytas \u0161alia negyvojo ma\u017eylio.<\/p>\n<p>     <a href=\"https:\/\/news.sky.com\/download-app\" target=\"blank\" data-tracking-label=\"ui-app-promo-download-link\" class=\"ui-app-promo sdc-article-widget\" data-type=\"\" data-component-name=\"ui-app-promo\" rel=\"noopener\"><\/p>\n<p>    <\/a><\/p>\n<p>Suaug\u0119s \u017emogus l\u0117tai suri\u0161o jai rankas, kad paruo\u0161t\u0173 j\u0105 \u012fvyniojimui \u012f k\u016bno mai\u0161\u0105. Netoliese s\u0117d\u0117jo viena kita kruvina mergina; i\u0161tiestos rankos \u012f aplink j\u0105 stovin\u010dius suaugusiuosius.<\/p>\n<p>Tai nuolat besit\u0119siantis Dohoje vykstan\u010di\u0173 deryb\u0173 fonas. \u017dudymas, mirtis, neviltis ir neviltis.<\/p>\n<p>Tai t\u0119siasi jau de\u0161imt m\u0117nesi\u0173. Be to, vykstant Izraelio bombardavimui ir kautyn\u0117ms, daugiau nei 111 \u012fkait\u0173 yra laikomi ka\u017ekur Gazos ruo\u017ee.<\/p>\n<div class=\"sdc-article-widget sdc-article-image\">\n<figure class=\"sdc-article-image__figure\">\n<div class=\"sdc-article-image__wrapper\" data-aspect-ratio=\"16\/9\">\n          <img decoding=\"async\" class=\"sdc-article-image__item\" loading=\"lazy\" intrinsicsize=\"768x432\" src=\"https:\/\/e3.365dm.com\/24\/08\/768x432\/skynews-gaza-maghazi_6656134.jpg?20240814093804\" srcset=\"https:\/\/e3.365dm.com\/24\/08\/384x216\/skynews-gaza-maghazi_6656134.jpg?20240814093804 380w, https:\/\/e3.365dm.com\/24\/08\/768x432\/skynews-gaza-maghazi_6656134.jpg?20240814093804 760w, https:\/\/e3.365dm.com\/24\/08\/1600x900\/skynews-gaza-maghazi_6656134.jpg?20240814093804 1024w, https:\/\/e3.365dm.com\/24\/08\/2048x1152\/skynews-gaza-maghazi_6656134.jpg?20240814093804 2048w\" sizes=\"(min-width: 1024px) 1024px, 100vw\" alt=\"Palestinos vaikai stovi vietoje, kur Izraelis atakavo nam\u0105 Maghazi pab\u0117g\u0117li\u0173 stovykloje Gazoje.  Nuotrauka: Reuters\"\/>\n    <\/div><figcaption class=\"ui-media-caption\">\n        <span class=\"u-hide-visually\">Vaizdas:<\/span><br \/>\n        <span class=\"ui-media-caption__caption-text\">Vieta, kur Izraelis smog\u0117 namui Maghazi pab\u0117g\u0117li\u0173 stovykloje Gazoje. Nuotrauka: Reuters<br \/>\n        <\/span><br \/>\n      <\/figcaption><\/figure>\n<\/div>\n<p>Brit\u0173, Amerikos ir Vokietijos ambasadoriai Izraelyje bendrai ragino juos paleisti prie\u0161 Dohos derybas.<\/p>\n<p>\u201eNegalima daugiau delsti&#8230; dabar at\u0117jo laikas susitarimui, pagal kur\u012f nedelsiant gr\u0105\u017einami \u012fkaitai ir Gazos ruo\u017ee bus nutrauktos ugnies\u201c, \u2013 sak\u0117 JK Simonas Waltersas.<\/p>\n<p>\u0160iuo metu viltys d\u0117l bet kokio susitarimo atrodo menkos, ta\u010diau vil\u010di\u0173 yra ir JAV pasiuntinys tvirtina, kad labai svarbu pasinaudoti \u0161iuo \u201ediplomatini\u0173 veiksm\u0173 langu\u201c.<\/p>\n<\/p><\/div>\n<p><br \/>\n<br \/><a href=\"https:\/\/news.sky.com\/story\/despite-a-flurry-of-gaza-ceasefire-talks-mistrust-remains-and-it-threatens-any-hope-of-peace-13197123\">Source link <\/a><\/p>\n","protected":false},"excerpt":{"rendered":"<p>Libano sostin\u0117je Beirute kilo \u012fnirtinga diplomatin\u0117 veikla prie\u0161 itin svarbias derybas Dohoje, kuriomis siekiama susitarti d\u0117l paliaub\u0173 Gazoje. \u012eskrido JAV specialusis prezidento pasiuntinys Amosas Hochsteinas Libanas bandyti i\u0161vengti regioninio karo, persp\u0117jant, kad did\u0117janti \u012ftampa gali tapti \u201enekontroliuojama\u201c. Iranas ir Libano \u201eHezbollah\u201c. Abu \u017eada imtis atsakom\u0173j\u0173 veiksm\u0173 d\u0117l dviej\u0173 i\u0161puoli\u0173 Teherane ir Beirute, d\u0117l kuri\u0173 kaltina [&hellip;]<\/p>\n","protected":false},"author":1,"featured_media":179,"comment_status":"open","ping_status":"open","sticky":false,"template":"","format":"standard","meta":{"om_disable_all_campaigns":false,"_monsterinsights_skip_tracking":false,"_monsterinsights_sitenote_active":false,"_monsterinsights_sitenote_note":"","_monsterinsights_sitenote_category":0,"footnotes":""},"categories":[4],"tags":[],"class_list":["post-178","post","type-post","status-publish","format-standard","has-post-thumbnail","hentry","category-pasaulio-naujienos"],"aioseo_notices":[],"_links":{"self":[{"href":"https:\/\/pasaulioziniasklaida.lt\/index.php\/wp-json\/wp\/v2\/posts\/178","targetHints":{"allow":["GET"]}}],"collection":[{"href":"https:\/\/pasaulioziniasklaida.lt\/index.php\/wp-json\/wp\/v2\/posts"}],"about":[{"href":"https:\/\/pasaulioziniasklaida.lt\/index.php\/wp-json\/wp\/v2\/types\/post"}],"author":[{"embeddable":true,"href":"https:\/\/pasaulioziniasklaida.lt\/index.php\/wp-json\/wp\/v2\/users\/1"}],"replies":[{"embeddable":true,"href":"https:\/\/pasaulioziniasklaida.lt\/index.php\/wp-json\/wp\/v2\/comments?post=178"}],"version-history":[{"count":0,"href":"https:\/\/pasaulioziniasklaida.lt\/index.php\/wp-json\/wp\/v2\/posts\/178\/revisions"}],"wp:featuredmedia":[{"embeddable":true,"href":"https:\/\/pasaulioziniasklaida.lt\/index.php\/wp-json\/wp\/v2\/media\/179"}],"wp:attachment":[{"href":"https:\/\/pasaulioziniasklaida.lt\/index.php\/wp-json\/wp\/v2\/media?parent=178"}],"wp:term":[{"taxonomy":"category","embeddable":true,"href":"https:\/\/pasaulioziniasklaida.lt\/index.php\/wp-json\/wp\/v2\/categories?post=178"},{"taxonomy":"post_tag","embeddable":true,"href":"https:\/\/pasaulioziniasklaida.lt\/index.php\/wp-json\/wp\/v2\/tags?post=178"}],"curies":[{"name":"wp","href":"https:\/\/api.w.org\/{rel}","templated":true}]}}