{"id":1792,"date":"2025-02-18T16:37:50","date_gmt":"2025-02-18T16:37:50","guid":{"rendered":"https:\/\/pasaulioziniasklaida.lt\/index.php\/2025\/02\/18\/hamas-sako-kad-bibas-seimos-kunai-turi-buti-perduoti-su-dar-sesiais-izraelieciais-kad-jie-galetu-laisvai-vaikscioti-sestadieni-pasaulio-naujienos\/"},"modified":"2025-02-18T16:37:50","modified_gmt":"2025-02-18T16:37:50","slug":"hamas-sako-kad-bibas-seimos-kunai-turi-buti-perduoti-su-dar-sesiais-izraelieciais-kad-jie-galetu-laisvai-vaikscioti-sestadieni-pasaulio-naujienos","status":"publish","type":"post","link":"https:\/\/pasaulioziniasklaida.lt\/index.php\/2025\/02\/18\/hamas-sako-kad-bibas-seimos-kunai-turi-buti-perduoti-su-dar-sesiais-izraelieciais-kad-jie-galetu-laisvai-vaikscioti-sestadieni-pasaulio-naujienos\/","title":{"rendered":"\u201eHamas\u201c sako, kad Bibas \u0161eimos k\u016bnai turi b\u016bti perduoti &#8211; su dar \u0161e\u0161iais izraelie\u010diais, kad jie gal\u0117t\u0173 laisvai vaik\u0161\u010dioti \u0161e\u0161tadien\u012f | Pasaulio naujienos"},"content":{"rendered":"<p> <br \/>\n<\/p>\n<div data-component-name=\"ui-article-body\" data-highlight-intro=\"true\">\n<p>Izraelio \u012fkait\u0173, kurie buvo paleisti prie\u0161 dvi savaites, \u0161eimos k\u016bnai bus perduoti ketvirtadien\u012f, sak\u0117 Hamas.<\/p>\n<p>\u201eYarden Bibas\u201c buvo <strong>i\u0161laisvinta vasario 1 d<\/strong> &#8211; Prane\u0161ama, kad tik jo \u017emona ir du vaikai nuo ketveri\u0173 ir devyni\u0173 m\u0117nesi\u0173 mir\u0117 oro kondicionieriuje.<\/p>\n<p><strong>Izraelis<\/strong> Sakiau, kad tai yra labai susir\u016bpinusi d\u0117l j\u0173 b\u016bkl\u0117s, ta\u010diau niekada nepatvirtino j\u0173 mirties.<\/p>\n<p><strong>\u201eHamas\u201c<\/strong> Lyderis Khalilis Al Hayya antradien\u012f sak\u0117, kad Bibas \u0161eima bus tarp keturi\u0173 k\u016bn\u0173, kuriuos bus perduoti.<\/p>\n<p>Ponas Bibas buvo paimtas \u012fkaitais atskirai nuo jo \u017emonos Shiri ir vaik\u0173 Kfir ir Ariel.<\/p>\n<div class=\"sdc-article-widget sdc-article-image\">\n<figure class=\"sdc-article-image__figure\">\n<div class=\"sdc-article-image__wrapper\" data-aspect-ratio=\"16\/9\">\n          \n    <\/div><figcaption class=\"ui-media-caption\">\n        <span class=\"u-hide-visually\">Vaizdas:<\/span><br \/>\n        <span class=\"ui-media-caption__caption-text\">Vaizdo \u012fra\u0161e parod\u0117 Shiri Bibas Cradling Ariel ir Kfir, kai jie buvo pagrobti<br \/>\n        <\/span><br \/>\n      <\/figcaption><\/figure>\n<\/div>\n<p>Dar \u0161e\u0161i gyvi \u012fkaitai, finalas, kuris bus i\u0161leistas pagal pirm\u0105j\u012f etap\u0105 <strong>Gaza<\/strong> \u201eCeasefire Deal\u201c \u0161e\u0161tadien\u012f taip pat vaik\u0161\u010dios nemokamai, prane\u0161a grup\u0117.<\/p>\n<p>Tikimasi, kad \u0161\u012f savaitgal\u012f bus i\u0161leista tik trys.<\/p>\n<p>Tuo tarpu Izraelis teig\u0117, kad derybos d\u0117l antrojo susitarimo etapo \u201e\u012fvyks \u0161i\u0105 savait\u0119\u201c.<\/p>\n<div class=\"sdc-article-widget sdc-article-image\">\n<figure class=\"sdc-article-image__figure\">\n<div class=\"sdc-article-image__wrapper\" data-aspect-ratio=\"16\/9\">\n          <img decoding=\"async\" class=\"sdc-article-image__item\" loading=\"lazy\" intrinsicsize=\"768x432\" src=\"https:\/\/e3.365dm.com\/25\/02\/768x432\/skynews-bibas-red-cross_6816840.jpg?20250201181706\" srcset=\"https:\/\/e3.365dm.com\/25\/02\/384x216\/skynews-bibas-red-cross_6816840.jpg?20250201181706 380w, https:\/\/e3.365dm.com\/25\/02\/768x432\/skynews-bibas-red-cross_6816840.jpg?20250201181706 760w, https:\/\/e3.365dm.com\/25\/02\/1600x900\/skynews-bibas-red-cross_6816840.jpg?20250201181706 1024w, https:\/\/e3.365dm.com\/25\/02\/2048x1152\/skynews-bibas-red-cross_6816840.jpg?20250201181706 2048w\" sizes=\"(min-width: 1024px) 1024px, 100vw\" alt=\"\u201eYarden Bibas\u201c prie\u0161 pat perduodant Raudonajam Kry\u017eiui. PIC: RETUERS\"\/>\n    <\/div><figcaption class=\"ui-media-caption\">\n        <span class=\"u-hide-visually\">Vaizdas:<\/span><br \/>\n        <span class=\"ui-media-caption__caption-text\">\u201eYarden Bibas\u201c prie\u0161 pat perduot\u0105 vasario 1 d. PIC: \u201eReuters\u201c<br \/>\n        <\/span><br \/>\n      <\/figcaption><\/figure>\n<\/div>\n<div class=\"sdc-article-widget sdc-article-image\">\n<figure class=\"sdc-article-image__figure\">\n<div class=\"sdc-article-image__wrapper\" data-aspect-ratio=\"16\/9\">\n          <img decoding=\"async\" class=\"sdc-article-image__item\" loading=\"lazy\" intrinsicsize=\"768x432\" src=\"https:\/\/e3.365dm.com\/25\/01\/768x432\/2372501220239587707_6807828.jpg?20250122201933\" srcset=\"https:\/\/e3.365dm.com\/25\/01\/384x216\/2372501220239587707_6807828.jpg?20250122201933 380w, https:\/\/e3.365dm.com\/25\/01\/768x432\/2372501220239587707_6807828.jpg?20250122201933 760w, https:\/\/e3.365dm.com\/25\/01\/1600x900\/2372501220239587707_6807828.jpg?20250122201933 1024w, https:\/\/e3.365dm.com\/25\/01\/2048x1152\/2372501220239587707_6807828.jpg?20250122201933 2048w\" sizes=\"(min-width: 1024px) 1024px, 100vw\" alt=\"Demonstrantai turi \u012fkait\u0173 portretus, kuriuos \u201eHamas\u201c laik\u0117 Gazos ruo\u017ee kaip vaizdo \u012fra\u0161\u0105, kuriame vaizduojami Kfir Bibas, kuris kartu su savo t\u0117vais Shiri ir Yarden Bibas bei jo brolis Arielas vis dar laikomas \u012fkaitais Gazoje, per protest\u0105, protestuodami protestuojant protestuojant protestuojant protesto metu. Tel Avivas, Izraelis, 2025 m. Sausio 18 d., \u0160e\u0161tadienis. (AP nuotrauka\/Ohad Zwigenberg)\"\/>\n    <\/div><figcaption class=\"ui-media-caption\">\n        <span class=\"u-hide-visually\">Vaizdas:<\/span><br \/>\n        <span class=\"ui-media-caption__caption-text\">Kfir Bibas buvo jauniausias asmuo, pagrobtas per 2023 m. Teroro i\u0161puol\u012f prie\u0161 Izrael\u012f<br \/>\n        <\/span><br \/>\n      <\/figcaption><\/figure>\n<\/div>\n<p>U\u017esienio reikal\u0173 ministras Gideonas Saar teig\u0117, kad tai apims likusius \u0161alies \u012fkaitus, kurie bus kei\u010diami \u012f daugiau Palestinos kalini\u0173.<\/p>\n<p>\u201eJei pamatysime, kad yra konstruktyvus dialogas su galimu horizontu d\u0117l susitarimo (tada), mes padarysime \u0161\u012f laik\u0105 ilgesn\u012f laik\u0105\u201c, &#8211; sak\u0117 p. Saar.<\/p>\n<p>Izraelie\u010diai, i\u0161gyven\u0119 pagrobti per 2023 m. Spalio 7 d. I\u0161puol\u012f, buvo i\u0161leistas ma\u017eose grup\u0117se nuo tada, kai pra\u0117jus\u012f m\u0117nes\u012f prasid\u0117jo pirmoji \u0161e\u0161i\u0173 savai\u010di\u0173 etapas.<\/p>\n<div class=\"sdc-article-widget sdc-site-video callfn\" data-account-id=\"6058004172001\" data-amp-iframe-embed=\"\" data-asset-id=\"f1541c8b-f864-4c4e-a93f-d11cc704fcaa\" data-asset-path=\"\" data-asset-version=\"\" data-autoplay=\"false\" data-auth-config=\"\" data-caption=\"Israeli hostage reunited with wife\" data-clip-type=\"\" data-component-name=\"sdc-site-video\" data-component-name-alias=\"ui-sitewide-video\" data-competition=\"\" data-copy-url-text=\"URL copied to clipboard\" data-fn=\"sdc-site-video\" data-id=\"id_f1541c8b-f864-4c4e-a93f-d11cc704fcaa\" data-is-live-stream=\"false\" data-lite=\"true\" data-options=\"\" data-originator-id=\"51\" data-originator-handle=\"brightcove-news-gb\" data-package-name=\"\" data-provider=\"brightcove\" data-player-id=\"yjBoKQ5XA\" data-playsinline=\"\" data-sensitive=\"false\" data-sdc-id=\"6829408\" data-sdc-video-id=\"f1541c8b-f864-4c4e-a93f-d11cc704fcaa\" data-sport-category=\"\" data-state=\"loading\" data-token-state=\"none\" data-video-ad-unit=\"\" data-video-blacklisted-originator-ids=\"\" data-video-id=\"ref:f1541c8b-f864-4c4e-a93f-d11cc704fcaa\" data-video-type=\"\" data-auto-pause-on-not-visible=\"true\" tabindex=\"-1\" data-closed-captions-position=\"middle-third\" data-show-closed-captions=\"true\" data-show-pip=\"true\" data-show-live-stream-scrubber=\"true\" data-autoload=\"false\">\n<div class=\"sdc-site-video__inner\">\n<div class=\"sdc-site-video__content\" data-role=\"bridge-controller\" style=\"padding-bottom: calc(100% \/ ());\">\n<p class=\"sdc-site-video__accessibility-message\" data-role=\"accessibility-message\">Nor\u0117dami gauti labiau prieinam\u0105 vaizdo grotuv\u0105, naudokite \u201eChrome\u201c nar\u0161ykl\u0119<\/p>\n<p>              <span aria-hidden=\"true\" data-role=\"poster\" class=\"sdc-site-video__poster\"><br \/>\n                <img decoding=\"async\" loading=\"lazy\" src=\"https:\/\/e3.365dm.com\/25\/02\/768x432\/skynews-sagui-dekel-chen-avital_6829342.jpg?20250215141639\" alt=\"Amerikos ir Izraelio \u012fkaitai Sagui Dekel Chen buvo v\u0117l suvienytas su savo \u017emona po to, kai \u0161\u012f ryt\u0105 \u201eHamas\u201c paleido \u201eHamas\u201c Gazoje.\" srcset=\"\" aria-hidden=\"true\" class=\"sdc-site-video__poster-img\"\/><br \/>\n              <span class=\"sdc-site-video__loader\"\/><br \/>\n                <span class=\"sdc-site-video__time\">0:59<\/span><br \/>\n              <\/span><\/p>\n<p>              <video id=\"id_f1541c8b-f864-4c4e-a93f-d11cc704fcaa\" data-embed=\"default\" data-application-id=\"\" class=\"video-js sdc-site-video__tag\" controls=\"\" playsinline=\"\"\/>\n            <\/div><figcaption class=\"sdc-site-video__caption ui-media-caption\">\n<p>              <span class=\"ui-media-caption__caption-text\" data-role=\"caption-text\">Izraelio \u012fkaitai v\u0117l susijung\u0117 su \u017emona<\/span><br \/>\n            <\/figcaption><\/div>\n<\/p><\/div>\n<p>Dar trys &#8211; Aleksandras Troufanovas, Sagui Dekelis Chenas ir Iair Horn &#8211; buvo i\u0161laisvinti pra\u0117jus\u012f savaitgal\u012f.<\/p>\n<p>\u012e apsikeitim\u0105 buvo \u012ftraukti 369 palestinie\u010diai, kurie buvo labiausiai i\u0161leisti iki \u0161iol, o 19 Izraelio \u012fkaitai iki \u0161iol buvo gr\u0105\u017einti dabartiniame etape &#8211; kuris baigiasi kovo prad\u017eioje.<\/p>\n<div class=\"sdc-article-widget sdc-site-video callfn\" data-account-id=\"6058004172001\" data-amp-iframe-embed=\"\" data-asset-id=\"d11e1f0d-cf6c-47e2-86d5-89c49a7bc577\" data-asset-path=\"\" data-asset-version=\"\" data-autoplay=\"false\" data-auth-config=\"\" data-caption=\"Drone reveals devastation in northern Gaza\" data-clip-type=\"\" data-component-name=\"sdc-site-video\" data-component-name-alias=\"ui-sitewide-video\" data-competition=\"\" data-copy-url-text=\"URL copied to clipboard\" data-fn=\"sdc-site-video\" data-id=\"id_d11e1f0d-cf6c-47e2-86d5-89c49a7bc577\" data-is-live-stream=\"false\" data-lite=\"true\" data-options=\"\" data-originator-id=\"51\" data-originator-handle=\"brightcove-news-gb\" data-package-name=\"\" data-provider=\"brightcove\" data-player-id=\"yjBoKQ5XA\" data-playsinline=\"\" data-sensitive=\"true\" data-sdc-id=\"6831236\" data-sdc-video-id=\"d11e1f0d-cf6c-47e2-86d5-89c49a7bc577\" data-sport-category=\"\" data-state=\"loading\" data-token-state=\"none\" data-video-ad-unit=\"\" data-video-blacklisted-originator-ids=\"\" data-video-id=\"ref:d11e1f0d-cf6c-47e2-86d5-89c49a7bc577\" data-video-type=\"\" data-auto-pause-on-not-visible=\"true\" tabindex=\"-1\" data-closed-captions-position=\"middle-third\" data-show-closed-captions=\"true\" data-show-pip=\"true\" data-show-live-stream-scrubber=\"true\" data-autoload=\"false\">\n<div class=\"sdc-site-video__inner\">\n<div class=\"sdc-site-video__content\" data-role=\"bridge-controller\" style=\"padding-bottom: calc(100% \/ ());\">\n<p class=\"sdc-site-video__accessibility-message\" data-role=\"accessibility-message\">Nor\u0117dami gauti labiau prieinam\u0105 vaizdo grotuv\u0105, naudokite \u201eChrome\u201c nar\u0161ykl\u0119<\/p>\n<p>              <span aria-hidden=\"true\" data-role=\"poster\" class=\"sdc-site-video__poster\"><br \/>\n                <img decoding=\"async\" loading=\"lazy\" src=\"https:\/\/e3.365dm.com\/25\/02\/768x432\/skynews-gaza-strip-gaza-northern-gaza_6831231.jpg?20250217073253\" alt=\"Drono kadras rodo niokojim\u0105 Gazoje\" srcset=\"\" aria-hidden=\"true\" class=\"sdc-site-video__poster-img\"\/><br \/>\n              <span class=\"sdc-site-video__loader\"\/><br \/>\n                <span class=\"sdc-site-video__time\">1:30<\/span><br \/>\n              <\/span><\/p>\n<p>              <video id=\"id_d11e1f0d-cf6c-47e2-86d5-89c49a7bc577\" data-embed=\"default\" data-application-id=\"\" class=\"video-js sdc-site-video__tag\" controls=\"\" playsinline=\"\"\/>\n            <\/div><figcaption class=\"sdc-site-video__caption ui-media-caption\">\n<p>              <span class=\"ui-media-caption__caption-text\" data-role=\"caption-text\">Dronas atskleid\u017eia niokojim\u0105 \u0161iaurin\u0117je Gazoje<\/span><br \/>\n            <\/figcaption><\/div>\n<\/p><\/div>\n<p>Susitarimas padar\u0117 gyvybi\u0161kai svarbi\u0105 kov\u0105, kuri yra nuniokota Gaza, ir paliko de\u0161imtis t\u016bkstan\u010di\u0173 \u017emoni\u0173.<\/p>\n<p>Tai leid\u017eiama patekti daugiau maisto ir pagalbos, o kai kurie i\u0161 \u0161imt\u0173 t\u016bkstan\u010di\u0173 perkelt\u0173j\u0173 palestinie\u010di\u0173 gal\u0117jo gr\u012f\u017eti namo.<\/p>\n<p>Paliaub\u0173 t\u0119simas n\u0117ra garantuojamas, o derybos antrajame etape tur\u0117jo prasid\u0117ti vasario 2 d.<\/p>\n<p>Tikimasi, kad sutinkant kito etapo s\u0105lygas bus sunku, nes joje bus klausim\u0173 apie ilgalaik\u012f paliaub\u0105 ir kurie ateityje vykdys Gaz\u0105.<\/p>\n<p>Ponas Saaras antradien\u012f \u017eurnalistams sak\u0117, kad \u201e\u201e Hezbollah \u201cmodelis nebus priimtinas, o Izraelis pareikalavo\u201e visi\u0161ko Gazos demilitarizacijos \u201c.<\/p>\n<p>Jis prid\u016br\u0117, kad tiesiog perduoti kontrol\u0119 i\u0161 \u201eHamas\u201c \u012f Palestinos vald\u017ei\u0105.<\/p>\n<p>\u201eMes nepriimsime nuolatinio\u201e Hamas \u201car jokios kitos teroristin\u0117s organizacijos Gazoje\u201c, &#8211; sak\u0117 p. Saar.<\/p>\n<p><strong>Skaitykite daugiau:<br \/>Marco Rubio palaiko Netanyahu karo tikslus<br \/>Izraelis gauna mums gabenim\u0105 sunkias bombas<\/strong><\/p>\n<div class=\"sdc-article-widget sdc-site-video callfn\" data-account-id=\"6058004172001\" data-amp-iframe-embed=\"\" data-asset-id=\"cdf8ef01-b993-4887-b5ac-c9fe0d6d840a\" data-asset-path=\"\" data-asset-version=\"\" data-autoplay=\"false\" data-auth-config=\"\" data-caption=\"What's life like in Gaza now?\" data-clip-type=\"\" data-component-name=\"sdc-site-video\" data-component-name-alias=\"ui-sitewide-video\" data-competition=\"\" data-copy-url-text=\"URL copied to clipboard\" data-fn=\"sdc-site-video\" data-id=\"id_cdf8ef01-b993-4887-b5ac-c9fe0d6d840a\" data-is-live-stream=\"false\" data-lite=\"true\" data-options=\"\" data-originator-id=\"51\" data-originator-handle=\"brightcove-news-gb\" data-package-name=\"\" data-provider=\"brightcove\" data-player-id=\"yjBoKQ5XA\" data-playsinline=\"\" data-sensitive=\"false\" data-sdc-id=\"6828863\" data-sdc-video-id=\"cdf8ef01-b993-4887-b5ac-c9fe0d6d840a\" data-sport-category=\"\" data-state=\"loading\" data-token-state=\"none\" data-video-ad-unit=\"\" data-video-blacklisted-originator-ids=\"\" data-video-id=\"ref:cdf8ef01-b993-4887-b5ac-c9fe0d6d840a\" data-video-type=\"\" data-auto-pause-on-not-visible=\"true\" tabindex=\"-1\" data-closed-captions-position=\"middle-third\" data-show-closed-captions=\"true\" data-show-pip=\"true\" data-show-live-stream-scrubber=\"true\" data-autoload=\"false\">\n<div class=\"sdc-site-video__inner\">\n<div class=\"sdc-site-video__content\" data-role=\"bridge-controller\" style=\"padding-bottom: calc(100% \/ ());\">\n<p class=\"sdc-site-video__accessibility-message\" data-role=\"accessibility-message\">Nor\u0117dami gauti labiau prieinam\u0105 vaizdo grotuv\u0105, naudokite \u201eChrome\u201c nar\u0161ykl\u0119<\/p>\n<p>              <span aria-hidden=\"true\" data-role=\"poster\" class=\"sdc-site-video__poster\"><br \/>\n                <img decoding=\"async\" loading=\"lazy\" src=\"https:\/\/e3.365dm.com\/25\/02\/768x432\/skynews-gaza-hairdresser_6828874.jpg?20250214182406\" alt=\"Vaikui plaukai supjaustyti Gazoje\" srcset=\"\" aria-hidden=\"true\" class=\"sdc-site-video__poster-img\"\/><br \/>\n              <span class=\"sdc-site-video__loader\"\/><br \/>\n                <span class=\"sdc-site-video__time\">2:50<\/span><br \/>\n              <\/span><\/p>\n<p>              <video id=\"id_cdf8ef01-b993-4887-b5ac-c9fe0d6d840a\" data-embed=\"default\" data-application-id=\"\" class=\"video-js sdc-site-video__tag\" controls=\"\" playsinline=\"\"\/>\n            <\/div><figcaption class=\"sdc-site-video__caption ui-media-caption\">\n<p>              <span class=\"ui-media-caption__caption-text\" data-role=\"caption-text\">Koks dabar Gazoje?<\/span><br \/>\n            <\/figcaption><\/div>\n<\/p><\/div>\n<p><strong>Prezidentas Trumpas<\/strong> pasi\u016bl\u0117 prie\u0161taringai vertinam\u0105 JAV \u201eperimti\u201c Gaz\u0105, j\u012f atstatyti ir perkelti palestinie\u010dius &#8211; plan\u0105, kur\u012f visi\u0161kai atmet\u0117 Vakar\u0173 valstyb\u0117s, ta\u010diau j\u012f sveikina Izraelio lyderis <strong>Benjaminas Netanyahu<\/strong>.<\/p>\n<p>Izraelio u\u017esienio reikal\u0173 ministras teig\u0117 \u017einantis apie alternatyv\u0173 plan\u0105, kur\u012f dirbo Arab\u0173 valstyb\u0117s.<\/p>\n<p>Atskiras Izraelio pareig\u016bnas taip pat teig\u0117, kad \u012f Gaz\u0105 prad\u0117s pristatomi mobilieji namai, kad b\u016bt\u0173 galima prieglobstis kai kuriems i\u0161 t\u0173 perkelt\u0173j\u0173.<\/p>\n<p>\u201eHamas\u201c apkaltino Izrael\u012f atid\u0117liojus \u017eingsn\u012f ir grasino atid\u0117ti daugiau \u012fkait\u0173 paleidim\u0105.<\/p>\n<p>Pasak \u201eHamas\u201c valdomos Gazos sveikatos ministerijos, kuri neskiria civili\u0173 ir kovotoj\u0173, karo metu \u017euvo daugiau nei 48 000 palestinie\u010di\u0173.<\/p>\n<p>Buvo nu\u017eudyta ma\u017eiausiai 1200 izraelie\u010di\u0173 ir daugiau nei 250 pagrobt\u0173, kai grup\u0117 u\u017epuol\u0117 2023 m. Spalio 7 d.<\/p>\n<\/p><\/div>\n<p><br \/>\n<br \/><a href=\"https:\/\/news.sky.com\/story\/hamas-says-bodies-of-bibas-family-to-be-handed-over-with-six-more-israelis-to-walk-free-on-saturday-13311919\">Source link <\/a><\/p>\n","protected":false},"excerpt":{"rendered":"<p>Izraelio \u012fkait\u0173, kurie buvo paleisti prie\u0161 dvi savaites, \u0161eimos k\u016bnai bus perduoti ketvirtadien\u012f, sak\u0117 Hamas. \u201eYarden Bibas\u201c buvo i\u0161laisvinta vasario 1 d &#8211; Prane\u0161ama, kad tik jo \u017emona ir du vaikai nuo ketveri\u0173 ir devyni\u0173 m\u0117nesi\u0173 mir\u0117 oro kondicionieriuje. Izraelis Sakiau, kad tai yra labai susir\u016bpinusi d\u0117l j\u0173 b\u016bkl\u0117s, ta\u010diau niekada nepatvirtino j\u0173 mirties. \u201eHamas\u201c [&hellip;]<\/p>\n","protected":false},"author":1,"featured_media":1793,"comment_status":"","ping_status":"","sticky":false,"template":"","format":"standard","meta":{"om_disable_all_campaigns":false,"_monsterinsights_skip_tracking":false,"_monsterinsights_sitenote_active":false,"_monsterinsights_sitenote_note":"","_monsterinsights_sitenote_category":0,"footnotes":""},"categories":[4],"tags":[4157,2172,908,4162,64,4161,588,291,4159,4163,24,23,1398,400,4158,4160,3663,1253,4164],"class_list":["post-1792","post","type-post","status-publish","format-standard","has-post-thumbnail","hentry","category-pasaulio-naujienos","tag-bibas","tag-buti","tag-dar","tag-galetu","tag-hamas","tag-izraelieciais","tag-jie","tag-kad","tag-kunai","tag-laisvai","tag-naujienos","tag-pasaulio","tag-perduoti","tag-sako","tag-seimos","tag-sesiais","tag-sestadieni","tag-turi","tag-vaikscioti"],"aioseo_notices":[],"_links":{"self":[{"href":"https:\/\/pasaulioziniasklaida.lt\/index.php\/wp-json\/wp\/v2\/posts\/1792","targetHints":{"allow":["GET"]}}],"collection":[{"href":"https:\/\/pasaulioziniasklaida.lt\/index.php\/wp-json\/wp\/v2\/posts"}],"about":[{"href":"https:\/\/pasaulioziniasklaida.lt\/index.php\/wp-json\/wp\/v2\/types\/post"}],"author":[{"embeddable":true,"href":"https:\/\/pasaulioziniasklaida.lt\/index.php\/wp-json\/wp\/v2\/users\/1"}],"replies":[{"embeddable":true,"href":"https:\/\/pasaulioziniasklaida.lt\/index.php\/wp-json\/wp\/v2\/comments?post=1792"}],"version-history":[{"count":0,"href":"https:\/\/pasaulioziniasklaida.lt\/index.php\/wp-json\/wp\/v2\/posts\/1792\/revisions"}],"wp:featuredmedia":[{"embeddable":true,"href":"https:\/\/pasaulioziniasklaida.lt\/index.php\/wp-json\/wp\/v2\/media\/1793"}],"wp:attachment":[{"href":"https:\/\/pasaulioziniasklaida.lt\/index.php\/wp-json\/wp\/v2\/media?parent=1792"}],"wp:term":[{"taxonomy":"category","embeddable":true,"href":"https:\/\/pasaulioziniasklaida.lt\/index.php\/wp-json\/wp\/v2\/categories?post=1792"},{"taxonomy":"post_tag","embeddable":true,"href":"https:\/\/pasaulioziniasklaida.lt\/index.php\/wp-json\/wp\/v2\/tags?post=1792"}],"curies":[{"name":"wp","href":"https:\/\/api.w.org\/{rel}","templated":true}]}}