{"id":1883,"date":"2025-04-17T17:49:33","date_gmt":"2025-04-17T17:49:33","guid":{"rendered":"https:\/\/pasaulioziniasklaida.lt\/index.php\/2025\/04\/17\/kauno-miesto-savivaldybe-zalias-kaunas-skirtingas-miesto-erdves-praturtins-keli-simtai-medziu\/"},"modified":"2025-04-17T17:49:33","modified_gmt":"2025-04-17T17:49:33","slug":"kauno-miesto-savivaldybe-zalias-kaunas-skirtingas-miesto-erdves-praturtins-keli-simtai-medziu","status":"publish","type":"post","link":"https:\/\/pasaulioziniasklaida.lt\/index.php\/2025\/04\/17\/kauno-miesto-savivaldybe-zalias-kaunas-skirtingas-miesto-erdves-praturtins-keli-simtai-medziu\/","title":{"rendered":"Kauno miesto savivaldyb\u0117 \u017dalias Kaunas \u2013 skirtingas miesto erdves praturtins keli \u0161imtai med\u017ei\u0173"},"content":{"rendered":"<p> <br \/>\n<\/p>\n<div>\n<ol class=\"breadcrumb\">\n<li>Prad\u017eia<\/li>\n<li>Naujienos<\/li>\n<li>\u017dalias Kaunas \u2013 skirtingas miesto erdves praturtins keli \u0161imtai med\u017ei\u0173<\/li>\n<\/ol>\n<div class=\"post_featured_img_wrap\"><\/div>\n<div class=\"post_date\">\n<p>Paskelbta: 2025-04-17 (Ketvirtadienis)<\/p>\n<\/p><\/div>\n<\/p><\/div>\n<div data-post-id=\"191684\">\n<p><b>Kaunas ne tik modernus, bet ir \u017ealias miestas. Kiekvien\u0105 ruden\u012f bei pavasar\u012f miesto \u201eplau\u010dius\u201c\u00a0 papildo nauji med\u017eiai. Tai jau tapo gra\u017eia tradicija, puosel\u0117jan\u010dia \u017eali\u0105sias erdves. Per pavasar\u012f savivaldyb\u0117 suplanavusi pasodinti 250 med\u017ei\u0173, jais \u201e\u012fr\u0117minti\u201c atsinaujinusias gatves, papildyti bei atkurti esamas \u017eali\u0105sias Kauno zonas.<\/b><\/p>\n<p><span style=\"font-weight: 400\">Mieste \u012fsib\u0117g\u0117jo \u017eeldinimo darbai: vie\u0161osiose erdv\u0117se atsodinami seni, d\u0117l lig\u0173 i\u0161kirsti med\u017eiai, kitose miesto vietose sodinami \u016bgtel\u0117j\u0119 medeliai papildysiantys \u017eali\u0105sias oazes. Sodinukai bus \u012fkurdinti K. Donelai\u010dio, K\u0119stu\u010dio, L. Sapiegos, Daukanto, Jonavos, K. Petrausko gatv\u0117se ir kitose erdv\u0117se. Pavasarinio sodinimo etapu mieste atsiras apie 250 nauj\u0173 liep\u0173.\u00a0<\/span><\/p>\n<p><span style=\"font-weight: 400\">\u201eGamtotvarkos darbus ir nauj\u0173 \u017eeldyn\u0173 pl\u0117tr\u0105 visuomet deriname su mieste vykstan\u010diais poky\u010diais. Med\u017ei\u0173 sodinimas n\u0117ra tik miesto puo\u0161mena \u2013 tai investicija \u012f m\u016bs\u0173 ateit\u012f, sveikesn\u0119 aplink\u0105 ir kokybi\u0161kesn\u012f gyvenim\u0105\u201c, \u2013 pasakojo Kauno savivaldyb\u0117s Aplinkos apsaugos skyriaus ved\u0117ja Radeta Savickien\u0117.<\/span><\/p>\n<p><img fetchpriority=\"high\" decoding=\"async\" class=\"alignnone wp-image-191686 size-large\" src=\"https:\/\/www.kaunas.lt\/wp-content\/uploads\/sites\/13\/2025\/04\/20250417-JLA_0282-1024x681.jpg\" alt=\"\" width=\"1024\" height=\"681\" srcset=\"https:\/\/www.kaunas.lt\/wp-content\/uploads\/sites\/13\/2025\/04\/20250417-JLA_0282-1024x681.jpg 1024w, https:\/\/www.kaunas.lt\/wp-content\/uploads\/sites\/13\/2025\/04\/20250417-JLA_0282-300x200.jpg 300w, https:\/\/www.kaunas.lt\/wp-content\/uploads\/sites\/13\/2025\/04\/20250417-JLA_0282-768x511.jpg 768w, https:\/\/www.kaunas.lt\/wp-content\/uploads\/sites\/13\/2025\/04\/20250417-JLA_0282-1536x1022.jpg 1536w, https:\/\/www.kaunas.lt\/wp-content\/uploads\/sites\/13\/2025\/04\/20250417-JLA_0282-2048x1363.jpg 2048w, https:\/\/www.kaunas.lt\/wp-content\/uploads\/sites\/13\/2025\/04\/20250417-JLA_0282-720x480.jpg 720w\" sizes=\"(max-width: 1024px) 100vw, 1024px\"\/><\/p>\n<p><span style=\"font-weight: 400\">Sodinant naujus med\u017eius siekiama ne tik puo\u0161ti vie\u0161\u0105sias erdves, bet ir pagerinti oro kokyb\u0119, ma\u017einti triuk\u0161mo tar\u0161\u0105 bei sukurti saugius namus pauk\u0161\u010diams, vabalams. Med\u017eiai reguliuoja miesto mikroklimat\u0105, v\u0117sina per kar\u0161\u010dius bei kuria jaukesn\u0119 aplink\u0105 miesto gyventojams ir sve\u010diams.<\/span><\/p>\n<p><span style=\"font-weight: 400\">Pastaraisiais metais Kaunas itin aktyviai tvarko \u017eali\u0105sias erdves, parkus, naujas poilsio zonas.\u00a0 \u012erengin\u0117jant p\u0117s\u010di\u0173j\u0173 ir dvira\u010di\u0173 takus, svarstoma, kaip prie kiekvieno naujo projekto integruoti \u017eeldynus.\u00a0<\/span><\/p>\n<p><span style=\"font-weight: 400\">\u0160iuo metu intensyv\u016bs atnaujinimo darbai vyksta Aleksoto Liep\u0173 al\u0117joje. 4 hektar\u0173 teritorijoje atsiras \u0161iuolaiki\u0161ka poilsio erdv\u0117, kuri\u0105 papildys per 100 nauj\u0173 med\u017ei\u0173. \u010cia bus suformuotas obel\u0173 sodas, sodinamos liepos, \u0161ermuk\u0161niai ir kiti lapuo\u010diai. Nauja augmenija pasipild\u0117 ir Kovo 11-osios, Naugardi\u0161ki\u0173 parkai. Rotu\u0161\u0117s aik\u0161t\u0117je numatyta pasodinti iki 10 nauj\u0173 medeli\u0173.\u00a0\u00a0<\/span><\/p>\n<p><span style=\"font-weight: 400\">Taip siekiama u\u017etikrinti, kad miestas i\u0161likt\u0173 \u017ealias, o gyventojai vos per kelias minutes gal\u0117t\u0173 pasiekti poilsio oaz\u0119.\u00a0<\/span><\/p>\n<p>\u00a0<\/p>\n<p style=\"text-align: right\"><i><span style=\"font-weight: 400\">Ry\u0161i\u0173 su visuomene skyriaus informacija<\/span><\/i><\/p>\n<\/p><\/div>\n<p><script>\n(function(d, s, id) {\n  var js, fjs = d.getElementsByTagName(s)[0];\n  if (d.getElementById(id)) return;\n  js = d.createElement(s); js.id = id;\n  js.src = \"\/\/connect.facebook.net\/lt_LT\/sdk.js#xfbml=1&version=v2.5&appId=118913718193570\";\n  fjs.parentNode.insertBefore(js, fjs);\n}(document, 'script', 'facebook-jssdk'));<\/script><script>(function(d, s, id) {\n\t\t\t\t\t\t\t\t\t\t\t  var js, fjs = d.getElementsByTagName(s)[0];\n\t\t\t\t\t\t\t\t\t\t\t  if (d.getElementById(id)) return;\n\t\t\t\t\t\t\t\t\t\t\t  js = d.createElement(s); js.id = id;\n\t\t\t\t\t\t\t\t\t\t\t  js.src = \"\/\/connect.facebook.net\/lt_LT\/sdk.js#xfbml=1&version=v2.3&appId=118913718193570\";\n\t\t\t\t\t\t\t\t\t\t\t  fjs.parentNode.insertBefore(js, fjs);\n\t\t\t\t\t\t\t\t\t\t\t}(document, 'script', 'facebook-jssdk'));\n\t\t\t\t\t\t\t\t\t\t\t<\/script><br \/>\n<br \/><br \/>\n<br \/><a href=\"https:\/\/www.kaunas.lt\/2025\/04\/17\/zalias-kaunas-skirtingas-miesto-erdves-praturtins-simtai-medziu\/\">Source link <\/a><\/p>\n","protected":false},"excerpt":{"rendered":"<p>Prad\u017eia Naujienos \u017dalias Kaunas \u2013 skirtingas miesto erdves praturtins keli \u0161imtai med\u017ei\u0173 Paskelbta: 2025-04-17 (Ketvirtadienis) Kaunas ne tik modernus, bet ir \u017ealias miestas. Kiekvien\u0105 ruden\u012f bei pavasar\u012f miesto \u201eplau\u010dius\u201c\u00a0 papildo nauji med\u017eiai. Tai jau tapo gra\u017eia tradicija, puosel\u0117jan\u010dia \u017eali\u0105sias erdves. Per pavasar\u012f savivaldyb\u0117 suplanavusi pasodinti 250 med\u017ei\u0173, jais \u201e\u012fr\u0117minti\u201c atsinaujinusias gatves, papildyti bei atkurti esamas [&hellip;]<\/p>\n","protected":false},"author":1,"featured_media":1884,"comment_status":"","ping_status":"","sticky":false,"template":"","format":"standard","meta":{"om_disable_all_campaigns":false,"_monsterinsights_skip_tracking":false,"_monsterinsights_sitenote_active":false,"_monsterinsights_sitenote_note":"","_monsterinsights_sitenote_category":0,"footnotes":""},"categories":[3],"tags":[1961,2961,1708,4334,4335,115,4333,1709,395,4332,4331],"class_list":["post-1883","post","type-post","status-publish","format-standard","has-post-thumbnail","hentry","category-salies-naujienos","tag-erdves","tag-kaunas","tag-kauno","tag-keli","tag-medziu","tag-miesto","tag-praturtins","tag-savivaldybe","tag-simtai","tag-skirtingas","tag-zalias"],"aioseo_notices":[],"_links":{"self":[{"href":"https:\/\/pasaulioziniasklaida.lt\/index.php\/wp-json\/wp\/v2\/posts\/1883","targetHints":{"allow":["GET"]}}],"collection":[{"href":"https:\/\/pasaulioziniasklaida.lt\/index.php\/wp-json\/wp\/v2\/posts"}],"about":[{"href":"https:\/\/pasaulioziniasklaida.lt\/index.php\/wp-json\/wp\/v2\/types\/post"}],"author":[{"embeddable":true,"href":"https:\/\/pasaulioziniasklaida.lt\/index.php\/wp-json\/wp\/v2\/users\/1"}],"replies":[{"embeddable":true,"href":"https:\/\/pasaulioziniasklaida.lt\/index.php\/wp-json\/wp\/v2\/comments?post=1883"}],"version-history":[{"count":0,"href":"https:\/\/pasaulioziniasklaida.lt\/index.php\/wp-json\/wp\/v2\/posts\/1883\/revisions"}],"wp:featuredmedia":[{"embeddable":true,"href":"https:\/\/pasaulioziniasklaida.lt\/index.php\/wp-json\/wp\/v2\/media\/1884"}],"wp:attachment":[{"href":"https:\/\/pasaulioziniasklaida.lt\/index.php\/wp-json\/wp\/v2\/media?parent=1883"}],"wp:term":[{"taxonomy":"category","embeddable":true,"href":"https:\/\/pasaulioziniasklaida.lt\/index.php\/wp-json\/wp\/v2\/categories?post=1883"},{"taxonomy":"post_tag","embeddable":true,"href":"https:\/\/pasaulioziniasklaida.lt\/index.php\/wp-json\/wp\/v2\/tags?post=1883"}],"curies":[{"name":"wp","href":"https:\/\/api.w.org\/{rel}","templated":true}]}}