{"id":1902,"date":"2025-05-07T16:55:11","date_gmt":"2025-05-07T16:55:11","guid":{"rendered":"https:\/\/pasaulioziniasklaida.lt\/index.php\/2025\/05\/07\/paaiskintas-indijos-ir-pakistano-konfliktas-pasaulio-naujienos\/"},"modified":"2025-05-07T16:55:11","modified_gmt":"2025-05-07T16:55:11","slug":"paaiskintas-indijos-ir-pakistano-konfliktas-pasaulio-naujienos","status":"publish","type":"post","link":"https:\/\/pasaulioziniasklaida.lt\/index.php\/2025\/05\/07\/paaiskintas-indijos-ir-pakistano-konfliktas-pasaulio-naujienos\/","title":{"rendered":"Paai\u0161kintas Indijos ir Pakistano konfliktas | Pasaulio naujienos"},"content":{"rendered":"<p> <br \/>\n<br \/><\/p>\n<div data-component-name=\"ui-article-body\" data-highlight-intro=\"true\">\n<p>\ud83d\udc49 Klausykite \u201eSky News Daily\u201c savo \u201ePodcast\u201c programoje \ud83d\udc48<\/p>\n<p><strong>Indija prad\u0117jo raket\u0173 streikus Pakistane ir Pakistane administruojan\u010diame Ka\u0161myre, ker\u0161ydamas pra\u0117jus\u012f m\u0117nes\u012f teroro i\u0161puol\u012f, kur\u012f Indija apkaltino savo kaimyne parama &#8211; kurio Islamabadas neigia. Ta\u010diau trintis tarp branduolini\u0173 ginkluot\u0173 \u0161ali\u0173 n\u0117ra nauja. <\/strong><\/p>\n<p>\u0160iame \u201eSky News Daily\u201c epizode \u0161eimininkas Niall Paterson i\u0161skiria, kaip pasaulis gali reaguoti \u012f dar didesn\u0119 \u012ftamp\u0105 regione, ir klausia, kod\u0117l konfliktas yra sutelktas \u012f Ka\u0161myr\u0105 su m\u016bs\u0173 gynybos ir saugumo analitiku profesoriumi Michaelu Clarke&#8217;u.<\/p>\n<p>Gamintojai: Dirvo\u017eemio apranga, Emily Hulme<br \/>Redaktorius: Philly Beaumont<\/p>\n<\/p><\/div>\n<p><br \/>\n<br \/><a href=\"https:\/\/news.sky.com\/story\/the-india-pakistan-conflict-explained-13363447\">Source link <\/a><\/p>\n","protected":false},"excerpt":{"rendered":"<p>\ud83d\udc49 Klausykite \u201eSky News Daily\u201c savo \u201ePodcast\u201c programoje \ud83d\udc48 Indija prad\u0117jo raket\u0173 streikus Pakistane ir Pakistane administruojan\u010diame Ka\u0161myre, ker\u0161ydamas pra\u0117jus\u012f m\u0117nes\u012f teroro i\u0161puol\u012f, kur\u012f Indija apkaltino savo kaimyne parama &#8211; kurio Islamabadas neigia. Ta\u010diau trintis tarp branduolini\u0173 ginkluot\u0173 \u0161ali\u0173 n\u0117ra nauja. \u0160iame \u201eSky News Daily\u201c epizode \u0161eimininkas Niall Paterson i\u0161skiria, kaip pasaulis gali reaguoti \u012f [&hellip;]<\/p>\n","protected":false},"author":1,"featured_media":1903,"comment_status":"","ping_status":"","sticky":false,"template":"","format":"standard","meta":{"om_disable_all_campaigns":false,"_monsterinsights_skip_tracking":false,"_monsterinsights_sitenote_active":false,"_monsterinsights_sitenote_note":"","_monsterinsights_sitenote_category":0,"footnotes":""},"categories":[4],"tags":[2657,4369,24,4367,4368,23],"class_list":["post-1902","post","type-post","status-publish","format-standard","has-post-thumbnail","hentry","category-pasaulio-naujienos","tag-indijos","tag-konfliktas","tag-naujienos","tag-paaiskintas","tag-pakistano","tag-pasaulio"],"aioseo_notices":[],"_links":{"self":[{"href":"https:\/\/pasaulioziniasklaida.lt\/index.php\/wp-json\/wp\/v2\/posts\/1902","targetHints":{"allow":["GET"]}}],"collection":[{"href":"https:\/\/pasaulioziniasklaida.lt\/index.php\/wp-json\/wp\/v2\/posts"}],"about":[{"href":"https:\/\/pasaulioziniasklaida.lt\/index.php\/wp-json\/wp\/v2\/types\/post"}],"author":[{"embeddable":true,"href":"https:\/\/pasaulioziniasklaida.lt\/index.php\/wp-json\/wp\/v2\/users\/1"}],"replies":[{"embeddable":true,"href":"https:\/\/pasaulioziniasklaida.lt\/index.php\/wp-json\/wp\/v2\/comments?post=1902"}],"version-history":[{"count":0,"href":"https:\/\/pasaulioziniasklaida.lt\/index.php\/wp-json\/wp\/v2\/posts\/1902\/revisions"}],"wp:featuredmedia":[{"embeddable":true,"href":"https:\/\/pasaulioziniasklaida.lt\/index.php\/wp-json\/wp\/v2\/media\/1903"}],"wp:attachment":[{"href":"https:\/\/pasaulioziniasklaida.lt\/index.php\/wp-json\/wp\/v2\/media?parent=1902"}],"wp:term":[{"taxonomy":"category","embeddable":true,"href":"https:\/\/pasaulioziniasklaida.lt\/index.php\/wp-json\/wp\/v2\/categories?post=1902"},{"taxonomy":"post_tag","embeddable":true,"href":"https:\/\/pasaulioziniasklaida.lt\/index.php\/wp-json\/wp\/v2\/tags?post=1902"}],"curies":[{"name":"wp","href":"https:\/\/api.w.org\/{rel}","templated":true}]}}