{"id":1916,"date":"2025-05-22T17:57:31","date_gmt":"2025-05-22T17:57:31","guid":{"rendered":"https:\/\/pasaulioziniasklaida.lt\/index.php\/2025\/05\/22\/kaunas-kviecija-i-617-aji-gimtadieni\/"},"modified":"2025-05-22T17:57:31","modified_gmt":"2025-05-22T17:57:31","slug":"kaunas-kviecija-i-617-aji-gimtadieni","status":"publish","type":"post","link":"https:\/\/pasaulioziniasklaida.lt\/index.php\/2025\/05\/22\/kaunas-kviecija-i-617-aji-gimtadieni\/","title":{"rendered":"Kaunas Kvie\u010dija \u012f 617-\u0105J\u012f Gimtadien\u012f"},"content":{"rendered":"<p><\/p>\n<div>\n<ol class=\"breadcrumb\">\n<li>Prad\u017ea<\/li>\n<li>NAUJIENOS<\/li>\n<li>Trij\u0173 Dien\u0173 \u0160ventini\u0173 Rengini\u0173 Fiesta: Kaunas Kvie\u010dija \u012f 617-\u0105J\u012f Gimtadien\u012f<\/li>\n<\/ol>\n<div class=\"post_featured_img_wrap\"><\/div>\n<div class=\"post_date\">\n<p>Paskelbta: 2025-05-22 (Ketvirtadienis)<\/p>\n<\/p><\/div>\n<\/p><\/div>\n<div data-post-id=\"192902\">\n<p><strong>\u201eKaunas D\u017eiaiutini!\u201c <\/strong><strong>-t Gegu\u017e\u0117s 23\u201325 d. Kaunie\u010diiai ir miesto sve\u010ditai kvie\u010diami pasinerti \u012f \u012ftraukian\u010dias pirmininkai, Edukacij\u0173 ir Muzikos Erdves Santakos Parke. Viduram\u017ei\u0173 Mieselis, Turrizmo Pakrant\u0117, Sporto Turnyrai, \u0160viesos Instaliacijos Bei Koncertai &#8211; Visa Tai IR Dar Daugiauau \u0160iemet Sud\u0117liota Miesto Gimtadienio programos programos. <\/strong><\/p>\n<p>\u201eKaunas Tuti Unikali\u0105 SavyB\u0119 &#8211; Kasmet Kei\u010diasi, Grauk\u0117ja \u200b\u200bir Auga, Ta\u010dinau Visada. Bendruomen\u0119, Suburs Skirtingas Kartas, Seniai Matytus Draugus ir Jaunim\u0105.<\/p>\n<p>Gimtadienis &#8211; tik Vieno\u0105 kart\u0105 Metuose, Tod\u0117l Kvie\u010diu 617 Met\u0173 ATSV\u0119TI RYSKIAI IR TRANKIAI. Kaunas, Miesto Kullios \u012fSTaigos, Bendruomen\u0117s, Atlik\u0117jai, Kaunie\u010diams pareng\u0117 Vis\u0105 Virtin\u0119 Pramog\u0173 ir Pasirodym\u0173. Tai m\u016bs\u0173 Vis\u0173 \u0160ent\u0117, Tod\u0117l Pakili\u0105 NuotAK\u0105 Kuriame Kiekie KIEKVIENAS: D\u017eiauKim\u0117s ir \u0160v\u0119skime I\u0161 Visos \u0160irdies \u201c, &#8211; Kvie\u010dija Kauno Meras Visvalaldas Matijo\u0161aitis.<\/p>\n<p><img fetchpriority=\"high\" decoding=\"async\" class=\"alignnone size-full wp-image-192905\" src=\"https:\/\/www.kaunas.lt\/wp-content\/uploads\/sites\/13\/2025\/05\/Kauno-gimtadienis-11-scaled.jpg\" alt=\"\" width=\"2560\" height=\"1703\" srcset=\"https:\/\/www.kaunas.lt\/wp-content\/uploads\/sites\/13\/2025\/05\/Kauno-gimtadienis-11-scaled.jpg 2560w, https:\/\/www.kaunas.lt\/wp-content\/uploads\/sites\/13\/2025\/05\/Kauno-gimtadienis-11-300x200.jpg 300w, https:\/\/www.kaunas.lt\/wp-content\/uploads\/sites\/13\/2025\/05\/Kauno-gimtadienis-11-1024x681.jpg 1024w, https:\/\/www.kaunas.lt\/wp-content\/uploads\/sites\/13\/2025\/05\/Kauno-gimtadienis-11-768x511.jpg 768w, https:\/\/www.kaunas.lt\/wp-content\/uploads\/sites\/13\/2025\/05\/Kauno-gimtadienis-11-1536x1022.jpg 1536w, https:\/\/www.kaunas.lt\/wp-content\/uploads\/sites\/13\/2025\/05\/Kauno-gimtadienis-11-2048x1363.jpg 2048w, https:\/\/www.kaunas.lt\/wp-content\/uploads\/sites\/13\/2025\/05\/Kauno-gimtadienis-11-720x480.jpg 720w\" sizes=\"(max-width: 2560px) 100vw, 2560px\"\/><\/p>\n<div id=\"ez-toc-container\" class=\"ez-toc-v2_0_82_2 counter-hierarchy ez-toc-counter ez-toc-grey ez-toc-container-direction\">\n<div class=\"ez-toc-title-container\">\n<p class=\"ez-toc-title\" style=\"cursor:inherit\">Turinys:<\/p>\n<span class=\"ez-toc-title-toggle\"><a href=\"#\" class=\"ez-toc-pull-right ez-toc-btn ez-toc-btn-xs ez-toc-btn-default ez-toc-toggle\" aria-label=\"Toggle Table of Content\"><span class=\"ez-toc-js-icon-con\"><span class=\"\"><span class=\"eztoc-hide\" style=\"display:none;\">Toggle<\/span><span class=\"ez-toc-icon-toggle-span\"><svg style=\"fill: #999;color:#999\" xmlns=\"http:\/\/www.w3.org\/2000\/svg\" class=\"list-377408\" width=\"20px\" height=\"20px\" viewBox=\"0 0 24 24\" fill=\"none\"><path d=\"M6 6H4v2h2V6zm14 0H8v2h12V6zM4 11h2v2H4v-2zm16 0H8v2h12v-2zM4 16h2v2H4v-2zm16 0H8v2h12v-2z\" fill=\"currentColor\"><\/path><\/svg><svg style=\"fill: #999;color:#999\" class=\"arrow-unsorted-368013\" xmlns=\"http:\/\/www.w3.org\/2000\/svg\" width=\"10px\" height=\"10px\" viewBox=\"0 0 24 24\" version=\"1.2\" baseProfile=\"tiny\"><path d=\"M18.2 9.3l-6.2-6.3-6.2 6.3c-.2.2-.3.4-.3.7s.1.5.3.7c.2.2.4.3.7.3h11c.3 0 .5-.1.7-.3.2-.2.3-.5.3-.7s-.1-.5-.3-.7zM5.8 14.7l6.2 6.3 6.2-6.3c.2-.2.3-.5.3-.7s-.1-.5-.3-.7c-.2-.2-.4-.3-.7-.3h-11c-.3 0-.5.1-.7.3-.2.2-.3.5-.3.7s.1.5.3.7z\"\/><\/svg><\/span><\/span><\/span><\/a><\/span><\/div>\n<nav><ul class='ez-toc-list ez-toc-list-level-1 ' ><li class='ez-toc-page-1 ez-toc-heading-level-2'><a class=\"ez-toc-link ez-toc-heading-1\" href=\"https:\/\/pasaulioziniasklaida.lt\/index.php\/2025\/05\/22\/kaunas-kviecija-i-617-aji-gimtadieni\/#Pramogu_Erdves\" >Pramog\u0173 Erdv\u0117s<\/a><\/li><li class='ez-toc-page-1 ez-toc-heading-level-2'><a class=\"ez-toc-link ez-toc-heading-2\" href=\"https:\/\/pasaulioziniasklaida.lt\/index.php\/2025\/05\/22\/kaunas-kviecija-i-617-aji-gimtadieni\/#Kvies_sportUoti_ir_svesti\" >Kvies sportUoti ir \u0161v\u0119sti<\/a><\/li><li class='ez-toc-page-1 ez-toc-heading-level-2'><a class=\"ez-toc-link ez-toc-heading-3\" href=\"https:\/\/pasaulioziniasklaida.lt\/index.php\/2025\/05\/22\/kaunas-kviecija-i-617-aji-gimtadieni\/#%E2%80%9ESkambios_Dovanos%E2%80%9C\" >\u201eSkambios Dovanos\u201c<\/a><\/li><\/ul><\/nav><\/div>\n<h2><span class=\"ez-toc-section\" id=\"Pramogu_Erdves\"><\/span>Pramog\u0173 Erdv\u0117s<span class=\"ez-toc-section-end\"><\/span><\/h2>\n<p>Kauno pilies lomoje \u012fsikurs sen\u0173j\u0173 Amat\u0173 Mug\u0117 ir Viduram\u017ei\u0173 MiesteLis. Jis Kvies Prisiminti lietuvos Istorij\u0105, i\u0161bandyti \u012fagairius Amatus: Puod\u0173 \u017dIEDIM\u0105, Lank\u0173 Gaminim\u0105, Audim\u0105, Odos Apdirbim\u0105.<\/p>\n<p>\u201e\u010cia pat viks\u201c ir Tarptutino kunigaik\u0161i\u0161ko Vaidoto Riteri\u0173 Turnyro kovo. LankytoJ\u0173 d\u0117mes\u012f priKustys \u012fsp\u016bddingi Vaidai Bei Auticti\u0161ki kostiumai. \u017diirg\u0173 myl\u0117tojai tur\u0117t\u0173 nepraleisti sekmadien\u012f vyksian\u010dio targautinio raiteli\u0173 ruo\u017eo.<\/p>\n<p>Dar Viena Kauno Miesto Gimtadienio organizatorius Dovana &#8211; Senovini\u0173 Automobili\u0173 Paradas. Retro automobili\u0173 nepaliks abejing\u0173 &#8211; nuo AistRuoli\u0173 Iki Kolekciionieri\u0173.<\/p>\n<p>Turizmo pakrant\u0117 kvies \u012f Sotitikimus ir \u012fkv\u0117ps Pamilti kaun\u0105 Naudo: Lauks Miesto Istorijos Perlai, NAUJ\u0173 Mar\u0161rut\u0173 Paie\u0161Ka, EdukaciJos Vaikams ir SuaugUsieMSiems.<\/p>\n<h2><strong style=\"font-size: 16px\"><img loading=\"lazy\" decoding=\"async\" class=\"alignnone size-full wp-image-192908\" src=\"https:\/\/www.kaunas.lt\/wp-content\/uploads\/sites\/13\/2025\/05\/Kauno-gimtadienis-10-scaled.jpg\" alt=\"\" width=\"2560\" height=\"1703\" srcset=\"https:\/\/www.kaunas.lt\/wp-content\/uploads\/sites\/13\/2025\/05\/Kauno-gimtadienis-10-scaled.jpg 2560w, https:\/\/www.kaunas.lt\/wp-content\/uploads\/sites\/13\/2025\/05\/Kauno-gimtadienis-10-300x200.jpg 300w, https:\/\/www.kaunas.lt\/wp-content\/uploads\/sites\/13\/2025\/05\/Kauno-gimtadienis-10-1024x681.jpg 1024w, https:\/\/www.kaunas.lt\/wp-content\/uploads\/sites\/13\/2025\/05\/Kauno-gimtadienis-10-768x511.jpg 768w, https:\/\/www.kaunas.lt\/wp-content\/uploads\/sites\/13\/2025\/05\/Kauno-gimtadienis-10-1536x1022.jpg 1536w, https:\/\/www.kaunas.lt\/wp-content\/uploads\/sites\/13\/2025\/05\/Kauno-gimtadienis-10-2048x1363.jpg 2048w, https:\/\/www.kaunas.lt\/wp-content\/uploads\/sites\/13\/2025\/05\/Kauno-gimtadienis-10-720x480.jpg 720w\" sizes=\"auto, (max-width: 2560px) 100vw, 2560px\"\/><\/strong><\/h2>\n<h2><span class=\"ez-toc-section\" id=\"Kvies_sportUoti_ir_svesti\"><\/span>Kvies sportUoti ir \u0161v\u0119sti<span class=\"ez-toc-section-end\"><\/span><\/h2>\n<p>\u0160eintadien\u012f Sporto Erdv\u0117Je Vis\u0105 Dien\u0105 Senosios prieplaukos amfiteatre vyks targautin\u0117s gali\u016bn\u0173 var\u017eybos \u201ePasaulio Komandin\u0117 Taur\u0117 2025\u201c. Krep\u0161inio m\u0117g\u0117jai Jau dabar galii registRutis \u012f 3 \u00d7 3 Krep\u0161inio Turnyrus, Vyksian\u010diijus Krep\u0161inio Aik\u0161tel\u0117Je ry\u0161iai lietuvos Krep\u0161INIO NAMAI.<\/p>\n<p>Antr\u0105j\u0105 Kauno Gimtadienio Dien\u0105 Vandens Pramog\u0173 Entuziatai leisis \u012f Jau Tradicija tapusi Kelion\u0119 Nemunu. Pasirinkta Vandens Transporto priMONE KVIE\u010dimaMA PISID\u0117TI Prie IniciatyVos \u201e\u0160V\u0119skime Up\u0119\u201c. \u012eTrAUKIan\u010di\u0173 NUOtyKI\u0173 Kupinas Mar\u0161rutas Vingiuos pro Panemun\u0119, \u0160an\u010dius, Nemuno Sal\u0105 Iki Pat Santakos. Po Yri\u0173 Organizatoriaus kvies Atgauti J\u0117gas Pirtyje ir Kubile. Planuojamas Fini\u0161as IR Finallinis Renginys Nemuno Pakrant\u0117Je &#8211; 16 val.<\/p>\n<p>\u201eSantakos Parko \u0160eim\u0173 Erdv\u0117Je\u201c vizas Tris Dienas taipt pat Netr\u016brks \u0160urmulio. \u201e\u010cia veiks\u201c batut\u0173 ir Pramog\u0173 parkas, Sald\u0117si\u0173 Mug\u0117, O Vakare u\u017esukti kvies \u0160viesos mi\u0161kas. Instaliacijos Gimtadienio SVECI\u0173 LAUKS Parkeleje, Prie Nemuno Pakrant\u0117s, Tarp Vaik\u0173 Erdv\u0117s ir pop scenos. Pasinerkite \u012f NutyKius Kiekviien\u0105 Vakar\u0105 nuo 22 val.<\/p>\n<p><img loading=\"lazy\" decoding=\"async\" class=\"alignnone size-full wp-image-192909\" src=\"https:\/\/www.kaunas.lt\/wp-content\/uploads\/sites\/13\/2025\/05\/Kauno-gimtadienis-4-scaled.jpg\" alt=\"\" width=\"2560\" height=\"1703\" srcset=\"https:\/\/www.kaunas.lt\/wp-content\/uploads\/sites\/13\/2025\/05\/Kauno-gimtadienis-4-scaled.jpg 2560w, https:\/\/www.kaunas.lt\/wp-content\/uploads\/sites\/13\/2025\/05\/Kauno-gimtadienis-4-300x200.jpg 300w, https:\/\/www.kaunas.lt\/wp-content\/uploads\/sites\/13\/2025\/05\/Kauno-gimtadienis-4-1024x681.jpg 1024w, https:\/\/www.kaunas.lt\/wp-content\/uploads\/sites\/13\/2025\/05\/Kauno-gimtadienis-4-768x511.jpg 768w, https:\/\/www.kaunas.lt\/wp-content\/uploads\/sites\/13\/2025\/05\/Kauno-gimtadienis-4-1536x1022.jpg 1536w, https:\/\/www.kaunas.lt\/wp-content\/uploads\/sites\/13\/2025\/05\/Kauno-gimtadienis-4-2048x1363.jpg 2048w, https:\/\/www.kaunas.lt\/wp-content\/uploads\/sites\/13\/2025\/05\/Kauno-gimtadienis-4-720x480.jpg 720w\" sizes=\"auto, (max-width: 2560px) 100vw, 2560px\"\/><\/p>\n<h2><span class=\"ez-toc-section\" id=\"%E2%80%9ESkambios_Dovanos%E2%80%9C\"><\/span>\u201eSkambios Dovanos\u201c<span class=\"ez-toc-section-end\"><\/span><\/h2>\n<p>\u0160iemet net trys \u0161ventin\u0117s santakos parko scenos dedikuotos kuriybai ir muzikai. Kamerin\u0117je erdv\u0117je penktadien\u012f, 18 val., Startuos \u201eBandfest&#8217;as\u201c &#8211; Profesionali\u0173 Pu\u010diam\u0173J\u0173 Orkestr\u0173 Koncertas.<\/p>\n<p>\u0160eintadienio ir Sekmadienio vakar\u0105 \u010dia Skamb\u0117s Klasikin\u0117 Muzika Po Atviru Dangumi, Bus Rodomi Nemokami \u201ekino pvaiario\u201c Seansai. Sekmadienio POPIET\u0119 Pasirodys Bendruomeni\u0173 Meno Kolektyvai.<\/p>\n<p>Pop ir Jaunimo scenoz\u0117 Viks \u017dINOM\u0173 Atlik\u0117J\u0173 Koncertai: Muzikinius k\u016brinius Susirinkusiems Dovanos Lino adomaitis ir choras \u201egospeljonai\u201c, donatas Montvydas, \u201ede\u0161imties sien\u0173 x goya\u201c, \u201enemokama Finga\u201c, \u201eProflame\u201c, \u201eHipor\u201c. Kiti Muzikantai.<\/p>\n<p>\u0160vent\u0117s Dalyvo patogumui Nemuno ir Neries Santakos kezulyje \u012fsikurs \u201eatviros virtuv\u0117s\u201c Erdv\u0117. Ji kvies paragauti ne tik vietin\u0117s, la\u017einkit\u0117s ir pasaulin\u0117s virv\u0117s Skan\u0117st\u0173, Vyks prekyba maistu ir g\u0117rimasais.<\/p>\n<p>\u201e\u0160\u0117Sami\u201c programos<strong>: Kaunas.lt<\/strong><\/p>\n<p style=\"text-align: right\"><em>Ra\u0161i\u0173 Sucuomene Skyrius Informacija<\/em><\/p>\n<\/p>\n<\/p><\/div>\n<p><script>\n(function(d, s, id) {\n  var js, fjs = d.getElementsByTagName(s)(0);\n  if (d.getElementById(id)) return;\n  js = d.createElement(s); js.id = id;\n  js.src = \"\/\/connect.facebook.net\/lt_LT\/sdk.js#xfbml=1&version=v2.5&appId=118913718193570\";\n  fjs.parentNode.insertBefore(js, fjs);\n}(document, 'script', 'facebook-jssdk'));<\/script><script>(function(d, s, id) {\n\t\t\t\t\t\t\t\t\t\t\t  var js, fjs = d.getElementsByTagName(s)(0);\n\t\t\t\t\t\t\t\t\t\t\t  if (d.getElementById(id)) return;\n\t\t\t\t\t\t\t\t\t\t\t  js = d.createElement(s); js.id = id;\n\t\t\t\t\t\t\t\t\t\t\t  js.src = \"\/\/connect.facebook.net\/lt_LT\/sdk.js#xfbml=1&version=v2.3&appId=118913718193570\";\n\t\t\t\t\t\t\t\t\t\t\t  fjs.parentNode.insertBefore(js, fjs);\n\t\t\t\t\t\t\t\t\t\t\t}(document, 'script', 'facebook-jssdk'));\n\t\t\t\t\t\t\t\t\t\t\t<\/script><a href=\"https:\/\/www.kaunas.lt\/2025\/05\/22\/triju-dienu-sventiniu-renginiu-fiesta-kaunas-kviecia-i-617-aji-gimtadieni\/\"> Nuoroda \u012f informacijos \u0161altin\u012f <\/a><\/p>\n","protected":false},"excerpt":{"rendered":"<p>Prad\u017ea NAUJIENOS Trij\u0173 Dien\u0173 \u0160ventini\u0173 Rengini\u0173 Fiesta: Kaunas Kvie\u010dija \u012f 617-\u0105J\u012f Gimtadien\u012f Paskelbta: 2025-05-22 (Ketvirtadienis) \u201eKaunas D\u017eiaiutini!\u201c -t Gegu\u017e\u0117s 23\u201325 d. Kaunie\u010diiai ir miesto sve\u010ditai kvie\u010diami pasinerti \u012f \u012ftraukian\u010dias pirmininkai, Edukacij\u0173 ir Muzikos Erdves Santakos Parke. Viduram\u017ei\u0173 Mieselis, Turrizmo Pakrant\u0117, Sporto Turnyrai, \u0160viesos Instaliacijos Bei Koncertai &#8211; Visa Tai IR Dar Daugiauau \u0160iemet Sud\u0117liota Miesto [&hellip;]<\/p>\n","protected":false},"author":1,"featured_media":1917,"comment_status":"","ping_status":"","sticky":false,"template":"","format":"standard","meta":{"om_disable_all_campaigns":false,"_monsterinsights_skip_tracking":false,"_monsterinsights_sitenote_active":false,"_monsterinsights_sitenote_note":"","_monsterinsights_sitenote_category":0,"footnotes":""},"categories":[3],"tags":[4384,4385,2961,4383],"class_list":["post-1916","post","type-post","status-publish","format-standard","has-post-thumbnail","hentry","category-salies-naujienos","tag-617aji","tag-gimtadieni","tag-kaunas","tag-kviecija"],"aioseo_notices":[],"_links":{"self":[{"href":"https:\/\/pasaulioziniasklaida.lt\/index.php\/wp-json\/wp\/v2\/posts\/1916","targetHints":{"allow":["GET"]}}],"collection":[{"href":"https:\/\/pasaulioziniasklaida.lt\/index.php\/wp-json\/wp\/v2\/posts"}],"about":[{"href":"https:\/\/pasaulioziniasklaida.lt\/index.php\/wp-json\/wp\/v2\/types\/post"}],"author":[{"embeddable":true,"href":"https:\/\/pasaulioziniasklaida.lt\/index.php\/wp-json\/wp\/v2\/users\/1"}],"replies":[{"embeddable":true,"href":"https:\/\/pasaulioziniasklaida.lt\/index.php\/wp-json\/wp\/v2\/comments?post=1916"}],"version-history":[{"count":0,"href":"https:\/\/pasaulioziniasklaida.lt\/index.php\/wp-json\/wp\/v2\/posts\/1916\/revisions"}],"wp:featuredmedia":[{"embeddable":true,"href":"https:\/\/pasaulioziniasklaida.lt\/index.php\/wp-json\/wp\/v2\/media\/1917"}],"wp:attachment":[{"href":"https:\/\/pasaulioziniasklaida.lt\/index.php\/wp-json\/wp\/v2\/media?parent=1916"}],"wp:term":[{"taxonomy":"category","embeddable":true,"href":"https:\/\/pasaulioziniasklaida.lt\/index.php\/wp-json\/wp\/v2\/categories?post=1916"},{"taxonomy":"post_tag","embeddable":true,"href":"https:\/\/pasaulioziniasklaida.lt\/index.php\/wp-json\/wp\/v2\/tags?post=1916"}],"curies":[{"name":"wp","href":"https:\/\/api.w.org\/{rel}","templated":true}]}}