{"id":193,"date":"2024-08-19T01:05:03","date_gmt":"2024-08-19T01:05:03","guid":{"rendered":"https:\/\/pasaulioziniasklaida.lt\/index.php\/2024\/08\/19\/tel-avive-sprogus-bombai-zuvo-vienas-zmogus-pranese-izraelio-policija-pasaulio-naujienos\/"},"modified":"2024-08-19T01:05:03","modified_gmt":"2024-08-19T01:05:03","slug":"tel-avive-sprogus-bombai-zuvo-vienas-zmogus-pranese-izraelio-policija-pasaulio-naujienos","status":"publish","type":"post","link":"https:\/\/pasaulioziniasklaida.lt\/index.php\/2024\/08\/19\/tel-avive-sprogus-bombai-zuvo-vienas-zmogus-pranese-izraelio-policija-pasaulio-naujienos\/","title":{"rendered":"Tel Avive sprogus bombai \u017euvo vienas \u017emogus, prane\u0161\u0117 Izraelio policija | Pasaulio naujienos"},"content":{"rendered":"<p> <br \/>\n<\/p>\n<div data-component-name=\"ui-article-body\" data-highlight-intro=\"true\">\n<p>Tel Avive sprogus bombai \u017euvo vienas \u017emogus, prane\u0161\u0117 policija.<\/p>\n<p>Izraelio policija buvo i\u0161kviesta \u012f Lahi gatv\u0119 apie 20 val. vietos laiku (18 val. JK laiku), kad gaut\u0173 prane\u0161im\u0173 apie sprogim\u0105.<\/p>\n<p>\u201ePatvirtinta, kad tai buvo bombos sprogimas\u201c, \u2013 sak\u0117 policijos atstovas.<\/p>\n<p>\u201eD\u0117l sprogimo \u017euvo vienas \u017emogus, kurio tapatyb\u0117 kol kas ne\u017einoma, o dar vienas buvo su\u017ealotas vidutini\u0161kai.<\/p>\n<p>\u201eVisi tyrimo b\u016bdai yra tiriami.<\/p>\n<p>Nukent\u0117jusysis nuve\u017etas gydytis \u012f ligonin\u0119, prid\u016br\u0117 atstovas.<\/p>\n<p>Socialin\u0117je \u017einiasklaidoje buvo paskelbtos grafin\u0117s nuotraukos, kuriose teigiama, kad matomos i\u0161 karto po sprogimo, ta\u010diau jos nepatvirtintos.<\/p>\n<p>Kiti mato \u0161iuk\u0161les gatv\u0117se ir greitosios pagalbos darbuotojus \u012fvykio vietoje.<\/p>\n<div class=\"sdc-article-widget sdc-article-image\">\n<figure class=\"sdc-article-image__figure\">\n<div class=\"sdc-article-image__wrapper\" data-aspect-ratio=\"16\/9\">\n          <img decoding=\"async\" class=\"sdc-article-image__item\" loading=\"lazy\" intrinsicsize=\"768x432\" src=\"https:\/\/e3.365dm.com\/24\/08\/768x432\/skynews-tel-aviv-israel-bomb_6660491.jpg?20240818210826\" srcset=\"https:\/\/e3.365dm.com\/24\/08\/384x216\/skynews-tel-aviv-israel-bomb_6660491.jpg?20240818210826 380w, https:\/\/e3.365dm.com\/24\/08\/768x432\/skynews-tel-aviv-israel-bomb_6660491.jpg?20240818210826 760w, https:\/\/e3.365dm.com\/24\/08\/1600x900\/skynews-tel-aviv-israel-bomb_6660491.jpg?20240818210826 1024w, https:\/\/e3.365dm.com\/24\/08\/2048x1152\/skynews-tel-aviv-israel-bomb_6660491.jpg?20240818210826 2048w\" sizes=\"(min-width: 1024px) 1024px, 100vw\" alt=\"Greitosios pagalbos darbuotojai \u012fvykio vietoje sekmadienio vakar\u0105. Nuotrauka: AP\"\/>\n    <\/div><figcaption class=\"ui-media-caption\">\n        <span class=\"u-hide-visually\">Vaizdas:<\/span><br \/>\n        <span class=\"ui-media-caption__caption-text\">Greitosios pagalbos darbuotojai \u012fvykio vietoje sekmadienio vakar\u0105. Nuotrauka: AP<br \/>\n        <\/span><br \/>\n      <\/figcaption><\/figure>\n<\/div>\n<p><strong>Skaityti daugiau<br \/><a href=\"https:\/\/news.sky.com\/story\/british-diplomat-resigns-over-claims-uk-may-be-complicit-in-war-crimes-with-israel-arms-sales-13199323\" target=\"_blank\" rel=\"noopener\">Did\u017eiosios Britanijos diplomatas atsistatydino d\u0117l kaltinim\u0173 karo nusikaltimais<\/a><br \/><a href=\"https:\/\/news.sky.com\/story\/theyve-just-killed-innocent-people-anger-in-lebanon-after-israeli-strike-as-teddy-bears-and-childrens-shoes-among-rubble-13198896\" target=\"_blank\" rel=\"noopener\">Pyktis Libane po Izraelio antskryd\u017ei\u0173<\/a><br \/><a href=\"https:\/\/news.sky.com\/story\/hamas-spokesman-refutes-bidens-optimism-over-ceasefire-deal-13198553\" target=\"_blank\" rel=\"noopener\">\u201eHamas\u201c atmeta Bideno optimizm\u0105 d\u0117l paliaub\u0173 susitarimo<\/a><\/strong><\/p>\n<p>\u0160e\u0161tadien\u012f t\u016bkstan\u010diai \u017emoni\u0173 susirinko miesto \u012ekait\u0173 aik\u0161t\u0117je reikalauti gr\u0105\u017einti likusius belaisvius, kuriuos vis dar laiko \u201eHamas\u201c Gazos ruo\u017ee.<\/p>\n<p>Vis dar laikom\u0173 asmen\u0173 \u0161eimos reikalauja Izraelio ministro pirmininko Benjamino Netanyahu atsistatydinimo d\u0117l dabartin\u0117s \u012fkait\u0173 sutarties.<\/p>\n<p>Buv\u0119s Izraelio premjeras Ehudas Barakas pareikalavo, kad B. Netanyahu b\u016bt\u0173 surengta apkalta d\u0117l \u012fkait\u0173 ir ant X para\u0161\u0117: &#8222;Jo nepaklusnumas \u012fstatymams tokiu metu pateisina apkaltos paskelbim\u0105. netinkamas!&#8221;<\/p>\n<p>Be to, \u0161e\u0161tadien\u012f ir sekmadien\u012f, t\u0119siantis deryboms d\u0117l paliaub\u0173, buvo auk\u0173 po Izraelio antskryd\u017ei\u0173 Gazoje ir Libane.<\/p>\n<\/p><\/div>\n<p><br \/>\n<br \/><a href=\"https:\/\/news.sky.com\/story\/one-dead-after-bomb-explodes-in-tel-aviv-israeli-police-say-13199528\">Source link <\/a><\/p>\n","protected":false},"excerpt":{"rendered":"<p>Tel Avive sprogus bombai \u017euvo vienas \u017emogus, prane\u0161\u0117 policija. Izraelio policija buvo i\u0161kviesta \u012f Lahi gatv\u0119 apie 20 val. vietos laiku (18 val. JK laiku), kad gaut\u0173 prane\u0161im\u0173 apie sprogim\u0105. \u201ePatvirtinta, kad tai buvo bombos sprogimas\u201c, \u2013 sak\u0117 policijos atstovas. \u201eD\u0117l sprogimo \u017euvo vienas \u017emogus, kurio tapatyb\u0117 kol kas ne\u017einoma, o dar vienas buvo su\u017ealotas [&hellip;]<\/p>\n","protected":false},"author":1,"featured_media":194,"comment_status":"open","ping_status":"open","sticky":false,"template":"","format":"standard","meta":{"om_disable_all_campaigns":false,"_monsterinsights_skip_tracking":false,"_monsterinsights_sitenote_active":false,"_monsterinsights_sitenote_note":"","_monsterinsights_sitenote_category":0,"footnotes":""},"categories":[4],"tags":[],"class_list":["post-193","post","type-post","status-publish","format-standard","has-post-thumbnail","hentry","category-pasaulio-naujienos"],"aioseo_notices":[],"_links":{"self":[{"href":"https:\/\/pasaulioziniasklaida.lt\/index.php\/wp-json\/wp\/v2\/posts\/193","targetHints":{"allow":["GET"]}}],"collection":[{"href":"https:\/\/pasaulioziniasklaida.lt\/index.php\/wp-json\/wp\/v2\/posts"}],"about":[{"href":"https:\/\/pasaulioziniasklaida.lt\/index.php\/wp-json\/wp\/v2\/types\/post"}],"author":[{"embeddable":true,"href":"https:\/\/pasaulioziniasklaida.lt\/index.php\/wp-json\/wp\/v2\/users\/1"}],"replies":[{"embeddable":true,"href":"https:\/\/pasaulioziniasklaida.lt\/index.php\/wp-json\/wp\/v2\/comments?post=193"}],"version-history":[{"count":0,"href":"https:\/\/pasaulioziniasklaida.lt\/index.php\/wp-json\/wp\/v2\/posts\/193\/revisions"}],"wp:featuredmedia":[{"embeddable":true,"href":"https:\/\/pasaulioziniasklaida.lt\/index.php\/wp-json\/wp\/v2\/media\/194"}],"wp:attachment":[{"href":"https:\/\/pasaulioziniasklaida.lt\/index.php\/wp-json\/wp\/v2\/media?parent=193"}],"wp:term":[{"taxonomy":"category","embeddable":true,"href":"https:\/\/pasaulioziniasklaida.lt\/index.php\/wp-json\/wp\/v2\/categories?post=193"},{"taxonomy":"post_tag","embeddable":true,"href":"https:\/\/pasaulioziniasklaida.lt\/index.php\/wp-json\/wp\/v2\/tags?post=193"}],"curies":[{"name":"wp","href":"https:\/\/api.w.org\/{rel}","templated":true}]}}