{"id":1994,"date":"2025-09-19T17:15:27","date_gmt":"2025-09-19T17:15:27","guid":{"rendered":"https:\/\/pasaulioziniasklaida.lt\/index.php\/2025\/09\/19\/ji-sypsojosi-ir-jo-akys-uzpilde-emocijomis-tuo-metu-kai-talibanas-islaisvino-reynoldsa-jk-naujienos\/"},"modified":"2025-09-19T17:15:27","modified_gmt":"2025-09-19T17:15:27","slug":"ji-sypsojosi-ir-jo-akys-uzpilde-emocijomis-tuo-metu-kai-talibanas-islaisvino-reynoldsa-jk-naujienos","status":"publish","type":"post","link":"https:\/\/pasaulioziniasklaida.lt\/index.php\/2025\/09\/19\/ji-sypsojosi-ir-jo-akys-uzpilde-emocijomis-tuo-metu-kai-talibanas-islaisvino-reynoldsa-jk-naujienos\/","title":{"rendered":"Ji \u0161ypsojosi ir jo akys u\u017epild\u0117 emocijomis &#8211; tuo metu, kai Talibanas i\u0161laisvino Reynolds\u0105 | JK naujienos"},"content":{"rendered":"<p><\/p>\n<div data-component-name=\"ui-article-body\" data-testid=\"article-body\" data-highlight-intro=\"true\">\n<p>Kabulo tarptautiniame oro uoste mes steb\u0117jome, kaip Afganistano, Kataro ir Did\u017eiosios Britanijos pareig\u016bnai kartu su gydytojais \u0117jo \u012f pastat\u0105 prie kilimo ir t\u016bpimo tako.<\/p>\n<p>Ant kilimo ir t\u016bpimo tako lauk\u0117 l\u0117ktuvas, paruo\u0161tas laipteliai, kurie pasirod\u0117 art\u0117jantys. I\u0161 savo \u0161altini\u0173 buvome gird\u0117j\u0119 apie galim\u0105 Peterio ir Barb\u0117s Reynoldso, vyresnio am\u017eiaus brit\u0173 poros, sulaikytos vasario m\u0117n., I\u0161leidim\u0105, ta\u010diau dar netur\u0117jome jokio oficialaus patvirtinimo.<\/p>\n<p>Tada i\u0161 u\u017e dvigub\u0173 dur\u0173 patraukiau Barb\u0117s d\u0117mes\u012f. 76 -eri\u0173 met\u0173 man \u0161ypsojosi &#8211; jos veidas, atrodo, ry\u0161kus su palengv\u0117jimu. Jos vyras Peteris, 80 m., Tada \u012f\u017eeng\u0117 \u012f r\u0117m\u0105. Auk\u0161tai \u0161velniai atrodantis vyras, jo akys atrod\u0117 u\u017epildytos emocijomis.<\/p>\n<p>J\u0173 palengv\u0117jimas ir d\u0117kingumas i\u0161kart buvo akivaizdus. \u017dinoma, ne\u012fmanoma \u017einoti, kokia j\u0173 sveikata yra, ta\u010diau jie pasirod\u0117 budr\u016bs ir sudar\u0117, nepaisant beveik a\u0161tuoni\u0173 m\u0117nesi\u0173 sulaikymo.<\/p>\n<p>Poros s\u016bnus Jonathanas anks\u010diau sak\u0117, kad jo t\u0117vas patyr\u0117 rimt\u0173 traukuli\u0173, o jo motina buvo \u201enutirpusi\u201c nuo anemijos ir netinkamos mitybos. JT taip pat apib\u016bdino j\u0173 s\u0105lygas kaip \u201e\u017eeminan\u010dias\u201c. Ta\u010diau \u0161iandien, ruo\u0161damasis palikti \u0161al\u012f, Petras nebus atkreiptas \u012f s\u0105lygas, su kuriomis jis susid\u016br\u0117. \u201eMes esame tiesiog labai d\u0117kingi, labai d\u0117kingi\u201c, &#8211; sak\u0117 jis.<\/p>\n<div class=\"sdc-article-widget sdc-article-image\" data-testid=\"article-image\">\n<figure class=\"sdc-article-image__figure\">\n<div class=\"sdc-article-image__wrapper\" data-aspect-ratio=\"16\/9\">\n          \n    <\/div><figcaption class=\"ui-media-caption\" data-testid=\"article-image-caption\">\n        <span class=\"u-hide-visually\">Vaizdas:<\/span><br \/>\n        <span class=\"ui-media-caption__caption-text\" data-testid=\"article-image-caption-text\">Po jo i\u0161leidimo \u012f Doh\u0105 Peteris Reynoldsas atvyksta \u012f Doh\u0105 su savo dukra Sarah Entwistle. (Paveiksl\u0117lis: \u201eReuters\u201c)<br \/>\n        <\/span><br \/>\n      <\/figcaption><\/figure>\n<\/div>\n<p>Barb\u0117, praleidusi dal\u012f savo sulaikymo atskiroje \u012fstaigoje, atrod\u0117 stulbinamai rami &#8211; grak\u0161ti ir nepakankama elgesys. \u201eMes su mumis buvo elgiamasi labai gerai\u201c, &#8211; sak\u0117 ji, eidama \u012f l\u0117ktuv\u0105. <strong>Talibanas<\/strong> Pareig\u016bnai teig\u0117, kad jie gavo tinkam\u0105 medicinin\u0119 prie\u017ei\u016br\u0105 kal\u0117jime ir buvo gerbiamos j\u0173 \u017emogaus teis\u0117s.<\/p>\n<p>Keturi poros vaikai kruop\u0161\u010diai, bet nuosekliai rinkosi j\u0173 paleidim\u0105. \u201eMes tikim\u0117s pamatyti savo vaikus\u201c, &#8211; Barb\u0117 man pasak\u0117 pla\u010diu spinduliu. Paklausiau, ar ji turi prane\u0161im\u0105 \u0161eimai ir draugams. \u201eDievas yra geras, kaip jie sako \u010dia <strong>Afganistanas<\/strong>&#8211; parei\u0161k\u0117 ji.<\/p>\n<p>Ir nepaisant j\u0173 netik\u0117to sulaikymo, ji tik\u0117josi, kad jie gr\u012f\u0161. &#8222;Ar gr\u012f\u0161ite \u012f Afganistan\u0105?&#8221; A\u0161 paklausiau. \u201eO taip, jei galime\u201c, &#8211; sak\u0117 ji. \u201eMes esame Afganistano pilie\u010diai\u201c.<\/p>\n<p><strong>Kas nutiko<\/strong><\/p>\n<p>Pora kartu buvo nuo septintojo de\u0161imtme\u010dio ir susituok\u0117 Afganistano sostin\u0117je, <strong>Kabulas<\/strong>1970 m. Jie 18 met\u0173 gyveno \u0161alyje ir vadovavo organizacijai \u201eRebuild\u201c, kuri teikia \u0161vietimo ir lyderyst\u0117s programas, \u012fskaitant mokymus motinoms ir vaikams.<\/p>\n<p>\u0160eima juos apib\u016bdino kaip vis\u0105 gyvenim\u0105 trunkan\u010di\u0105 meil\u0119 Afganistanui. Po to, kai Talibanas konfiskavo kontrol\u0119 2021 m. Rugpj\u016b\u010dio m\u0117n. Ir daugelis kit\u0173 vakarie\u010di\u0173 i\u0161vyko, jie nusprend\u0117 pasilikti. Jie buvo are\u0161tuoti pakeliui namo \u012f Bamiyan\u0105. Talibanas teig\u0117, kad pora pa\u017eeid\u0117 Afganistano \u012fstatymus. Ta\u010diau po to, kai pora susid\u016br\u0117 su keturiais teismo procesais, niekada nebuvo pareik\u0161ti jokie kaltinimai.<\/p>\n<p>\u0160iandien parei\u0161kime Hamdullahas Fitratas, Afganistano islamo emyrato atstovo pavaduotojas, sak\u0117: \u201eDu brit\u0173 pilie\u010diai, vardu Peteris ir Barbara Reynolds, kurie pa\u017eeid\u0117 Afganistano \u012fstatymus, buvo paleisti i\u0161 globos po teismo proceso. Islamas Emiratas Afganistane ne\u017ei\u016bri \u012f savo pilie\u010dius i\u0161 politini\u0173 ar tvar\u0173.<\/p>\n<div class=\"sdc-article-widget sdc-article-image\" data-testid=\"article-image\">\n<figure class=\"sdc-article-image__figure\">\n<div class=\"sdc-article-image__wrapper\" data-aspect-ratio=\"16\/9\">\n          <img decoding=\"async\" class=\"sdc-article-image__item\" loading=\"lazy\" intrinsicsize=\"768x432\" src=\"https:\/\/e3.365dm.com\/25\/09\/768x432\/skynews-peter-barbie-reynolds_7025261.jpg?20250919145138\" srcset=\"https:\/\/e3.365dm.com\/25\/09\/384x216\/skynews-peter-barbie-reynolds_7025261.jpg?20250919145138 380w, https:\/\/e3.365dm.com\/25\/09\/768x432\/skynews-peter-barbie-reynolds_7025261.jpg?20250919145138 760w, https:\/\/e3.365dm.com\/25\/09\/1600x900\/skynews-peter-barbie-reynolds_7025261.jpg?20250919145138 1024w, https:\/\/e3.365dm.com\/25\/09\/2048x1152\/skynews-peter-barbie-reynolds_7025261.jpg?20250919145138 2048w\" sizes=\"(min-width: 1024px) 1024px, 100vw\" alt=\"Peteris ir Barb\u0117 Reynoldsas eina i\u0161ard\u0119 i\u0161 l\u0117ktuvo, Dohoje, Katare. PIC: \u201eReuters\u201c\" data-testid=\"article-image-image\"\/>\n    <\/div><figcaption class=\"ui-media-caption\" data-testid=\"article-image-caption\">\n        <span class=\"u-hide-visually\">Vaizdas:<\/span><br \/>\n        <span class=\"ui-media-caption__caption-text\" data-testid=\"article-image-caption-text\">Peteris ir Barb\u0117 Reynoldsas eina i\u0161ard\u0119 i\u0161 l\u0117ktuvo, Dohoje, Katare. PIC: \u201eReuters\u201c<br \/>\n        <\/span><br \/>\n      <\/figcaption><\/figure>\n<\/div>\n<p>Tiek JK, tiek <strong>Katari<\/strong> Pareig\u016bnai nor\u0117jo i\u0161reik\u0161ti savo didel\u0119 d\u0117kingum\u0105 Afganistano vadovybei u\u017e tai, kad i\u0161leido Reynolds\u0105. Richardas Lindsay, specialusis pasiuntinys Afganistane teig\u0117, kad tai \u201elabai puiki humanitarin\u0117 diena\u201c. Ta\u010diau jis pripa\u017eino ne\u017ein\u0105s d\u0117l to, kok\u012f prie\u017east\u012f pora buvo laikoma.<\/p>\n<p>Atrod\u0117, kad Kataras vaidino svarb\u0173 vaidmen\u012f derybose su Afganistano vald\u017eia. Jie teig\u0117, kad jie sugeb\u0117jo u\u017etikrinti medicinin\u0119 pagalb\u0105, ir tai leid\u017eia porai bendrauti su savo \u0161eimomis. \u201eBarb\u0117s ir Peterio Reynoldso i\u0161leidimas rodo, kad kai dvi partijos yra \u012fsipareigojusios susitarti, Kataro tarpininkai ras b\u016bd\u0105, kaip tai pasiekti\u201c, &#8211; \u201eSky News\u201c pasakojo vienas Kataro pareig\u016bnas.<\/p>\n<p>2022 m. Talibanas u\u017edraud\u0117 Afganistano moterims dirbti NVO. Tai, kas paskatino are\u0161tuoti Reynolds\u0105, kuris tiek daug savo gyvenimo paskyr\u0117 NVO, vis dar neai\u0161ku. Ta\u010diau j\u0173 \u0161eimai \u0161iandien yra diena, kurios jie ilg\u0117josi.<\/p>\n<\/p><\/div>\n<p><a href=\"https:\/\/news.sky.com\/story\/well-return-to-afghanistan-if-we-can-say-british-couple-detained-by-taliban-for-more-than-seven-months-13434038\"> Nuoroda \u012f informacijos \u0161altin\u012f <\/a><\/p>\n","protected":false},"excerpt":{"rendered":"<p>Kabulo tarptautiniame oro uoste mes steb\u0117jome, kaip Afganistano, Kataro ir Did\u017eiosios Britanijos pareig\u016bnai kartu su gydytojais \u0117jo \u012f pastat\u0105 prie kilimo ir t\u016bpimo tako. Ant kilimo ir t\u016bpimo tako lauk\u0117 l\u0117ktuvas, paruo\u0161tas laipteliai, kurie pasirod\u0117 art\u0117jantys. I\u0161 savo \u0161altini\u0173 buvome gird\u0117j\u0119 apie galim\u0105 Peterio ir Barb\u0117s Reynoldso, vyresnio am\u017eiaus brit\u0173 poros, sulaikytos vasario m\u0117n., I\u0161leidim\u0105, [&hellip;]<\/p>\n","protected":false},"author":1,"featured_media":1995,"comment_status":"","ping_status":"","sticky":false,"template":"","format":"standard","meta":{"om_disable_all_campaigns":false,"_monsterinsights_skip_tracking":false,"_monsterinsights_sitenote_active":false,"_monsterinsights_sitenote_note":"","_monsterinsights_sitenote_category":0,"footnotes":""},"categories":[4],"tags":[4563,4565,4568,88,77,24,4569,4562,4567,4566,4564],"class_list":["post-1994","post","type-post","status-publish","format-standard","has-post-thumbnail","hentry","category-pasaulio-naujienos","tag-akys","tag-emocijomis","tag-islaisvino","tag-kai","tag-metu","tag-naujienos","tag-reynoldsa","tag-sypsojosi","tag-talibanas","tag-tuo","tag-uzpilde"],"aioseo_notices":[],"_links":{"self":[{"href":"https:\/\/pasaulioziniasklaida.lt\/index.php\/wp-json\/wp\/v2\/posts\/1994","targetHints":{"allow":["GET"]}}],"collection":[{"href":"https:\/\/pasaulioziniasklaida.lt\/index.php\/wp-json\/wp\/v2\/posts"}],"about":[{"href":"https:\/\/pasaulioziniasklaida.lt\/index.php\/wp-json\/wp\/v2\/types\/post"}],"author":[{"embeddable":true,"href":"https:\/\/pasaulioziniasklaida.lt\/index.php\/wp-json\/wp\/v2\/users\/1"}],"replies":[{"embeddable":true,"href":"https:\/\/pasaulioziniasklaida.lt\/index.php\/wp-json\/wp\/v2\/comments?post=1994"}],"version-history":[{"count":0,"href":"https:\/\/pasaulioziniasklaida.lt\/index.php\/wp-json\/wp\/v2\/posts\/1994\/revisions"}],"wp:featuredmedia":[{"embeddable":true,"href":"https:\/\/pasaulioziniasklaida.lt\/index.php\/wp-json\/wp\/v2\/media\/1995"}],"wp:attachment":[{"href":"https:\/\/pasaulioziniasklaida.lt\/index.php\/wp-json\/wp\/v2\/media?parent=1994"}],"wp:term":[{"taxonomy":"category","embeddable":true,"href":"https:\/\/pasaulioziniasklaida.lt\/index.php\/wp-json\/wp\/v2\/categories?post=1994"},{"taxonomy":"post_tag","embeddable":true,"href":"https:\/\/pasaulioziniasklaida.lt\/index.php\/wp-json\/wp\/v2\/tags?post=1994"}],"curies":[{"name":"wp","href":"https:\/\/api.w.org\/{rel}","templated":true}]}}