{"id":205,"date":"2024-08-22T01:27:01","date_gmt":"2024-08-22T01:27:01","guid":{"rendered":"https:\/\/pasaulioziniasklaida.lt\/index.php\/2024\/08\/22\/tokios-burines-jachtos-kaip-mikeo-lyncho-jachtos-yra-nenuskandinami-kunai-sako-valciu-gamybos-imones-generalinis-direktorius-pasaulio-naujienos\/"},"modified":"2024-08-22T01:27:01","modified_gmt":"2024-08-22T01:27:01","slug":"tokios-burines-jachtos-kaip-mikeo-lyncho-jachtos-yra-nenuskandinami-kunai-sako-valciu-gamybos-imones-generalinis-direktorius-pasaulio-naujienos","status":"publish","type":"post","link":"https:\/\/pasaulioziniasklaida.lt\/index.php\/2024\/08\/22\/tokios-burines-jachtos-kaip-mikeo-lyncho-jachtos-yra-nenuskandinami-kunai-sako-valciu-gamybos-imones-generalinis-direktorius-pasaulio-naujienos\/","title":{"rendered":"Tokios burin\u0117s jachtos, kaip Mike&#8217;o Lyncho jachtos, yra \u201enenuskandinami k\u016bnai\u201c, sako val\u010di\u0173 gamybos \u012fmon\u0117s generalinis direktorius | Pasaulio naujienos"},"content":{"rendered":"<p> <br \/>\n<\/p>\n<div data-component-name=\"ui-article-body\" data-highlight-intro=\"true\">\n<p>Pasak juos gaminan\u010dios ir parduodan\u010dios firmos vadovo, tokie laivai, kaip Mike&#8217;o Lyncho sudu\u017eusi superjachta, yra \u201enenuskandinami\u201c.<\/p>\n<p>\u201eThe Italian Sea Group\u201c generalinis direktorius Giovanni Costantino sak\u0117 \u201eSky News\u201c, kad pirmadien\u012f prie Porticello (Sicilija) krant\u0173 per audr\u0105 apvirtusios Bayeso superjachtos projektavimo ir konstrukcijos tr\u016bkum\u0173 n\u0117ra.<\/p>\n<p><strong><a href=\"https:\/\/news.sky.com\/story\/two-bodies-found-by-divers-searching-sunken-superyacht-13200731\" target=\"_blank\" rel=\"noopener\">Buvo rasti penki k\u016bnai<\/a><\/strong>  tre\u010diadien\u012f narai \u2013 patvirtint\u0173 \u017euvusi\u0173j\u0173 skai\u010dius padidintas iki \u0161e\u0161i\u0173.<\/p>\n<p>Italijos j\u016br\u0173 grupei taip pat priklauso \u012fmon\u0117, kuri pastat\u0117 brit\u0173 technologij\u0173 magnat\u0105 Lyncho Bayesian, o Costantino teig\u0117, kad \u0161ie laivai \u201eyra saugiausi absoliu\u010dia prasme\u201c.<\/p>\n<p>\u201eB\u016bdamas \u201ePerini\u201c (val\u010di\u0173) gamintojas, puikiai \u017einau, kaip visada buvo kuriamos ir gaminamos valtys\u201c, \u2013 sak\u0117 jis.<\/p>\n<p>\u201eO kadangi Perini yra burlaivis, burlaiviai yra \u017einomi kaip patys saugiausi.<\/p>\n<p>Jis sak\u0117, kad j\u0173 strukt\u016bra ir kilis padar\u0117 juos \u201eneskandinamais k\u016bnais\u201c.<\/p>\n<p><strong>Skaitykite daugiau apie \u0161i\u0105 istorij\u0105:<br \/><a href=\"https:\/\/news.sky.com\/story\/why-search-of-superyacht-wreck-has-been-so-difficult-13200804\">Kod\u0117l superjachtos nuolau\u017e\u0173 paie\u0161ka buvo tokia sunki?<\/a><\/strong><br \/><strong><a href=\"https:\/\/news.sky.com\/story\/hero-mum-slept-with-baby-on-deck-when-storm-sank-yacht-doctor-claims-13200458\" target=\"_blank\" rel=\"noopener\">Herojus mama \u201emiegojo su k\u016bdikiu ant denio, kai audra nuskandino jacht\u0105\u201c<\/a><\/strong><\/p>\n<p>    <a href=\"https:\/\/news.sky.com\/download-app\" target=\"blank\" data-tracking-label=\"ui-app-promo-download-link\" class=\"ui-app-promo sdc-article-widget\" data-type=\"\" data-component-name=\"ui-app-promo\" rel=\"noopener\"><\/p>\n<p>    <\/a><\/p>\n<p>Ponas Costantino sak\u0117, kad \u017einios apie nuskendim\u0105 \u201e\u012fved\u0117 mane \u012f li\u016bdes\u012f i\u0161 vienos pus\u0117s, o i\u0161 kitos \u2013 \u012f netik\u0117jim\u0105\u201c.<\/p>\n<p>\u201e\u0160is incidentas skamba kaip ne\u012ftik\u0117tina istorija tiek techni\u0161kai, tiek kaip faktas\u201c, \u2013 sak\u0117 jis.<\/p>\n<p>Suprantama, kad incident\u0105 tiriantys Italijos prokurorai ir toliau apklausia i\u0161gyvenusiuosius.<\/p>\n<div class=\"sdc-article-widget sdc-article-image\">\n<figure class=\"sdc-article-image__figure\">\n<div class=\"sdc-article-image__wrapper\" data-aspect-ratio=\"16\/9\">\n          <img decoding=\"async\" class=\"sdc-article-image__item\" loading=\"lazy\" intrinsicsize=\"768x432\" src=\"https:\/\/e3.365dm.com\/24\/08\/768x432\/skynews-bayesian-yacht-perini-navi_6661595.jpg?20240820133736\" srcset=\"https:\/\/e3.365dm.com\/24\/08\/384x216\/skynews-bayesian-yacht-perini-navi_6661595.jpg?20240820133736 380w, https:\/\/e3.365dm.com\/24\/08\/768x432\/skynews-bayesian-yacht-perini-navi_6661595.jpg?20240820133736 760w, https:\/\/e3.365dm.com\/24\/08\/1600x900\/skynews-bayesian-yacht-perini-navi_6661595.jpg?20240820133736 1024w, https:\/\/e3.365dm.com\/24\/08\/2048x1152\/skynews-bayesian-yacht-perini-navi_6661595.jpg?20240820133736 2048w\" sizes=\"(min-width: 1024px) 1024px, 100vw\" alt=\"Nuotrauka: Perini Navi \/ Italijos j\u016br\u0173 grup\u0117\"\/>\n    <\/div><figcaption class=\"ui-media-caption\">\n        <span class=\"u-hide-visually\">Vaizdas:<\/span><br \/>\n        <span class=\"ui-media-caption__caption-text\">Nuotrauka: Perini Navi \/ Italijos j\u016br\u0173 grup\u0117<br \/>\n        <\/span><br \/>\n      <\/figcaption><\/figure>\n<\/div>\n<p>Antradien\u012f jie daugiau nei dvi valandas apklaus\u0117 kapiton\u0105, kad pad\u0117t\u0173 atkurti, kas nutiko, ir pateikt\u0173 nauding\u0173 technini\u0173 detali\u0173.<\/p>\n<p>Keturi brit\u0173 inspektoriai taip pat yra Porti\u010dele ir prad\u0117jo preliminar\u0173 \u012fvyki\u0173 vertinim\u0105.<\/p>\n<p>Suprantama, kad jie ap\u017evelgs visus svarbius incidento aspektus, \u012fskaitant laivo dizain\u0105, stabilum\u0105 ir veikim\u0105. Jie taip pat i\u0161nagrin\u0117s patirt\u0173 oro s\u0105lyg\u0173 poveik\u012f.<\/p>\n<div class=\"sdc-article-widget sdc-article-strapline sdc-article-strapline--default-layout\" data-component-name=\"sdc-article-strapline\">\n<div class=\"sdc-article-strapline__link\">\n<div class=\"sdc-article-strapline__image-wrap\">\n                <picture><source srcset=\"https:\/\/e3.365dm.com\/24\/03\/320x180\/skynews-gfxwhatsapppromo-gfxwhatsapp_6490206.png 320w, https:\/\/e3.365dm.com\/24\/03\/640x380\/skynews-gfxwhatsapppromo-gfxwhatsapp_6490206.png 640w\" media=\"(max-width: 480px)\"><source srcset=\"https:\/\/e3.365dm.com\/24\/03\/256x256\/skynews-gfxwhatsapppromo-gfxwhatsapp_6490206.png 256w, https:\/\/e3.365dm.com\/24\/03\/512x512\/skynews-gfxwhatsapppromo-gfxwhatsapp_6490206.png 512w\" media=\"(min-width: 481px)\"><img decoding=\"async\" loading=\"lazy\" src=\"https:\/\/e3.365dm.com\/24\/03\/512x512\/skynews-gfxwhatsapppromo-gfxwhatsapp_6490206.png\" alt=\"Sekite Sky News per WhatsApp\" class=\"sdc-article-strapline__image\"\/><br \/>\n                <\/source><\/source><\/picture>\n            <\/div>\n<div class=\"sdc-article-strapline__body\">\n                <span class=\"sdc-article-strapline__title\">Sekite Sky News per WhatsApp<\/span><\/p>\n<p class=\"sdc-article-strapline__text\">Sekite visas naujausias naujienas i\u0161 JK ir viso pasaulio steb\u0117dami \u201eSky News\u201c.<\/p>\n<p>                <a href=\"https:\/\/whatsapp.com\/channel\/0029Va868Fv8vd1UsF99tP1u\" class=\"sdc-article-strapline__button\" target=\"_blank\" rel=\"noopener\">Bakstel\u0117kite \u010dia<\/a>\n        <\/div>\n<\/p><\/div>\n<\/p><\/div>\n<p>Laive buvo 22 \u017emon\u0117s, i\u0161 kuri\u0173 15 buvo i\u0161gelb\u0117ti, \u012fskaitant britus <strong><a href=\"https:\/\/news.sky.com\/story\/hero-mum-slept-with-baby-on-deck-when-storm-sank-yacht-doctor-claims-13200458\" target=\"_blank\" rel=\"noopener\">\u0160arlot\u0117 Golunski<\/a><\/strong>  ir jos vieneri\u0173 met\u0173 dukra Sofija.<\/p>\n<p>Ketvirtadienio ryt\u0105 narai atnaujins pastangas i\u0161gabenti \u012f krant\u0105 anks\u010diau rast\u0105 k\u016bn\u0105. Dar vienas \u017emogus teb\u0117ra ding\u0119s.<\/p>\n<\/p><\/div>\n<p><br \/>\n<br \/><a href=\"https:\/\/news.sky.com\/story\/sailing-yachts-like-mike-lynchs-are-unsinkable-bodies-ceo-of-boat-manufacturing-firm-says-13200883\">Source link <\/a><\/p>\n","protected":false},"excerpt":{"rendered":"<p>Pasak juos gaminan\u010dios ir parduodan\u010dios firmos vadovo, tokie laivai, kaip Mike&#8217;o Lyncho sudu\u017eusi superjachta, yra \u201enenuskandinami\u201c. \u201eThe Italian Sea Group\u201c generalinis direktorius Giovanni Costantino sak\u0117 \u201eSky News\u201c, kad pirmadien\u012f prie Porticello (Sicilija) krant\u0173 per audr\u0105 apvirtusios Bayeso superjachtos projektavimo ir konstrukcijos tr\u016bkum\u0173 n\u0117ra. Buvo rasti penki k\u016bnai tre\u010diadien\u012f narai \u2013 patvirtint\u0173 \u017euvusi\u0173j\u0173 skai\u010dius padidintas iki [&hellip;]<\/p>\n","protected":false},"author":1,"featured_media":206,"comment_status":"open","ping_status":"open","sticky":false,"template":"","format":"standard","meta":{"om_disable_all_campaigns":false,"_monsterinsights_skip_tracking":false,"_monsterinsights_sitenote_active":false,"_monsterinsights_sitenote_note":"","_monsterinsights_sitenote_category":0,"footnotes":""},"categories":[4],"tags":[],"class_list":["post-205","post","type-post","status-publish","format-standard","has-post-thumbnail","hentry","category-pasaulio-naujienos"],"aioseo_notices":[],"_links":{"self":[{"href":"https:\/\/pasaulioziniasklaida.lt\/index.php\/wp-json\/wp\/v2\/posts\/205","targetHints":{"allow":["GET"]}}],"collection":[{"href":"https:\/\/pasaulioziniasklaida.lt\/index.php\/wp-json\/wp\/v2\/posts"}],"about":[{"href":"https:\/\/pasaulioziniasklaida.lt\/index.php\/wp-json\/wp\/v2\/types\/post"}],"author":[{"embeddable":true,"href":"https:\/\/pasaulioziniasklaida.lt\/index.php\/wp-json\/wp\/v2\/users\/1"}],"replies":[{"embeddable":true,"href":"https:\/\/pasaulioziniasklaida.lt\/index.php\/wp-json\/wp\/v2\/comments?post=205"}],"version-history":[{"count":0,"href":"https:\/\/pasaulioziniasklaida.lt\/index.php\/wp-json\/wp\/v2\/posts\/205\/revisions"}],"wp:featuredmedia":[{"embeddable":true,"href":"https:\/\/pasaulioziniasklaida.lt\/index.php\/wp-json\/wp\/v2\/media\/206"}],"wp:attachment":[{"href":"https:\/\/pasaulioziniasklaida.lt\/index.php\/wp-json\/wp\/v2\/media?parent=205"}],"wp:term":[{"taxonomy":"category","embeddable":true,"href":"https:\/\/pasaulioziniasklaida.lt\/index.php\/wp-json\/wp\/v2\/categories?post=205"},{"taxonomy":"post_tag","embeddable":true,"href":"https:\/\/pasaulioziniasklaida.lt\/index.php\/wp-json\/wp\/v2\/tags?post=205"}],"curies":[{"name":"wp","href":"https:\/\/api.w.org\/{rel}","templated":true}]}}