{"id":209,"date":"2024-08-23T01:54:11","date_gmt":"2024-08-23T01:54:11","guid":{"rendered":"https:\/\/pasaulioziniasklaida.lt\/index.php\/2024\/08\/23\/islandijoje-issiverzus-ugnikalniui-del-kurio-atsirado-didelis-itrukimas-ir-greitai-slenka-lavos-srautai-paskelbta-nepaprastoji-padetis-pasaulio-naujienos\/"},"modified":"2024-08-23T01:54:11","modified_gmt":"2024-08-23T01:54:11","slug":"islandijoje-issiverzus-ugnikalniui-del-kurio-atsirado-didelis-itrukimas-ir-greitai-slenka-lavos-srautai-paskelbta-nepaprastoji-padetis-pasaulio-naujienos","status":"publish","type":"post","link":"https:\/\/pasaulioziniasklaida.lt\/index.php\/2024\/08\/23\/islandijoje-issiverzus-ugnikalniui-del-kurio-atsirado-didelis-itrukimas-ir-greitai-slenka-lavos-srautai-paskelbta-nepaprastoji-padetis-pasaulio-naujienos\/","title":{"rendered":"Islandijoje i\u0161siver\u017eus ugnikalniui, d\u0117l kurio atsirado didelis \u012ftr\u016bkimas ir greitai slenka lavos srautai, paskelbta nepaprastoji pad\u0117tis | Pasaulio naujienos"},"content":{"rendered":"<p> <br \/>\n<\/p>\n<div data-component-name=\"ui-article-body\" data-highlight-intro=\"true\">\n<p>Islandijos policija paskelb\u0117 nepaprast\u0105j\u0105 pad\u0117t\u012f i\u0161siver\u017eus ugnikalniui, d\u0117l kurio teko evakuoti namus. <\/p>\n<p>I\u0161siver\u017eimas Reikjaneso pusiasalyje, pietvakariuose <strong><a href=\"https:\/\/news.sky.com\/topic\/iceland-7038\" target=\"_blank\" rel=\"noopener\">Islandija<\/a><\/strong>yra \u0161e\u0161tasis protr\u016bkis nuo gruod\u017eio m\u0117n.<\/p>\n<p>Islandijos meteorologijos biuras u\u017efiksavo padid\u0117jus\u012f seismin\u012f aktyvum\u0105 ir \u017eem\u0117s dreb\u0117jimus vulkanin\u0117je Sundhnukar kalvoje likus kelioms dienoms iki <a href=\"https:\/\/news.sky.com\/topic\/volcano-7318\" target=\"_blank\" rel=\"noopener\"><strong>ugnikalnis<\/strong><\/a>  i\u0161siver\u017e\u0117.<\/p>\n<p>Netoliese, prie Sundhnukag\u00edgar kraterio \u012f \u0161iaur\u0119, atsiv\u0117r\u0117 didelis ply\u0161ys <strong><a href=\"https:\/\/news.sky.com\/story\/iceland-grindavik-powerless-against-immense-forces-of-nature-as-volcano-threatens-to-erupt-13010418\" target=\"_blank\" rel=\"noopener\">Grindavik<\/a><\/strong>lava teka ir \u012f rytus, ir \u012f vakarus.<\/p>\n<p>Vienu \u0161alies meteorologijos biuro vertinimu, \u201elavos srautas nukeliavo apie 1 km per 10 minu\u010di\u0173\u201c.<\/p>\n<div class=\"sdc-article-widget sdc-article-image\">\n<figure class=\"sdc-article-image__figure\">\n<div class=\"sdc-article-image__wrapper\" data-aspect-ratio=\"16\/9\">\n          <img decoding=\"async\" class=\"sdc-article-image__item\" loading=\"lazy\" intrinsicsize=\"768x432\" src=\"https:\/\/e3.365dm.com\/24\/08\/768x432\/skynews-reykjanes-volcano-eruption_6663589.jpg?20240823000833\" srcset=\"https:\/\/e3.365dm.com\/24\/08\/384x216\/skynews-reykjanes-volcano-eruption_6663589.jpg?20240823000833 380w, https:\/\/e3.365dm.com\/24\/08\/768x432\/skynews-reykjanes-volcano-eruption_6663589.jpg?20240823000833 760w, https:\/\/e3.365dm.com\/24\/08\/1600x900\/skynews-reykjanes-volcano-eruption_6663589.jpg?20240823000833 1024w, https:\/\/e3.365dm.com\/24\/08\/2048x1152\/skynews-reykjanes-volcano-eruption_6663589.jpg?20240823000833 2048w\" sizes=\"(min-width: 1024px) 1024px, 100vw\" alt=\"Sundhn\u00faks kraterio i\u0161siver\u017eimas Reikjaneso pusiasalyje Islandijoje 2024-08-23. Kreditas Bj\u00f6rn Oddsson Islandijos civilin\u0117s saugos ir ekstremali\u0173 situacij\u0173 valdymo departamentas \"\/>\n    <\/div><figcaption class=\"ui-media-caption\">\n        <span class=\"u-hide-visually\">Vaizdas:<\/span><br \/>\n        <span class=\"ui-media-caption__caption-text\">Steb\u0117jimo skrydis vir\u0161 pietvakari\u0173 Islandijos. Nuotrauka: Bj\u00f6rn Oddsson, Civilin\u0117s saugos ir ekstremali\u0173 situacij\u0173 valdymo departamentas<br \/>\n        <\/span><br \/>\n      <\/figcaption><\/figure>\n<\/div>\n<p>Ekspertai taip pat teig\u0117, kad bendras ply\u0161io ilgis buvo apie 2,42 mylios (3,9 km) ir per ma\u017edaug 40 minu\u010di\u0173 pailg\u0117jo 1 mylia (1,5 km).<\/p>\n<p>Naujausi tyrimai parod\u0117, kad magma kaupiasi po \u017eeme, o tai paskatino persp\u0117ti apie nauj\u0105 ugnikalnio veikl\u0105 rajone \u012f pietus nuo Islandijos sostin\u0117s Reikjaviko.<\/p>\n<p>Vietos policijos vir\u0161ininkas rajone paskelb\u0117 nepaprast\u0105j\u0105 pad\u0117t\u012f.<\/p>\n<p>Tuo tarpu Islandijos meteorologijos biuras prane\u0161\u0117: \u201ePrasid\u0117jo i\u0161siver\u017eimas. Vykdomi darbai, siekiant i\u0161siai\u0161kinti \u012fra\u0161\u0173 viet\u0105\u201c.<\/p>\n<p><strong>Skaityti daugiau:<\/strong><br \/><a href=\"https:\/\/news.sky.com\/video\/lava-from-iceland-volcano-engulfs-road-for-third-time-this-year-13150117\" target=\"_blank\" rel=\"noopener\"><strong>\u017di\u016br\u0117kite: lava teka i\u0161 Islandijos ugnikalnio<\/strong><\/a><br \/><a href=\"https:\/\/news.sky.com\/story\/iceland-volcano-their-hazard-and-their-beauty-are-two-sides-of-the-same-coin-13034591\" target=\"_blank\" rel=\"noopener\"><strong>Islandijos ugnikalnis: j\u0173 pavojus ir gro\u017eis<\/strong><\/a><\/p>\n<p>Netoliese esantis Grindaviko miestas buvo beveik apleistas nuo pra\u0117jusi\u0173 met\u0173 pabaigos, kai pirm\u0105 kart\u0105 buvo \u012fsakyta evakuotis beveik 4000 gyventoj\u0173.<\/p>\n<div class=\"sdc-article-widget sdc-site-video callfn\" data-account-id=\"6058004172001\" data-amp-iframe-embed=\"\" data-asset-id=\"18e332f4-496d-4dcd-adc7-059799060225\" data-asset-path=\"\" data-asset-version=\"\" data-autoplay=\"false\" data-auth-config=\"\" data-caption=\"March 2024 Sky's special correspondent Alex Crawford was caught up in a volcanic eruption\" data-clip-type=\"\" data-component-name=\"sdc-site-video\" data-competition=\"\" data-copy-url-text=\"URL copied to clipboard\" data-fn=\"sdc-site-video\" data-id=\"id_18e332f4-496d-4dcd-adc7-059799060225\" data-is-live-stream=\"false\" data-lite=\"true\" data-options=\"\" data-originator-id=\"51\" data-originator-handle=\"brightcove-news-gb\" data-package-name=\"\" data-provider=\"brightcove\" data-player-id=\"RC9PQUaJ6\" data-playsinline=\"\" data-sensitive=\"false\" data-sdc-id=\"6492953\" data-sdc-video-id=\"18e332f4-496d-4dcd-adc7-059799060225\" data-sport-category=\"\" data-state=\"loading\" data-token-state=\"none\" data-video-ad-unit=\"\" data-video-blacklisted-originator-ids=\"\" data-video-id=\"ref:18e332f4-496d-4dcd-adc7-059799060225\" data-video-type=\"\" data-auto-pause-on-not-visible=\"true\" tabindex=\"-1\" data-closed-captions-position=\"middle-third\" data-show-closed-captions=\"true\" data-show-pip=\"true\" data-show-live-stream-scrubber=\"true\">\n<div class=\"sdc-site-video__inner\">\n<div class=\"sdc-site-video__content\" data-role=\"bridge-controller\" style=\"padding-bottom: calc(100% \/ ());\">\n<p class=\"sdc-site-video__accessibility-message\" data-role=\"accessibility-message\">Jei norite lengviau pasiekti vaizdo \u012fra\u0161\u0173 grotuv\u0105, naudokite \u201eChrome\u201c nar\u0161ykl\u0119<\/p>\n<p>              <span aria-hidden=\"true\" data-role=\"poster\" class=\"sdc-site-video__poster\"><br \/>\n                <img decoding=\"async\" loading=\"lazy\" src=\"https:\/\/e3.365dm.com\/24\/03\/768x432\/skynews-iceland-volcano-eruption_6492955.jpg?20240317064943\" alt=\"Vulkanas Islandijoje i\u0161siver\u017e\u0117 ketvirt\u0105 kart\u0105 nuo gruod\u017eio m\u0117nesio\" srcset=\"\" aria-hidden=\"true\" class=\"sdc-site-video__poster-img\"\/><br \/>\n              <span class=\"sdc-site-video__loader\"\/><br \/>\n                <span class=\"sdc-site-video__time\">2:25<\/span><br \/>\n              <\/span><\/p>\n<p>              <video id=\"id_18e332f4-496d-4dcd-adc7-059799060225\" data-embed=\"default\" data-application-id=\"\" class=\"video-js sdc-site-video__tag\" controls=\"\" playsinline=\"\"\/>\n            <\/div><figcaption class=\"sdc-site-video__caption ui-media-caption\">\n<p>              <span class=\"ui-media-caption__caption-text\" data-role=\"caption-text\">2024 m. kovo m\u0117n. \u201eSky\u201c specialusis korespondentas Alexas Crawfordas pateko \u012f ugnikalnio i\u0161siver\u017eim\u0105<\/span><br \/>\n            <\/figcaption><\/div>\n<\/p><\/div>\n<p>Naujausias <a href=\"https:\/\/news.sky.com\/video\/lava-from-iceland-volcano-engulfs-road-for-third-time-this-year-13150117\" target=\"_blank\" rel=\"noopener\"><strong>i\u0161siver\u017eimas Reikjaneso pusiasalyje<\/strong><\/a>kuriame gyvena apie 30 000 \u017emoni\u0173, baig\u0117si bir\u017eelio 22 d., kai 24 dienas spjaud\u0117 i\u0161lydytos uolienos fontanus.<\/p>\n<div class=\"sdc-article-widget sdc-article-image\">\n<figure class=\"sdc-article-image__figure\">\n<div class=\"sdc-article-image__wrapper\" data-aspect-ratio=\"16\/9\">\n          <img decoding=\"async\" class=\"sdc-article-image__item\" loading=\"lazy\" intrinsicsize=\"768x432\" src=\"https:\/\/e3.365dm.com\/24\/05\/768x432\/skynews-grindavik-iceland-volcano_6568788.jpg?20240529145508\" srcset=\"https:\/\/e3.365dm.com\/24\/05\/384x216\/skynews-grindavik-iceland-volcano_6568788.jpg?20240529145508 380w, https:\/\/e3.365dm.com\/24\/05\/768x432\/skynews-grindavik-iceland-volcano_6568788.jpg?20240529145508 760w, https:\/\/e3.365dm.com\/24\/05\/1600x900\/skynews-grindavik-iceland-volcano_6568788.jpg?20240529145508 1024w, https:\/\/e3.365dm.com\/24\/05\/2048x1152\/skynews-grindavik-iceland-volcano_6568788.jpg?20240529145508 2048w\" sizes=\"(min-width: 1024px) 1024px, 100vw\" alt=\"2024 m. gegu\u017e\u0117s 29 d., tre\u010diadien\u012f, Grindavike, Islandijoje, i\u0161siver\u017e\u0117 ugnikalnis. 2024 m. gegu\u017e\u0117s 29 d., tre\u010diadienis. Nuotrauka: AP\"\/>\n    <\/div><figcaption class=\"ui-media-caption\">\n        <span class=\"u-hide-visually\">Vaizdas:<\/span><br \/>\n        <span class=\"ui-media-caption__caption-text\">Neseniai Reikjaneso pusiasalyje i\u0161siver\u017e\u0117 ply\u0161ys. Nuotrauka: AP<br \/>\n        <\/span><br \/>\n      <\/figcaption><\/figure>\n<\/div>\n<div class=\"sdc-article-widget sdc-article-image\">\n<figure class=\"sdc-article-image__figure\">\n<div class=\"sdc-article-image__wrapper\" data-aspect-ratio=\"16\/9\">\n          <img decoding=\"async\" class=\"sdc-article-image__item\" loading=\"lazy\" intrinsicsize=\"768x432\" src=\"https:\/\/e3.365dm.com\/24\/02\/768x432\/skynews-lava-grindavik-sylingarfell_6448716.jpg?20240208152950\" srcset=\"https:\/\/e3.365dm.com\/24\/02\/384x216\/skynews-lava-grindavik-sylingarfell_6448716.jpg?20240208152950 380w, https:\/\/e3.365dm.com\/24\/02\/768x432\/skynews-lava-grindavik-sylingarfell_6448716.jpg?20240208152950 760w, https:\/\/e3.365dm.com\/24\/02\/1600x900\/skynews-lava-grindavik-sylingarfell_6448716.jpg?20240208152950 1024w, https:\/\/e3.365dm.com\/24\/02\/2048x1152\/skynews-lava-grindavik-sylingarfell_6448716.jpg?20240208152950 2048w\" sizes=\"(min-width: 1024px) 1024px, 100vw\" alt=\"Islandijoje i\u0161siver\u017eus Sylingarfell ugnikalniui, lava i\u0161silieja netoli kelio \u012f Grindavik\u0105.  Nuotrauka: AP \"\/>\n    <\/div><figcaption class=\"ui-media-caption\">\n        <span class=\"u-hide-visually\">Vaizdas:<\/span><br \/>\n        <span class=\"ui-media-caption__caption-text\">Vasario m\u0117nes\u012f lavos srautai pasiglem\u017e\u0117 keli\u0105. Nuotrauka: AP<br \/>\n        <\/span><br \/>\n      <\/figcaption><\/figure>\n<\/div>\n<p>Nuo 2021 m. \u0161ioje srityje \u012fvyko devyni i\u0161siver\u017eimai.<\/p>\n<p>Anks\u010diau geologin\u0117s sistemos neveik\u0117 800 met\u0173.<\/p>\n<p>Vald\u017eios institucijos pastat\u0117 \u017emogaus sukurtas kli\u016btis, kad nukreipt\u0173 lavos srautus toliau nuo ypatingos svarbos infrastrukt\u016bros objekt\u0173, \u012fskaitant Svartsengi elektrin\u0119, Blue Lagoon lauko SPA ir Grindavik miest\u0105.<\/p>\n<p>Populiarusis Blue Lagoon geoterminis SPA u\u017edarytas, o Svartsengi rajonas taip pat buvo evakuotas.<\/p>\n<p>     <a href=\"https:\/\/news.sky.com\/download-app\" target=\"blank\" data-tracking-label=\"ui-app-promo-download-link\" class=\"ui-app-promo sdc-article-widget\" data-type=\"\" data-component-name=\"ui-app-promo\" rel=\"noopener\"><\/p>\n<p>    <\/a><\/p>\n<p>Skryd\u017eiai \u0161iuo metu neturi \u012ftakos.<\/p>\n<p>Reikjaneso pusiasalio ugnikalni\u0173 protr\u016bkiai yra vadinamieji ply\u0161i\u0173 i\u0161siver\u017eimai, nesukeliantys dideli\u0173 sprogim\u0173 ar reik\u0161mingo pelen\u0173 i\u0161sisklaidymo \u012f stratosfer\u0105.<\/p>\n<\/p><\/div>\n<p><br \/>\n<br \/><a href=\"https:\/\/news.sky.com\/story\/volcano-eruption-forces-evacuations-in-iceland-13201365\">Source link <\/a><\/p>\n","protected":false},"excerpt":{"rendered":"<p>Islandijos policija paskelb\u0117 nepaprast\u0105j\u0105 pad\u0117t\u012f i\u0161siver\u017eus ugnikalniui, d\u0117l kurio teko evakuoti namus. I\u0161siver\u017eimas Reikjaneso pusiasalyje, pietvakariuose Islandijayra \u0161e\u0161tasis protr\u016bkis nuo gruod\u017eio m\u0117n. Islandijos meteorologijos biuras u\u017efiksavo padid\u0117jus\u012f seismin\u012f aktyvum\u0105 ir \u017eem\u0117s dreb\u0117jimus vulkanin\u0117je Sundhnukar kalvoje likus kelioms dienoms iki ugnikalnis i\u0161siver\u017e\u0117. Netoliese, prie Sundhnukag\u00edgar kraterio \u012f \u0161iaur\u0119, atsiv\u0117r\u0117 didelis ply\u0161ys Grindaviklava teka ir \u012f rytus, [&hellip;]<\/p>\n","protected":false},"author":1,"featured_media":210,"comment_status":"open","ping_status":"open","sticky":false,"template":"","format":"standard","meta":{"om_disable_all_campaigns":false,"_monsterinsights_skip_tracking":false,"_monsterinsights_sitenote_active":false,"_monsterinsights_sitenote_note":"","_monsterinsights_sitenote_category":0,"footnotes":""},"categories":[4],"tags":[],"class_list":["post-209","post","type-post","status-publish","format-standard","has-post-thumbnail","hentry","category-pasaulio-naujienos"],"aioseo_notices":[],"_links":{"self":[{"href":"https:\/\/pasaulioziniasklaida.lt\/index.php\/wp-json\/wp\/v2\/posts\/209","targetHints":{"allow":["GET"]}}],"collection":[{"href":"https:\/\/pasaulioziniasklaida.lt\/index.php\/wp-json\/wp\/v2\/posts"}],"about":[{"href":"https:\/\/pasaulioziniasklaida.lt\/index.php\/wp-json\/wp\/v2\/types\/post"}],"author":[{"embeddable":true,"href":"https:\/\/pasaulioziniasklaida.lt\/index.php\/wp-json\/wp\/v2\/users\/1"}],"replies":[{"embeddable":true,"href":"https:\/\/pasaulioziniasklaida.lt\/index.php\/wp-json\/wp\/v2\/comments?post=209"}],"version-history":[{"count":0,"href":"https:\/\/pasaulioziniasklaida.lt\/index.php\/wp-json\/wp\/v2\/posts\/209\/revisions"}],"wp:featuredmedia":[{"embeddable":true,"href":"https:\/\/pasaulioziniasklaida.lt\/index.php\/wp-json\/wp\/v2\/media\/210"}],"wp:attachment":[{"href":"https:\/\/pasaulioziniasklaida.lt\/index.php\/wp-json\/wp\/v2\/media?parent=209"}],"wp:term":[{"taxonomy":"category","embeddable":true,"href":"https:\/\/pasaulioziniasklaida.lt\/index.php\/wp-json\/wp\/v2\/categories?post=209"},{"taxonomy":"post_tag","embeddable":true,"href":"https:\/\/pasaulioziniasklaida.lt\/index.php\/wp-json\/wp\/v2\/tags?post=209"}],"curies":[{"name":"wp","href":"https:\/\/api.w.org\/{rel}","templated":true}]}}