{"id":221,"date":"2024-08-26T02:35:16","date_gmt":"2024-08-26T02:35:16","guid":{"rendered":"https:\/\/pasaulioziniasklaida.lt\/index.php\/2024\/08\/26\/parolimpines-zaidynes-paryzius-ruosiasi-transformacinei-neigaliuju-sporto-galiai-jk-naujienos\/"},"modified":"2024-08-26T02:35:16","modified_gmt":"2024-08-26T02:35:16","slug":"parolimpines-zaidynes-paryzius-ruosiasi-transformacinei-neigaliuju-sporto-galiai-jk-naujienos","status":"publish","type":"post","link":"https:\/\/pasaulioziniasklaida.lt\/index.php\/2024\/08\/26\/parolimpines-zaidynes-paryzius-ruosiasi-transformacinei-neigaliuju-sporto-galiai-jk-naujienos\/","title":{"rendered":"Parolimpin\u0117s \u017eaidyn\u0117s: Pary\u017eius ruo\u0161iasi \u201etransformacinei\u201c ne\u012fgali\u0173j\u0173 sporto galiai | JK naujienos"},"content":{"rendered":"<p> <br \/>\n<\/p>\n<div data-component-name=\"ui-article-body\" data-highlight-intro=\"true\">\n<p>Tiems, kurie nedalyvavo olimpiadoje, ir tiems, kurie nedalyvavo Pary\u017eiuje, parolimpini\u0173 \u017eaidyni\u0173 vadovyb\u0117 pra\u0161o: \u201e\u0160vent\u0117 nesibaig\u0117\u201c.<\/p>\n<p>Pastarosios dvi savait\u0117s buvo praleistos atkuriant ir pertvarkant vietas Pranc\u016bzijos sostin\u0117je, nes parolimpin\u0117s \u017eaidyn\u0117s u\u017eims did\u017eiausi\u0105 platform\u0105 \u017eaidyn\u0117ms nuo 2012 m. Londono.<\/p>\n<p>Kaip pas <strong><a href=\"https:\/\/news.sky.com\/topic\/paris-2024-olympics-10567\" target=\"_blank\" rel=\"noopener\">Olimpiados<\/a><\/strong>tre\u010diadienio vakar\u0105 vyksianti atidarymo ceremonija taip pat bus atokiau nuo tradicini\u0173 stadiono ribos, ta\u010diau su jai b\u016bdinga savijauta, nes ji sutelkta aplink skirtingus Pary\u017eiaus lankytinus objektus.<\/p>\n<p>T\u016bkstan\u010diai sportinink\u0173 \u017eygiuos Eliziejaus laukuose prie\u0161 ceremonijos \u017eidin\u012f Place de la Concorde.<\/p>\n<p>Tarptautinio parolimpinio komiteto prezidentas Andrew Parsonsas sak\u0117 \u201eSky News\u201c: \u201e\u017dinome, kad daugelis pary\u017eie\u010di\u0173 i\u0161vyksta i\u0161 Pary\u017eiaus vasar\u0105 ir, ypa\u010d d\u0117l olimpini\u0173 \u017eaidyni\u0173, kuriuos jie i\u0161vyko, ir tikriausiai \u017ei\u016bri per televizori\u0173 ir galb\u016bt gailisi, kad i\u0161vyko, nes galvoja, oi, mes praleidome vakar\u0117l\u012f\u201c.<\/p>\n<p>&#8222;Ta\u010diau vakar\u0117lis nesibaig\u0117. Mes turime parolimpines \u017eaidynes ir jie gal\u0117s patirti t\u0105 pat\u012f jausm\u0105.&#8221;<\/p>\n<div class=\"sdc-article-widget sdc-article-image\">\n<figure class=\"sdc-article-image__figure\">\n<div class=\"sdc-article-image__wrapper\" data-aspect-ratio=\"16\/9\">\n          <img decoding=\"async\" class=\"sdc-article-image__item\" loading=\"lazy\" intrinsicsize=\"768x432\" src=\"https:\/\/e3.365dm.com\/24\/08\/768x432\/skynews-eiffel-tower-france_6667081.jpg?20240826001354\" srcset=\"https:\/\/e3.365dm.com\/24\/08\/384x216\/skynews-eiffel-tower-france_6667081.jpg?20240826001354 380w, https:\/\/e3.365dm.com\/24\/08\/768x432\/skynews-eiffel-tower-france_6667081.jpg?20240826001354 760w, https:\/\/e3.365dm.com\/24\/08\/1600x900\/skynews-eiffel-tower-france_6667081.jpg?20240826001354 1024w, https:\/\/e3.365dm.com\/24\/08\/2048x1152\/skynews-eiffel-tower-france_6667081.jpg?20240826001354 2048w\" sizes=\"(min-width: 1024px) 1024px, 100vw\" alt=\"Nuotrauka: AP\"\/>\n    <\/div><figcaption class=\"ui-media-caption\">\n        <span class=\"u-hide-visually\">Vaizdas:<\/span><br \/>\n        <span class=\"ui-media-caption__caption-text\">\u0160alia Eifelio bok\u0161to vyks akl\u0173j\u0173 futbolas. Nuotrauka: AP<br \/>\n        <\/span><br \/>\n      <\/figcaption><\/figure>\n<\/div>\n<p>Iki rugs\u0117jo 8 d. daugiau nei 4000 atlet\u0173 var\u017eysis 22 sporto \u0161akose, o akl\u0173j\u0173 futbolas vyks po Eifelio bok\u0161tu, o \u017eymiausios miesto vietos v\u0117l bus demonstruojamos antroje 2024 m. Pary\u017eiaus vasaros dalyje.<\/p>\n<p>\u201eNiekas nenueina ir nepatiria parolimpini\u0173 \u017eaidyni\u0173 ir negr\u012f\u017eta namo jausdamas t\u0105 pat\u012f apie \u017emonij\u0105, apie save\u201c, \u2013 sak\u0117 J. Parsonsas.<\/p>\n<p>&#8222;Tai tikrai transformuojantis \u2013 teigiamas ir jaudinantis sportas. Taigi tikime, kad tur\u0117sime piln\u0105 stadion\u0105.&#8221;<\/p>\n<div class=\"sdc-article-widget sdc-article-image\">\n<figure class=\"sdc-article-image__figure\">\n<div class=\"sdc-article-image__wrapper\" data-aspect-ratio=\"16\/9\">\n          <img decoding=\"async\" class=\"sdc-article-image__item\" loading=\"lazy\" intrinsicsize=\"768x432\" src=\"https:\/\/e3.365dm.com\/24\/08\/768x432\/skynews-andrew-parsons-tony_6667078.jpg?20240825234236\" srcset=\"https:\/\/e3.365dm.com\/24\/08\/384x216\/skynews-andrew-parsons-tony_6667078.jpg?20240825234236 380w, https:\/\/e3.365dm.com\/24\/08\/768x432\/skynews-andrew-parsons-tony_6667078.jpg?20240825234236 760w, https:\/\/e3.365dm.com\/24\/08\/1600x900\/skynews-andrew-parsons-tony_6667078.jpg?20240825234236 1024w, https:\/\/e3.365dm.com\/24\/08\/2048x1152\/skynews-andrew-parsons-tony_6667078.jpg?20240825234236 2048w\" sizes=\"(min-width: 1024px) 1024px, 100vw\" alt=\"Andrew Parsonsas kair\u0117je kartu su 2024 m. Pary\u017eiaus prezidentu Tony Estanguet per parolimpin\u0117s liepsnos \u012f\u017eiebimo ceremonij\u0105 Stoke Mandeville mieste \u0161e\u0161tadien\u012f. Nuotrauka: AP\"\/>\n    <\/div><figcaption class=\"ui-media-caption\">\n        <span class=\"u-hide-visually\">Vaizdas:<\/span><br \/>\n        <span class=\"ui-media-caption__caption-text\">Andrew Parsonsas kair\u0117je kartu su 2024 m. Pary\u017eiaus prezidentu Tony Estanguet per parolimpin\u0117s liepsnos \u012f\u017eiebimo ceremonij\u0105 Stoke Mandeville \u0161e\u0161tadien\u012f. Nuotrauka: AP<br \/>\n        <\/span><br \/>\n      <\/figcaption><\/figure>\n<\/div>\n<p>Pardavin\u0117ti bilietus stengiamasi, ypa\u010d po to, kai Rio de \u017daneiro parolimpin\u0117se \u017eaidyn\u0117se nepavyko prilygti rekordiniam Londone matyt\u0173 \u017emoni\u0173 srautui \u2013 nepaisant to, kad \u017eaidyni\u0173 lankomumas vis dar buvo antras pagal dyd\u012f \u2013 ir sirgalius atitv\u0117r\u0117 pandemija m. <strong><a href=\"https:\/\/news.sky.com\/topic\/tokyo-paralympics-2021-8846\" target=\"_blank\" rel=\"noopener\">Tokijuje 2021 m<\/a><\/strong>.<\/p>\n<p>Etalonas vis dar yra 2,7 mln. biliet\u0173, parduot\u0173 2012 m. \u017eaidyn\u0117se.<\/p>\n<p>\u201c<strong><a href=\"https:\/\/news.sky.com\/story\/london-paralympics-begin-with-a-big-bang-10471582\" target=\"_blank\" rel=\"noopener\">Londonas buvo numeris vienas<\/a><\/strong>\u201c, \u2013 sak\u0117 ponas Parsonsas.<\/p>\n<p>\u201eManau, kad Londonas buvo tos \u017eaidyn\u0117s, kurios pasikeit\u0117 ir parolimpines \u017eaidynes pa\u017evelg\u0117 \u012f nauj\u0105 perspektyv\u0105. Ta\u010diau nuo to laiko mes tai stat\u0117me Rio ir Tokijuje bei \u017eiemos \u017eaidynes.<\/p>\n<p>\u201eTaigi Pary\u017eius bus naujas to skyrius&#8230; dar vienas \u017eingsnis parolimpini\u0173 \u017eaidyni\u0173 augimo kelyje\u201c.<\/p>\n<div class=\"sdc-article-widget sdc-article-strapline sdc-article-strapline--default-layout\" data-component-name=\"sdc-article-strapline\">\n<div class=\"sdc-article-strapline__link\">\n<div class=\"sdc-article-strapline__image-wrap\">\n                <picture><source srcset=\"https:\/\/e3.365dm.com\/24\/03\/320x180\/skynews-gfxwhatsapppromo-gfxwhatsapp_6490206.png 320w, https:\/\/e3.365dm.com\/24\/03\/640x380\/skynews-gfxwhatsapppromo-gfxwhatsapp_6490206.png 640w\" media=\"(max-width: 480px)\"><source srcset=\"https:\/\/e3.365dm.com\/24\/03\/256x256\/skynews-gfxwhatsapppromo-gfxwhatsapp_6490206.png 256w, https:\/\/e3.365dm.com\/24\/03\/512x512\/skynews-gfxwhatsapppromo-gfxwhatsapp_6490206.png 512w\" media=\"(min-width: 481px)\"><img decoding=\"async\" loading=\"lazy\" src=\"https:\/\/e3.365dm.com\/24\/03\/512x512\/skynews-gfxwhatsapppromo-gfxwhatsapp_6490206.png\" alt=\"Sekite Sky News per WhatsApp\" class=\"sdc-article-strapline__image\"\/><br \/>\n                <\/source><\/source><\/picture>\n            <\/div>\n<div class=\"sdc-article-strapline__body\">\n                <span class=\"sdc-article-strapline__title\">Sekite Sky News per WhatsApp<\/span><\/p>\n<p class=\"sdc-article-strapline__text\">Sekite visas naujausias naujienas i\u0161 JK ir viso pasaulio steb\u0117dami \u201eSky News\u201c.<\/p>\n<p>                <a href=\"https:\/\/whatsapp.com\/channel\/0029Va868Fv8vd1UsF99tP1u\" class=\"sdc-article-strapline__button\" target=\"_blank\" rel=\"noopener\">Bakstel\u0117kite \u010dia<\/a>\n        <\/div>\n<\/p><\/div>\n<\/p><\/div>\n<p>Did\u017eioji Britanija niekada nebuvo pirmaujanti parolimpini\u0173 \u017eaidyni\u0173 medali\u0173 skai\u010diumi, bet u\u017e\u0117m\u0117 antr\u0105 viet\u0105 kiekvienose \u0161io \u0161imtme\u010dio vasaros \u017eaidyn\u0117se, i\u0161skyrus 2012 m. Londone pasiekt\u0105 tre\u010di\u0105 viet\u0105 u\u017e Kinijos ir Rusijos.<\/p>\n<p>Ta\u010diau tai bus kitos \u017eaidyn\u0117s, kai Rusijai bus u\u017edrausta var\u017eytis su savo v\u0117liava \u2013 kaip ir olimpin\u0117se \u017eaidyn\u0117se \u2013 u\u017e valstyb\u0117s remiam\u0105 dopingo vartojim\u0105, o po to bus imtasi veiksm\u0173 d\u0117l vykstan\u010dio karo su Ukraina.<\/p>\n<p>Karo \u0161m\u0117kla i\u0161kyla parolimpin\u0117se \u017eaidyn\u0117se, kurios buvo prad\u0117tos po to, kai sportas buvo panaudotas pad\u0117ti Antrojo pasaulinio karo veteranams, patyrusiems nugaros smegen\u0173 traum\u0173 Stoke Mandeville ligonin\u0117je Bekingem\u0161yre.<\/p>\n<p>Ir kadangi karai siaut\u0117 \u0161io am\u017eiaus prad\u017eioje, parolimpin\u0117s \u017eaidyn\u0117s tapo platforma ne\u012fgaliesiems \u2013 net ir <strong><a href=\"https:\/\/news.sky.com\/story\/prince-harry-awarded-for-invictus-games-despite-veteran-mothers-criticism-and-nods-to-eternal-bond-with-diana-13176917#:~:text=News%20%7C%20Sky%20News-,Prince%20Harry%20awarded%20for%20Invictus%20Games%20despite%20veteran's%20mother's%20criticism,previously%20given%20to%20Marcus%20Rashford.\" target=\"_blank\" rel=\"noopener\">Princo Harry&#8217;s Invictus Games<\/a><\/strong>  statomi jau de\u0161imtmet\u012f.<\/p>\n<p><strong>Skaityti daugiau:<\/strong><br \/><strong><a href=\"https:\/\/news.sky.com\/story\/what-happens-after-an-olympics-13194013\" target=\"_blank\" rel=\"noopener\">Kas bus po olimpini\u0173 \u017eaidyni\u0173?<\/a><\/strong><br \/><strong><a href=\"https:\/\/news.sky.com\/story\/team-gb-finish-paris-olympics-with-65-medals-is-this-a-success-compared-with-other-games-13187300\" target=\"_blank\" rel=\"noopener\">Brit\u0173 komanda Pary\u017eiaus olimpines \u017eaidynes baigia su 65 medaliais<\/a><\/strong><br \/><strong><a href=\"https:\/\/news.sky.com\/story\/paris-olympics-captivated-the-world-despite-the-shadow-of-global-conflicts-13195809\" target=\"_blank\" rel=\"noopener\">Kaip Pary\u017eiaus olimpin\u0117s \u017eaidyn\u0117s su\u017eav\u0117jo pasaul\u012f<\/a><\/strong><\/p>\n<div class=\"sdc-article-widget sdc-article-image\">\n<figure class=\"sdc-article-image__figure\">\n<div class=\"sdc-article-image__wrapper\" data-aspect-ratio=\"16\/9\">\n          <img decoding=\"async\" class=\"sdc-article-image__item\" loading=\"lazy\" intrinsicsize=\"768x432\" src=\"https:\/\/e3.365dm.com\/24\/08\/768x432\/skynews-japan-paris-paralympics_6667082.jpg?20240825235407\" srcset=\"https:\/\/e3.365dm.com\/24\/08\/384x216\/skynews-japan-paris-paralympics_6667082.jpg?20240825235407 380w, https:\/\/e3.365dm.com\/24\/08\/768x432\/skynews-japan-paris-paralympics_6667082.jpg?20240825235407 760w, https:\/\/e3.365dm.com\/24\/08\/1600x900\/skynews-japan-paris-paralympics_6667082.jpg?20240825235407 1024w, https:\/\/e3.365dm.com\/24\/08\/2048x1152\/skynews-japan-paris-paralympics_6667082.jpg?20240825235407 2048w\" sizes=\"(min-width: 1024px) 1024px, 100vw\" alt=\"Japonijos ve\u017eim\u0117li\u0173 regbio komanda prie\u0161 parolimpines \u017eaidynes treniruojasi Pary\u017eiuje. Nuotrauka: AP\"\/>\n    <\/div><figcaption class=\"ui-media-caption\">\n        <span class=\"u-hide-visually\">Vaizdas:<\/span><br \/>\n        <span class=\"ui-media-caption__caption-text\">Japonijos ve\u017eim\u0117li\u0173 regbio komanda prie\u0161 parolimpines \u017eaidynes treniruojasi Pary\u017eiuje. Nuotrauka: AP<br \/>\n        <\/span><br \/>\n      <\/figcaption><\/figure>\n<\/div>\n<div class=\"sdc-article-widget sdc-article-image\">\n<figure class=\"sdc-article-image__figure\">\n<div class=\"sdc-article-image__wrapper\" data-aspect-ratio=\"16\/9\">\n          <img decoding=\"async\" class=\"sdc-article-image__item\" loading=\"lazy\" intrinsicsize=\"768x432\" src=\"https:\/\/e3.365dm.com\/24\/08\/768x432\/skynews-paralympics-paris_6667085.jpg?20240826000024\" srcset=\"https:\/\/e3.365dm.com\/24\/08\/384x216\/skynews-paralympics-paris_6667085.jpg?20240826000024 380w, https:\/\/e3.365dm.com\/24\/08\/768x432\/skynews-paralympics-paris_6667085.jpg?20240826000024 760w, https:\/\/e3.365dm.com\/24\/08\/1600x900\/skynews-paralympics-paris_6667085.jpg?20240826000024 1024w, https:\/\/e3.365dm.com\/24\/08\/2048x1152\/skynews-paralympics-paris_6667085.jpg?20240826000024 2048w\" sizes=\"(min-width: 1024px) 1024px, 100vw\" alt=\"Parolimpie\u010diai ruo\u0161iasi \u017eaidyn\u0117ms. Nuotrauka: Reuters\"\/>\n    <\/div><figcaption class=\"ui-media-caption\">\n        <span class=\"u-hide-visually\">Vaizdas:<\/span><br \/>\n        <span class=\"ui-media-caption__caption-text\">Parolimpie\u010diai ruo\u0161iasi \u017eaidyn\u0117ms. Nuotrauka: Reuters<br \/>\n        <\/span><br \/>\n      <\/figcaption><\/figure>\n<\/div>\n<p>\u201eKad ir kas tau nutikt\u0173, jei tai b\u016bt\u0173 karys konflikte, jei tave partrenks automobilis, jei gimei su negalia&#8230; parasportas gali b\u016bti svarbus mechanizmas, padedantis v\u0117l \u012fsilieti \u012f visuomen\u0119\u201c, \u2013 sak\u0117 J. Parsonsas.<\/p>\n<p>\u201eNe\u012fmanoma, kad 1,3 milijardo \u017emoni\u0173 su negalia planetoje tapt\u0173 parolimpiniais sportininkais. Tai tiesiog ne tikrov\u0117.<\/p>\n<p>\u201eTa\u010diau visi jie gali u\u017esiimti kokia nors sporto \u0161aka ar tam tikru fizinio aktyvumo lygiu, ir tai pad\u0117s jiems labiau integruotis \u012f savo bendruomenes ir visuomen\u0119\u201c.<\/p>\n<p>Ta\u010diau parolimpin\u0117s \u017eaidyn\u0117s taip pat susiduria su problemomis d\u0117l lyties tinkamumo, kurios suk\u0117l\u0117 trint\u012f ir piktnaud\u017eiavim\u0105 Pary\u017eiaus olimpin\u0117se \u017eaidyn\u0117se.<\/p>\n<p>\u0160iose parolimpin\u0117se \u017eaidyn\u0117se pirm\u0105 kart\u0105 atvirai transseksuali sportinink\u0117 var\u017eysis po to, kai Italija moter\u0173 200 ir 400 m b\u0117gimuose atrinko sprinter\u0119 Valentin\u0105 Petrillo.<\/p>\n<div class=\"sdc-article-widget sdc-article-image\">\n<figure class=\"sdc-article-image__figure\">\n<div class=\"sdc-article-image__wrapper\" data-aspect-ratio=\"16\/9\">\n          <img decoding=\"async\" class=\"sdc-article-image__item\" loading=\"lazy\" intrinsicsize=\"768x432\" src=\"https:\/\/e3.365dm.com\/24\/08\/768x432\/skynews-valentina-petrillo_6667086.jpg?20240826001231\" srcset=\"https:\/\/e3.365dm.com\/24\/08\/384x216\/skynews-valentina-petrillo_6667086.jpg?20240826001231 380w, https:\/\/e3.365dm.com\/24\/08\/768x432\/skynews-valentina-petrillo_6667086.jpg?20240826001231 760w, https:\/\/e3.365dm.com\/24\/08\/1600x900\/skynews-valentina-petrillo_6667086.jpg?20240826001231 1024w, https:\/\/e3.365dm.com\/24\/08\/2048x1152\/skynews-valentina-petrillo_6667086.jpg?20240826001231 2048w\" sizes=\"(min-width: 1024px) 1024px, 100vw\" alt=\"Ital\u0117 Valentina Petrillo anks\u010diau \u0161\u012f m\u0117nes\u012f treniruojasi netoli Bolonijos Italijoje. Nuotrauka: AP\"\/>\n    <\/div><figcaption class=\"ui-media-caption\">\n        <span class=\"u-hide-visually\">Vaizdas:<\/span><br \/>\n        <span class=\"ui-media-caption__caption-text\">Valentina Petrillo anks\u010diau \u0161\u012f m\u0117nes\u012f treniruojasi netoli Bolonijos Italijoje. Nuotrauka: AP<br \/>\n        <\/span><br \/>\n      <\/figcaption><\/figure>\n<\/div>\n<p>Ponas Parsonsas bendrai kalb\u0117jo apie tai, kokia \u201esud\u0117tinga\u201c \u0161i sritis sporto lyderiams, balansuojantiems tarp da\u017enai prie\u0161taring\u0173 sportinio s\u0105\u017einingumo ir \u012ftraukumo ideal\u0173, o sportininkams sukuriant \u201eneapibr\u0117\u017etum\u0105\u201c.<\/p>\n<p>\u201eTurime ateiti ir tur\u0117ti viening\u0105 pozicij\u0105 \u0161iuo klausimu\u201c, \u2013 sak\u0117 jis. &#8222;Ne vadovaujamasi tuo, k\u0105 a\u0161 galvoju, k\u0105 jis galvoja, k\u0105 ji galvoja. Bet vadovaujasi mokslu. Ar tai teisinga, ar neteisinga? Kokius sprendimus galima rasti.&#8221;<\/p>\n<p>Parolimpin\u0117s \u017eaidyn\u0117s yra ne tik \u017emoni\u0173 transformavimas ir \u012fkv\u0117pimas, bet ir b\u016btin\u0173 poky\u010di\u0173 skatinimas priiman\u010diame mieste.<\/p>\n<p>Daugiau nei 1,2 milijardo svar\u0173 buvo i\u0161leista, kad vie\u0161osios erdv\u0117s visoje Pranc\u016bzijoje b\u016bt\u0173 prieinamesn\u0117s prie\u0161 parolimpines \u017eaidynes.<\/p>\n<p>Dabar Pary\u017eiuje visi autobusai ir tramvajai yra prieinami ne\u012fgali\u0173j\u0173 ve\u017eim\u0117liams, ta\u010diau dauguma metro sto\u010di\u0173 vis dar n\u0117ra visi\u0161kai prieinamos \u017emon\u0117ms su ve\u017eim\u0117liais, nors \u017eaidyni\u0173 metu bus ir stoties pad\u0117j\u0117jai.<\/p>\n<div class=\"sdc-article-widget sdc-article-image\">\n<figure class=\"sdc-article-image__figure\">\n<div class=\"sdc-article-image__wrapper\" data-aspect-ratio=\"16\/9\">\n          <img decoding=\"async\" class=\"sdc-article-image__item\" loading=\"lazy\" intrinsicsize=\"768x432\" src=\"https:\/\/e3.365dm.com\/24\/08\/768x432\/skynews-paralympics-paris-2024_6667083.jpg?20240825235730\" srcset=\"https:\/\/e3.365dm.com\/24\/08\/384x216\/skynews-paralympics-paris-2024_6667083.jpg?20240825235730 380w, https:\/\/e3.365dm.com\/24\/08\/768x432\/skynews-paralympics-paris-2024_6667083.jpg?20240825235730 760w, https:\/\/e3.365dm.com\/24\/08\/1600x900\/skynews-paralympics-paris-2024_6667083.jpg?20240825235730 1024w, https:\/\/e3.365dm.com\/24\/08\/2048x1152\/skynews-paralympics-paris-2024_6667083.jpg?20240825235730 2048w\" sizes=\"(min-width: 1024px) 1024px, 100vw\" alt=\"Du darbininkai gal\u016bni\u0173 protezavimo paslaug\u0173 centre sportinink\u0173 kaime, paralmypics. Nuotrauka: AP\"\/>\n    <\/div><figcaption class=\"ui-media-caption\">\n        <span class=\"u-hide-visually\">Vaizdas:<\/span><br \/>\n        <span class=\"ui-media-caption__caption-text\">Du darbininkai gal\u016bni\u0173 protezavimo paslaug\u0173 centre sportinink\u0173 kaime paralmypicuose. Nuotrauka: AP<br \/>\n        <\/span><br \/>\n      <\/figcaption><\/figure>\n<\/div>\n<p>\u201eMes suprantame kai kuriuos susir\u016bpinim\u0105 d\u0117l metro, bet manau, kad tai, k\u0105 \u010dia mat\u0117me per pastaruosius septynerius metus&#8230; (yra) \u012ftraukimo revoliucija\u201c, \u2013 sak\u0117 J. Parsonsas.<\/p>\n<p>&#8222;Jie pasirinko ant\u017eemin\u0119 transporto sistemos dal\u012f. Tam yra prie\u017eas\u010di\u0173. Metro, \u017einoma, labai senas.&#8221;<\/p>\n<p>     <a href=\"https:\/\/news.sky.com\/download-app\" target=\"blank\" data-tracking-label=\"ui-app-promo-download-link\" class=\"ui-app-promo sdc-article-widget\" data-type=\"\" data-component-name=\"ui-app-promo\" rel=\"noopener\"><\/p>\n<p>    <\/a><\/p>\n<p>Tai ilgalaik\u0117 spraga, kuri\u0105 Pary\u017eius turi i\u0161spr\u0119sti, kad pad\u0117t\u0173 gyventi ne\u012fgaliesiems, o \u017eaidim\u0173 organizatoriai tikisi, kad parolimpin\u0117s \u017eaidyn\u0117s suteiks naujo post\u016bmio ir skubos.<\/p>\n<p>\u201eTai ne\u012ftik\u0117tina, did\u017eiul\u0117 platforma\u201c, \u2013 sak\u0117 J. Parsonsas.<\/p>\n<p>\u201eTai, k\u0105 \u010dia mat\u0117me per olimpines \u017eaidynes \u2013 atmosfera, \u017emoni\u0173 reakcija, atmosfera \u0161iame mieste ir \u0161ioje \u0161alyje buvo ne\u012ftik\u0117tina.<\/p>\n<p>\u201e\u017dinoma, norime tai nukreipti \u012f parolimpines \u017eaidynes ir paversti jas \u012fsp\u016bdingiausiomis vis\u0173 laik\u0173 \u017eaidyn\u0117mis&#8230; bet ir priminti \u017emon\u0117ms apie tai, k\u0105 rei\u0161kia m\u016bs\u0173 jud\u0117jimas, t.<\/p>\n<\/p><\/div>\n<p><br \/>\n<br \/><a href=\"https:\/\/news.sky.com\/story\/paralympics-paris-preparing-for-transformational-power-of-disability-sports-13203557\">Source link <\/a><\/p>\n","protected":false},"excerpt":{"rendered":"<p>Tiems, kurie nedalyvavo olimpiadoje, ir tiems, kurie nedalyvavo Pary\u017eiuje, parolimpini\u0173 \u017eaidyni\u0173 vadovyb\u0117 pra\u0161o: \u201e\u0160vent\u0117 nesibaig\u0117\u201c. Pastarosios dvi savait\u0117s buvo praleistos atkuriant ir pertvarkant vietas Pranc\u016bzijos sostin\u0117je, nes parolimpin\u0117s \u017eaidyn\u0117s u\u017eims did\u017eiausi\u0105 platform\u0105 \u017eaidyn\u0117ms nuo 2012 m. Londono. Kaip pas Olimpiadostre\u010diadienio vakar\u0105 vyksianti atidarymo ceremonija taip pat bus atokiau nuo tradicini\u0173 stadiono ribos, ta\u010diau su jai [&hellip;]<\/p>\n","protected":false},"author":1,"featured_media":222,"comment_status":"open","ping_status":"open","sticky":false,"template":"","format":"standard","meta":{"om_disable_all_campaigns":false,"_monsterinsights_skip_tracking":false,"_monsterinsights_sitenote_active":false,"_monsterinsights_sitenote_note":"","_monsterinsights_sitenote_category":0,"footnotes":""},"categories":[4],"tags":[],"class_list":["post-221","post","type-post","status-publish","format-standard","has-post-thumbnail","hentry","category-pasaulio-naujienos"],"aioseo_notices":[],"_links":{"self":[{"href":"https:\/\/pasaulioziniasklaida.lt\/index.php\/wp-json\/wp\/v2\/posts\/221","targetHints":{"allow":["GET"]}}],"collection":[{"href":"https:\/\/pasaulioziniasklaida.lt\/index.php\/wp-json\/wp\/v2\/posts"}],"about":[{"href":"https:\/\/pasaulioziniasklaida.lt\/index.php\/wp-json\/wp\/v2\/types\/post"}],"author":[{"embeddable":true,"href":"https:\/\/pasaulioziniasklaida.lt\/index.php\/wp-json\/wp\/v2\/users\/1"}],"replies":[{"embeddable":true,"href":"https:\/\/pasaulioziniasklaida.lt\/index.php\/wp-json\/wp\/v2\/comments?post=221"}],"version-history":[{"count":0,"href":"https:\/\/pasaulioziniasklaida.lt\/index.php\/wp-json\/wp\/v2\/posts\/221\/revisions"}],"wp:featuredmedia":[{"embeddable":true,"href":"https:\/\/pasaulioziniasklaida.lt\/index.php\/wp-json\/wp\/v2\/media\/222"}],"wp:attachment":[{"href":"https:\/\/pasaulioziniasklaida.lt\/index.php\/wp-json\/wp\/v2\/media?parent=221"}],"wp:term":[{"taxonomy":"category","embeddable":true,"href":"https:\/\/pasaulioziniasklaida.lt\/index.php\/wp-json\/wp\/v2\/categories?post=221"},{"taxonomy":"post_tag","embeddable":true,"href":"https:\/\/pasaulioziniasklaida.lt\/index.php\/wp-json\/wp\/v2\/tags?post=221"}],"curies":[{"name":"wp","href":"https:\/\/api.w.org\/{rel}","templated":true}]}}