{"id":244,"date":"2024-08-31T04:35:24","date_gmt":"2024-08-31T04:35:24","guid":{"rendered":"https:\/\/pasaulioziniasklaida.lt\/index.php\/2024\/08\/31\/rinkimai-vokietijoje-po-solingeno-ispuolio-peiliu-krastutiniai-desinieji-nusiteike-pergalei-valstijos-rinkimuose-pasaulio-naujienos\/"},"modified":"2024-08-31T04:35:24","modified_gmt":"2024-08-31T04:35:24","slug":"rinkimai-vokietijoje-po-solingeno-ispuolio-peiliu-krastutiniai-desinieji-nusiteike-pergalei-valstijos-rinkimuose-pasaulio-naujienos","status":"publish","type":"post","link":"https:\/\/pasaulioziniasklaida.lt\/index.php\/2024\/08\/31\/rinkimai-vokietijoje-po-solingeno-ispuolio-peiliu-krastutiniai-desinieji-nusiteike-pergalei-valstijos-rinkimuose-pasaulio-naujienos\/","title":{"rendered":"Rinkimai Vokietijoje: po Solingeno i\u0161puolio peiliu kra\u0161tutiniai de\u0161inieji nusiteik\u0119 pergalei valstijos rinkimuose | Pasaulio naujienos"},"content":{"rendered":"<p> <br \/>\n<\/p>\n<div data-component-name=\"ui-article-body\" data-highlight-intro=\"true\">\n<p>Jau kur\u012f laik\u0105 nacionalin\u0117 vyriausyb\u0117 Berlyne svaido nerim\u0105 kelian\u010dius \u017evilgsnius u\u017e miesto rib\u0173.<\/p>\n<p>Apsupti buvusi\u0173 komunistini\u0173 Ryt\u0173 valstybi\u0173, sostin\u0117s politikai netrukus pamatys svyravim\u0105 \u012f de\u0161in\u0119 prie jos slenks\u010dio.<\/p>\n<div class=\"sdc-article-widget sdc-article-image\">\n<figure class=\"sdc-article-image__figure\">\n<div class=\"sdc-article-image__wrapper\" data-aspect-ratio=\"16\/9\">\n          <img decoding=\"async\" class=\"sdc-article-image__item\" loading=\"lazy\" intrinsicsize=\"768x432\" src=\"https:\/\/e3.365dm.com\/24\/06\/768x432\/skynews-olaf-scholz-german-chancellor_6577740.jpg?20240610113642\" srcset=\"https:\/\/e3.365dm.com\/24\/06\/384x216\/skynews-olaf-scholz-german-chancellor_6577740.jpg?20240610113642 380w, https:\/\/e3.365dm.com\/24\/06\/768x432\/skynews-olaf-scholz-german-chancellor_6577740.jpg?20240610113642 760w, https:\/\/e3.365dm.com\/24\/06\/1600x900\/skynews-olaf-scholz-german-chancellor_6577740.jpg?20240610113642 1024w, https:\/\/e3.365dm.com\/24\/06\/2048x1152\/skynews-olaf-scholz-german-chancellor_6577740.jpg?20240610113642 2048w\" sizes=\"(min-width: 1024px) 1024px, 100vw\" alt=\"Sugadintame rinkim\u0173 plakate pavaizduotas Vokietijos kancleris Olafas Scholzas Frankfurte, Vokietijoje, pirmadien\u012f, 2024 m. bir\u017eelio 10 d. (AP nuotrauka \/ Michaelas Probstas)\"\/>\n    <\/div><figcaption class=\"ui-media-caption\">\n        <span class=\"u-hide-visually\">Vaizdas:<\/span><br \/>\n        <span class=\"ui-media-caption__caption-text\">Sugadintame rinkim\u0173 plakate Frankfurte pavaizduotas Vokietijos kancleris Olafas Scholzas. Nuotrauka: AP<br \/>\n        <\/span><br \/>\n      <\/figcaption><\/figure>\n<\/div>\n<p><strong>U\u017e k\u0105 \u017emon\u0117s balsuoja?<\/strong><\/p>\n<p>\u0160\u012f rugs\u0117j\u012f rink\u0117jai trijose i\u0161 16 Vokietijos federalini\u0173 \u017eemi\u0173 balsuoja.<\/p>\n<p>Visos jos yra rytuose: Tiuringija, Saksonija ir Brandenburgas.<\/p>\n<p>Likus metams iki nacionalini\u0173 rinkim\u0173, \u0161ios trys valstijos gal\u0117t\u0173 veikti kaip varpin\u0117.<\/p>\n<p>Didelis kra\u0161tutini\u0173 de\u0161ini\u0173j\u0173 pasiekimas b\u016bt\u0173 bloga \u017einia Olafo Scholzo suvar\u017eytai kairi\u0173j\u0173 pa\u017ei\u016br\u0173 vyriausybei.<\/p>\n<p><strong>Ar d\u0117l j\u0173 gali pasikeisti regiono vald\u017eia? <\/strong><\/p>\n<p>Visuose trijuose rinkimuose pirmauja kra\u0161tutini\u0173 de\u0161ini\u0173j\u0173 partija \u201eAlternatyva Vokietijai\u201c (AfD), euroskepti\u0161ka, prie\u0161 imigracij\u0105 nusiteikusi, Rusijai draugi\u0161ka partija, kuri yra prie\u0161 karin\u0119 param\u0105 Ukrainai ir nor\u0117t\u0173, kad Vokietija pasitraukt\u0173 i\u0161 ES ir NATO. teigia.<\/p>\n<p>Ta\u010diau net jei ji laim\u0117s did\u017eiausi\u0105 bals\u0173 dal\u012f, vargu ar ji vadovaus vyriausybei n\u0117 vienoje i\u0161 j\u0173.<\/p>\n<p>Prognozuojama, kad ji nesurinks visi\u0161kos daugumos, o visos kitos partijos pa\u017ead\u0117jo nesudaryti su partija koalicin\u0117s vyriausyb\u0117s.<\/p>\n<p>Ta\u010diau kadangi tokia didel\u0117 bals\u0173 dalis atiteks AfD, bus i\u0161\u0161\u016bkis suformuoti veikian\u010di\u0105 koalicij\u0105 region\u0173 parlamentuose.<\/p>\n<div class=\"sdc-article-widget sdc-article-image\">\n<figure class=\"sdc-article-image__figure\">\n<div class=\"sdc-article-image__wrapper\" data-aspect-ratio=\"16\/9\">\n          <img decoding=\"async\" class=\"sdc-article-image__item\" loading=\"lazy\" intrinsicsize=\"768x432\" src=\"https:\/\/e3.365dm.com\/24\/08\/768x432\/skynews-germany-german-elections_6671253.jpg?20240830145140\" srcset=\"https:\/\/e3.365dm.com\/24\/08\/384x216\/skynews-germany-german-elections_6671253.jpg?20240830145140 380w, https:\/\/e3.365dm.com\/24\/08\/768x432\/skynews-germany-german-elections_6671253.jpg?20240830145140 760w, https:\/\/e3.365dm.com\/24\/08\/1600x900\/skynews-germany-german-elections_6671253.jpg?20240830145140 1024w, https:\/\/e3.365dm.com\/24\/08\/2048x1152\/skynews-germany-german-elections_6671253.jpg?20240830145140 2048w\" sizes=\"(min-width: 1024px) 1024px, 100vw\" alt=\"\u017dmon\u0117s mojuoja Vokietijos v\u0117liavomis per AfD miting\u0105 Saksonijos valstijos rinkimams Drezdene. Nuotrauka: Reuters\"\/>\n    <\/div><figcaption class=\"ui-media-caption\">\n        <span class=\"u-hide-visually\">Vaizdas:<\/span><br \/>\n        <span class=\"ui-media-caption__caption-text\">\u017dmon\u0117s mojuoja Vokietijos v\u0117liavomis per AfD miting\u0105 Saksonijos valstijos rinkimams Drezdene. Nuotrauka: Reuters<br \/>\n        <\/span><br \/>\n      <\/figcaption><\/figure>\n<\/div>\n<div class=\"sdc-article-widget sdc-article-image\">\n<figure class=\"sdc-article-image__figure\">\n<div class=\"sdc-article-image__wrapper\" data-aspect-ratio=\"16\/9\">\n          <img decoding=\"async\" class=\"sdc-article-image__item\" loading=\"lazy\" intrinsicsize=\"768x432\" src=\"https:\/\/e3.365dm.com\/24\/08\/768x432\/skynews-germany-german-elections_6671249.jpg?20240830144944\" srcset=\"https:\/\/e3.365dm.com\/24\/08\/384x216\/skynews-germany-german-elections_6671249.jpg?20240830144944 380w, https:\/\/e3.365dm.com\/24\/08\/768x432\/skynews-germany-german-elections_6671249.jpg?20240830144944 760w, https:\/\/e3.365dm.com\/24\/08\/1600x900\/skynews-germany-german-elections_6671249.jpg?20240830144944 1024w, https:\/\/e3.365dm.com\/24\/08\/2048x1152\/skynews-germany-german-elections_6671249.jpg?20240830144944 2048w\" sizes=\"(min-width: 1024px) 1024px, 100vw\" alt=\"AfD lyderis Bjoernas Hoecke'as Tiuringijoje, kur apklausos rodo, kad jo partija gali surinkti 29% bals\u0173. Nuotrauka: Reuters\"\/>\n    <\/div><figcaption class=\"ui-media-caption\">\n        <span class=\"u-hide-visually\">Vaizdas:<\/span><br \/>\n        <span class=\"ui-media-caption__caption-text\">AfD lyderis Bjoernas Hoecke&#8217;as Tiuringijoje, kur apklausos rodo, kad jo partija gali surinkti 29% bals\u0173. Nuotrauka: Reuters<br \/>\n        <\/span><br \/>\n      <\/figcaption><\/figure>\n<\/div>\n<p>Labiausiai tik\u0117tinas rezultatas bus ma\u017eum\u0173 vyriausyb\u0117s, kurios pasitiki opozicija, kad priimt\u0173 teis\u0117s aktus.<\/p>\n<p>Nors valstyb\u0117s lygmeniu tai n\u0117ra ne\u012fprasta, jie laikomi neveiksmingais ir naudingais ekstremistin\u0117ms opozicijos partijoms \u2013 ir gali dar labiau sustiprinti AfD.<\/p>\n<p><strong>Kas, kaip manoma, slypi u\u017e paramos padid\u0117jim\u0105?<\/strong><\/p>\n<p>Ryt\u0173 Vokietija buvo a <strong><a href=\"https:\/\/news.sky.com\/story\/how-the-far-right-has-grown-into-the-greatest-extremist-threat-to-germanys-democracy-12906136\" target=\"_blank\" rel=\"noopener\">derlinga dirva kra\u0161tutiniams de\u0161iniesiems<\/a><\/strong>  nuo susijungimo.<\/p>\n<p>Po keturis de\u0161imtme\u010dius trukusio komunistinio valdymo Ryt\u0173 Vokietijos ekonomika ir vystymasis vis dar atsilieka nuo labiau klestin\u010di\u0173 Vakar\u0173, tod\u0117l kyla pasipiktinimas ir atsilikimo jausmas.<\/p>\n<p>Ta\u010diau \u0161i\u0105 tendencij\u0105 padidino nuosekl\u016bs sistemos sukr\u0117timai: masin\u0117 migracija i\u0161 karo draskomos Sirijos 2015 m., koronaviruso pandemija ir ekonominiai bei socialiniai padariniai. <strong><a href=\"https:\/\/news.sky.com\/story\/ukraine-russia-latest-kursk-putin-war-live-updates-skynews-blog-12541713\" target=\"_blank\" rel=\"noopener\">karas Ukrainoje<\/a><\/strong>.<\/p>\n<p>\u0160ios kriz\u0117s past\u016bm\u0117jo AfD i\u0161 pakra\u0161\u010di\u0173 \u012f pagrindin\u0119 politin\u0119 srov\u0119.<\/p>\n<p>Antroje vietoje \u0161alies mastu u\u017e\u0117musi partija tur\u0117t\u0173 tapti dominuojan\u010dia j\u0117ga regioniniuose rinkimuose trijose rytin\u0117se valstijose.<\/p>\n<p><strong>Ar pra\u0117jusios savait\u0117s ataka Solingene tur\u0117jo \u012ftakos lenktyn\u0117ms?<\/strong><\/p>\n<p>Siaubingas <strong><a href=\"https:\/\/news.sky.com\/story\/solingen-stabbing-people-killed-in-apparent-knife-attack-at-german-festival-reports-13201941\" target=\"_blank\" rel=\"noopener\">i\u0161puolis peiliu Solingene<\/a><\/strong>kaip \u012ftariama, prieglobs\u010dio pra\u0161ytojas, \u012fp\u016bt\u0117 v\u0117j\u0105 \u012f AfD bures likus savaitei iki rinkim\u0173 apylinki\u0173 Tiuringijoje ir Saksonijoje.<\/p>\n<p>Partija negai\u0161o laiko i\u0161naudodama islamist\u0173 terorizmo baimes ir siedama j\u012f su migracija.<\/p>\n<div class=\"sdc-article-widget sdc-article-image\">\n<figure class=\"sdc-article-image__figure\">\n<div class=\"sdc-article-image__wrapper\" data-aspect-ratio=\"16\/9\">\n          <img decoding=\"async\" class=\"sdc-article-image__item\" loading=\"lazy\" intrinsicsize=\"768x432\" src=\"https:\/\/e3.365dm.com\/24\/08\/768x432\/skynews-solingen-terrorism_6671246.jpg?20240830144643\" srcset=\"https:\/\/e3.365dm.com\/24\/08\/384x216\/skynews-solingen-terrorism_6671246.jpg?20240830144643 380w, https:\/\/e3.365dm.com\/24\/08\/768x432\/skynews-solingen-terrorism_6671246.jpg?20240830144643 760w, https:\/\/e3.365dm.com\/24\/08\/1600x900\/skynews-solingen-terrorism_6671246.jpg?20240830144643 1024w, https:\/\/e3.365dm.com\/24\/08\/2048x1152\/skynews-solingen-terrorism_6671246.jpg?20240830144643 2048w\" sizes=\"(min-width: 1024px) 1024px, 100vw\" alt=\"Policijos pareig\u016bnas stovi transporto priemonei i\u0161va\u017eiuojant i\u0161 \u012fvykio vietos, kai \u012ftariamasis buvo sulaikytas po i\u0161puolio peiliu Solingene. Nuotrauka: Reuters\"\/>\n    <\/div><figcaption class=\"ui-media-caption\">\n        <span class=\"u-hide-visually\">Vaizdas:<\/span><br \/>\n        <span class=\"ui-media-caption__caption-text\">Policijos pareig\u016bnas stovi transporto priemonei i\u0161va\u017eiuojant i\u0161 \u012fvykio vietos, kai \u012ftariamasis buvo sulaikytas po i\u0161puolio peiliu Solingene. Nuotrauka: Reuters<br \/>\n        <\/span><br \/>\n      <\/figcaption><\/figure>\n<\/div>\n<div class=\"sdc-article-widget sdc-article-image\">\n<figure class=\"sdc-article-image__figure\">\n<div class=\"sdc-article-image__wrapper\" data-aspect-ratio=\"16\/9\">\n          <img decoding=\"async\" class=\"sdc-article-image__item\" loading=\"lazy\" intrinsicsize=\"768x432\" src=\"https:\/\/e3.365dm.com\/24\/08\/768x432\/skynews-germany-solingen_6664682.jpg?20240823222943\" srcset=\"https:\/\/e3.365dm.com\/24\/08\/384x216\/skynews-germany-solingen_6664682.jpg?20240823222943 380w, https:\/\/e3.365dm.com\/24\/08\/768x432\/skynews-germany-solingen_6664682.jpg?20240823222943 760w, https:\/\/e3.365dm.com\/24\/08\/1600x900\/skynews-germany-solingen_6664682.jpg?20240823222943 1024w, https:\/\/e3.365dm.com\/24\/08\/2048x1152\/skynews-germany-solingen_6664682.jpg?20240823222943 2048w\" sizes=\"(min-width: 1024px) 1024px, 100vw\" alt=\"Policija ir greitoji pagalba renkasi Solingene, Vokietijoje. (Nuotrauka: AP)\"\/>\n    <\/div><figcaption class=\"ui-media-caption\">\n        <span class=\"u-hide-visually\">Vaizdas:<\/span><br \/>\n        <span class=\"ui-media-caption__caption-text\">Solingene renkasi policija ir greitoji pagalba. Nuotrauka: AP<br \/>\n        <\/span><br \/>\n      <\/figcaption><\/figure>\n<\/div>\n<p>Ta\u010diau jos darbas nutr\u016bko d\u0117l konservatyvi\u0173 krik\u0161\u010dioni\u0173 demokrat\u0173 (CDU), kurie visoje \u0161alyje vadovauja rinkimams, o rytuose atsilieka nuo AfD.<\/p>\n<p>CDU vadovas Friedrichas Merzas paragino grie\u017etinti sien\u0173 kontrol\u0119 siekiant pa\u017eaboti migracij\u0105, o tai prie\u0161taraut\u0173 ES teisei.<\/p>\n<p>Jis taip pat pareikalavo, kad prieglobs\u010dio pra\u0161ytojai i\u0161 Sirijos ir Afganistano b\u016bt\u0173 deportuoti.<\/p>\n<p>Abi yra ilgai u\u017e\u0117musios AfD pozicijos.<\/p>\n<div class=\"sdc-article-widget sdc-article-image\">\n<figure class=\"sdc-article-image__figure\">\n<div class=\"sdc-article-image__wrapper\" data-aspect-ratio=\"16\/9\">\n          <img decoding=\"async\" class=\"sdc-article-image__item\" loading=\"lazy\" intrinsicsize=\"768x432\" src=\"https:\/\/e3.365dm.com\/24\/08\/768x432\/skynews-issa-al-h-solingen_6666656.jpg?20240825162726\" srcset=\"https:\/\/e3.365dm.com\/24\/08\/384x216\/skynews-issa-al-h-solingen_6666656.jpg?20240825162726 380w, https:\/\/e3.365dm.com\/24\/08\/768x432\/skynews-issa-al-h-solingen_6666656.jpg?20240825162726 760w, https:\/\/e3.365dm.com\/24\/08\/1600x900\/skynews-issa-al-h-solingen_6666656.jpg?20240825162726 1024w, https:\/\/e3.365dm.com\/24\/08\/2048x1152\/skynews-issa-al-h-solingen_6666656.jpg?20240825162726 2048w\" sizes=\"(min-width: 1024px) 1024px, 100vw\" alt=\"\u012etariamasis ve\u017eamas po to, kai sekmadien\u012f pasirod\u0117 teisme. Nuotrauka: Uli Deck\/picture-alliance\/dpa\/AP\"\/>\n    <\/div><figcaption class=\"ui-media-caption\">\n        <span class=\"u-hide-visually\">Vaizdas:<\/span><br \/>\n        <span class=\"ui-media-caption__caption-text\">Sekmadien\u012f atvykus \u012f teism\u0105, \u012ftariamasis Solingeno i\u0161puoliu peiliu gabenamas. Nuotrauka: Uli Deck\/picture-alliance\/dpa\/AP<br \/>\n        <\/span><br \/>\n      <\/figcaption><\/figure>\n<\/div>\n<p>Tai ne pirmas kartas, kai \u012fsitvirtinusios partijos siekia sulaikyti AfD impuls\u0105.<\/p>\n<p>Pra\u0117jusiais metais kancleris Scholzas pa\u017ead\u0117jo, kad Vokietija prad\u0117s \u201edidel\u0119 deportacij\u0105\u201c.<\/p>\n<p>Kritikai teigia, kad priimdamos AfD politik\u0105, pagrindin\u0117s partijos nesuma\u017eins jos populiarumo ir teigia, kad pirmieji \u0161alininkai bus apdovanoti rink\u0117j\u0173 prie balsad\u0117\u017ei\u0173.<\/p>\n<p>Kitas po\u017ei\u016bris yra tas, kad AfD i\u0161kilimas yra platesn\u0117s problemos, kurios nepavyko i\u0161spr\u0119sti viena po kitos einan\u010dios vyriausyb\u0117s, simptomas.<\/p>\n<p>Vokietija priima beveik tre\u010ddal\u012f migrant\u0173 \u012f ES, tod\u0117l rink\u0117jai kelia didel\u012f nerim\u0105.<\/p>\n<p>     <a href=\"https:\/\/news.sky.com\/download-app\" target=\"blank\" data-tracking-label=\"ui-app-promo-download-link\" class=\"ui-app-promo sdc-article-widget\" data-type=\"\" data-component-name=\"ui-app-promo\" rel=\"noopener\"><\/p>\n<p>    <\/a><\/p>\n<p><strong>K\u0105 Scholzui reik\u0161t\u0173 paramos padid\u0117jimas? <\/strong><\/p>\n<p>\u0160aliai i\u0161tikus \u0161okui po mirtin\u0173 teroro akt\u0173 Solingene, vyriausyb\u0117s prioritetas bus migracijos pa\u017eabojimas ir did\u0117jantis deportavimas.<\/p>\n<p>Ji gali tik\u0117tis, kad opozicin\u0117 CDU priims \u012fstatymus, kurie anks\u010diau gal\u0117jo b\u016bti nemalon\u016bs.<\/p>\n<p><strong>Skaitykite daugiau i\u0161 \u201eSky News\u201c:<br \/><a href=\"https:\/\/news.sky.com\/story\/vladimir-putins-mongolia-visit-should-in-theory-see-him-face-icc-arrest-but-reality-will-be-different-13205973\" target=\"_blank\" rel=\"noopener\">Teori\u0161kai Putinas tur\u0117t\u0173 b\u016bti suimtas art\u0117jan\u010dio vizito metu<\/a><br \/><a href=\"https:\/\/news.sky.com\/story\/yemen-masked-houthi-rebels-chant-as-video-shows-explosions-on-oil-tanker-13205849\" target=\"_blank\" rel=\"noopener\">Houthi sukil\u0117liai skanduoja kaip naftos tanklaivio sprogimai<\/a><br \/><a href=\"https:\/\/news.sky.com\/story\/k-pop-star-taeil-leaves-nct-over-sexual-crime-allegation-13206000\" target=\"_blank\" rel=\"noopener\">K-pop \u017evaig\u017ed\u0117 palieka grup\u0119 d\u0117l kaltinim\u0173 \u201esekso nusikaltimais\u201c.<\/a><\/strong><\/p>\n<div class=\"sdc-article-widget sdc-article-strapline sdc-article-strapline--default-layout\" data-component-name=\"sdc-article-strapline\">\n<div class=\"sdc-article-strapline__link\">\n<div class=\"sdc-article-strapline__image-wrap\">\n                <picture><source srcset=\"https:\/\/e3.365dm.com\/24\/03\/320x180\/skynews-gfxwhatsapp-gfxwhatsapppromo_6490210.png 320w, https:\/\/e3.365dm.com\/24\/03\/640x380\/skynews-gfxwhatsapp-gfxwhatsapppromo_6490210.png 640w\" media=\"(max-width: 480px)\"><source srcset=\"https:\/\/e3.365dm.com\/24\/03\/256x256\/skynews-gfxwhatsapp-gfxwhatsapppromo_6490210.png 256w, https:\/\/e3.365dm.com\/24\/03\/512x512\/skynews-gfxwhatsapp-gfxwhatsapppromo_6490210.png 512w\" media=\"(min-width: 481px)\"><img decoding=\"async\" loading=\"lazy\" src=\"https:\/\/e3.365dm.com\/24\/03\/512x512\/skynews-gfxwhatsapp-gfxwhatsapppromo_6490210.png\" alt=\"Sekite Sky News per WhatsApp\" class=\"sdc-article-strapline__image\"\/><br \/>\n                <\/source><\/source><\/picture>\n            <\/div>\n<div class=\"sdc-article-strapline__body\">\n                <span class=\"sdc-article-strapline__title\">Sekite Sky News per WhatsApp<\/span><\/p>\n<p class=\"sdc-article-strapline__text\">Sekite visas naujausias naujienas i\u0161 JK ir viso pasaulio steb\u0117dami \u201eSky News\u201c.<\/p>\n<p>                <a href=\"https:\/\/whatsapp.com\/channel\/0029Va868Fv8vd1UsF99tP1u\" class=\"sdc-article-strapline__button\" target=\"_blank\" rel=\"noopener\">Bakstel\u0117kite \u010dia<\/a>\n        <\/div>\n<\/p><\/div>\n<\/p><\/div>\n<p>Jau ketvirtadien\u012f vyriausyb\u0117 paskelb\u0117 apie \u012fvairias priemones, skirtas prieglobs\u010dio pra\u0161ytojams deportuoti \u012f ES valstyb\u0119, \u012f kurias jie pirmiausia \u0117m\u0117si kojos.<\/p>\n<p>Tada penktadien\u012f vyriausyb\u0117 prane\u0161\u0117, kad deportavo \u012f Afganistan\u0105 28 nuteistus nusikalt\u0117lius \u2013 tai pirmas toks deportavimas nuo 2021 m.<\/p>\n<p>Jei tai greitai pasieks ap\u010diuopiam\u0173 rezultat\u0173, art\u0117jant nacionaliniams rinkimams tai gali suteikti svirduliuojan\u010diai M. Scholzo vyriausybei \u0161iek tiek atsikv\u0117pti.<\/p>\n<p>Jei to nepadarys, AfD kilimas t\u0119sis.<\/p>\n<\/p><\/div>\n<p><br \/>\n<br \/><a href=\"https:\/\/news.sky.com\/story\/german-elections-in-the-aftermath-of-solingen-knife-attack-far-right-poised-for-victory-in-state-elections-13206058\">Source link <\/a><\/p>\n","protected":false},"excerpt":{"rendered":"<p>Jau kur\u012f laik\u0105 nacionalin\u0117 vyriausyb\u0117 Berlyne svaido nerim\u0105 kelian\u010dius \u017evilgsnius u\u017e miesto rib\u0173. Apsupti buvusi\u0173 komunistini\u0173 Ryt\u0173 valstybi\u0173, sostin\u0117s politikai netrukus pamatys svyravim\u0105 \u012f de\u0161in\u0119 prie jos slenks\u010dio. Vaizdas: Sugadintame rinkim\u0173 plakate Frankfurte pavaizduotas Vokietijos kancleris Olafas Scholzas. Nuotrauka: AP U\u017e k\u0105 \u017emon\u0117s balsuoja? \u0160\u012f rugs\u0117j\u012f rink\u0117jai trijose i\u0161 16 Vokietijos federalini\u0173 \u017eemi\u0173 balsuoja. Visos [&hellip;]<\/p>\n","protected":false},"author":1,"featured_media":245,"comment_status":"open","ping_status":"open","sticky":false,"template":"","format":"standard","meta":{"om_disable_all_campaigns":false,"_monsterinsights_skip_tracking":false,"_monsterinsights_sitenote_active":false,"_monsterinsights_sitenote_note":"","_monsterinsights_sitenote_category":0,"footnotes":""},"categories":[4],"tags":[],"class_list":["post-244","post","type-post","status-publish","format-standard","has-post-thumbnail","hentry","category-pasaulio-naujienos"],"aioseo_notices":[],"_links":{"self":[{"href":"https:\/\/pasaulioziniasklaida.lt\/index.php\/wp-json\/wp\/v2\/posts\/244","targetHints":{"allow":["GET"]}}],"collection":[{"href":"https:\/\/pasaulioziniasklaida.lt\/index.php\/wp-json\/wp\/v2\/posts"}],"about":[{"href":"https:\/\/pasaulioziniasklaida.lt\/index.php\/wp-json\/wp\/v2\/types\/post"}],"author":[{"embeddable":true,"href":"https:\/\/pasaulioziniasklaida.lt\/index.php\/wp-json\/wp\/v2\/users\/1"}],"replies":[{"embeddable":true,"href":"https:\/\/pasaulioziniasklaida.lt\/index.php\/wp-json\/wp\/v2\/comments?post=244"}],"version-history":[{"count":0,"href":"https:\/\/pasaulioziniasklaida.lt\/index.php\/wp-json\/wp\/v2\/posts\/244\/revisions"}],"wp:featuredmedia":[{"embeddable":true,"href":"https:\/\/pasaulioziniasklaida.lt\/index.php\/wp-json\/wp\/v2\/media\/245"}],"wp:attachment":[{"href":"https:\/\/pasaulioziniasklaida.lt\/index.php\/wp-json\/wp\/v2\/media?parent=244"}],"wp:term":[{"taxonomy":"category","embeddable":true,"href":"https:\/\/pasaulioziniasklaida.lt\/index.php\/wp-json\/wp\/v2\/categories?post=244"},{"taxonomy":"post_tag","embeddable":true,"href":"https:\/\/pasaulioziniasklaida.lt\/index.php\/wp-json\/wp\/v2\/tags?post=244"}],"curies":[{"name":"wp","href":"https:\/\/api.w.org\/{rel}","templated":true}]}}