{"id":262,"date":"2024-09-04T05:00:03","date_gmt":"2024-09-04T05:00:03","guid":{"rendered":"https:\/\/pasaulioziniasklaida.lt\/index.php\/2024\/09\/04\/jk-ir-jav-issiskyre-del-izraelio-didziosios-britanijos-vyriausybei-sustabdzius-kai-kuriuos-ginklu-pardavima-pasaulio-naujienos\/"},"modified":"2024-09-04T05:00:03","modified_gmt":"2024-09-04T05:00:03","slug":"jk-ir-jav-issiskyre-del-izraelio-didziosios-britanijos-vyriausybei-sustabdzius-kai-kuriuos-ginklu-pardavima-pasaulio-naujienos","status":"publish","type":"post","link":"https:\/\/pasaulioziniasklaida.lt\/index.php\/2024\/09\/04\/jk-ir-jav-issiskyre-del-izraelio-didziosios-britanijos-vyriausybei-sustabdzius-kai-kuriuos-ginklu-pardavima-pasaulio-naujienos\/","title":{"rendered":"JK ir JAV i\u0161siskyr\u0117 d\u0117l Izraelio, Did\u017eiosios Britanijos vyriausybei sustabd\u017eius kai kuriuos ginkl\u0173 pardavim\u0105 | Pasaulio naujienos"},"content":{"rendered":"<p> <br \/>\n<\/p>\n<div data-component-name=\"ui-article-body\" data-highlight-intro=\"true\">\n<p>JK ir JAV i\u0161siskyr\u0117 d\u0117l savo politikos Izraelio ir jo karo su Hamas at\u017evilgiu, vyriausybei sustabd\u017eius kai kuriuos ginkl\u0173 pardavim\u0105 \u0161aliai.<\/p>\n<p>Pirmadien\u012f u\u017esienio reikal\u0173 sekretorius Davidas Lammy paskelb\u0117, kad 30 i\u0161 350 <strong>ginkl\u0173 eksporto \u012f Izrael\u012f licencijos b\u016bt\u0173 sustabdytos<\/strong>.<\/p>\n<p>\u0160is \u017eingsnis pa\u017eym\u0117jo pirm\u0105j\u012f did\u017eiul\u012f JK ir JAV nesutarim\u0105 nuo spalio 7 d. i\u0161puoli\u0173, o JAV pareig\u016bnai dar kart\u0105 patvirtino savo param\u0105 Izraeliui.<\/p>\n<p><strong>Analiz\u0117: Netanyahu kriz\u0117 blog\u0117ja ir Izraelis gali niekada jam neatleisti<\/strong><\/p>\n<div class=\"sdc-article-widget sdc-article-image\">\n<figure class=\"sdc-article-image__figure\">\n<div class=\"sdc-article-image__wrapper\" data-aspect-ratio=\"16\/9\">\n          \n    <\/div><figcaption class=\"ui-media-caption\">\n        <span class=\"u-hide-visually\">Vaizdas:<\/span><br \/>\n        <span class=\"ui-media-caption__caption-text\">U\u017esienio reikal\u0173 sekretorius Davidas Lammy paskelb\u0117, kad JK sustabdys kai kuriuos ginkl\u0173 pardavim\u0105 Izraeliui.<br \/>\n        <\/span><br \/>\n      <\/figcaption><\/figure>\n<\/div>\n<div class=\"sdc-article-widget sdc-article-image\">\n<figure class=\"sdc-article-image__figure\">\n<div class=\"sdc-article-image__wrapper\" data-aspect-ratio=\"16\/9\">\n          <img decoding=\"async\" class=\"sdc-article-image__item\" loading=\"lazy\" intrinsicsize=\"768x432\" src=\"https:\/\/e3.365dm.com\/24\/09\/768x432\/skynews-israel-hamas-gaza-kamala-harris_6676125.jpg?20240904032842\" srcset=\"https:\/\/e3.365dm.com\/24\/09\/384x216\/skynews-israel-hamas-gaza-kamala-harris_6676125.jpg?20240904032842 380w, https:\/\/e3.365dm.com\/24\/09\/768x432\/skynews-israel-hamas-gaza-kamala-harris_6676125.jpg?20240904032842 760w, https:\/\/e3.365dm.com\/24\/09\/1600x900\/skynews-israel-hamas-gaza-kamala-harris_6676125.jpg?20240904032842 1024w, https:\/\/e3.365dm.com\/24\/09\/2048x1152\/skynews-israel-hamas-gaza-kamala-harris_6676125.jpg?20240904032842 2048w\" sizes=\"(min-width: 1024px) 1024px, 100vw\" alt=\"Demokrat\u0173 kandidat\u0117 \u012f prezidentus ir JAV viceprezident\u0117 Kamala Harris pastarosiomis dienomis dar kart\u0105 patvirtino savo param\u0105 Izraeliui. Nuotrauka: Reuters\"\/>\n    <\/div><figcaption class=\"ui-media-caption\">\n        <span class=\"u-hide-visually\">Vaizdas:<\/span><br \/>\n        <span class=\"ui-media-caption__caption-text\">Demokrat\u0173 kandidat\u0117 \u012f prezidentus ir JAV viceprezident\u0117 Kamala Harris pastarosiomis dienomis dar kart\u0105 patvirtino savo param\u0105 Izraeliui. Nuotrauka: Reuters<br \/>\n        <\/span><br \/>\n      <\/figcaption><\/figure>\n<\/div>\n<p>Pra\u0117jusi\u0105 savait\u0119 Kamala Harris sak\u0117 CNN, kad nesigin\u010dys remdama Izrael\u012f.<\/p>\n<p>&#8222;Leiskite man pasakyti labai ai\u0161kiai. Esu nedviprasmi\u0161ka ir nepajudinama savo \u012fsipareigojimu Izraelio gynybai ir jo geb\u0117jimui apsiginti&#8221;, &#8211; sak\u0117 ji.<\/p>\n<p>Tada antradien\u012f JAV valstyb\u0117s departamento atstovas Mattas Milleris parei\u0161k\u0117, kad JK sprendimas neturi jokios \u012ftakos JAV ir jie nestabdys ginkl\u0173 pardavimo.<\/p>\n<p>Jis sak\u0117: &#8222;Jie pri\u0117jo prie tokios i\u0161vados. Mes atliekame per\u017ei\u016bras.&#8221;<\/p>\n<p>M. Milleris sak\u0117, kad abi \u0161alys kalb\u0117josi prie\u0161 paskelbiant prane\u0161im\u0105, ta\u010diau JAV pozicija nepasikeit\u0117.<\/p>\n<p>Atsisakydamas klausimo, kaip JAV jaut\u0117si JK sprendimas, ponas Milleris vietoj to pasak\u0117: \u201eJK yra suvereni \u0161alis, tai galiausiai jos turi priimti sprendim\u0105\u201c.<\/p>\n<p><strong>JAV paskelb\u0117 kaltinimus \u201eHamas\u201c lyderiams<\/strong><\/p>\n<p>Politikos skirtumai atsirado JAV paskelbus baud\u017eiamuosius kaltinimus auk\u0161tiems Hamas lyderiams, \u012fskaitant <strong>Yahya Sinwar<\/strong>susijusius su spalio 7 d. i\u0161puoliais.<\/p>\n<div class=\"sdc-article-widget sdc-article-image\">\n<figure class=\"sdc-article-image__figure\">\n<div class=\"sdc-article-image__wrapper\" data-aspect-ratio=\"16\/9\">\n          <img decoding=\"async\" class=\"sdc-article-image__item\" loading=\"lazy\" intrinsicsize=\"768x432\" src=\"https:\/\/e3.365dm.com\/24\/08\/768x432\/skynews-hamas-yahya-sinwar_6649307.jpg?20240806220253\" srcset=\"https:\/\/e3.365dm.com\/24\/08\/384x216\/skynews-hamas-yahya-sinwar_6649307.jpg?20240806220253 380w, https:\/\/e3.365dm.com\/24\/08\/768x432\/skynews-hamas-yahya-sinwar_6649307.jpg?20240806220253 760w, https:\/\/e3.365dm.com\/24\/08\/1600x900\/skynews-hamas-yahya-sinwar_6649307.jpg?20240806220253 1024w, https:\/\/e3.365dm.com\/24\/08\/2048x1152\/skynews-hamas-yahya-sinwar_6649307.jpg?20240806220253 2048w\" sizes=\"(min-width: 1024px) 1024px, 100vw\" alt=\"Sinwar 2021 m., per miting\u0105 prie\u0161 Izrael\u012f Gazos mieste. Nuotrauka: Reuters\"\/>\n    <\/div><figcaption class=\"ui-media-caption\">\n        <span class=\"u-hide-visually\">Vaizdas:<\/span><br \/>\n        <span class=\"ui-media-caption__caption-text\">Sinwar 2021 m., per miting\u0105 prie\u0161 Izrael\u012f Gazos mieste. Nuotrauka: Reuters<br \/>\n        <\/span><br \/>\n      <\/figcaption><\/figure>\n<\/div>\n<p>Bylos poveikis daugiausia simbolinis, nes manoma, kad naujai i\u0161rinktas Hamas lyderis Sinwaras yra giliai pasisl\u0117p\u0119s Gazos ruo\u017ee, o trys i\u0161 \u0161e\u0161i\u0173 kaltinam\u0173j\u0173 yra mir\u0119.<\/p>\n<p>Kaltinimai i\u0161 prad\u017ei\u0173 buvo pateikti vasario m\u0117n <strong>bet atsi\u017evelgiant \u012f Hamas politinio lyderio Ismailo Haniyeh mirt\u012f liep\u0105<\/strong>ir kiti poky\u010diai, buvo ma\u017eiau slaptumo poreikio.<\/p>\n<p>\u201e\u0160iandien atskleisti kaltinimai yra tik dalis m\u016bs\u0173 pastang\u0173 nukreipti \u012f visus \u201eHamas\u201c veiklos aspektus\u201c, \u2013 vaizdo \u012fra\u0161e sak\u0117 generalinis prokuroras Merrickas Garlandas. \u201e\u0160ie veiksmai nebus paskutiniai.<\/p>\n<p><strong>Protestai jau tre\u010di\u0105 nakt\u012f i\u0161 eil\u0117s<\/strong><\/p>\n<p>Tuo tarpu dideli protestai Tel Avive t\u0119siasi tre\u010di\u0105 nakt\u012f i\u0161 eil\u0117s, nes daugelis izraelie\u010di\u0173 reikalauja, kad j\u0173 vyriausyb\u0117 susitart\u0173 d\u0117l \u012fkait\u0173 parve\u017eimo namo.<\/p>\n<p>Per spalio 7 d. i\u0161puol\u012f \u201eHamas\u201c nu\u017eud\u0117 apie 1 200 \u017emoni\u0173, o daugiau nei 200 \u017emoni\u0173 pa\u0117m\u0117 \u012fkaitais \u2013 tai suk\u0117l\u0117 invazij\u0105, nusine\u0161usi\u0105 daugiau nei 40 000 palestinie\u010di\u0173 gyvybi\u0173.<\/p>\n<p>Vienas i\u0161 pagrindini\u0173 Izraelio paskelbt\u0173 \u0161io karo tiksl\u0173 buvo saugiai sugr\u0105\u017einti \u012fkaitus namo, ta\u010diau B. Netanyahu sulaukia vis daugiau kritikos d\u0117l ilgalaikio nesugeb\u0117jimo to padaryti \u2013 daugelis izraelie\u010di\u0173 dabar laiko j\u012f atsakingu u\u017e \u012fkait\u0173 mirtis.<\/p>\n<div class=\"sdc-article-widget sdc-article-image\">\n<figure class=\"sdc-article-image__figure\">\n<div class=\"sdc-article-image__wrapper\" data-aspect-ratio=\"16\/9\">\n          <img decoding=\"async\" class=\"sdc-article-image__item\" loading=\"lazy\" intrinsicsize=\"768x432\" src=\"https:\/\/e3.365dm.com\/24\/09\/768x432\/skynews-israel-hamas-gaza-war_6676121.jpg?20240904032304\" srcset=\"https:\/\/e3.365dm.com\/24\/09\/384x216\/skynews-israel-hamas-gaza-war_6676121.jpg?20240904032304 380w, https:\/\/e3.365dm.com\/24\/09\/768x432\/skynews-israel-hamas-gaza-war_6676121.jpg?20240904032304 760w, https:\/\/e3.365dm.com\/24\/09\/1600x900\/skynews-israel-hamas-gaza-war_6676121.jpg?20240904032304 1024w, https:\/\/e3.365dm.com\/24\/09\/2048x1152\/skynews-israel-hamas-gaza-war_6676121.jpg?20240904032304 2048w\" sizes=\"(min-width: 1024px) 1024px, 100vw\" alt=\"Antradienio vakar\u0105 vykstant protestams demonstrantas laiko \u017eenkl\u0105, raginant\u012f nedelsiant sudaryti paliaubas. Nuotrauka: AP\"\/>\n    <\/div><figcaption class=\"ui-media-caption\">\n        <span class=\"u-hide-visually\">Vaizdas:<\/span><br \/>\n        <span class=\"ui-media-caption__caption-text\">Antradienio vakar\u0105 vykstant protestams demonstrantas laiko \u017eenkl\u0105, raginant\u012f nedelsiant sudaryti paliaubas. Nuotrauka: AP<br \/>\n        <\/span><br \/>\n      <\/figcaption><\/figure>\n<\/div>\n<div class=\"sdc-article-widget sdc-article-image\">\n<figure class=\"sdc-article-image__figure\">\n<div class=\"sdc-article-image__wrapper\" data-aspect-ratio=\"16\/9\">\n          <img decoding=\"async\" class=\"sdc-article-image__item\" loading=\"lazy\" intrinsicsize=\"768x432\" src=\"https:\/\/e3.365dm.com\/24\/09\/768x432\/skynews-israel-gaza-hamas-palestine_6676122.jpg?20240904032358\" srcset=\"https:\/\/e3.365dm.com\/24\/09\/384x216\/skynews-israel-gaza-hamas-palestine_6676122.jpg?20240904032358 380w, https:\/\/e3.365dm.com\/24\/09\/768x432\/skynews-israel-gaza-hamas-palestine_6676122.jpg?20240904032358 760w, https:\/\/e3.365dm.com\/24\/09\/1600x900\/skynews-israel-gaza-hamas-palestine_6676122.jpg?20240904032358 1024w, https:\/\/e3.365dm.com\/24\/09\/2048x1152\/skynews-israel-gaza-hamas-palestine_6676122.jpg?20240904032358 2048w\" sizes=\"(min-width: 1024px) 1024px, 100vw\" alt=\"Tre\u010di\u0105 protest\u0173 nakt\u012f dega liepsna, kai izraelie\u010diai reikalauja susitarimo d\u0117l paliaub\u0173, kad b\u016bt\u0173 i\u0161laisvinti lik\u0119 \u012fkaitai. Nuotrauka: AP\"\/>\n    <\/div><figcaption class=\"ui-media-caption\">\n        <span class=\"u-hide-visually\">Vaizdas:<\/span><br \/>\n        <span class=\"ui-media-caption__caption-text\">Tre\u010di\u0105 protest\u0173 nakt\u012f dega liepsna, izraelie\u010diams reikalaujant susitarimo d\u0117l paliaub\u0173, kad b\u016bt\u0173 i\u0161laisvinti lik\u0119 \u012fkaitai. Nuotrauka: AP<br \/>\n        <\/span><br \/>\n      <\/figcaption><\/figure>\n<\/div>\n<div class=\"sdc-article-widget sdc-article-image\">\n<figure class=\"sdc-article-image__figure\">\n<div class=\"sdc-article-image__wrapper\" data-aspect-ratio=\"16\/9\">\n          <img decoding=\"async\" class=\"sdc-article-image__item\" loading=\"lazy\" intrinsicsize=\"768x432\" src=\"https:\/\/e3.365dm.com\/24\/09\/768x432\/skynews-israel-hamas-gaza-palestine_6676124.jpg?20240904032604\" srcset=\"https:\/\/e3.365dm.com\/24\/09\/384x216\/skynews-israel-hamas-gaza-palestine_6676124.jpg?20240904032604 380w, https:\/\/e3.365dm.com\/24\/09\/768x432\/skynews-israel-hamas-gaza-palestine_6676124.jpg?20240904032604 760w, https:\/\/e3.365dm.com\/24\/09\/1600x900\/skynews-israel-hamas-gaza-palestine_6676124.jpg?20240904032604 1024w, https:\/\/e3.365dm.com\/24\/09\/2048x1152\/skynews-israel-hamas-gaza-palestine_6676124.jpg?20240904032604 2048w\" sizes=\"(min-width: 1024px) 1024px, 100vw\" alt=\"\u0160i\u0105 savait\u0119 vyko plataus masto protestai prie\u0161 B. Netanyahu vyriausyb\u0119 u\u017e tai, kad ji \u0117m\u0117si veiksm\u0173 su bet kokiais bandymais i\u0161laisvinti \u012fkaitus. Nuotrauka: Reuters\"\/>\n    <\/div><figcaption class=\"ui-media-caption\">\n        <span class=\"u-hide-visually\">Vaizdas:<\/span><br \/>\n        <span class=\"ui-media-caption__caption-text\">\u0160i\u0105 savait\u0119 vyko plataus masto protestai prie\u0161 B. Netanyahu vyriausyb\u0119 u\u017e tai, kad ji \u0117m\u0117si veiksm\u0173 su bet kokiais bandymais i\u0161laisvinti \u012fkaitus. Nuotrauka: Reuters<br \/>\n        <\/span><br \/>\n      <\/figcaption><\/figure>\n<\/div>\n<p>Antradienio vakar\u0105 \u0161imtai \u017emoni\u0173 i\u0161\u0117jo \u012f gatves <strong>\u0161ios savait\u0117s prad\u017eioje grasino visuotiniu streiku<\/strong>.<\/p>\n<p>Vienas i\u0161 pagrindini\u0173 paliaub\u0173 deryb\u0173 kli\u016b\u010di\u0173 yra B. Netanyahu primygtinis reikalavimas Izraeliui kontroliuoti Gazos ruo\u017eo ir Egipto sien\u0105 \u2013 Filadelfio koridoriaus pavidalu.<\/p>\n<p>Benny Gantzas, buv\u0119s gynybos ministras ir kariuomen\u0117s \u0161tabo vir\u0161ininkas, sak\u0117, kad Izraelis tur\u0117t\u0173 sutelkti d\u0117mes\u012f \u012f \u012fkait\u0173 pargabenim\u0105 namo.<\/p>\n<p>Jis sak\u0117, kad prireikus Izraelis gali gr\u012f\u017eti \u012f Filadelfio koridori\u0173 ir apib\u016bdino tai kaip \u201eoperacin\u012f i\u0161\u0161\u016bk\u012f, o ne egzistencin\u0119 gr\u0117sm\u0119\u201c.<\/p>\n<p><strong>Skaityti daugiau:<br \/>\u201eHamas\u201c paskelb\u0117 vaizdo \u012fra\u0161\u0105 apie Izraelio \u012fkait\u0105<br \/>Izraelio premjeras sako, kad nepasiduos<br \/>Vyriausyb\u0117 gina dalinio Izraelio ginkl\u0173 u\u017edraudimo laik\u0105<\/strong><\/p>\n<div class=\"sdc-article-widget sdc-article-strapline sdc-article-strapline--default-layout\" data-component-name=\"sdc-article-strapline\">\n<div class=\"sdc-article-strapline__link\">\n<div class=\"sdc-article-strapline__image-wrap\">\n                <picture><source srcset=\"https:\/\/e3.365dm.com\/24\/03\/320x180\/skynews-gfxwhatsapp-gfxwhatsapppromo_6490210.png 320w, https:\/\/e3.365dm.com\/24\/03\/640x380\/skynews-gfxwhatsapp-gfxwhatsapppromo_6490210.png 640w\" media=\"(max-width: 480px)\"><source srcset=\"https:\/\/e3.365dm.com\/24\/03\/256x256\/skynews-gfxwhatsapp-gfxwhatsapppromo_6490210.png 256w, https:\/\/e3.365dm.com\/24\/03\/512x512\/skynews-gfxwhatsapp-gfxwhatsapppromo_6490210.png 512w\" media=\"(min-width: 481px)\"><img decoding=\"async\" loading=\"lazy\" src=\"https:\/\/e3.365dm.com\/24\/03\/512x512\/skynews-gfxwhatsapp-gfxwhatsapppromo_6490210.png\" alt=\"Sekite Sky News per WhatsApp\" class=\"sdc-article-strapline__image\"\/><br \/>\n                <\/source><\/source><\/picture>\n            <\/div>\n<div class=\"sdc-article-strapline__body\">\n                <span class=\"sdc-article-strapline__title\">Sekite Sky News per WhatsApp<\/span><\/p>\n<p class=\"sdc-article-strapline__text\">Sekite visas naujausias naujienas i\u0161 JK ir viso pasaulio steb\u0117dami \u201eSky News\u201c.<\/p>\n<p>                Bakstel\u0117kite \u010dia\n        <\/p><\/div>\n<\/p><\/div>\n<\/p><\/div>\n<p>Prie jo kritikos prisid\u0117jo ir kitas buv\u0119s kariuomen\u0117s vadas Gabi Eisenkot.<\/p>\n<p>Bir\u017eel\u012f jie atsistatydino i\u0161 B. Netanyahu ministr\u0173 kabineto, apkaltindami j\u012f, kad jis savo politin\u012f i\u0161likim\u0105 i\u0161kelia auk\u0161\u010diau u\u017e \u0161alies interesus.<\/p>\n<\/p><\/div>\n<p><br \/>\n<br \/><a href=\"https:\/\/news.sky.com\/story\/uk-and-us-split-over-israel-after-british-government-suspends-some-arms-sales-13209320\">Source link <\/a><\/p>\n","protected":false},"excerpt":{"rendered":"<p>JK ir JAV i\u0161siskyr\u0117 d\u0117l savo politikos Izraelio ir jo karo su Hamas at\u017evilgiu, vyriausybei sustabd\u017eius kai kuriuos ginkl\u0173 pardavim\u0105 \u0161aliai. Pirmadien\u012f u\u017esienio reikal\u0173 sekretorius Davidas Lammy paskelb\u0117, kad 30 i\u0161 350 ginkl\u0173 eksporto \u012f Izrael\u012f licencijos b\u016bt\u0173 sustabdytos. \u0160is \u017eingsnis pa\u017eym\u0117jo pirm\u0105j\u012f did\u017eiul\u012f JK ir JAV nesutarim\u0105 nuo spalio 7 d. i\u0161puoli\u0173, o JAV [&hellip;]<\/p>\n","protected":false},"author":1,"featured_media":263,"comment_status":"open","ping_status":"open","sticky":false,"template":"","format":"standard","meta":{"om_disable_all_campaigns":false,"_monsterinsights_skip_tracking":false,"_monsterinsights_sitenote_active":false,"_monsterinsights_sitenote_note":"","_monsterinsights_sitenote_category":0,"footnotes":""},"categories":[4],"tags":[85,83,84,90,82,19,81,88,89,24,91,23,87,86],"class_list":["post-262","post","type-post","status-publish","format-standard","has-post-thumbnail","hentry","category-pasaulio-naujienos","tag-britanijos","tag-del","tag-didziosios","tag-ginklu","tag-issiskyre","tag-izraelio","tag-jav","tag-kai","tag-kuriuos","tag-naujienos","tag-pardavima","tag-pasaulio","tag-sustabdzius","tag-vyriausybei"],"aioseo_notices":[],"_links":{"self":[{"href":"https:\/\/pasaulioziniasklaida.lt\/index.php\/wp-json\/wp\/v2\/posts\/262","targetHints":{"allow":["GET"]}}],"collection":[{"href":"https:\/\/pasaulioziniasklaida.lt\/index.php\/wp-json\/wp\/v2\/posts"}],"about":[{"href":"https:\/\/pasaulioziniasklaida.lt\/index.php\/wp-json\/wp\/v2\/types\/post"}],"author":[{"embeddable":true,"href":"https:\/\/pasaulioziniasklaida.lt\/index.php\/wp-json\/wp\/v2\/users\/1"}],"replies":[{"embeddable":true,"href":"https:\/\/pasaulioziniasklaida.lt\/index.php\/wp-json\/wp\/v2\/comments?post=262"}],"version-history":[{"count":0,"href":"https:\/\/pasaulioziniasklaida.lt\/index.php\/wp-json\/wp\/v2\/posts\/262\/revisions"}],"wp:featuredmedia":[{"embeddable":true,"href":"https:\/\/pasaulioziniasklaida.lt\/index.php\/wp-json\/wp\/v2\/media\/263"}],"wp:attachment":[{"href":"https:\/\/pasaulioziniasklaida.lt\/index.php\/wp-json\/wp\/v2\/media?parent=262"}],"wp:term":[{"taxonomy":"category","embeddable":true,"href":"https:\/\/pasaulioziniasklaida.lt\/index.php\/wp-json\/wp\/v2\/categories?post=262"},{"taxonomy":"post_tag","embeddable":true,"href":"https:\/\/pasaulioziniasklaida.lt\/index.php\/wp-json\/wp\/v2\/tags?post=262"}],"curies":[{"name":"wp","href":"https:\/\/api.w.org\/{rel}","templated":true}]}}