{"id":270,"date":"2024-09-06T05:09:13","date_gmt":"2024-09-06T05:09:13","guid":{"rendered":"https:\/\/pasaulioziniasklaida.lt\/index.php\/2024\/09\/06\/rugsejo-11-osios-isgyvenusieji-klausia-atrasto-vaizdo-iraso-kuriame-rodomas-saudo-arabijos-agentas-pasaulio-naujienos\/"},"modified":"2024-09-06T05:09:13","modified_gmt":"2024-09-06T05:09:13","slug":"rugsejo-11-osios-isgyvenusieji-klausia-atrasto-vaizdo-iraso-kuriame-rodomas-saudo-arabijos-agentas-pasaulio-naujienos","status":"publish","type":"post","link":"https:\/\/pasaulioziniasklaida.lt\/index.php\/2024\/09\/06\/rugsejo-11-osios-isgyvenusieji-klausia-atrasto-vaizdo-iraso-kuriame-rodomas-saudo-arabijos-agentas-pasaulio-naujienos\/","title":{"rendered":"Rugs\u0117jo 11-osios i\u0161gyvenusieji klausia atrasto vaizdo \u012fra\u0161o, kuriame rodomas \u201eSaudo Arabijos agentas\u201c | Pasaulio naujienos"},"content":{"rendered":"<p> <br \/>\n<\/p>\n<div data-component-name=\"ui-article-body\" data-highlight-intro=\"true\">\n<p>Prie\u0161 23 metus brit\u0173 detektyv\u0173 paimtas vaizdo \u012fra\u0161as i\u0161 ankstyvo Rugs\u0117jo 11-osios \u012ftariamojo kelia daugyb\u0119 klausim\u0173, sako vienas i\u0161 i\u0161puoli\u0173 i\u0161gyven\u0119s asmuo.<\/p>\n<p>Anks\u010diau nematyt\u0105 film\u0105 \u012ftariamasis nufilmavo dvejus metus prie\u0161 u\u017egrob\u0117j\u0173 puolim\u0105 klajodamas po JAV vyriausyb\u0117s pastatus Va\u0161ingtone.<\/p>\n<p>Jis nufilmavo Baltuosius r\u016bmus, Kapitolijus, Auk\u0161\u010diausi\u0105j\u012f teism\u0105 ir apsaugininkus viduje ir dav\u0117 stulbinant\u012f komentar\u0105, vienu metu sakydamas arabi\u0161kai: &#8222;Jie sako, kad m\u016bs\u0173 vaikai yra demonai. Ta\u010diau tai yra Balt\u0173j\u0173 r\u016bm\u0173 demonai&#8221;.<\/p>\n<p>Per \u017eemai skrendan\u010dio l\u0117ktuvo kadrus jis sako: \u201eOro uostas netoli nuo \u010dia. L\u0117ktuvas kyla\u201c.<\/p>\n<div class=\"sdc-article-widget sdc-article-image\">\n<figure class=\"sdc-article-image__figure\">\n<div class=\"sdc-article-image__wrapper\" data-aspect-ratio=\"16\/9\">\n          \n    <\/div><figcaption class=\"ui-media-caption\">\n        <span class=\"u-hide-visually\">Vaizdas:<\/span><br \/>\n        <span class=\"ui-media-caption__caption-text\">Kadras i\u0161 vaizdo \u012fra\u0161o<br \/>\n        <\/span><br \/>\n      <\/figcaption><\/figure>\n<\/div>\n<p>Valand\u0105 trunkantis filmas baigiasi ant Kapitolijaus pastato, kur kamera guli ant dviej\u0173 limuzin\u0173. Balsas sako: &#8222;J\u0173 automobiliai. J\u016bs tai pasak\u0117te plane.&#8221;<\/p>\n<p>Skotland Jardo pareig\u016bnai aptiko juost\u0105, kai de\u0161imt dien\u0173 po rugs\u0117jo 11-osios sulaik\u0117 \u012ftariam\u0105j\u012f, brand\u0173 Saudo Arabijos student\u0105 Omar\u0105 al-Bayoumi savo namuose Birmingeme.<\/p>\n<p>Septynias dienas jis buvo apklausiamas kovos su terorizmu detektyv\u0173, o po to paleistas nepateikus kaltinim\u0173.<\/p>\n<p>V\u0117liau FTB j\u012f atpa\u017eino kaip Saudo Arabijos \u017evalgybos agent\u0105. Jis neigia tai ir bet kuri\u0105 rugs\u0117jo 11-osios dal\u012f ir sak\u0117 JAV tyr\u0117jams, kad jo filmas buvo paprastas turistinis vaizdo \u012fra\u0161as.<\/p>\n<p>Jis prisipa\u017eino, kad po met\u0173 nekaltai draugavo su dviem b\u016bsimais teroristais, kurie u\u017egrobtu l\u0117ktuvu \u012fskrido \u012f Pentagon\u0105 ir nu\u017eud\u0117 189 \u017emones.<\/p>\n<div class=\"sdc-article-widget sdc-article-image\">\n<figure class=\"sdc-article-image__figure\">\n<div class=\"sdc-article-image__wrapper\" data-aspect-ratio=\"16\/9\">\n          <img decoding=\"async\" class=\"sdc-article-image__item\" loading=\"lazy\" intrinsicsize=\"768x432\" src=\"https:\/\/e3.365dm.com\/24\/09\/768x432\/skynews-omar-al-bayoumi-september-11_6677817.jpg?20240906031503\" srcset=\"https:\/\/e3.365dm.com\/24\/09\/384x216\/skynews-omar-al-bayoumi-september-11_6677817.jpg?20240906031503 380w, https:\/\/e3.365dm.com\/24\/09\/768x432\/skynews-omar-al-bayoumi-september-11_6677817.jpg?20240906031503 760w, https:\/\/e3.365dm.com\/24\/09\/1600x900\/skynews-omar-al-bayoumi-september-11_6677817.jpg?20240906031503 1024w, https:\/\/e3.365dm.com\/24\/09\/2048x1152\/skynews-omar-al-bayoumi-september-11_6677817.jpg?20240906031503 2048w\" sizes=\"(min-width: 1024px) 1024px, 100vw\" alt=\"Kadras i\u0161 vaizdo \u012fra\u0161o\"\/>\n    <\/div>\n<\/figure>\n<\/div>\n<p>Ne\u017einoma, ar al-Bayoumi juosta ir visi ar dalis per reid\u0105 paimt\u0173 daikt\u0173 tuo metu 2001 metais buvo perduoti Amerikos vald\u017eiai.<\/p>\n<p>Vaizdo \u012fra\u0161as buvo parodytas neseniai per civilin\u0119 byl\u0105 Niujorke, kurioje Rugs\u0117jo 11-osios aukos ir j\u0173 \u0161eimos, ie\u0161kovai, bando paduoti \u012f teism\u0105 Saudo Arabijos vyriausyb\u0119 d\u0117l bendrininkavimo vykdant i\u0161puolius.<\/p>\n<p>Ie\u0161kov\u0173 teisinink\u0173 komanda prie\u0161 trejus metus papra\u0161\u0117 Metropoliteno policijos ie\u0161koti archyvo ir atsi\u0173sti visk\u0105, k\u0105 ji turi i\u0161 tyrimo d\u0117l pono al-Bayoumi. A\u0161tuoni\u0173 detektyv\u0173 ir personalo komanda kelis m\u0117nesius sijojo 104 d\u0117\u017ees archyvuot\u0173 byl\u0173.<\/p>\n<p>Ie\u0161kov\u0173 advokatas Gavinas Simpsonas paleido juost\u0105 ir pasak\u0117 teis\u0117jui: \u201eDaugelis \u012frodym\u0173, kuriuos pa\u0117m\u0117 Metropoliteno policija&#8230; leid\u017eia j\u016bs\u0173 garbei, visuomenei ir Rugs\u0117jo 11-osios \u0161eimoms pa\u010dioms suvokti mechanizm\u0105, kuriuo Saudo Arabija suteik\u0117 param\u0105 rugs\u0117jo 11-osios u\u017egrob\u0117jai.<\/p>\n<p>\u201eBayoumio vaizdajuost\u0117 tur\u0117jo visas charakteristikas, b\u016bdingas \u201eal Qaeda\u201c teroristiniam taikiniui.<\/p>\n<div class=\"sdc-article-widget sdc-article-image\">\n<figure class=\"sdc-article-image__figure\">\n<div class=\"sdc-article-image__wrapper\" data-aspect-ratio=\"16\/9\">\n          <img decoding=\"async\" class=\"sdc-article-image__item\" loading=\"lazy\" intrinsicsize=\"768x432\" src=\"https:\/\/e3.365dm.com\/24\/09\/768x432\/skynews-sharon-premoli-9-11_6677811.jpg?20240906022301\" srcset=\"https:\/\/e3.365dm.com\/24\/09\/384x216\/skynews-sharon-premoli-9-11_6677811.jpg?20240906022301 380w, https:\/\/e3.365dm.com\/24\/09\/768x432\/skynews-sharon-premoli-9-11_6677811.jpg?20240906022301 760w, https:\/\/e3.365dm.com\/24\/09\/1600x900\/skynews-sharon-premoli-9-11_6677811.jpg?20240906022301 1024w, https:\/\/e3.365dm.com\/24\/09\/2048x1152\/skynews-sharon-premoli-9-11_6677811.jpg?20240906022301 2048w\" sizes=\"(min-width: 1024px) 1024px, 100vw\" alt=\"Sharon Premoli\"\/>\n    <\/div><figcaption class=\"ui-media-caption\">\n        <span class=\"u-hide-visually\">Vaizdas:<\/span><br \/>\n        <span class=\"ui-media-caption__caption-text\">Sharon Premoli pab\u0117go i\u0161 80 auk\u0161to per bok\u0161t\u0173 dvyni\u0173 i\u0161puol\u012f<br \/>\n        <\/span><br \/>\n      <\/figcaption><\/figure>\n<\/div>\n<p>Rugs\u0117jo 11-\u0105j\u0105 i\u0161gyvenusi kampanijos veik\u0117ja Sharon Premoli i\u0161klaus\u0117 neseniai vykus\u012f pos\u0117d\u012f, kai buvo leid\u017eiamos juostos dalys, ir pasak\u0117: \u201eAl-Bayoumi kalba buvo labai kaltinama.<\/p>\n<p>&#8222;Jis vartojo du \u017eod\u017eius, vienas i\u0161 j\u0173 yra &#8222;demonai&#8221; Kapitolijaus viduje, o antrasis &#8211; &#8222;planas&#8221;, apie kur\u012f jis kalb\u0117jo. Tai ne turistinis vaizdo \u012fra\u0161as, jis apgaub\u0117 pastatus ir teritorij\u0105.&#8221;<\/p>\n<p>M. Premoli, pab\u0117gusi i\u0161 80 auk\u0161to per Manheteno bok\u0161t\u0173 dvyni\u0173 i\u0161puol\u012f, sak\u0117: \u201eNuostabu, kad Met\u0173 policija sugeb\u0117jo konfiskuoti \u0161i\u0105 informacij\u0105, bet gaila, kad teko tiek ilgai laukti.<\/p>\n<p>&#8222;Ne\u017einome, kiek laiko kas nors i\u0161 JAV vyriausyb\u0117s tur\u0117jo toki\u0105 med\u017eiag\u0105. \u017dinome, kad FTB ir C\u017dV nepad\u0117jo vieni kitiems ir d\u0117l to daug kas buvo praleista. Taip pat gali b\u016bti, kad Busho administracija j\u0105 tur\u0117jo ir nusprend\u0117 to nepad\u0117ti. daryk visk\u0105, kad apsaugot\u0173 Saudo Arabij\u0105\u201c.<\/p>\n<p>Taip pat pirm\u0105 kart\u0105 teisme buvo parodytas s\u0105siuvinio puslapis su u\u017era\u0161ais ir skai\u010diavimais apie l\u0117ktuvo atstum\u0105 nuo \u017eem\u0117s ir horizonto. P. al-Bayoumi sak\u0117, kad tai buvo jo paauglio s\u016bnaus nam\u0173 darb\u0173 projekto dalis.<\/p>\n<div class=\"sdc-article-widget sdc-article-image\">\n<figure class=\"sdc-article-image__figure\">\n<div class=\"sdc-article-image__wrapper\" data-aspect-ratio=\"16\/9\">\n          <img decoding=\"async\" class=\"sdc-article-image__item\" loading=\"lazy\" intrinsicsize=\"768x432\" src=\"https:\/\/e3.365dm.com\/24\/09\/768x432\/skynews-september-11-new-york_6677812.jpg?20240906024048\" srcset=\"https:\/\/e3.365dm.com\/24\/09\/384x216\/skynews-september-11-new-york_6677812.jpg?20240906024048 380w, https:\/\/e3.365dm.com\/24\/09\/768x432\/skynews-september-11-new-york_6677812.jpg?20240906024048 760w, https:\/\/e3.365dm.com\/24\/09\/1600x900\/skynews-september-11-new-york_6677812.jpg?20240906024048 1024w, https:\/\/e3.365dm.com\/24\/09\/2048x1152\/skynews-september-11-new-york_6677812.jpg?20240906024048 2048w\" sizes=\"(min-width: 1024px) 1024px, 100vw\" alt=\"Nuotrauka: Reuters\"\/>\n    <\/div><figcaption class=\"ui-media-caption\">\n        <span class=\"u-hide-visually\">Vaizdas:<\/span><br \/>\n        <span class=\"ui-media-caption__caption-text\">Nuotrauka: Reuters<br \/>\n        <\/span><br \/>\n      <\/figcaption><\/figure>\n<\/div>\n<p><strong>Skaityti daugiau<\/strong>:<br \/><strong>D\u017eord\u017eijos valstijos t\u0117vas, \u012ftariamas \u0161audymu, Coltas Gr\u0117jus sulaikytas<\/strong><br \/><strong>Hunteris Bidenas netik\u0117tai prisipa\u017e\u012fsta d\u0117l kalt\u0117s mokes\u010di\u0173 vengimo byloje<\/strong><\/p>\n<p>Nei bloknotas, nei juostel\u0117 nebuvo pateikti Rugs\u0117jo 11-osios komisijos nariams, kurie pareng\u0117 ataskait\u0105 apie i\u0161puolius ir tai, kas juos paskatino. Ji kritikavo FTB ir C\u017dV, bet po interviu al-Bayoumi Saudo Arabijoje padar\u0117 i\u0161vad\u0105, kad jis nedalyvavo s\u0105moksle.<\/p>\n<p>Robbyn Swan, autoritetingos knygos \u201eThe Eleventh Day, Full Story of 9\/11\u201c bendraautorius, sak\u0117: \u201eMeto pateikti daiktai yra labai svarb\u016bs nauji \u012frodymai, kurie, mano manymu, tikrai patvirtina mint\u012f. kad Saudo Arabijos re\u017eimo darbuotojas ar darbuotojai pad\u0117jo rugs\u0117jo 11-osios u\u017egrob\u0117jams ir juos kurst\u0117, ir tai yra bylos esm\u0117.<\/p>\n<p>\u201eKai kurie mano \u0161altiniai teig\u0117, kad FTB nuo pat prad\u017ei\u0173 nenor\u0117jo nagrin\u0117ti oficialaus Saudo Arabijos \u012fsitraukimo \u012f galimyb\u0119, ir tai yra neatsiejama dalis tos tyrimo dalies, kuri\u0105 jie mat\u0117 tuo metu, trukdymo.<\/p>\n<p>Anks\u010diau Saudo Arabijos vyriausyb\u0117 tai neig\u0117 arba bet kuris i\u0161 jos pareig\u016bn\u0173 skatino ar r\u0117m\u0117 Rugs\u0117jo 11-osios teroristus.<\/p>\n<\/p><\/div>\n<p><br \/>\n<br \/><a href=\"https:\/\/news.sky.com\/story\/911-survivors-question-unearthed-video-showing-saudi-agent-13210370\">Source link <\/a><\/p>\n","protected":false},"excerpt":{"rendered":"<p>Prie\u0161 23 metus brit\u0173 detektyv\u0173 paimtas vaizdo \u012fra\u0161as i\u0161 ankstyvo Rugs\u0117jo 11-osios \u012ftariamojo kelia daugyb\u0119 klausim\u0173, sako vienas i\u0161 i\u0161puoli\u0173 i\u0161gyven\u0119s asmuo. Anks\u010diau nematyt\u0105 film\u0105 \u012ftariamasis nufilmavo dvejus metus prie\u0161 u\u017egrob\u0117j\u0173 puolim\u0105 klajodamas po JAV vyriausyb\u0117s pastatus Va\u0161ingtone. Jis nufilmavo Baltuosius r\u016bmus, Kapitolijus, Auk\u0161\u010diausi\u0105j\u012f teism\u0105 ir apsaugininkus viduje ir dav\u0117 stulbinant\u012f komentar\u0105, vienu metu sakydamas [&hellip;]<\/p>\n","protected":false},"author":1,"featured_media":271,"comment_status":"open","ping_status":"open","sticky":false,"template":"","format":"standard","meta":{"om_disable_all_campaigns":false,"_monsterinsights_skip_tracking":false,"_monsterinsights_sitenote_active":false,"_monsterinsights_sitenote_note":"","_monsterinsights_sitenote_category":0,"footnotes":""},"categories":[4],"tags":[126,136,135,129,131,127,128,132,24,23,133,125,134,130],"class_list":["post-270","post","type-post","status-publish","format-standard","has-post-thumbnail","hentry","category-pasaulio-naujienos","tag-11osios","tag-agentas","tag-arabijos","tag-atrasto","tag-iraso","tag-isgyvenusieji","tag-klausia","tag-kuriame","tag-naujienos","tag-pasaulio","tag-rodomas","tag-rugsejo","tag-saudo","tag-vaizdo"],"aioseo_notices":[],"_links":{"self":[{"href":"https:\/\/pasaulioziniasklaida.lt\/index.php\/wp-json\/wp\/v2\/posts\/270","targetHints":{"allow":["GET"]}}],"collection":[{"href":"https:\/\/pasaulioziniasklaida.lt\/index.php\/wp-json\/wp\/v2\/posts"}],"about":[{"href":"https:\/\/pasaulioziniasklaida.lt\/index.php\/wp-json\/wp\/v2\/types\/post"}],"author":[{"embeddable":true,"href":"https:\/\/pasaulioziniasklaida.lt\/index.php\/wp-json\/wp\/v2\/users\/1"}],"replies":[{"embeddable":true,"href":"https:\/\/pasaulioziniasklaida.lt\/index.php\/wp-json\/wp\/v2\/comments?post=270"}],"version-history":[{"count":0,"href":"https:\/\/pasaulioziniasklaida.lt\/index.php\/wp-json\/wp\/v2\/posts\/270\/revisions"}],"wp:featuredmedia":[{"embeddable":true,"href":"https:\/\/pasaulioziniasklaida.lt\/index.php\/wp-json\/wp\/v2\/media\/271"}],"wp:attachment":[{"href":"https:\/\/pasaulioziniasklaida.lt\/index.php\/wp-json\/wp\/v2\/media?parent=270"}],"wp:term":[{"taxonomy":"category","embeddable":true,"href":"https:\/\/pasaulioziniasklaida.lt\/index.php\/wp-json\/wp\/v2\/categories?post=270"},{"taxonomy":"post_tag","embeddable":true,"href":"https:\/\/pasaulioziniasklaida.lt\/index.php\/wp-json\/wp\/v2\/tags?post=270"}],"curies":[{"name":"wp","href":"https:\/\/api.w.org\/{rel}","templated":true}]}}