{"id":272,"date":"2024-09-06T15:08:19","date_gmt":"2024-09-06T15:08:19","guid":{"rendered":"https:\/\/pasaulioziniasklaida.lt\/index.php\/2024\/09\/06\/521-asis-panevezio-miesto-gimtadienis-kulturos-meno-ir-pramogu-svente\/"},"modified":"2024-09-06T15:08:19","modified_gmt":"2024-09-06T15:08:19","slug":"521-asis-panevezio-miesto-gimtadienis-kulturos-meno-ir-pramogu-svente","status":"publish","type":"post","link":"https:\/\/pasaulioziniasklaida.lt\/index.php\/2024\/09\/06\/521-asis-panevezio-miesto-gimtadienis-kulturos-meno-ir-pramogu-svente\/","title":{"rendered":"521-asis Panev\u0117\u017eio miesto gimtadienis: kult\u016bros, meno ir pramog\u0173 \u0161vent\u0117"},"content":{"rendered":"<p> <br \/>\n<\/p>\n<p><\/p>\n<p><strong>Jau \u0161iandien, rugs\u0117jo 6 d., prasideda tris dienas truksianti 521-ojo Auk\u0161taitijos sostin\u0117s \u2013 Panev\u0117\u017eio \u2013 gimtadienio \u0161vent\u0117. Rugs\u0117jo 6\u20138 dienomis miesto gyventojai ir sve\u010diai kvie\u010diami dalyvauti gausyb\u0117je rengini\u0173, bus \u012fdomi\u0173 u\u017esi\u0117mim\u0173, pasirodym\u0173, skambesio, judesio.<\/strong><\/p>\n<p><strong>Penktadien\u012f, rugs\u0117jo 6 d.,<\/strong> prasideda tris dienas vyksiantis tarptautinis l\u0117li\u0173 teatr\u0173 festivalis \u201eL\u0117l\u0117 gatv\u0117je 2024\u201c. Apsilank\u0119 festivalyje i\u0161vys \u012fvairi\u0173 \u017eanr\u0173 ir tem\u0173 spektaklius, kurie, anot organizatori\u0173, tur\u0117t\u0173 kelti jausmus. Festivalio programoje taip pat numatytos edukacin\u0117s veiklos, o vieno j\u0173 ma\u017eieji \u017ei\u016brovai tur\u0117s pa\u017einti l\u0117li\u0173 teatro pasaul\u012f i\u0161 arti. Vyks ir k\u016brybin\u0117s dirbtuv\u0117s su aktore, re\u017eisiere Agne Sunklodaite. \u010cia i\u0161vardinta tikrai dar ne viskas, L\u0117li\u0173 teatr\u0173 festivalio i\u0161sami\u0105 program\u0105 rasite www.leliuvezimoteatras.lt<\/p>\n<p>Panev\u0117\u017eie\u010diai ir miesto sve\u010diai apsilank\u0119 Laisv\u0117s aik\u0161t\u0117je gal\u0117s pasigro\u017e\u0117ti profesionalus, Panev\u0117\u017eio gimusio ir augusio, dailininko Giedriaus Maz\u016bro instaliacija \u201eMiesto atspindys\u201c. \u0160i unikali veidrod\u017ei\u0173 instaliacija \u2013 tarsi ne\u012fpareigojantis ry\u0161kus spalv\u0173 ir atspind\u017ei\u0173 \u017eaismas i\u0161 tolo vilios ir trauks lankytojus pasinerti \u012f spalv\u0173 \u017eaism\u0105 bei pamatyti save kitaip. \u0160i instaliacija veiks visas tris gimtadienio dienas.<\/p>\n<p>Respublikos gatv\u0117je gyventojai kvie\u010diami u\u017esukti \u012f \u201eMeno piev\u0105\u201c \u2013 kurioje unikali erdv\u0117, veiks k\u016brybini\u0173 edukacij\u0173 centras \u201eKogan Art\u201c, jame bus pristatomas naujas mamos ir dukros k\u016brybinis projektas. \u0160ioje k\u016brybi\u0161kumo stotel\u0117je bus galima su\u017einoti apie centro vykdom\u0105 veikl\u0105. \u010cia pat vyks meno ringas \u2013 per 20 min. sukurti paveiksl\u0105 gali ir profesionalai, ir m\u0117g\u0117jai. \u0160alia organizacija pakuo\u010di\u0173 atliek\u0173 tvarkymo \u201e\u017daliasis ta\u0161kas\u201c kvies susipa\u017einti su \u201e\u0161iuk\u0161li\u0173 \u0161erifo\u201c komanda. At\u0117jusieji autobusai kvie\u010diami pasitikrinti praktines \u017einias r\u016b\u0161iavimo turnyre, o var\u017eytuv\u0117ms nenusiteiksite su\u017einoti, kaip teisingai tvarkyti atliekas taupant tiek savo, tiek kit\u0173 laiko bei r\u016bpinantis gamta.<\/p>\n<p>Senvag\u0117s amfiteatre vyks diskusija \u201eK\u016br\u0117jo kodas\u201c, kurioje dalyvaujasdizainer\u0117s Marija Petraityt\u0117 ir Patricija Palubinskait\u0117 bei stilistas Vainotas Jak\u0161tas. \u0160ie panev\u0117\u017eie\u010diai kuria \u012fvaizd\u017eius \u0161alies pramog\u0173 pasaulio \u017evaig\u017ed\u0117ms. Rengin\u012f ves aktoriai Urt\u0117 Povilauskait\u0117 ir Kasparas Varanavi\u010dius.<\/p>\n<p><strong>\u0160e\u0161tadien\u012f, rugs\u0117jo 7 d., <\/strong>\u201eMeno pievoje\u201c veiks Panev\u0117\u017eio fotograf\u0173 draugijos paroda \u201eMen\u0173 fotografija 23\u201c, vyks susitikimas su fotomenininku Sauliumi Salad\u016bnu, k\u016brybin\u0117s dirbtuv\u0117s, dalyvauja meninink\u0117 Fausta Dir\u017eyt\u0117 ir tapybos studija \u201eDruska\u201c, veiks dail\u0117s studijos \u201eSpalv\u0173 ratas\u201c darb\u0173 paroda, bus tapoma, pie\u0161iamas grafitas. Apsilankiusieji pamatys instaliacij\u0105 \u201eNauja prad\u017eia\u201c, kurioje \u2013 seni, ma\u017eiau reikaling\u0173 daikt\u0173 daiktai bus prikelti naujam gyvenimui ir atgis mene, menininko rankose. Tai \u017einia apie tvarumo svarb\u0105, skatinimas k\u016brybi\u0161kai naudoti esamus daiktus.<\/p>\n<p>Juozo Miltinio dramos teatre vyks susitikimas su dailininku, fotografu, iliustratoriumi, muzikantu, tekst\u0173 ra\u0161ytoju Algiu Krik\u0161\u010di\u016bnu ir dirbtinio intelekto technologijomis parodos \u201eSapnuojant gyvenim\u0105\u201c atidarymas. Bus rodomas autoriaus sukurtas virtualios realyb\u0117s filmas \u201e\u017daisti gyvenim\u0105\u201c.<\/p>\n<p>Prie \u201eStasio muziejus\u201c \u2013 Ievos Brik\u0117s performansas \u201eSinguliariumas\u201c. Jo metu meninink\u0117 4 valand\u0173 \u0161oks pagal popmuzik\u0105, taip bus siekiama patirti ilgiems pasirodymams b\u016bding\u0105 b\u016bsen\u0105, kada i\u0161nyksta kasdienis laiko suvokimas, \u012fvyksta visi\u0161kai atsipalaidavimas. Dalyvauti kvie\u010diami visi norintys ir galintys \u0161okti \u2013 pusvaland\u012f, de\u0161imt minu\u010di\u0173, valand\u0105, o gal net keturias. B\u016btinas \u0161io performanso aprangos kodas \u2013 akiniai nuo saul\u0117s.<\/p>\n<p>Laisv\u0117s aik\u0161t\u0117je veiks \u201eMen\u0173 fontanas\u201c, kuriame \u2013 \u012fvairios dirbtuv\u0117s, u\u017esi\u0117mimai vaikams, Panev\u0117\u017eio robotikos centras \u201eRoboLabas\u201c, STEAM centro atstovai kvies dalyvauja interaktyvaus meno u\u017esi\u0117mimuose. \u010cia pat veiks barzdasku\u010di\u0173 kirpykla \u201eEgoisto Barber Shop\u201c, prisistatym\u0105 surengs \u201eSpikeball Lietuva ir kt. At\u0117jusieji gal\u0117s steb\u0117ti pasirodym\u0105. Mono\u0161okio spektakl\u012f \u201e\u017dmogus M\u0117nulyje\u201c atliks Lietuvos \u0161okio menininkas Marius Pinigis. K\u016brinio pavadinimas metafora, atskleid\u017eianti yra spektaklio menininko siek\u012f pilnai pasinerti \u012f dar netyrin\u0117tus vidinius ir savirai\u0161kos plotus. \u017di\u016br\u0117dami \u201eVasarvid\u017eio nakties sapno\u201c performans\u0105 renginio dalyviai patirs meno ir gamtos derm\u0119 \u2013 profesionali\u0173 atlik\u0117j\u0173 komanda itin populiari\u0105 V. \u0160ekspyro pjes\u0119 perkels \u012f Neringos gamtos peiza\u017e\u0105, \u012fsteig\u0117 k\u016brybos adaptuojant Lietuvos kult\u016briniam ir istoriniam kontekstui. Spektaklis nagrin\u0117ja \u0161iuolaikin\u0117s meil\u0117s ir greito vartojimo temos. Pasirodym\u0105 gyvai atliekama muzika \u012fgarsins charizmati\u0161kasis multiinstrumentalistas, terapini\u0173 garso kelioni\u0173 vedlys Daumantas Luko\u0161i\u016bnas. Gatv\u0117s spektaklyje \u201e\u017dvilgsnis\u201c parod\u0117 Agn\u0117 Muralyt\u0117 be \u017eod\u017ei\u0173 bandys perteikti istorij\u0105 judesiu, \u017evilgsniu, matomais objektais. \u0160is spektaklis yra apie baim\u0119 nepa\u017e\u012fstamam, kuri da\u017enai klaidina.<\/p>\n<p>Respublikos, Vasario 16-osios, Elektros g. vyksian\u010dioje menin\u0117je akcijoje \u201eD\u017eiaugsmo up\u0117\u201c pasirinktu mar\u0161rutu, \u012fsiterpdami \u012f peiza\u017e\u0105, ried\u0117s 2500 juod\u0173 kamuoli\u0173. Taip bus siekiama apm\u0105styti laisv\u0119 ir realumo santyk\u012f.<\/p>\n<p>Laisv\u0117s a. gatv\u0117s \u0161oki\u0173 \u2013 gimtadienio fla\u0161mobo programa \u2013 pristatys daugkartinis \u0161alies sportin\u0117s gimnastikos \u010dempionas Dainius \u017debrauskas, kitaip \u017einios \u201eSkruzd\u0117liuko\u201c vardu.<\/p>\n<p><strong>Sekmadien\u012f<\/strong>rugs\u0117jo 8 d., prie U\u017eimtumo tarnybos Savanori\u0173 a. bus vykdoma Valstybin\u0117s prie\u0161gaisrin\u0117s gelb\u0117jimo tarnybos prevencin\u0117 programa. K\u016brybi\u0161kumo centras \u201ePragiedruliai\u201c veiks interaktyvios lauko erdv\u0117s, nemokamai prisijungti ekspozicijos kvies \u201eStasys Museum\u201c, Panev\u0117\u017eio dail\u0117s ir fotografijos galerijos, Kra\u0161totyros muziejus, vyks tarptautinio l\u0117li\u0173 teatr\u0173 festivalio \u201eL\u0117l\u0117 gatv\u0117je 2024\u201c u\u017edarymas ir kt.<\/p>\n<p>Trij\u0173 dien\u0173 gimtadienio \u0161vent\u0119 sekmadien\u012f 21.30 val. vainikuos Senvag\u0117s fontano menin\u0117 programa.<\/p>\n<p>I\u0161sami\u0105 Panev\u0117\u017eio gimtadienio renginio program\u0105 rasite www.paneveziogimtadienis.lt.<\/p>\n<p><span style=\"font-size: 10pt\"><em>\u2022 Komunikacijos skyrius<\/em><\/span><\/p>\n<p>Daugiau naujien\u0173 rasite portale Miesto naujienos.<\/p>\n<p><br \/>\n<br \/><a href=\"https:\/\/miestonaujienos.lt\/521-asis-panevezio-miesto-gimtadienis-kulturos-meno-ir-pramogu-svente\/\">Source link <\/a><\/p>\n","protected":false},"excerpt":{"rendered":"<p>Jau \u0161iandien, rugs\u0117jo 6 d., prasideda tris dienas truksianti 521-ojo Auk\u0161taitijos sostin\u0117s \u2013 Panev\u0117\u017eio \u2013 gimtadienio \u0161vent\u0117. Rugs\u0117jo 6\u20138 dienomis miesto gyventojai ir sve\u010diai kvie\u010diami dalyvauti gausyb\u0117je rengini\u0173, bus \u012fdomi\u0173 u\u017esi\u0117mim\u0173, pasirodym\u0173, skambesio, judesio. Penktadien\u012f, rugs\u0117jo 6 d., prasideda tris dienas vyksiantis tarptautinis l\u0117li\u0173 teatr\u0173 festivalis \u201eL\u0117l\u0117 gatv\u0117je 2024\u201c. Apsilank\u0119 festivalyje i\u0161vys \u012fvairi\u0173 \u017eanr\u0173 ir [&hellip;]<\/p>\n","protected":false},"author":1,"featured_media":273,"comment_status":"open","ping_status":"open","sticky":false,"template":"","format":"standard","meta":{"om_disable_all_campaigns":false,"_monsterinsights_skip_tracking":false,"_monsterinsights_sitenote_active":false,"_monsterinsights_sitenote_note":"","_monsterinsights_sitenote_category":0,"footnotes":""},"categories":[3],"tags":[137,139,140,141,115,138,142,143],"class_list":["post-272","post","type-post","status-publish","format-standard","has-post-thumbnail","hentry","category-salies-naujienos","tag-521asis","tag-gimtadienis","tag-kulturos","tag-meno","tag-miesto","tag-panevezio","tag-pramogu","tag-svente"],"aioseo_notices":[],"_links":{"self":[{"href":"https:\/\/pasaulioziniasklaida.lt\/index.php\/wp-json\/wp\/v2\/posts\/272","targetHints":{"allow":["GET"]}}],"collection":[{"href":"https:\/\/pasaulioziniasklaida.lt\/index.php\/wp-json\/wp\/v2\/posts"}],"about":[{"href":"https:\/\/pasaulioziniasklaida.lt\/index.php\/wp-json\/wp\/v2\/types\/post"}],"author":[{"embeddable":true,"href":"https:\/\/pasaulioziniasklaida.lt\/index.php\/wp-json\/wp\/v2\/users\/1"}],"replies":[{"embeddable":true,"href":"https:\/\/pasaulioziniasklaida.lt\/index.php\/wp-json\/wp\/v2\/comments?post=272"}],"version-history":[{"count":0,"href":"https:\/\/pasaulioziniasklaida.lt\/index.php\/wp-json\/wp\/v2\/posts\/272\/revisions"}],"wp:featuredmedia":[{"embeddable":true,"href":"https:\/\/pasaulioziniasklaida.lt\/index.php\/wp-json\/wp\/v2\/media\/273"}],"wp:attachment":[{"href":"https:\/\/pasaulioziniasklaida.lt\/index.php\/wp-json\/wp\/v2\/media?parent=272"}],"wp:term":[{"taxonomy":"category","embeddable":true,"href":"https:\/\/pasaulioziniasklaida.lt\/index.php\/wp-json\/wp\/v2\/categories?post=272"},{"taxonomy":"post_tag","embeddable":true,"href":"https:\/\/pasaulioziniasklaida.lt\/index.php\/wp-json\/wp\/v2\/tags?post=272"}],"curies":[{"name":"wp","href":"https:\/\/api.w.org\/{rel}","templated":true}]}}