{"id":300,"date":"2024-09-13T06:12:22","date_gmt":"2024-09-13T06:12:22","guid":{"rendered":"https:\/\/pasaulioziniasklaida.lt\/index.php\/2024\/09\/13\/sky-news-tyrimas-randa-daugiau-nei-70-000-tiktok-irasu-naudojant-naciu-irasus-mokslo-ir-technologiju-naujienos\/"},"modified":"2024-09-13T06:12:22","modified_gmt":"2024-09-13T06:12:22","slug":"sky-news-tyrimas-randa-daugiau-nei-70-000-tiktok-irasu-naudojant-naciu-irasus-mokslo-ir-technologiju-naujienos","status":"publish","type":"post","link":"https:\/\/pasaulioziniasklaida.lt\/index.php\/2024\/09\/13\/sky-news-tyrimas-randa-daugiau-nei-70-000-tiktok-irasu-naudojant-naciu-irasus-mokslo-ir-technologiju-naujienos\/","title":{"rendered":"Sky News tyrimas randa daugiau nei 70 000 TikTok \u012fra\u0161\u0173 naudojant naci\u0173 \u012fra\u0161us | Mokslo ir technologij\u0173 naujienos"},"content":{"rendered":"<p> <br \/>\n<\/p>\n<div data-component-name=\"ui-article-body\" data-highlight-intro=\"true\">\n<p>\u012esp\u0117jimas: \u0161ioje istorijoje yra \u012f\u017eeid\u017eian\u010dios kalbos, \u012fskaitant antisemitin\u012f turin\u012f.<\/p>\n<p>Adolfo Hitlerio \u0161auksmas kupinas antisemitinio vitriolio, teigian\u010dio, kad \u017eydai stengiasi pakirsti taik\u0105 Europoje.<\/p>\n<p>Ne\u012fprasta yra greita muzika ir tai, kad bendras garso \u012fra\u0161as pasiekiamas daugiau nei 100 \u012fra\u0161\u0173 \u201eTikTok\u201c ir pritraukia \u201epatinka\u201c.<\/p>\n<p>\u201eSky News\u201c nustat\u0117, kad naci\u0173 kalbos ir \u017eygiavimo muzika \u201eTikTok\u201c buvo paversti populiariais \u201egarsais\u201c (garsas, naudojamas kaip daugelio vaizdo \u012fra\u0161\u0173 pagrindas) ir naudojami kaip garso takeliai ma\u017eiausiai 72 534 \u012fra\u0161uose.<\/p>\n<p>Vaizdo \u012fra\u0161ai, kuriuose naudojami \u0161ie garsai, sulauk\u0117 didelio susidom\u0117jimo platformoje, o kai kurie i\u0161 \u201eTikTok\u201c vartotoj\u0173 sulauk\u0117 milijon\u0173 \u012fvertinim\u0173 \u201ePatinka\u201c.<\/p>\n<p>Pavyzd\u017eiui, viename \u012fra\u0161e kaltinami \u017eydai d\u0117l \u201eEuropos islamizavimo\u201c, o kitame \u2013 tekstas \u201esumai\u0161ius balt\u0105 su juoda, balta spalva i\u0161nyksta\u201c \u0161alia tarprasin\u0117s poros atvaizdo.<\/p>\n<p><strong>Naci\u0173 kalbos <\/strong><\/p>\n<p>Rugs\u0117jo 2\u20133 d. ie\u0161kant \u201eTikTok\u201c buvo rasti 50 023 \u012fra\u0161ai, naudojant garsus, kuriuose yra naci\u0173, \u012fskaitant Adolf\u0105 Hitler\u012f ir jo vyriausi\u0105j\u012f propagandist\u0105 Joseph\u0105 Goebbels\u0105, kalb\u0173.<\/p>\n<p>Kad patikt\u0173 platesnei auditorijai, dauguma kalb\u0173 be k\u016br\u0117j\u0173 leidimo ar \u017einios skamba pagal \u201eTikTok\u201c populiari\u0105 muzik\u0105, vadinam\u0105 \u201eDrift Phonk\u201c.<\/p>\n<p>Vienas \u012fra\u0161as, kuriame rodomas Niurnbergo mitingo vaizdas kartu su Hitlerio kalba, patiko daugiau nei 56 700 vartotoj\u0173.<\/p>\n<div class=\"sdc-article-widget sdc-article-image\">\n<figure class=\"sdc-article-image__figure\">\n<div class=\"sdc-article-image__wrapper\" data-aspect-ratio=\"16\/9\">\n          \n    <\/div><figcaption class=\"ui-media-caption\">\n        <span class=\"u-hide-visually\">Vaizdas:<\/span><br \/>\n        <span class=\"ui-media-caption__caption-text\">\u201eTikTok\u201c vartotojai i\u0161rei\u0161kia susi\u017eav\u0117jim\u0105 Hitleriu komentaruose, prid\u0117tuose prie \u012fra\u0161o su daugiau nei 56 700 paspaudim\u0173<br \/>\n        <\/span><br \/>\n      <\/figcaption><\/figure>\n<\/div>\n<p>Komentare, kuris buvo pam\u0117gtas 1695 kartus, vienas vartotojas teigia \u201e\u0161iuolaikinei visuomenei jo b\u016btinai reikia\u201c. Kitas sako: \u201emes tav\u0119s pasiilgome\u201c.<\/p>\n<p>Populiariausias garsas, sukurtas naudojant Hitlerio kalb\u0105, kur\u012f per\u017ei\u016br\u0117jo Sky News, buvo panaudotas daugiau nei 10 300 vaizdo \u012fra\u0161\u0173.<\/p>\n<p>\u201eSky News\u201c susisiekusi atlik\u0117ja, vardu Pastel Ghost, kurios muzika buvo perkurta siekiant sukurti nacistin\u012f turin\u012f be jos \u017einios, sak\u0117: \u201eAnks\u010diau ne\u017einojau, kad mano muzika buvo naudojama tokiu b\u016bdu, ir manau, kad tai \u0161okiruojanti ir apgail\u0117tina.<\/p>\n<p>\u201eMano komanda ir a\u0161 aktyviai tikriname TikTok ir kitas platformas, kad pa\u0161alintume visus tokius atvejus, kai mano darbas naudojamas neapykantos kupinai ideologijai propaguoti.<\/p>\n<p>Hannah Rose, Strateginio dialogo instituto neapykantos ir ekstremizmo analitik\u0117, \u201eSky News\u201c sak\u0117: \u201eTai gana \u0161okiruojanti, bet tai nenuostabu. Mes \u017einome ir \u017einome jau daug met\u0173, kad platformos nepakankamai suma\u017eino neapykantos mast\u0105 ir ekstremistinio turinio j\u0173 platformose, o tai rei\u0161kia, kad toks turinys, kaip Hitlerio kalbos, pavyzd\u017eiui, antisemitinis turinys, yra ne tik paribiuose, bet ir pagrindin\u0117se platformose.<\/p>\n<p>\u201eSky News\u201c persiunt\u0117 m\u016bs\u0173 rastus vaizdo \u012fra\u0161us \u201eTikTok\u201c.<\/p>\n<p>Atstovas spaudai sak\u0117: \u201e\u0160is turinys buvo nedelsiant pa\u0161alintas, nes pa\u017eeid\u0117 m\u016bs\u0173 <strong>grie\u017eta politika<\/strong> prie\u0161 neapykant\u0105 kurstan\u010di\u0105 kalb\u0105. Reguliariai mokome savo saugos specialistus ir atnaujiname savo apsaugos priemones, kad nuolat aptiktume neapykant\u0105 skatinant\u012f elges\u012f, ir pa\u0161aliname 91 % tokio tipo turinio prie\u0161 mums apie tai prane\u0161ant.<\/p>\n<div class=\"sdc-article-widget sdc-article-image\">\n<figure class=\"sdc-article-image__figure\">\n<div class=\"sdc-article-image__wrapper\" data-aspect-ratio=\"16\/9\">\n          <img decoding=\"async\" class=\"sdc-article-image__item\" loading=\"lazy\" intrinsicsize=\"768x432\" src=\"https:\/\/e3.365dm.com\/24\/09\/768x432\/skynews-nazi-toiktok_6678275.png?20240906164548\" srcset=\"https:\/\/e3.365dm.com\/24\/09\/384x216\/skynews-nazi-toiktok_6678275.png?20240906164548 380w, https:\/\/e3.365dm.com\/24\/09\/768x432\/skynews-nazi-toiktok_6678275.png?20240906164548 760w, https:\/\/e3.365dm.com\/24\/09\/1600x900\/skynews-nazi-toiktok_6678275.png?20240906164548 1024w, https:\/\/e3.365dm.com\/24\/09\/2048x1152\/skynews-nazi-toiktok_6678275.png?20240906164548 2048w\" sizes=\"(min-width: 1024px) 1024px, 100vw\" alt=\"Turinys paskelbtas \u201eTikTok\u201c, naudojant 1933 m. Hitlerio kalb\u0105 kaip garso takel\u012f.\"\/>\n    <\/div><figcaption class=\"ui-media-caption\">\n        <span class=\"u-hide-visually\">Vaizdas:<\/span><br \/>\n        <span class=\"ui-media-caption__caption-text\">Turinys paskelbtas \u201eTikTok\u201c, naudojant 1933 m. Hitlerio kalb\u0105 kaip garso takel\u012f.<br \/>\n        <\/span><br \/>\n      <\/figcaption><\/figure>\n<\/div>\n<p><strong>Erika <\/strong><\/p>\n<p>Dar 22 511 \u012fra\u0161\u0173 buvo rasta naudojant garsus pagal vokie\u010di\u0173 eityni\u0173 dain\u0105 \u201eErika\u201c.<\/p>\n<p>Nors Erika neturi politini\u0173 dain\u0173 tekst\u0173, ji turi stipri\u0173 asociacij\u0173 su naci\u0173 partija ir Vokietijos kariuomene Antrojo pasaulinio karo metais.<\/p>\n<p>Jos kompozitorius Hermsas Nielas 1933 m. prisijung\u0117 prie naci\u0173 partijos. Jis para\u0161\u0117 daugyb\u0119 dain\u0173 kariuomenei, \u012fskaitant SS, ir vadovavo naci\u0173 partijos Niurnbergo mitinguose.<\/p>\n<div class=\"sdc-article-widget sdc-article-image\">\n<figure class=\"sdc-article-image__figure\">\n<div class=\"sdc-article-image__wrapper\" data-aspect-ratio=\"16\/9\">\n          <img decoding=\"async\" class=\"sdc-article-image__item\" loading=\"lazy\" intrinsicsize=\"768x432\" src=\"https:\/\/e3.365dm.com\/24\/09\/768x432\/skynews-tiktok-nazi-erika_6678273.png?20240906164347\" srcset=\"https:\/\/e3.365dm.com\/24\/09\/384x216\/skynews-tiktok-nazi-erika_6678273.png?20240906164347 380w, https:\/\/e3.365dm.com\/24\/09\/768x432\/skynews-tiktok-nazi-erika_6678273.png?20240906164347 760w, https:\/\/e3.365dm.com\/24\/09\/1600x900\/skynews-tiktok-nazi-erika_6678273.png?20240906164347 1024w, https:\/\/e3.365dm.com\/24\/09\/2048x1152\/skynews-tiktok-nazi-erika_6678273.png?20240906164347 2048w\" sizes=\"(min-width: 1024px) 1024px, 100vw\" alt=\"Turinys i\u0161 skirting\u0173 TikTok \u012fra\u0161\u0173 naudojant \u012fra\u0161us &quot;Erika&quot; kaip j\u0173 garso takelis.\"\/>\n    <\/div><figcaption class=\"ui-media-caption\">\n        <span class=\"u-hide-visually\">Vaizdas:<\/span><br \/>\n        <span class=\"ui-media-caption__caption-text\">Turinys i\u0161 skirting\u0173 \u201eTikTok\u201c \u012fra\u0161\u0173, naudojant \u201eErika\u201c \u012fra\u0161us kaip garso takel\u012f.<br \/>\n        <\/span><br \/>\n      <\/figcaption><\/figure>\n<\/div>\n<p>I\u0161 \u012fra\u0161\u0173, kuriuose naudojamas \u0161is garsas, turinys da\u017enai ai\u0161kiai parodo, kad jis buvo pasirinktas d\u0117l \u0161i\u0173 asociacij\u0173, \u012fskaitant Hitlerio vaizdus ir svastik\u0105.<\/p>\n<p>Vaizdai, pridedami prie gars\u0173 spustel\u0117jus ir rodomi paie\u0161kos rezultatuose, taip pat labai rodo, kad vartotojai \u017eino apie \u0161\u012f ry\u0161\u012f.<\/p>\n<div class=\"sdc-article-widget sdc-article-image\">\n<figure class=\"sdc-article-image__figure\">\n<div class=\"sdc-article-image__wrapper\" data-aspect-ratio=\"16\/9\">\n          <img decoding=\"async\" class=\"sdc-article-image__item\" loading=\"lazy\" intrinsicsize=\"768x432\" src=\"https:\/\/e3.365dm.com\/24\/09\/768x432\/skynews-nazi-tiktok_6678270.png?20240906164215\" srcset=\"https:\/\/e3.365dm.com\/24\/09\/384x216\/skynews-nazi-tiktok_6678270.png?20240906164215 380w, https:\/\/e3.365dm.com\/24\/09\/768x432\/skynews-nazi-tiktok_6678270.png?20240906164215 760w, https:\/\/e3.365dm.com\/24\/09\/1600x900\/skynews-nazi-tiktok_6678270.png?20240906164215 1024w, https:\/\/e3.365dm.com\/24\/09\/2048x1152\/skynews-nazi-tiktok_6678270.png?20240906164215 2048w\" sizes=\"(min-width: 1024px) 1024px, 100vw\" alt=\"\u012era\u0161as i\u0161 &quot;Erika&quot; \u012fkeltas kaip TikTok garsas, pa\u017eym\u0117tas skeleto, pana\u0161aus \u012f Adolf\u0105 Hitler\u012f, nuotrauka \"\/>\n    <\/div><figcaption class=\"ui-media-caption\">\n        <span class=\"u-hide-visually\">Vaizdas:<\/span><br \/>\n        <span class=\"ui-media-caption__caption-text\">\u201eErika\u201c \u012fra\u0161as, \u012fkeltas kaip \u201eTikTok\u201c garsas, pa\u017eym\u0117tas skeleto, pana\u0161aus \u012f Adolf\u0105 Hitler\u012f, nuotrauka<br \/>\n        <\/span><br \/>\n      <\/figcaption><\/figure>\n<\/div>\n<p>Viena Erikos versija, prid\u0117ta prie 405 vaizdo \u012fra\u0161\u0173, pa\u017eym\u0117ta i\u0161si\u0161iepusio skeleto, primenan\u010dio Hitler\u012f, nuotrauka prie\u0161 Vokietijos v\u0117liav\u0105.<\/p>\n<p>Kitas dainos \u012fra\u0161as, panaudotas 8845 vaizdo \u012fra\u0161uose, pridedamas prie redaguotos juodai baltos Hitlerio nuotraukos.<\/p>\n<p>\u0160i\u0173 met\u0173 prad\u017eioje Erika sulauk\u0117 didelio d\u0117mesio JK. Bir\u017eelio m\u0117nes\u012f Warwicko universiteto konservatori\u0173 asociacija sulauk\u0117 kritikos po to, kai buvo nufilmuoti organizacijos surengtos vakarien\u0117s dalyviai, \u0161okantys ir dainuojantys kartu su daina.<\/p>\n<p>Tuo metu Warwick universiteto konservatori\u0173 asociacija<strong> paskelb\u0117 parei\u0161kim\u0105<\/strong>sakydamas, kad \u201enuo\u0161ird\u017eiai smerkia elges\u012f, parodyt\u0105 \u0161iame vaizdo \u012fra\u0161e, ir atsipra\u0161o u\u017e bet kok\u012f \u012f\u017eeidim\u0105, kuris buvo padarytas\u201c. Asmeniui, kur\u012f buvo galima i\u0161girsti \u201eaktyviai dainuojant dain\u0173 tekstus\u201c, ir keliems kitiems dalyvaujantiems buvo u\u017edrausta dalyvauti b\u016bsimuose renginiuose.<\/p>\n<p><strong>Auk\u0161tas \u012fsitraukimo lygis <\/strong><\/p>\n<p>Siekdama \u012fvertinti \u012fra\u0161\u0173, kuriuose naudojamas \u0161is garso \u012fra\u0161as, populiarum\u0105, \u201eSky News\u201c per\u017ei\u016br\u0117jo penkis da\u017eniausiai naudojamus naci\u0173 kalb\u0173 garsus ir \u012fra\u0161\u0117 10 populiariausi\u0173 \u012fra\u0161\u0173, naudodama kiekvien\u0105 i\u0161 j\u0173.<\/p>\n<p>\u0160ie 50 \u012fra\u0161\u0173 i\u0161 viso sulauk\u0117 daugiau nei 13,7 mln.<\/p>\n<p>Pa\u0117mus kartu, \u012fra\u0161ai, kurie daugiausiai \u012ftraukiami \u012f Erikos gars\u0173 penketuk\u0105, sulauk\u0117 daugiau nei 7,8 mln.<\/p>\n<p>Labiausiai patik\u0119s \u012fra\u0161as \u0161iuose pavyzd\u017eiuose tur\u0117jo daugiau nei 2,5 mln. Jame yra Hitlerio \u012fra\u0161as.<\/p>\n<p>I\u0161 viso vaizdo \u012fra\u0161ai, kuriuose naudojami naci\u0173 kalb\u0173 garsai ir Erikos \u012fra\u0161ai, sulauk\u0117 daugiau nei 21 mln.<\/p>\n<p><strong>Garsai yra i\u0161\u0161\u016bkis moderatoriams <\/strong><\/p>\n<p>Rugpj\u016bt\u012f apie tai prane\u0161\u0117 \u201eSky News\u201c. <strong>\u201eTikTok\u201c \u201egars\u0173 funkcij\u0105\u201c naudojo ISIS \u0161alininkai<\/strong>su t\u016bkstan\u010diais vaizdo \u012fra\u0161\u0173, prid\u0117t\u0173 prie garso \u012fra\u0161o, sukurto grup\u0117s vidin\u0117s \u017einiasklaidos skyriaus.<\/p>\n<p>\u0160ie garsai kelia pana\u0161\u0173 i\u0161\u0161\u016bk\u012f \u201eTikTok\u201c moderatoriams.<\/p>\n<p>Dauguma gars\u0173, naudojan\u010di\u0173 su naciais susijus\u012f gars\u0105, neturi ai\u0161ki\u0173 pavadinim\u0173. Ta\u010diau spustel\u0117jus jie akimirksniu nukreipia vartotojus \u012f daugyb\u0119 \u012fra\u0161\u0173 naudojant t\u0105 pat\u012f garso takel\u012f.<\/p>\n<p>Tokiu b\u016bdu vartotojai lengvai susieja ekstremal\u0173 turin\u012f ir suma\u017eina nuosaikum\u0105.<\/p>\n<p><strong>Susirenka po radaru <\/strong><\/p>\n<p>Dr. Joe Ondrakas, \u017ealing\u0105 internetin\u012f turin\u012f stebin\u010dios bendrov\u0117s \u201eLogically\u201c tyrim\u0173, technologij\u0173 ir politikos vadovas, sak\u0117, kad \u201eSky News\u201c socialin\u0117s \u017einiasklaidos vartotojai jau seniai \u017einojo, kad platformai sunkiau valdyti garso turin\u012f.<\/p>\n<p>Kalb\u0117damas apie \u017ealing\u0105 \u0161io turinio pob\u016bd\u012f, daktaras Ondrakas sak\u0117, kad \u201e\u017emon\u0117s pagr\u012fstai nerimauja, kad tai gali atskleisti naujas auditorijas ir jos pateks \u012f triu\u0161i\u0173 duob\u0119\u201c.<\/p>\n<p>\u201eManau, kad tikroji tokio turinio funkcija yra labiau suburti \u017emones, kurie jau supranta kalb\u0105\u201c.<\/p>\n<p>\u201eTiems, kurie jau kalba ta kalba, tai yra b\u016bdas \u2013 po radaru \u2013 susiburti.<\/p>\n<p>Apie tai, kod\u0117l Hitlerio kalbas remiksuojantys \u017emon\u0117s pasirinko \u017eanr\u0105 \u201ephonk\u201c, Ondrakas pa\u017eym\u0117jo, kad socialin\u0117s \u017einiasklaidos vartotoj\u0173 bendruomen\u0117s pritaiko naudojamus muzikos stilius, nes populiar\u0117ja skirtingi \u017eanrai ir memai.<\/p>\n<hr\/>\n<p><em><em>The <\/em><em><strong>Duomenys ir kriminalistika<\/strong><\/em><em>  komanda yra \u012fvairi\u0173 \u012fg\u016bd\u017ei\u0173 turintis padalinys, skirtas skaidriai \u201eSky News\u201c \u017eurnalistikai teikti. Renkame, analizuojame ir vizualizuojame duomenis, kad gal\u0117tume papasakoti duomenimis pagr\u012fstas istorijas. Tradicinius ataskait\u0173 teikimo \u012fg\u016bd\u017eius deriname su pa\u017eangia palydovini\u0173 vaizd\u0173, socialin\u0117s \u017einiasklaidos ir kitos atvirojo kodo informacijos analize. Daugialyp\u0117s terp\u0117s pasakojimais siekiame geriau paai\u0161kinti pasaul\u012f, taip pat parodyti, kaip daroma m\u016bs\u0173 \u017eurnalistika.<\/em><\/em><\/p>\n<\/p><\/div>\n<p><script async src=\"\/\/www.tiktok.com\/embed.js\"><\/script><br \/>\n<br \/><br \/>\n<br \/><a href=\"https:\/\/news.sky.com\/story\/sky-news-investigation-finds-over-70000-tiktok-posts-using-nazi-recordings-13210624\">Source link <\/a><\/p>\n","protected":false},"excerpt":{"rendered":"<p>\u012esp\u0117jimas: \u0161ioje istorijoje yra \u012f\u017eeid\u017eian\u010dios kalbos, \u012fskaitant antisemitin\u012f turin\u012f. Adolfo Hitlerio \u0161auksmas kupinas antisemitinio vitriolio, teigian\u010dio, kad \u017eydai stengiasi pakirsti taik\u0105 Europoje. Ne\u012fprasta yra greita muzika ir tai, kad bendras garso \u012fra\u0161as pasiekiamas daugiau nei 100 \u012fra\u0161\u0173 \u201eTikTok\u201c ir pritraukia \u201epatinka\u201c. \u201eSky News\u201c nustat\u0117, kad naci\u0173 kalbos ir \u017eygiavimo muzika \u201eTikTok\u201c buvo paversti populiariais \u201egarsais\u201c [&hellip;]<\/p>\n","protected":false},"author":1,"featured_media":301,"comment_status":"open","ping_status":"open","sticky":false,"template":"","format":"standard","meta":{"om_disable_all_campaigns":false,"_monsterinsights_skip_tracking":false,"_monsterinsights_sitenote_active":false,"_monsterinsights_sitenote_note":"","_monsterinsights_sitenote_category":0,"footnotes":""},"categories":[4],"tags":[219,270,273,274,272,271,24,220,185,268,266,26,269,267],"class_list":["post-300","post","type-post","status-publish","format-standard","has-post-thumbnail","hentry","category-pasaulio-naujienos","tag-daugiau","tag-irasu","tag-irasus","tag-mokslo","tag-naciu","tag-naudojant","tag-naujienos","tag-nei","tag-news","tag-randa","tag-sky","tag-technologiju","tag-tiktok","tag-tyrimas"],"aioseo_notices":[],"_links":{"self":[{"href":"https:\/\/pasaulioziniasklaida.lt\/index.php\/wp-json\/wp\/v2\/posts\/300","targetHints":{"allow":["GET"]}}],"collection":[{"href":"https:\/\/pasaulioziniasklaida.lt\/index.php\/wp-json\/wp\/v2\/posts"}],"about":[{"href":"https:\/\/pasaulioziniasklaida.lt\/index.php\/wp-json\/wp\/v2\/types\/post"}],"author":[{"embeddable":true,"href":"https:\/\/pasaulioziniasklaida.lt\/index.php\/wp-json\/wp\/v2\/users\/1"}],"replies":[{"embeddable":true,"href":"https:\/\/pasaulioziniasklaida.lt\/index.php\/wp-json\/wp\/v2\/comments?post=300"}],"version-history":[{"count":0,"href":"https:\/\/pasaulioziniasklaida.lt\/index.php\/wp-json\/wp\/v2\/posts\/300\/revisions"}],"wp:featuredmedia":[{"embeddable":true,"href":"https:\/\/pasaulioziniasklaida.lt\/index.php\/wp-json\/wp\/v2\/media\/301"}],"wp:attachment":[{"href":"https:\/\/pasaulioziniasklaida.lt\/index.php\/wp-json\/wp\/v2\/media?parent=300"}],"wp:term":[{"taxonomy":"category","embeddable":true,"href":"https:\/\/pasaulioziniasklaida.lt\/index.php\/wp-json\/wp\/v2\/categories?post=300"},{"taxonomy":"post_tag","embeddable":true,"href":"https:\/\/pasaulioziniasklaida.lt\/index.php\/wp-json\/wp\/v2\/tags?post=300"}],"curies":[{"name":"wp","href":"https:\/\/api.w.org\/{rel}","templated":true}]}}