{"id":308,"date":"2024-09-15T06:20:13","date_gmt":"2024-09-15T06:20:13","guid":{"rendered":"https:\/\/pasaulioziniasklaida.lt\/index.php\/2024\/09\/15\/venesuela-arestavo-sesis-asmenis-is-jav-ispanijos-ir-cekijos-del-jos-teigimu-czv-samokslo-nuzudyti-prezidenta-pasaulio-naujienos\/"},"modified":"2024-09-15T06:20:13","modified_gmt":"2024-09-15T06:20:13","slug":"venesuela-arestavo-sesis-asmenis-is-jav-ispanijos-ir-cekijos-del-jos-teigimu-czv-samokslo-nuzudyti-prezidenta-pasaulio-naujienos","status":"publish","type":"post","link":"https:\/\/pasaulioziniasklaida.lt\/index.php\/2024\/09\/15\/venesuela-arestavo-sesis-asmenis-is-jav-ispanijos-ir-cekijos-del-jos-teigimu-czv-samokslo-nuzudyti-prezidenta-pasaulio-naujienos\/","title":{"rendered":"Venesuela are\u0161tavo \u0161e\u0161is asmenis i\u0161 JAV, Ispanijos ir \u010cekijos d\u0117l, jos teigimu, C\u017dV s\u0105mokslo nu\u017eudyti prezident\u0105 | Pasaulio naujienos"},"content":{"rendered":"<p> <br \/>\n<\/p>\n<div data-component-name=\"ui-article-body\" data-highlight-intro=\"true\">\n<p>Venesuela are\u0161tavo \u0161e\u0161is u\u017esienio pilie\u010dius d\u0117l \u012ftariamo C\u017dV vadovaujamo s\u0105mokslo nu\u017eudyti jos prezident\u0105.<\/p>\n<p>\u0160is \u017eingsnis priimtas, kai \u0161alies vyriausyb\u0117 patiria didel\u012f tarptautin\u012f spaudim\u0105 d\u0117l kaltinim\u0173, kad ji suklastojo neseniai vykusi\u0173 rinkim\u0173 rezultatus, siekdama likti vald\u017eioje.<\/p>\n<p>Trys JAV pilie\u010diai, du ispanai ir \u010dekas buvo suimti \u012ftariant ry\u0161ius su \u012ftariamais planais destabilizuoti Piet\u0173 Amerikos \u0161al\u012f, v\u0117lai \u0161e\u0161tadien\u012f prane\u0161\u0117 Venesuelos pareig\u016bnas.<\/p>\n<div class=\"sdc-article-widget sdc-article-image\">\n<figure class=\"sdc-article-image__figure\">\n<div class=\"sdc-article-image__wrapper\" data-aspect-ratio=\"16\/9\">\n          \n    <\/div><figcaption class=\"ui-media-caption\">\n        <span class=\"u-hide-visually\">Vaizdas:<\/span><br \/>\n        <span class=\"ui-media-caption__caption-text\">Ispanijos ministras pirmininkas Pedro Sanchezas (de\u0161in\u0117je) susitiko su kandidatu \u012f Venesuelos prezidentus Edmundo Gonzalezu, jam pab\u0117gus i\u0161 gimtosios \u0161alies. Nuotrauka: Reuters<br \/>\n        <\/span><br \/>\n      <\/figcaption><\/figure>\n<\/div>\n<p>Apie are\u0161tus per valstybin\u0119 televizij\u0105 prane\u0161\u0117 \u0161alies vidaus reikal\u0173 ministras Diosdado Cabello.<\/p>\n<p>JAV valstyb\u0117s departamentas patvirtino, kad sulaikytas vienas JAV kari\u0161kis, ir parei\u0161k\u0117 \u017einantis \u201enepatvirtintus prane\u0161imus apie dar du JAV pilie\u010dius, sulaikytus Venesueloje\u201c.<\/p>\n<p>&#8222;Bet kokie teiginiai apie JAV dalyvavim\u0105 s\u0105moksle nuversti Maduro yra kategori\u0161kai klaidingi. Jungtin\u0117s Valstijos ir toliau remia demokratin\u012f politin\u0117s kriz\u0117s Venesueloje sprendim\u0105&#8221;, &#8211; priduriama parei\u0161kime.<\/p>\n<p>J. Cabello nurod\u0117, kad JAV karys yra Wilbertas Josephas Castaneda Gomezas, JAV karinio j\u016br\u0173 laivyno narys.<\/p>\n<p>Prane\u0161imas apie are\u0161tus paskelbtas pra\u0117jus vos dviem dienoms po to, kai JAV \u012fved\u0117 sankcijas 16 Venesuelos prezidento Nicolas Maduro s\u0105junginink\u0173, kurie buvo apkaltinti trukdymu balsuoti per gin\u010dijamus liepos 28 d. Venesuelos prezidento rinkimus ir \u017emogaus teisi\u0173 pa\u017eeidimais.<\/p>\n<p>Pana\u0161iai anks\u010diau \u0161i\u0105 savait\u0119 Ispanijos parlamentas rinkim\u0173 nugal\u0117toju pripa\u017eino opozicijos kandidat\u0105 Edmundo Gonzalez\u0105, supykdydamas J. Maduro s\u0105jungininkus, reikalavusius sustabdyti santykius su \u0161alimi.<\/p>\n<p>Rinkim\u0173 rezultatai \u0161alyje suk\u0117l\u0117 protestus, kuri\u0173 metu buvo suimti \u0161imtai opozicijos aktyvist\u0173.<\/p>\n<p>Venesuelos rinkim\u0173 taryba, kuri yra glaud\u017eiai susijusi su M. Maduro, teig\u0117, kad jis laim\u0117jo, surink\u0119s 52% bals\u0173, ta\u010diau nepateik\u0117 rezultat\u0173 suskirstymo.<\/p>\n<p>Opozicijos aktyvistai nustebino vyriausyb\u0119 i\u0161 80 % \u0161alies balsavimo ma\u0161in\u0173 surink\u0119 suvestini\u0173 lapelius.<\/p>\n<p><strong>Skaitykite daugiau i\u0161 \u201eSky News\u201c:<br \/>Britas Kongo DR nuteistas mirties bausme d\u0117l nepavykusio perversmo<br \/>B\u016bdama 29-eri\u0173 staiga mir\u0161ta pirmaujanti balerina<br \/>Ukraina ir Rusija apsikei\u010dia daugiau nei 200 karo belaisvi\u0173<\/strong><\/p>\n<div class=\"sdc-article-widget sdc-article-strapline sdc-article-strapline--default-layout\" data-component-name=\"sdc-article-strapline\">\n<div class=\"sdc-article-strapline__link\">\n<div class=\"sdc-article-strapline__image-wrap\">\n                <picture><source srcset=\"https:\/\/e3.365dm.com\/24\/03\/320x180\/skynews-gfxwhatsapp-gfxwhatsapppromo_6490210.png 320w, https:\/\/e3.365dm.com\/24\/03\/640x380\/skynews-gfxwhatsapp-gfxwhatsapppromo_6490210.png 640w\" media=\"(max-width: 480px)\"><source srcset=\"https:\/\/e3.365dm.com\/24\/03\/256x256\/skynews-gfxwhatsapp-gfxwhatsapppromo_6490210.png 256w, https:\/\/e3.365dm.com\/24\/03\/512x512\/skynews-gfxwhatsapp-gfxwhatsapppromo_6490210.png 512w\" media=\"(min-width: 481px)\"><img decoding=\"async\" loading=\"lazy\" src=\"https:\/\/e3.365dm.com\/24\/03\/512x512\/skynews-gfxwhatsapp-gfxwhatsapppromo_6490210.png\" alt=\"Sekite Sky News per WhatsApp\" class=\"sdc-article-strapline__image\"\/><br \/>\n                <\/source><\/source><\/picture>\n            <\/div>\n<div class=\"sdc-article-strapline__body\">\n                <span class=\"sdc-article-strapline__title\">Sekite Sky News per WhatsApp<\/span><\/p>\n<p class=\"sdc-article-strapline__text\">Sekite visas naujausias naujienas i\u0161 JK ir viso pasaulio steb\u0117dami \u201eSky News\u201c.<\/p>\n<p>                Bakstel\u0117kite \u010dia\n        <\/p><\/div>\n<\/p><\/div>\n<\/p><\/div>\n<p>Jie buvo paskelbti internete ir nurod\u0117, kad Gonzalezas laim\u0117jo rinkimus su dvigubai daugiau bals\u0173.<\/p>\n<p>Venesuela sulauk\u0117 tarptautinio pasmerkimo d\u0117l skaidrumo per rinkimus stokos.<\/p>\n<p>\u0160alies auk\u0161\u010diausiasis teismas, kuris taip pat ilg\u0105 laik\u0105 r\u0117m\u0117 M. Maduro, patvirtino jo pergal\u0119 rugpj\u016bt\u012f prie\u0161 pareig\u016bnams pateikus kaltinimus Gonzalezui. <strong>kuris pra\u0117jusi\u0105 savait\u0119 pab\u0117go \u012f Ispanij\u0105<\/strong>.<\/p>\n<p>Maduro atsisak\u0117 pateikti \u012frodymus, kad laim\u0117jo rinkimus, ir nuo pat at\u0117jimo \u012f vald\u017ei\u0105 2013 metais ne kart\u0105 tvirtino, kad JAV siekia j\u012f gauti.<\/p>\n<p>Tai taip pat ne pirmas kartas, kai Maduro administracija bando panaudoti amerikie\u010di\u0173 kalinius savo naudai.<\/p>\n<p>Pra\u0117jusiais metais pagal susitarim\u0105 Maduro paleido de\u0161imt amerikie\u010di\u0173 ir vien\u0105 b\u0117gl\u012f, kurio ie\u0161ko JAV vyriausyb\u0117 mainais u\u017e malon\u0119 artimam Venesuelos prezidento s\u0105jungininkui.<\/p>\n<\/p><\/div>\n<p><br \/>\n<br \/><a href=\"https:\/\/news.sky.com\/story\/venezuela-arrests-six-from-us-spain-and-czech-republic-over-what-it-claims-is-cia-plot-to-kill-the-president-13215320\">Source link <\/a><\/p>\n","protected":false},"excerpt":{"rendered":"<p>Venesuela are\u0161tavo \u0161e\u0161is u\u017esienio pilie\u010dius d\u0117l \u012ftariamo C\u017dV vadovaujamo s\u0105mokslo nu\u017eudyti jos prezident\u0105. \u0160is \u017eingsnis priimtas, kai \u0161alies vyriausyb\u0117 patiria didel\u012f tarptautin\u012f spaudim\u0105 d\u0117l kaltinim\u0173, kad ji suklastojo neseniai vykusi\u0173 rinkim\u0173 rezultatus, siekdama likti vald\u017eioje. Trys JAV pilie\u010diai, du ispanai ir \u010dekas buvo suimti \u012ftariant ry\u0161ius su \u012ftariamais planais destabilizuoti Piet\u0173 Amerikos \u0161al\u012f, v\u0117lai \u0161e\u0161tadien\u012f [&hellip;]<\/p>\n","protected":false},"author":1,"featured_media":309,"comment_status":"open","ping_status":"open","sticky":false,"template":"","format":"standard","meta":{"om_disable_all_campaigns":false,"_monsterinsights_skip_tracking":false,"_monsterinsights_sitenote_active":false,"_monsterinsights_sitenote_note":"","_monsterinsights_sitenote_category":0,"footnotes":""},"categories":[4],"tags":[298,299,302,153,83,300,301,81,303,24,306,23,307,305,17,304,297],"class_list":["post-308","post","type-post","status-publish","format-standard","has-post-thumbnail","hentry","category-pasaulio-naujienos","tag-arestavo","tag-asmenis","tag-cekijos","tag-czv","tag-del","tag-is","tag-ispanijos","tag-jav","tag-jos","tag-naujienos","tag-nuzudyti","tag-pasaulio","tag-prezidenta","tag-samokslo","tag-sesis","tag-teigimu","tag-venesuela"],"aioseo_notices":[],"_links":{"self":[{"href":"https:\/\/pasaulioziniasklaida.lt\/index.php\/wp-json\/wp\/v2\/posts\/308","targetHints":{"allow":["GET"]}}],"collection":[{"href":"https:\/\/pasaulioziniasklaida.lt\/index.php\/wp-json\/wp\/v2\/posts"}],"about":[{"href":"https:\/\/pasaulioziniasklaida.lt\/index.php\/wp-json\/wp\/v2\/types\/post"}],"author":[{"embeddable":true,"href":"https:\/\/pasaulioziniasklaida.lt\/index.php\/wp-json\/wp\/v2\/users\/1"}],"replies":[{"embeddable":true,"href":"https:\/\/pasaulioziniasklaida.lt\/index.php\/wp-json\/wp\/v2\/comments?post=308"}],"version-history":[{"count":0,"href":"https:\/\/pasaulioziniasklaida.lt\/index.php\/wp-json\/wp\/v2\/posts\/308\/revisions"}],"wp:featuredmedia":[{"embeddable":true,"href":"https:\/\/pasaulioziniasklaida.lt\/index.php\/wp-json\/wp\/v2\/media\/309"}],"wp:attachment":[{"href":"https:\/\/pasaulioziniasklaida.lt\/index.php\/wp-json\/wp\/v2\/media?parent=308"}],"wp:term":[{"taxonomy":"category","embeddable":true,"href":"https:\/\/pasaulioziniasklaida.lt\/index.php\/wp-json\/wp\/v2\/categories?post=308"},{"taxonomy":"post_tag","embeddable":true,"href":"https:\/\/pasaulioziniasklaida.lt\/index.php\/wp-json\/wp\/v2\/tags?post=308"}],"curies":[{"name":"wp","href":"https:\/\/api.w.org\/{rel}","templated":true}]}}