{"id":326,"date":"2024-09-19T06:47:11","date_gmt":"2024-09-19T06:47:11","guid":{"rendered":"https:\/\/pasaulioziniasklaida.lt\/index.php\/2024\/09\/19\/saudo-arabijos-ambasadorius-perspeja-kad-viduriniai-rytai-yra-arciausiai-regioninio-karo-nuo-septintojo-desimtmecio-pasaulio-naujienos\/"},"modified":"2024-09-19T06:47:11","modified_gmt":"2024-09-19T06:47:11","slug":"saudo-arabijos-ambasadorius-perspeja-kad-viduriniai-rytai-yra-arciausiai-regioninio-karo-nuo-septintojo-desimtmecio-pasaulio-naujienos","status":"publish","type":"post","link":"https:\/\/pasaulioziniasklaida.lt\/index.php\/2024\/09\/19\/saudo-arabijos-ambasadorius-perspeja-kad-viduriniai-rytai-yra-arciausiai-regioninio-karo-nuo-septintojo-desimtmecio-pasaulio-naujienos\/","title":{"rendered":"Saudo Arabijos ambasadorius persp\u0117ja, kad Viduriniai Rytai yra \u201ear\u010diausiai regioninio karo nuo septintojo de\u0161imtme\u010dio\u201c | Pasaulio naujienos"},"content":{"rendered":"<p> <br \/>\n<\/p>\n<div data-component-name=\"ui-article-body\" data-highlight-intro=\"true\">\n<p>Saudo Arabijos ambasadorius JK persp\u0117jo, kad Viduriniai Rytai yra ar\u010diausiai regioninio karo per 50 met\u0173. <\/p>\n<p>\u201eSky News\u201c sak\u0117 princas Khalidas bin Bandaras al Saudas <strong>Pasaulis su Yalda Hakim<\/strong> kad pad\u0117tis vietoje tik blog\u0117ja ir laikas d\u0117ti \u201eatnaujintas pastangas\u201c, kad b\u016bt\u0173 nutraukta kova tokiose vietose kaip Gaza.<\/p>\n<p>\u201eNor\u0117\u010diau pasakyti, kad buvau nusiteik\u0119s optimisti\u0161kai, bet sunku suprasti, i\u0161 kur toks optimizmas\u201c, \u2013 sak\u0117 jis, paklaustas, kaip reaguoja \u012f konflikt\u0105.<\/p>\n<p>\u201ePad\u0117tis vietoje blog\u0117ja ir blog\u0117ja&#8230; Manau, kad tai yra ar\u010diausiai regioninio karo nuo 1973 m.<\/p>\n<p>Ponas al Saudas sak\u0117, kad tiek izraelie\u010diai, tiek palestinie\u010diai turi padaryti visk\u0105, k\u0105 gali, kad b\u016bt\u0173 u\u017ekirstas kelias tolesniam eskalavimui.<\/p>\n<div class=\"sdc-article-widget sdc-article-image\">\n<figure class=\"sdc-article-image__figure\">\n<div class=\"sdc-article-image__wrapper\" data-aspect-ratio=\"16\/9\">\n          \n    <\/div><figcaption class=\"ui-media-caption\">\n        <span class=\"u-hide-visually\">Vaizdas:<\/span><br \/>\n        <span class=\"ui-media-caption__caption-text\">Khalidas bin Bandaras Al Saudas<br \/>\n        <\/span><br \/>\n      <\/figcaption><\/figure>\n<\/div>\n<p>\u201eIzraelio ir palestinie\u010di\u0173 problema paveikia \u017emones visame pasaulyje taip, kaip tik nedaugelis konflikt\u0173. Matote protestuose (visame pasaulyje), visi yra paveikti ir motyvuoti to, kas vyksta vietoje.<\/p>\n<p>\u201eTaigi izraelie\u010diai ir palestinie\u010diai yra atsakingi \u2013 nori jiems to ar ne \u2013 pasauliui.<\/p>\n<div class=\"sdc-article-widget sdc-article-image\">\n<figure class=\"sdc-article-image__figure\">\n<div class=\"sdc-article-image__wrapper\" data-aspect-ratio=\"16\/9\">\n          <img decoding=\"async\" class=\"sdc-article-image__item\" loading=\"lazy\" intrinsicsize=\"768x432\" src=\"https:\/\/e3.365dm.com\/24\/09\/768x432\/skynews-walkie-talkie-lebanon_6689863.jpg?20240919004646\" srcset=\"https:\/\/e3.365dm.com\/24\/09\/384x216\/skynews-walkie-talkie-lebanon_6689863.jpg?20240919004646 380w, https:\/\/e3.365dm.com\/24\/09\/768x432\/skynews-walkie-talkie-lebanon_6689863.jpg?20240919004646 760w, https:\/\/e3.365dm.com\/24\/09\/1600x900\/skynews-walkie-talkie-lebanon_6689863.jpg?20240919004646 1024w, https:\/\/e3.365dm.com\/24\/09\/2048x1152\/skynews-walkie-talkie-lebanon_6689863.jpg?20240919004646 2048w\" sizes=\"(min-width: 1024px) 1024px, 100vw\" alt=\"\u0160iame vaizdo \u012fra\u0161e rodoma racija, kuri buvo sprogusi name Baalbeke, Ryt\u0173 Libane, tre\u010diadien\u012f, 2024 m. rugs\u0117jo 18 d. (AP nuotrauka)\"\/>\n    <\/div><figcaption class=\"ui-media-caption\">\n        <span class=\"u-hide-visually\">Vaizdas:<\/span><br \/>\n        <span class=\"ui-media-caption__caption-text\">Atrodo, kad paveiksl\u0117lyje pavaizduota sprogusi racija name, Baalbeke, ryt\u0173 Libane. ic: AP<br \/>\n        <\/span><br \/>\n      <\/figcaption><\/figure>\n<\/div>\n<div class=\"sdc-article-widget sdc-article-image\">\n<figure class=\"sdc-article-image__figure\">\n<div class=\"sdc-article-image__wrapper\" data-aspect-ratio=\"16\/9\">\n          <img decoding=\"async\" class=\"sdc-article-image__item\" loading=\"lazy\" intrinsicsize=\"768x432\" src=\"https:\/\/e3.365dm.com\/24\/09\/768x432\/skynews-lebanon-beirut_6689862.jpg?20240919004615\" srcset=\"https:\/\/e3.365dm.com\/24\/09\/384x216\/skynews-lebanon-beirut_6689862.jpg?20240919004615 380w, https:\/\/e3.365dm.com\/24\/09\/768x432\/skynews-lebanon-beirut_6689862.jpg?20240919004615 760w, https:\/\/e3.365dm.com\/24\/09\/1600x900\/skynews-lebanon-beirut_6689862.jpg?20240919004615 1024w, https:\/\/e3.365dm.com\/24\/09\/2048x1152\/skynews-lebanon-beirut_6689862.jpg?20240919004615 2048w\" sizes=\"(min-width: 1024px) 1024px, 100vw\" alt=\"2024 m. rugs\u0117jo 18 d., tre\u010diadien\u012f, pietiniame Beiruto priemiestyje, Libane, gedintieji ne\u0161a Hezbollah \u012fstatym\u0173 leid\u0117jo Ali Ammaro s\u016bnaus Mohammedo Mahdi karst\u0105, kuris antradien\u012f \u017euvo sprogus rankiniam gavikliui.\"\/>\n    <\/div><figcaption class=\"ui-media-caption\">\n        <span class=\"u-hide-visually\">Vaizdas:<\/span><br \/>\n        <span class=\"ui-media-caption__caption-text\">Gedulininkai Libane po prane\u0161im\u0173 gaviklio sprogim\u0173. Nuotrauka: AP<br \/>\n        <\/span><br \/>\n      <\/figcaption><\/figure>\n<\/div>\n<p>\u201eKonfliktas, kuris plinta u\u017e to, kur jis yra, i\u0161plinta \u012f region\u0105. Jei jis i\u0161plinta \u012f region\u0105, jis i\u0161plinta \u012f pasaul\u012f, ir tai n\u0117ra scenarijus, kurio kas nors nori matyti.<\/p>\n<p>\u201eAt\u0117jo laikas d\u0117ti naujas pastangas, kad sustabdytume kovas&#8230; mums reikia daugiau tarptautin\u0117s bendruomen\u0117s, kuri ver\u017et\u0173si \u012f priek\u012f\u201c, \u2013 sak\u0117 jis.<\/p>\n<div class=\"sdc-article-widget sdc-site-video callfn\" data-account-id=\"6058004172001\" data-amp-iframe-embed=\"\" data-asset-id=\"f6f69c20-9b28-4e6c-8d30-b7d2e5a5302a\" data-asset-path=\"\" data-asset-version=\"\" data-autoplay=\"false\" data-auth-config=\"\" data-caption=\"Lebanon: How did the blasts happen?\" data-clip-type=\"\" data-component-name=\"sdc-site-video\" data-competition=\"\" data-copy-url-text=\"URL copied to clipboard\" data-fn=\"sdc-site-video\" data-id=\"id_f6f69c20-9b28-4e6c-8d30-b7d2e5a5302a\" data-is-live-stream=\"false\" data-lite=\"true\" data-options=\"\" data-originator-id=\"51\" data-originator-handle=\"brightcove-news-gb\" data-package-name=\"\" data-provider=\"brightcove\" data-player-id=\"RC9PQUaJ6\" data-playsinline=\"\" data-sensitive=\"true\" data-sdc-id=\"6689740\" data-sdc-video-id=\"f6f69c20-9b28-4e6c-8d30-b7d2e5a5302a\" data-sport-category=\"\" data-state=\"loading\" data-token-state=\"none\" data-video-ad-unit=\"\" data-video-blacklisted-originator-ids=\"\" data-video-id=\"ref:f6f69c20-9b28-4e6c-8d30-b7d2e5a5302a\" data-video-type=\"\" data-auto-pause-on-not-visible=\"true\" tabindex=\"-1\" data-closed-captions-position=\"middle-third\" data-show-closed-captions=\"true\" data-show-pip=\"true\" data-show-live-stream-scrubber=\"true\">\n<div class=\"sdc-site-video__inner\">\n<div class=\"sdc-site-video__content\" data-role=\"bridge-controller\" style=\"padding-bottom: calc(100% \/ ());\">\n<p class=\"sdc-site-video__accessibility-message\" data-role=\"accessibility-message\">Jei norite lengviau pasiekti vaizdo \u012fra\u0161\u0173 grotuv\u0105, naudokite nar\u0161ykl\u0119 \u201eChrome\u201c.<\/p>\n<p>              <span aria-hidden=\"true\" data-role=\"poster\" class=\"sdc-site-video__poster\"><br \/>\n                <img decoding=\"async\" loading=\"lazy\" src=\"https:\/\/e3.365dm.com\/24\/09\/768x432\/skynews-lebanon-screen_6689769.jpg?20240918220219\" alt=\"EKRANAS\" srcset=\"\" aria-hidden=\"true\" class=\"sdc-site-video__poster-img\"\/><br \/>\n              <span class=\"sdc-site-video__loader\"\/><br \/>\n                <span class=\"sdc-site-video__time\">2:43<\/span><br \/>\n              <\/span><\/p>\n<p>              <video id=\"id_f6f69c20-9b28-4e6c-8d30-b7d2e5a5302a\" data-embed=\"default\" data-application-id=\"\" class=\"video-js sdc-site-video__tag\" controls=\"\" playsinline=\"\"\/><\/div><figcaption class=\"sdc-site-video__caption ui-media-caption\">\n<p>              <span class=\"ui-media-caption__caption-text\" data-role=\"caption-text\">Libanas: kaip \u012fvyko sprogimai?<\/span><br \/>\n            <\/figcaption><\/div>\n<\/p><\/div>\n<p><strong>\u201e\u012esp\u0117jamieji \u0161\u016bviai\u201c<\/strong><\/p>\n<p>Jo atsargumas kilo po to, kai Izraelio gynybos ministras paskelb\u0117 apie \u201enauj\u0105 karo etap\u0105\u201c, kai kariai juda prie \u0161iaurin\u0117s \u0161alies sienos, kur jau kelis m\u0117nesius apsikeit\u0117 tarpvalstybine ugnimi su \u201eHezbollah\u201c.<\/p>\n<p>Per pastar\u0105sias dvi dienas de\u0161imtys Libano kovotoj\u0173 grup\u0117s nari\u0173 buvo <strong>\u017euvo po elektronini\u0173 prietais\u0173<\/strong> &#8211; gavikliai ir rankiniai radijo imtuvai &#8211; sprogo.<\/p>\n<p>Nepaisant to, kad Izraelis kol kas nepatvirtino ar neneigia savo dalyvavimo \u0161iuose i\u0161puoliuose, daugelis, \u012fskaitant JT generalin\u012f sekretori\u0173, sp\u0117ja, kad tai gali b\u016bti rimtesn\u0117s atakos prad\u017eia.<\/p>\n<div class=\"sdc-article-widget sdc-site-video callfn\" data-account-id=\"6058004172001\" data-amp-iframe-embed=\"\" data-asset-id=\"e9d83408-ab4e-4672-b0a8-dde54c22a3fa\" data-asset-path=\"\" data-asset-version=\"\" data-autoplay=\"false\" data-auth-config=\"\" data-caption=\"Israel declares 'new phase' of war \" data-clip-type=\"\" data-component-name=\"sdc-site-video\" data-competition=\"\" data-copy-url-text=\"URL copied to clipboard\" data-fn=\"sdc-site-video\" data-id=\"id_e9d83408-ab4e-4672-b0a8-dde54c22a3fa\" data-is-live-stream=\"false\" data-lite=\"true\" data-options=\"\" data-originator-id=\"51\" data-originator-handle=\"brightcove-news-gb\" data-package-name=\"\" data-provider=\"brightcove\" data-player-id=\"RC9PQUaJ6\" data-playsinline=\"\" data-sensitive=\"false\" data-sdc-id=\"6689564\" data-sdc-video-id=\"e9d83408-ab4e-4672-b0a8-dde54c22a3fa\" data-sport-category=\"\" data-state=\"loading\" data-token-state=\"none\" data-video-ad-unit=\"\" data-video-blacklisted-originator-ids=\"\" data-video-id=\"ref:e9d83408-ab4e-4672-b0a8-dde54c22a3fa\" data-video-type=\"\" data-auto-pause-on-not-visible=\"true\" tabindex=\"-1\" data-closed-captions-position=\"middle-third\" data-show-closed-captions=\"true\" data-show-pip=\"true\" data-show-live-stream-scrubber=\"true\">\n<div class=\"sdc-site-video__inner\">\n<div class=\"sdc-site-video__content\" data-role=\"bridge-controller\" style=\"padding-bottom: calc(100% \/ ());\">\n<p class=\"sdc-site-video__accessibility-message\" data-role=\"accessibility-message\">Jei norite lengviau pasiekti vaizdo \u012fra\u0161\u0173 grotuv\u0105, naudokite nar\u0161ykl\u0119 \u201eChrome\u201c.<\/p>\n<p>              <span aria-hidden=\"true\" data-role=\"poster\" class=\"sdc-site-video__poster\"><br \/>\n                <img decoding=\"async\" loading=\"lazy\" src=\"https:\/\/e3.365dm.com\/24\/09\/768x432\/skynews-israel-defence_6689575.jpg?20240918185123\" alt=\"Izraelio gynybos ministras Yoavas Gallantas \" srcset=\"\" aria-hidden=\"true\" class=\"sdc-site-video__poster-img\"\/><br \/>\n              <span class=\"sdc-site-video__loader\"\/><br \/>\n                <span class=\"sdc-site-video__time\">2:27<\/span><br \/>\n              <\/span><\/p>\n<p>              <video id=\"id_e9d83408-ab4e-4672-b0a8-dde54c22a3fa\" data-embed=\"default\" data-application-id=\"\" class=\"video-js sdc-site-video__tag\" controls=\"\" playsinline=\"\"\/><\/div><figcaption class=\"sdc-site-video__caption ui-media-caption\">\n<p>              <span class=\"ui-media-caption__caption-text\" data-role=\"caption-text\">Izraelis paskelb\u0117 \u201enauj\u0105 karo etap\u0105\u201c. <\/span><br \/>\n            <\/figcaption><\/div>\n<\/p><\/div>\n<p>Kitas i\u0161 j\u0173 yra buv\u0119s auk\u0161tas Izraelio \u017evalgybos pareig\u016bnas daktaras Eyalas Pinko, kuris kartu su Yalda Hakim \u201eThe World\u201c sak\u0117, kad sprogstamieji gavikliai ir radijo imtuvai buvo \u201e\u012fsp\u0117jamasis \u0161\u016bvis\u201c.<\/p>\n<p>Jis sak\u0117, kad sprogimai buvo \u201elabai s\u0117kmingas taktinis \u017eingsnis\u201c, nors tvirtino ne\u017einantis, ar Izraelis yra atsakingas.<\/p>\n<div class=\"sdc-article-widget sdc-article-strapline sdc-article-strapline--default-layout\" data-component-name=\"sdc-article-strapline\">\n<div class=\"sdc-article-strapline__link\">\n<div class=\"sdc-article-strapline__image-wrap\">\n                <picture><source srcset=\"https:\/\/e3.365dm.com\/24\/03\/320x180\/skynews-gfxwhatsapppromo-gfxwhatsapp_6490206.png 320w, https:\/\/e3.365dm.com\/24\/03\/640x380\/skynews-gfxwhatsapppromo-gfxwhatsapp_6490206.png 640w\" media=\"(max-width: 480px)\"><source srcset=\"https:\/\/e3.365dm.com\/24\/03\/256x256\/skynews-gfxwhatsapppromo-gfxwhatsapp_6490206.png 256w, https:\/\/e3.365dm.com\/24\/03\/512x512\/skynews-gfxwhatsapppromo-gfxwhatsapp_6490206.png 512w\" media=\"(min-width: 481px)\"><img decoding=\"async\" loading=\"lazy\" src=\"https:\/\/e3.365dm.com\/24\/03\/512x512\/skynews-gfxwhatsapppromo-gfxwhatsapp_6490206.png\" alt=\"Sekite Sky News per WhatsApp\" class=\"sdc-article-strapline__image\"\/><br \/>\n                <\/source><\/source><\/picture>\n            <\/div>\n<div class=\"sdc-article-strapline__body\">\n                <span class=\"sdc-article-strapline__title\">Sekite Sky News per WhatsApp<\/span><\/p>\n<p class=\"sdc-article-strapline__text\">Sekite visas naujausias naujienas i\u0161 JK ir viso pasaulio steb\u0117dami \u201eSky News\u201c.<\/p>\n<p>                Bakstel\u0117kite \u010dia\n        <\/p><\/div>\n<\/p><\/div>\n<\/p><\/div>\n<p>\u201eTai, kaip \u0161i operacija buvo atlikta \u2013 nesvarbu, ar tai buvo Izraelis, ar ne \u2013 tai b\u016bdas pasakyti arba signalizuoti: \u201eSustokime \u010dia&#8230; mes galime prasiskverbti \u012f jus&#8230; ir sustokime \u010dia\u201c, \u2013 prid\u016br\u0117 jis, tvirtindamas, kad Izraelis taip padar\u0117. nenoriu tolesnio eskalavimo.<\/p>\n<p>Per du ry\u0161io \u012frengini\u0173 sprogimus i\u0161 viso \u017euvo 32 \u017emon\u0117s. \u201eHezbollah\u201c pa\u017ead\u0117jo imtis atsakom\u0173j\u0173 veiksm\u0173 prie\u0161 Izrael\u012f.<\/p>\n<p>JAV valstyb\u0117s sekretorius Antony Blinken tre\u010diadien\u012f parei\u0161k\u0117, kad JAV vis dar vertina, kaip i\u0161puoliai Libane gali paveikti pastangas der\u0117tis d\u0117l paliaub\u0173 Izraelio ir Hamaso kare.<\/p>\n<\/p><\/div>\n<p><br \/>\n<br \/><a href=\"https:\/\/news.sky.com\/story\/middle-east-is-the-closest-to-regional-war-since-1970s-warns-saudi-ambassador-13217560\">Source link <\/a><\/p>\n","protected":false},"excerpt":{"rendered":"<p>Saudo Arabijos ambasadorius JK persp\u0117jo, kad Viduriniai Rytai yra ar\u010diausiai regioninio karo per 50 met\u0173. \u201eSky News\u201c sak\u0117 princas Khalidas bin Bandaras al Saudas Pasaulis su Yalda Hakim kad pad\u0117tis vietoje tik blog\u0117ja ir laikas d\u0117ti \u201eatnaujintas pastangas\u201c, kad b\u016bt\u0173 nutraukta kova tokiose vietose kaip Gaza. \u201eNor\u0117\u010diau pasakyti, kad buvau nusiteik\u0119s optimisti\u0161kai, bet sunku suprasti, [&hellip;]<\/p>\n","protected":false},"author":1,"featured_media":327,"comment_status":"open","ping_status":"open","sticky":false,"template":"","format":"standard","meta":{"om_disable_all_campaigns":false,"_monsterinsights_skip_tracking":false,"_monsterinsights_sitenote_active":false,"_monsterinsights_sitenote_note":"","_monsterinsights_sitenote_category":0,"footnotes":""},"categories":[4],"tags":[374,135,378,383,291,380,24,381,23,154,379,376,134,382,375,377],"class_list":["post-326","post","type-post","status-publish","format-standard","has-post-thumbnail","hentry","category-pasaulio-naujienos","tag-ambasadorius","tag-arabijos","tag-arciausiai","tag-desimtmecio","tag-kad","tag-karo","tag-naujienos","tag-nuo","tag-pasaulio","tag-perspeja","tag-regioninio","tag-rytai","tag-saudo","tag-septintojo","tag-viduriniai","tag-yra"],"aioseo_notices":[],"_links":{"self":[{"href":"https:\/\/pasaulioziniasklaida.lt\/index.php\/wp-json\/wp\/v2\/posts\/326","targetHints":{"allow":["GET"]}}],"collection":[{"href":"https:\/\/pasaulioziniasklaida.lt\/index.php\/wp-json\/wp\/v2\/posts"}],"about":[{"href":"https:\/\/pasaulioziniasklaida.lt\/index.php\/wp-json\/wp\/v2\/types\/post"}],"author":[{"embeddable":true,"href":"https:\/\/pasaulioziniasklaida.lt\/index.php\/wp-json\/wp\/v2\/users\/1"}],"replies":[{"embeddable":true,"href":"https:\/\/pasaulioziniasklaida.lt\/index.php\/wp-json\/wp\/v2\/comments?post=326"}],"version-history":[{"count":0,"href":"https:\/\/pasaulioziniasklaida.lt\/index.php\/wp-json\/wp\/v2\/posts\/326\/revisions"}],"wp:featuredmedia":[{"embeddable":true,"href":"https:\/\/pasaulioziniasklaida.lt\/index.php\/wp-json\/wp\/v2\/media\/327"}],"wp:attachment":[{"href":"https:\/\/pasaulioziniasklaida.lt\/index.php\/wp-json\/wp\/v2\/media?parent=326"}],"wp:term":[{"taxonomy":"category","embeddable":true,"href":"https:\/\/pasaulioziniasklaida.lt\/index.php\/wp-json\/wp\/v2\/categories?post=326"},{"taxonomy":"post_tag","embeddable":true,"href":"https:\/\/pasaulioziniasklaida.lt\/index.php\/wp-json\/wp\/v2\/tags?post=326"}],"curies":[{"name":"wp","href":"https:\/\/api.w.org\/{rel}","templated":true}]}}