{"id":334,"date":"2024-09-21T06:51:32","date_gmt":"2024-09-21T06:51:32","guid":{"rendered":"https:\/\/pasaulioziniasklaida.lt\/index.php\/2024\/09\/21\/naujosios-zelandijos-pilotas-phillipas-mehrtensas-laikomas-papua-sukileliu-kovotoju-ikaitu-paleistas-po-19-menesiu-pasaulio-naujienos\/"},"modified":"2024-09-21T06:51:32","modified_gmt":"2024-09-21T06:51:32","slug":"naujosios-zelandijos-pilotas-phillipas-mehrtensas-laikomas-papua-sukileliu-kovotoju-ikaitu-paleistas-po-19-menesiu-pasaulio-naujienos","status":"publish","type":"post","link":"https:\/\/pasaulioziniasklaida.lt\/index.php\/2024\/09\/21\/naujosios-zelandijos-pilotas-phillipas-mehrtensas-laikomas-papua-sukileliu-kovotoju-ikaitu-paleistas-po-19-menesiu-pasaulio-naujienos\/","title":{"rendered":"Naujosios Zelandijos pilotas Phillipas Mehrtensas, laikomas Papua sukil\u0117li\u0173 kovotoj\u0173 \u012fkaitu, paleistas po 19 m\u0117nesi\u0173 | Pasaulio naujienos"},"content":{"rendered":"<p> <br \/>\n<\/p>\n<div data-component-name=\"ui-article-body\" data-highlight-intro=\"true\">\n<p>Naujosios Zelandijos pilotas buvo paleistas po pusantr\u0173 met\u0173 \u012fkaitu Indonezijos Papua regione.<\/p>\n<p>Phillipas Mehrtensas buvo <strong>pateko \u012f separatist\u0173 sukil\u0117li\u0173 nelaisv\u0119<\/strong> Vakar\u0173 Papua i\u0161laisvinimo armija po to, kai pra\u0117jusi\u0173 met\u0173 vasario 7 d. nusileido komerciniam l\u0117ktuvui.<\/p>\n<p>Jis tur\u0117jo paimti 15 statybinink\u0173, kuriems gr\u0117s\u0117 mirtis statant sveikatos centr\u0105 atokiame Ndugos rajone.<\/p>\n<p><strong>Indonezie\u010di\u0173<\/strong><strong> <\/strong>policija prane\u0161\u0117, kad pilotas buvo paleistas \u0161e\u0161tadien\u012f, pra\u0117jus 19 m\u0117nesi\u0173 po to, kai buvo su\u010diuptas pirm\u0105 kart\u0105, ir \u0161iuo metu jam atliekama medicinin\u0117 ap\u017ei\u016bra.<\/p>\n<p>Naujosios Zelandijos u\u017esienio reikal\u0173 ministras Winstonas Petersas sak\u0117: &#8222;D\u017eiaugiam\u0117s ir palengv\u0117jome gal\u0117dami patvirtinti, kad Phillipas Mehrtensas yra saugus ir sveikas ir gal\u0117jo pasikalb\u0117ti su savo \u0161eima. \u0160i \u017einia turi b\u016bti did\u017eiulis palengv\u0117jimas jo draugams ir artimiesiems&#8221;.<\/p>\n<div class=\"sdc-article-widget sdc-article-image\">\n<figure class=\"sdc-article-image__figure\">\n<div class=\"sdc-article-image__wrapper\" data-aspect-ratio=\"16\/9\">\n          \n    <\/div><figcaption class=\"ui-media-caption\">\n        <span class=\"u-hide-visually\">Vaizdas:<\/span><br \/>\n        <span class=\"ui-media-caption__caption-text\">Sukil\u0117li\u0173 grupuot\u0117 sulaik\u0117 pilot\u0105, siekdama prad\u0117ti nepriklausomyb\u0117s derybas su Indonezijos vyriausybe. Nuotrauka: AP<br \/>\n        <\/span><br \/>\n      <\/figcaption><\/figure>\n<\/div>\n<p>Vakar\u0173 Papua i\u0161laisvinimo armija sulaik\u0117 M. Mehrtens\u0105, siekdama prad\u0117ti nepriklausomyb\u0117s derybas su Indonezijos vyriausybe. Jo keleiviai buvo paleisti, nes jie buvo papuasai, tuomet sak\u0117 sukil\u0117li\u0173 atstovas Sebby Sambom.<\/p>\n<p>Pra\u0117jusi\u0173 met\u0173 gegu\u017e\u0119 a<strong> vaizdo \u012fra\u0161e buvo matyti, kaip pilotas atrod\u0117 i\u0161sek\u0119s<\/strong> ir ginkluot\u0173 sukil\u0117li\u0173 apsuptyje laikant u\u017edraust\u0105 Ryto \u017evaig\u017ed\u0117s v\u0117liav\u0105 \u2013 Papua nepriklausomyb\u0117s simbol\u012f.<\/p>\n<p>Jis sak\u0117, kad tuo metu sukil\u0117liai nor\u0117jo, kad kitos \u0161alys dalyvaut\u0173 derybose d\u0117l nepriklausomyb\u0117s, ir prid\u016br\u0117, kad jei \u201etai ne\u012fvyks per du m\u0117nesius, jie sako, kad mane nu\u0161aus\u201c.<\/p>\n<p><strong>Skaitykite daugiau i\u0161 \u201eSky News\u201c:<br \/>Ie\u0161kant dingusio televizijos kapeliono rastas k\u016bnas<br \/>T\u0117vai mir\u0161ta per Havaj\u0173 \u201ek\u016bdikio m\u0117nes\u012f\u201c<br \/>Anthony Joshua sm\u016bgiavo \u012f didyb\u0119 prie\u0161 Dubois<\/strong><\/p>\n<div class=\"sdc-article-widget sdc-article-strapline sdc-article-strapline--default-layout\" data-component-name=\"sdc-article-strapline\">\n<div class=\"sdc-article-strapline__link\">\n<div class=\"sdc-article-strapline__image-wrap\">\n                <picture><source srcset=\"https:\/\/e3.365dm.com\/24\/03\/320x180\/skynews-gfxwhatsapppromo-gfxwhatsapp_6490206.png 320w, https:\/\/e3.365dm.com\/24\/03\/640x380\/skynews-gfxwhatsapppromo-gfxwhatsapp_6490206.png 640w\" media=\"(max-width: 480px)\"><source srcset=\"https:\/\/e3.365dm.com\/24\/03\/256x256\/skynews-gfxwhatsapppromo-gfxwhatsapp_6490206.png 256w, https:\/\/e3.365dm.com\/24\/03\/512x512\/skynews-gfxwhatsapppromo-gfxwhatsapp_6490206.png 512w\" media=\"(min-width: 481px)\"><img decoding=\"async\" loading=\"lazy\" src=\"https:\/\/e3.365dm.com\/24\/03\/512x512\/skynews-gfxwhatsapppromo-gfxwhatsapp_6490206.png\" alt=\"Sekite Sky News per WhatsApp\" class=\"sdc-article-strapline__image\"\/><br \/>\n                <\/source><\/source><\/picture>\n            <\/div>\n<div class=\"sdc-article-strapline__body\">\n                <span class=\"sdc-article-strapline__title\">Sekite Sky News per WhatsApp<\/span><\/p>\n<p class=\"sdc-article-strapline__text\">Sekite visas naujausias naujienas i\u0161 JK ir viso pasaulio steb\u0117dami \u201eSky News\u201c.<\/p>\n<p>                Bakstel\u0117kite \u010dia\n        <\/p><\/div>\n<\/p><\/div>\n<\/p><\/div>\n<p>Papua tapo Indonezijos dalimi per prie\u0161taringai vertinam\u0105 1969 m. balsavim\u0105 ir nuo to laiko kilo sukilimas, da\u017enai smurtaujama tarp \u010diabuvi\u0173 ir saugumo paj\u0117g\u0173.<\/p>\n<p>Pastaraisiais metais kovotojai gal\u0117jo gauti geresni\u0173 ginkl\u0173, tod\u0117l padaug\u0117jo susir\u0117mim\u0173.<\/p>\n<\/p><\/div>\n<p><br \/>\n<br \/><a href=\"https:\/\/news.sky.com\/story\/new-zealand-pilot-phillip-mehrtens-held-hostage-by-papuan-fighters-freed-after-19-months-13218819\">Source link <\/a><\/p>\n","protected":false},"excerpt":{"rendered":"<p>Naujosios Zelandijos pilotas buvo paleistas po pusantr\u0173 met\u0173 \u012fkaitu Indonezijos Papua regione. Phillipas Mehrtensas buvo pateko \u012f separatist\u0173 sukil\u0117li\u0173 nelaisv\u0119 Vakar\u0173 Papua i\u0161laisvinimo armija po to, kai pra\u0117jusi\u0173 met\u0173 vasario 7 d. nusileido komerciniam l\u0117ktuvui. Jis tur\u0117jo paimti 15 statybinink\u0173, kuriems gr\u0117s\u0117 mirtis statant sveikatos centr\u0105 atokiame Ndugos rajone. Indonezie\u010di\u0173 policija prane\u0161\u0117, kad pilotas buvo [&hellip;]<\/p>\n","protected":false},"author":1,"featured_media":335,"comment_status":"open","ping_status":"open","sticky":false,"template":"","format":"standard","meta":{"om_disable_all_campaigns":false,"_monsterinsights_skip_tracking":false,"_monsterinsights_sitenote_active":false,"_monsterinsights_sitenote_note":"","_monsterinsights_sitenote_category":0,"footnotes":""},"categories":[4],"tags":[420,419,416,415,421,24,411,361,417,23,414,413,418,412],"class_list":["post-334","post","type-post","status-publish","format-standard","has-post-thumbnail","hentry","category-pasaulio-naujienos","tag-ikaitu","tag-kovotoju","tag-laikomas","tag-mehrtensas","tag-menesiu","tag-naujienos","tag-naujosios","tag-paleistas","tag-papua","tag-pasaulio","tag-phillipas","tag-pilotas","tag-sukileliu","tag-zelandijos"],"aioseo_notices":[],"_links":{"self":[{"href":"https:\/\/pasaulioziniasklaida.lt\/index.php\/wp-json\/wp\/v2\/posts\/334","targetHints":{"allow":["GET"]}}],"collection":[{"href":"https:\/\/pasaulioziniasklaida.lt\/index.php\/wp-json\/wp\/v2\/posts"}],"about":[{"href":"https:\/\/pasaulioziniasklaida.lt\/index.php\/wp-json\/wp\/v2\/types\/post"}],"author":[{"embeddable":true,"href":"https:\/\/pasaulioziniasklaida.lt\/index.php\/wp-json\/wp\/v2\/users\/1"}],"replies":[{"embeddable":true,"href":"https:\/\/pasaulioziniasklaida.lt\/index.php\/wp-json\/wp\/v2\/comments?post=334"}],"version-history":[{"count":0,"href":"https:\/\/pasaulioziniasklaida.lt\/index.php\/wp-json\/wp\/v2\/posts\/334\/revisions"}],"wp:featuredmedia":[{"embeddable":true,"href":"https:\/\/pasaulioziniasklaida.lt\/index.php\/wp-json\/wp\/v2\/media\/335"}],"wp:attachment":[{"href":"https:\/\/pasaulioziniasklaida.lt\/index.php\/wp-json\/wp\/v2\/media?parent=334"}],"wp:term":[{"taxonomy":"category","embeddable":true,"href":"https:\/\/pasaulioziniasklaida.lt\/index.php\/wp-json\/wp\/v2\/categories?post=334"},{"taxonomy":"post_tag","embeddable":true,"href":"https:\/\/pasaulioziniasklaida.lt\/index.php\/wp-json\/wp\/v2\/tags?post=334"}],"curies":[{"name":"wp","href":"https:\/\/api.w.org\/{rel}","templated":true}]}}