{"id":341,"date":"2024-09-23T06:55:48","date_gmt":"2024-09-23T06:55:48","guid":{"rendered":"https:\/\/pasaulioziniasklaida.lt\/index.php\/2024\/09\/23\/tikra-baime-milijonams-libane-nes-susiremimai-pasienyje-paastreja-o-hezbollah-ir-izraelio-konfrontacija-pereina-i-nauja-etapa-pasaulio-naujienos\/"},"modified":"2024-09-23T06:55:48","modified_gmt":"2024-09-23T06:55:48","slug":"tikra-baime-milijonams-libane-nes-susiremimai-pasienyje-paastreja-o-hezbollah-ir-izraelio-konfrontacija-pereina-i-nauja-etapa-pasaulio-naujienos","status":"publish","type":"post","link":"https:\/\/pasaulioziniasklaida.lt\/index.php\/2024\/09\/23\/tikra-baime-milijonams-libane-nes-susiremimai-pasienyje-paastreja-o-hezbollah-ir-izraelio-konfrontacija-pereina-i-nauja-etapa-pasaulio-naujienos\/","title":{"rendered":"Tikra baim\u0117 milijonams Libane, nes susir\u0117mimai pasienyje paa\u0161tr\u0117ja, o Hezbollah ir Izraelio konfrontacija pereina \u012f \u201enauj\u0105 etap\u0105\u201c | Pasaulio naujienos"},"content":{"rendered":"<p> <br \/>\n<\/p>\n<div data-component-name=\"ui-article-body\" data-highlight-intro=\"true\">\n<p>\u201eHezbollah\u201c vado pavaduotojas prane\u0161\u0117, kad grupuot\u0117 \u012f\u017eeng\u0117 \u012f \u201enauj\u0105 etap\u0105\u201c kovoje su Izraeliu, kai t\u016bkstan\u010diai \u017emoni\u0173 susirinko Beirute \u012f penktadien\u012f per antskryd\u012f \u017euvusio pagrindinio vado laidotuves.<\/p>\n<p>Kovotoj\u0173 grup\u0117s antrasis vadas Naimas Qassemas pa\u017ead\u0117jo intensyviau vykdyti raket\u0173 atakas \u012f \u0161iaurin\u012f Izrael\u012f, kol bus sudarytos paliaubos. <strong>Gaza<\/strong>.<\/p>\n<p>T\u016bkstan\u010diai \u017emoni\u0173 Libano sostin\u0117je klaus\u0117si, kaip jis sak\u0117 <strong>\u201eHezbollah\u201c.<\/strong> stojo \u012f \u201eatvir\u0105 atsiskaitymo m\u016b\u0161\u012f\u201c su savo kaimyne ir pa\u017ead\u0117jo smogti Izraeliui dar didesne galia ir j\u0117ga.<\/p>\n<p><strong>Artimieji Rytai \u2013 naujausi atnaujinimai<\/strong><\/p>\n<p>\u201c<strong>Izraelis<\/strong> nusitaik\u0117 ne tik \u012f kovotojus, bet ir \u012f vaikus, sanitarus, vaistines, namus ir visas nekaltas gyvybes, \u2013 sak\u0117 jis. \u2013 Tokie veiksmai negali b\u016bti pateisinami.<\/p>\n<p>Jo grie\u017eta retorika prilygo Izraelio ministro pirmininko, kuris vaizdo \u017einut\u0117je pa\u017ead\u0117jo: \u201ePer pastar\u0105sias kelias dienas smog\u0117me \u201eHezbollah\u201c virtin\u0119 sm\u016bgi\u0173, kuri\u0173 ji ne\u012fsivaizdavo.<\/p>\n<p>\u201eJei Hezbollah negavo \u017einut\u0117s, pa\u017eadu jums, ji gaus \u017eini\u0105\u201c, <strong>Benjaminas Netanyahu<\/strong> persp\u0117jo.<\/p>\n<p>\u201ePadarysime visk\u0105, kas b\u016btina, kad atkurtume saugum\u0105\u201c \u0161iaur\u0117je, \u2013 sak\u0117 jis.<\/p>\n<div class=\"sdc-article-widget sdc-article-image\">\n<figure class=\"sdc-article-image__figure\">\n<div class=\"sdc-article-image__wrapper\" data-aspect-ratio=\"16\/9\">\n          \n    <\/div><figcaption class=\"ui-media-caption\">\n        <span class=\"u-hide-visually\">Vaizdas:<\/span><br \/>\n        <span class=\"ui-media-caption__caption-text\">Naimas Kasemas laidotuv\u0117se ved\u0117 maldas. Nuotrauka: Reuters<br \/>\n        <\/span><br \/>\n      <\/figcaption><\/figure>\n<\/div>\n<div class=\"sdc-article-widget sdc-article-image\">\n<figure class=\"sdc-article-image__figure\">\n<div class=\"sdc-article-image__wrapper\" data-aspect-ratio=\"16\/9\">\n          <img decoding=\"async\" class=\"sdc-article-image__item\" loading=\"lazy\" intrinsicsize=\"768x432\" src=\"https:\/\/e3.365dm.com\/24\/09\/768x432\/skynews-hezbollah-funeral-aqil_6694324.jpg?20240923011151\" srcset=\"https:\/\/e3.365dm.com\/24\/09\/384x216\/skynews-hezbollah-funeral-aqil_6694324.jpg?20240923011151 380w, https:\/\/e3.365dm.com\/24\/09\/768x432\/skynews-hezbollah-funeral-aqil_6694324.jpg?20240923011151 760w, https:\/\/e3.365dm.com\/24\/09\/1600x900\/skynews-hezbollah-funeral-aqil_6694324.jpg?20240923011151 1024w, https:\/\/e3.365dm.com\/24\/09\/2048x1152\/skynews-hezbollah-funeral-aqil_6694324.jpg?20240923011151 2048w\" sizes=\"(min-width: 1024px) 1024px, 100vw\" alt=\"Nuotrauka: Reuters\"\/>\n    <\/div><figcaption class=\"ui-media-caption\">\n        <span class=\"u-hide-visually\">Vaizdas:<\/span><br \/>\n        <span class=\"ui-media-caption__caption-text\">Nuotrauka: Reuters<br \/>\n        <\/span><br \/>\n      <\/figcaption><\/figure>\n<\/div>\n<p>\u201eHezbollah\u201c yra stipriausia kovotoj\u0173 grupuot\u0117, s\u0105junginink\u0117 su Iranu, taip pat yra ir jos s\u0105junginink\u0117 <strong>Hamas<\/strong>.<\/p>\n<p>Tai atv\u0117r\u0117 nauj\u0105 front\u0105 <strong>karas<\/strong> kai prad\u0117jo \u0161audyti raketomis \u012f Izrael\u012f kit\u0105 dien\u0105 po Hamas atakos prie\u0161 Izrael\u012f, per kuri\u0105 \u017euvo daugiau nei 1000 \u017emoni\u0173, o 250 buvo paimti \u012fkaitais.<\/p>\n<p>Ji ne kart\u0105 sak\u0117, kad nenustos \u0161audyti <strong>Izraelis<\/strong> kol bus paliaubos.<\/p>\n<p><strong>Penktadienio Izraelio antskryd\u017eiai<\/strong> \u201eHezbollah\u201c \u0161irdyje Beirute nu\u017eud\u0117 Ibrahim\u0105 Aqil\u0105 \u2013 vien\u0105 i\u0161 auk\u0161\u010diausi\u0173 jos karini\u0173 vad\u0173 ir elitini\u0173 Radvano paj\u0117g\u0173 \u012fk\u016br\u0117j\u0105.<\/p>\n<p>Jis buvo \u017emogus, kuris de\u0161imtme\u010dius buvo \u012ftrauktas \u012f JAV ie\u0161komiausi\u0173 asmen\u0173 s\u0105ra\u0161\u0105 ir, pasak Izraelio paj\u0117g\u0173, \u201eant jo rank\u0173 buvo daugyb\u0117s \u017emoni\u0173 kraujas\u201c.<\/p>\n<div class=\"sdc-article-widget sdc-site-video callfn\" data-account-id=\"6058004172001\" data-amp-iframe-embed=\"\" data-asset-id=\"087dc2fb-6968-4918-89ea-04d59f0f33ae\" data-asset-path=\"\" data-asset-version=\"\" data-autoplay=\"false\" data-auth-config=\"\" data-caption=\"Lebanon hit by more airstrikes\" data-clip-type=\"\" data-component-name=\"sdc-site-video\" data-competition=\"\" data-copy-url-text=\"URL copied to clipboard\" data-fn=\"sdc-site-video\" data-id=\"id_087dc2fb-6968-4918-89ea-04d59f0f33ae\" data-is-live-stream=\"false\" data-lite=\"true\" data-options=\"\" data-originator-id=\"51\" data-originator-handle=\"brightcove-news-gb\" data-package-name=\"\" data-provider=\"brightcove\" data-player-id=\"RC9PQUaJ6\" data-playsinline=\"\" data-sensitive=\"false\" data-sdc-id=\"6692273\" data-sdc-video-id=\"087dc2fb-6968-4918-89ea-04d59f0f33ae\" data-sport-category=\"\" data-state=\"loading\" data-token-state=\"none\" data-video-ad-unit=\"\" data-video-blacklisted-originator-ids=\"\" data-video-id=\"ref:087dc2fb-6968-4918-89ea-04d59f0f33ae\" data-video-type=\"\" data-auto-pause-on-not-visible=\"true\" tabindex=\"-1\" data-closed-captions-position=\"middle-third\" data-show-closed-captions=\"true\" data-show-pip=\"true\" data-show-live-stream-scrubber=\"true\">\n<div class=\"sdc-site-video__inner\">\n<div class=\"sdc-site-video__content\" data-role=\"bridge-controller\" style=\"padding-bottom: calc(100% \/ ());\">\n<p class=\"sdc-site-video__accessibility-message\" data-role=\"accessibility-message\">Jei norite lengviau pasiekti vaizdo \u012fra\u0161\u0173 grotuv\u0105, naudokite nar\u0161ykl\u0119 \u201eChrome\u201c.<\/p>\n<p>              <span aria-hidden=\"true\" data-role=\"poster\" class=\"sdc-site-video__poster\"><br \/>\n                <img decoding=\"async\" loading=\"lazy\" src=\"https:\/\/e3.365dm.com\/24\/09\/768x432\/skynews-lebanon-airstike_6692278.jpg?20240921151841\" alt=\"Daugiau oro antskryd\u017ei\u0173 smog\u0117 Piet\u0173 Libanui \" srcset=\"\" aria-hidden=\"true\" class=\"sdc-site-video__poster-img\"\/><br \/>\n              <span class=\"sdc-site-video__loader\"\/><br \/>\n                <span class=\"sdc-site-video__time\">1:06<\/span><br \/>\n              <\/span><\/p>\n<p>              <video id=\"id_087dc2fb-6968-4918-89ea-04d59f0f33ae\" data-embed=\"default\" data-application-id=\"\" class=\"video-js sdc-site-video__tag\" controls=\"\" playsinline=\"\"\/><\/div><figcaption class=\"sdc-site-video__caption ui-media-caption\">\n<p>              <span class=\"ui-media-caption__caption-text\" data-role=\"caption-text\">Libanas patyr\u0117 daugiau oro antskryd\u017ei\u0173<\/span><br \/>\n            <\/figcaption><\/div>\n<\/p><\/div>\n<p>Ta\u010diau moterys verk\u0117, o Hezbollah kovotojai, laidotuvi\u0173 ne\u0161\u0117jai, verk\u0117, apraudodami vyro, kur\u012f daugelis lojali\u0173 laiko didvyriu, netekties.<\/p>\n<p>Jie skandavo u\u017e ker\u0161t\u0105 ir \u017eygiavo link kapini\u0173, vadinam\u0173 \u201ekankini\u0173 kapin\u0117mis\u201c, i\u0161pa\u017eindami i\u0161tikimyb\u0119 grupuotei, kuri yra u\u017edrausta teroristin\u0117 organizacija JAV ir JK.<\/p>\n<p>Tuo pa\u010diu metu toliau \u012f pietus <strong>Libanas<\/strong>buvo kelios civili\u0173 laidotuv\u0117s \u2013 motinos, vaikai, i\u0161tisos \u0161eimos, kurios \u017euvo per tuos pa\u010dius antskryd\u017eius.<\/p>\n<div class=\"sdc-article-widget sdc-site-video callfn\" data-account-id=\"6058004172001\" data-amp-iframe-embed=\"\" data-asset-id=\"91722b21-b58d-41ba-83b5-16b4b879d99c\" data-asset-path=\"\" data-asset-version=\"\" data-autoplay=\"false\" data-auth-config=\"\" data-caption=\"Hezbollah fires rockets into Israel\" data-clip-type=\"\" data-component-name=\"sdc-site-video\" data-competition=\"\" data-copy-url-text=\"URL copied to clipboard\" data-fn=\"sdc-site-video\" data-id=\"id_91722b21-b58d-41ba-83b5-16b4b879d99c\" data-is-live-stream=\"false\" data-lite=\"true\" data-options=\"\" data-originator-id=\"51\" data-originator-handle=\"brightcove-news-gb\" data-package-name=\"\" data-provider=\"brightcove\" data-player-id=\"RC9PQUaJ6\" data-playsinline=\"\" data-sensitive=\"false\" data-sdc-id=\"6693315\" data-sdc-video-id=\"91722b21-b58d-41ba-83b5-16b4b879d99c\" data-sport-category=\"\" data-state=\"loading\" data-token-state=\"none\" data-video-ad-unit=\"\" data-video-blacklisted-originator-ids=\"\" data-video-id=\"ref:91722b21-b58d-41ba-83b5-16b4b879d99c\" data-video-type=\"\" data-auto-pause-on-not-visible=\"true\" tabindex=\"-1\" data-closed-captions-position=\"middle-third\" data-show-closed-captions=\"true\" data-show-pip=\"true\" data-show-live-stream-scrubber=\"true\">\n<div class=\"sdc-site-video__inner\">\n<div class=\"sdc-site-video__content\" data-role=\"bridge-controller\" style=\"padding-bottom: calc(100% \/ ());\">\n<p class=\"sdc-site-video__accessibility-message\" data-role=\"accessibility-message\">Jei norite lengviau pasiekti vaizdo \u012fra\u0161\u0173 grotuv\u0105, naudokite nar\u0161ykl\u0119 \u201eChrome\u201c.<\/p>\n<p>              <span aria-hidden=\"true\" data-role=\"poster\" class=\"sdc-site-video__poster\"><br \/>\n                <img decoding=\"async\" loading=\"lazy\" src=\"https:\/\/e3.365dm.com\/24\/09\/768x432\/skynews-israel-hezbollah_6693308.jpg?20240922101555\" alt=\"\u201eHezbollah\u201c \u012f Izrael\u012f paleido daugiau nei 100 raket\u0173\" srcset=\"\" aria-hidden=\"true\" class=\"sdc-site-video__poster-img\"\/><br \/>\n              <span class=\"sdc-site-video__loader\"\/><br \/>\n                <span class=\"sdc-site-video__time\">1:43<\/span><br \/>\n              <\/span><\/p>\n<p>              <video id=\"id_91722b21-b58d-41ba-83b5-16b4b879d99c\" data-embed=\"default\" data-application-id=\"\" class=\"video-js sdc-site-video__tag\" controls=\"\" playsinline=\"\"\/><\/div><figcaption class=\"sdc-site-video__caption ui-media-caption\">\n<p>              <span class=\"ui-media-caption__caption-text\" data-role=\"caption-text\">\u201eHezbollah\u201c paleid\u017eia raketas \u012f Izrael\u012f<\/span><br \/>\n            <\/figcaption><\/div>\n<\/p><\/div>\n<p>Jie buvo viename i\u0161 dviej\u0173 nuo streik\u0173 nukent\u0117jusi\u0173 gyvenam\u0173j\u0173 but\u0173.<\/p>\n<p>Izraelio paj\u0117gos teigia, kad ataka buvo nukreipta \u012f vad\u0105 ir jo elitini\u0173 paj\u0117g\u0173 grup\u0119, susirinkusi\u0105 giliai po vienu i\u0161 daugiaauk\u0161\u010di\u0173 kvartal\u0173. Ta\u010diau keli civiliai, \u012fskaitant vaikus, taip pat \u017euvo kartu su 16 \u201eHezbollah\u201c kovotoj\u0173.<\/p>\n<p>Ra\u0161ymo metu \u017euvusi\u0173j\u0173 skai\u010dius yra daugiau nei 40.<\/p>\n<div class=\"sdc-article-widget sdc-article-strapline sdc-article-strapline--default-layout\" data-component-name=\"sdc-article-strapline\">\n<div class=\"sdc-article-strapline__link\">\n<div class=\"sdc-article-strapline__image-wrap\">\n                <picture><source srcset=\"https:\/\/e3.365dm.com\/24\/03\/320x180\/skynews-gfxwhatsapppromo-gfxwhatsapp_6490206.png 320w, https:\/\/e3.365dm.com\/24\/03\/640x380\/skynews-gfxwhatsapppromo-gfxwhatsapp_6490206.png 640w\" media=\"(max-width: 480px)\"><source srcset=\"https:\/\/e3.365dm.com\/24\/03\/256x256\/skynews-gfxwhatsapppromo-gfxwhatsapp_6490206.png 256w, https:\/\/e3.365dm.com\/24\/03\/512x512\/skynews-gfxwhatsapppromo-gfxwhatsapp_6490206.png 512w\" media=\"(min-width: 481px)\"><img decoding=\"async\" loading=\"lazy\" src=\"https:\/\/e3.365dm.com\/24\/03\/512x512\/skynews-gfxwhatsapppromo-gfxwhatsapp_6490206.png\" alt=\"Sekite Sky News per WhatsApp\" class=\"sdc-article-strapline__image\"\/><br \/>\n                <\/source><\/source><\/picture>\n            <\/div>\n<div class=\"sdc-article-strapline__body\">\n                <span class=\"sdc-article-strapline__title\">Sekite Sky News per WhatsApp<\/span><\/p>\n<p class=\"sdc-article-strapline__text\">Sekite visas naujausias naujienas i\u0161 JK ir viso pasaulio steb\u0117dami \u201eSky News\u201c.<\/p>\n<p>                Bakstel\u0117kite \u010dia\n        <\/p><\/div>\n<\/p><\/div>\n<\/p><\/div>\n<p><strong>Tikra baim\u0117 po trigubo atakos<\/strong><\/p>\n<p>Oro antskryd\u017eiai tankiai apgyvendintoje Beiruto dalyje vyko po dviej\u0173 dien\u0173 <strong>\u012fstrig\u0119 gavikliai ir racijos<\/strong> naudojo \u201eHezbollah\u201c nariai, sprogdin\u0119 visoje \u0161alyje.<\/p>\n<p>Pana\u0161u, kad trys i\u0161puoliai per savait\u0119 suartino \u0161al\u012f su sielvartu ir nepaisymu, ta\u010diau milijonai \u017emoni\u0173 visame Libane taip pat jau\u010dia tikr\u0105 baim\u0119.<\/p>\n<p>Ta\u010diau net kai pasaulio lyderiai ragino susilaikyti, o JK ir Amerikos politikai ragino savo pilie\u010dius palikti \u0161al\u012f, kol dar gali, Izraelis ir Libanas suaktyvino mainus pasienyje.<\/p>\n<p><strong>Skaityti daugiau:<br \/>Nerimastingos \u0161eimos rikiuojasi ant grindinio, nes po streiko de\u0161imtys vis dar dingo be \u017einios<br \/>Herzogo neigimas nesutampa su fonin\u0117mis kalbomis \u2013 analize<\/strong><\/p>\n<div class=\"sdc-article-widget sdc-site-video callfn\" data-account-id=\"6058004172001\" data-amp-iframe-embed=\"\" data-asset-id=\"d2e4c9b8-2cd4-4067-9045-84493327c64b\" data-asset-path=\"\" data-asset-version=\"\" data-autoplay=\"false\" data-auth-config=\"\" data-caption=\"'Israel is not interested to be at war with Lebanon' - Herzog\" data-clip-type=\"\" data-component-name=\"sdc-site-video\" data-competition=\"\" data-copy-url-text=\"URL copied to clipboard\" data-fn=\"sdc-site-video\" data-id=\"id_d2e4c9b8-2cd4-4067-9045-84493327c64b\" data-is-live-stream=\"false\" data-lite=\"true\" data-options=\"\" data-originator-id=\"51\" data-originator-handle=\"brightcove-news-gb\" data-package-name=\"\" data-provider=\"brightcove\" data-player-id=\"RC9PQUaJ6\" data-playsinline=\"\" data-sensitive=\"false\" data-sdc-id=\"6693325\" data-sdc-video-id=\"d2e4c9b8-2cd4-4067-9045-84493327c64b\" data-sport-category=\"\" data-state=\"loading\" data-token-state=\"none\" data-video-ad-unit=\"\" data-video-blacklisted-originator-ids=\"\" data-video-id=\"ref:d2e4c9b8-2cd4-4067-9045-84493327c64b\" data-video-type=\"\" data-auto-pause-on-not-visible=\"true\" tabindex=\"-1\" data-closed-captions-position=\"middle-third\" data-show-closed-captions=\"true\" data-show-pip=\"true\" data-show-live-stream-scrubber=\"true\">\n<div class=\"sdc-site-video__inner\">\n<div class=\"sdc-site-video__content\" data-role=\"bridge-controller\" style=\"padding-bottom: calc(100% \/ ());\">\n<p class=\"sdc-site-video__accessibility-message\" data-role=\"accessibility-message\">Jei norite lengviau pasiekti vaizdo \u012fra\u0161\u0173 grotuv\u0105, naudokite nar\u0161ykl\u0119 \u201eChrome\u201c.<\/p>\n<p>              <span aria-hidden=\"true\" data-role=\"poster\" class=\"sdc-site-video__poster\"><br \/>\n                <img decoding=\"async\" loading=\"lazy\" src=\"https:\/\/e3.365dm.com\/24\/09\/768x432\/79ae31a7508239d3d7a8c47f4e3398c598c4a8b4846ec75a2efaf32c3c6b785b_6693333.jpg?20240922112437\" alt=\"Izraelio prezidentas: \u201eIzraelis n\u0117ra suinteresuotas kariauti su Libanu\u201c\" srcset=\"\" aria-hidden=\"true\" class=\"sdc-site-video__poster-img\"\/><br \/>\n              <span class=\"sdc-site-video__loader\"\/><br \/>\n                <span class=\"sdc-site-video__time\">3:01<\/span><br \/>\n              <\/span><\/p>\n<p>              <video id=\"id_d2e4c9b8-2cd4-4067-9045-84493327c64b\" data-embed=\"default\" data-application-id=\"\" class=\"video-js sdc-site-video__tag\" controls=\"\" playsinline=\"\"\/><\/div><figcaption class=\"sdc-site-video__caption ui-media-caption\">\n<p>              <span class=\"ui-media-caption__caption-text\" data-role=\"caption-text\">\u201eIzraelis n\u0117ra suinteresuotas kariauti su Libanu\u201c \u2013 Herzogas<\/span><br \/>\n            <\/figcaption><\/div>\n<\/p><\/div>\n<p>Izraelio karo l\u0117ktuvai savaitgal\u012f sureng\u0117 \u0161imtus oro antskryd\u017ei\u0173, smogdami \u012f Libano kaimus pietuose, o \u201eHezbollah\u201c paleido ilgo nuotolio raketas, kurios pasiek\u0117 giliausi\u0105 Izraelio teritorij\u0105 per beveik metus.<\/p>\n<p>Libano vyriausyb\u0117s ministrai, kurie n\u0117ra \u201eHezbollah\u201c, pasmerk\u0117 Izraelio veiksmus kaip \u201ekaro nusikaltimus\u201c.<\/p>\n<p>Jos u\u017esienio reikal\u0173 ministras sak\u0117, kad i\u0161puoliai suk\u0117l\u0117 kolektyvin\u012f jausm\u0105, kad \u201eniekas n\u0117ra saugus\u201c, o JT generalinis sekretorius Antonio Guterresas persp\u0117jo apie pavoj\u0173 \u201eLiban\u0105 paversti kita Gazos ruo\u017ee\u201c.<\/p>\n<p>Ta\u010diau bene labiausiai i\u0161kalbingi komentarai buvo i\u0161 vieno i\u0161 t\u0173, kurie dalyvavo vado laidotuv\u0117se Beirute.<\/p>\n<div class=\"sdc-article-widget sdc-article-image\">\n<figure class=\"sdc-article-image__figure\">\n<div class=\"sdc-article-image__wrapper\" data-aspect-ratio=\"16\/9\">\n          <img decoding=\"async\" class=\"sdc-article-image__item\" loading=\"lazy\" intrinsicsize=\"768x432\" src=\"https:\/\/e3.365dm.com\/24\/09\/768x432\/skynews-lebanon-crawford-funeral_6694319.jpg?20240923005724\" srcset=\"https:\/\/e3.365dm.com\/24\/09\/384x216\/skynews-lebanon-crawford-funeral_6694319.jpg?20240923005724 380w, https:\/\/e3.365dm.com\/24\/09\/768x432\/skynews-lebanon-crawford-funeral_6694319.jpg?20240923005724 760w, https:\/\/e3.365dm.com\/24\/09\/1600x900\/skynews-lebanon-crawford-funeral_6694319.jpg?20240923005724 1024w, https:\/\/e3.365dm.com\/24\/09\/2048x1152\/skynews-lebanon-crawford-funeral_6694319.jpg?20240923005724 2048w\" sizes=\"(min-width: 1024px) 1024px, 100vw\" alt=\"huseinas\"\/>\n    <\/div><figcaption class=\"ui-media-caption\">\n        <span class=\"u-hide-visually\">Vaizdas:<\/span><br \/>\n        <span class=\"ui-media-caption__caption-text\">\u201eMano ateitis gri\u016bva mano akyse\u201c, \u2013 sako Husseinas<br \/>\n        <\/span><br \/>\n      <\/figcaption><\/figure>\n<\/div>\n<p>Jaunas 18-metis universiteto studentas, vadinamas Husseinu, mums pasak\u0117: \u201eMes vykstame kare&#8230; tai atviras karas&#8230; Jie (izraelie\u010diai) mus bombardavo tris kartus \u0161i\u0105 savait\u0119&#8230; \u012fskaitant prane\u0161im\u0173 gavikl\u012f ir racij\u0105\u201c.<\/p>\n<p>Jis t\u0119s\u0117: \u201eNegalite m\u016bs\u0173 kaltinti, kad esame negatyv\u016bs&#8230; jie mus bombarduoja&#8230; Jei jus bombarduot\u0173 Did\u017eiojoje Britanijoje ar Amerikoje, sakytum\u0117te, kad tai terorizmas&#8230; Taip pat galime sakyti, kad tai terorizmas&#8230; mus \u017eudo, mano ateitis. yra sulau\u017eoma prie\u0161 mano akis&#8230; ir a\u0161 to neken\u010diu\u201c.<\/p>\n<p><strong><em>Alexas Crawfordas prane\u0161a i\u0161 Beiruto su fotoaparatu Jake&#8217;u Brittonu, prodiuseriu Chrisu Cunninghamu ir Libano prodiuseriais Jihad Jneid, Sami Zein ir Hwaida Saad<\/em><\/strong><\/p>\n<\/p><\/div>\n<p><br \/>\n<br \/><a href=\"https:\/\/news.sky.com\/story\/hezbollah-deputy-delivers-chilling-message-to-the-west-as-thousands-attend-funeral-13220534\">Source link <\/a><\/p>\n","protected":false},"excerpt":{"rendered":"<p>\u201eHezbollah\u201c vado pavaduotojas prane\u0161\u0117, kad grupuot\u0117 \u012f\u017eeng\u0117 \u012f \u201enauj\u0105 etap\u0105\u201c kovoje su Izraeliu, kai t\u016bkstan\u010diai \u017emoni\u0173 susirinko Beirute \u012f penktadien\u012f per antskryd\u012f \u017euvusio pagrindinio vado laidotuves. Kovotoj\u0173 grup\u0117s antrasis vadas Naimas Qassemas pa\u017ead\u0117jo intensyviau vykdyti raket\u0173 atakas \u012f \u0161iaurin\u012f Izrael\u012f, kol bus sudarytos paliaubos. Gaza. T\u016bkstan\u010diai \u017emoni\u0173 Libano sostin\u0117je klaus\u0117si, kaip jis sak\u0117 \u201eHezbollah\u201c. stojo [&hellip;]<\/p>\n","protected":false},"author":1,"featured_media":342,"comment_status":"open","ping_status":"open","sticky":false,"template":"","format":"standard","meta":{"om_disable_all_campaigns":false,"_monsterinsights_skip_tracking":false,"_monsterinsights_sitenote_active":false,"_monsterinsights_sitenote_note":"","_monsterinsights_sitenote_category":0,"footnotes":""},"categories":[4],"tags":[447,457,398,19,454,449,448,456,24,450,453,23,452,455,451,446],"class_list":["post-341","post","type-post","status-publish","format-standard","has-post-thumbnail","hentry","category-pasaulio-naujienos","tag-baime","tag-etapa","tag-hezbollah","tag-izraelio","tag-konfrontacija","tag-libane","tag-milijonams","tag-nauja","tag-naujienos","tag-nes","tag-paastreja","tag-pasaulio","tag-pasienyje","tag-pereina","tag-susiremimai","tag-tikra"],"aioseo_notices":[],"_links":{"self":[{"href":"https:\/\/pasaulioziniasklaida.lt\/index.php\/wp-json\/wp\/v2\/posts\/341","targetHints":{"allow":["GET"]}}],"collection":[{"href":"https:\/\/pasaulioziniasklaida.lt\/index.php\/wp-json\/wp\/v2\/posts"}],"about":[{"href":"https:\/\/pasaulioziniasklaida.lt\/index.php\/wp-json\/wp\/v2\/types\/post"}],"author":[{"embeddable":true,"href":"https:\/\/pasaulioziniasklaida.lt\/index.php\/wp-json\/wp\/v2\/users\/1"}],"replies":[{"embeddable":true,"href":"https:\/\/pasaulioziniasklaida.lt\/index.php\/wp-json\/wp\/v2\/comments?post=341"}],"version-history":[{"count":0,"href":"https:\/\/pasaulioziniasklaida.lt\/index.php\/wp-json\/wp\/v2\/posts\/341\/revisions"}],"wp:featuredmedia":[{"embeddable":true,"href":"https:\/\/pasaulioziniasklaida.lt\/index.php\/wp-json\/wp\/v2\/media\/342"}],"wp:attachment":[{"href":"https:\/\/pasaulioziniasklaida.lt\/index.php\/wp-json\/wp\/v2\/media?parent=341"}],"wp:term":[{"taxonomy":"category","embeddable":true,"href":"https:\/\/pasaulioziniasklaida.lt\/index.php\/wp-json\/wp\/v2\/categories?post=341"},{"taxonomy":"post_tag","embeddable":true,"href":"https:\/\/pasaulioziniasklaida.lt\/index.php\/wp-json\/wp\/v2\/tags?post=341"}],"curies":[{"name":"wp","href":"https:\/\/api.w.org\/{rel}","templated":true}]}}