{"id":373,"date":"2024-09-30T17:09:07","date_gmt":"2024-09-30T17:09:07","guid":{"rendered":"https:\/\/pasaulioziniasklaida.lt\/index.php\/2024\/09\/30\/gabrielius-vagelis-ir-ginte-pristato-akustine-savo-hito-upu-saldumo-dienal\/"},"modified":"2024-10-01T09:42:38","modified_gmt":"2024-10-01T09:42:38","slug":"gabrielius-vagelis-ir-ginte-pristato-akustine-savo-hito-upu-saldumo-dienal","status":"publish","type":"post","link":"https:\/\/pasaulioziniasklaida.lt\/index.php\/2024\/09\/30\/gabrielius-vagelis-ir-ginte-pristato-akustine-savo-hito-upu-saldumo-dienal\/","title":{"rendered":"Gabrielius Vagelis ir Gint\u0117 pristato akustin\u0119 savo hito \u201e\u016bp\u0173 saldumo\u201c dien\u0105L"},"content":{"rendered":"\n<div>\n<p align=\"JUSTIFY\"><span lang=\"lt-LT\">Vos per du m\u0117nes\u012f du milijonus per\u017ei\u016br\u0173 \u201eYouTube\u201c <a href=\"https:\/\/www.facebook.com\/watch\/?v=744863600454300\">platformoje<\/a> su savo naujausia daina \u201eL\u016bp\u0173 saldumo\u201c surink\u0119 ir \u0161alies radijo sto\u010di\u0173 topus u\u017ekariav\u0119 atlik\u0117jai Gabrielius Vagelis ir Gint\u0117 Si\u010di\u016bnait\u0117 gerb\u0117jams turi dovan\u0105 \u2013 akustin\u0119 \u0161ios dainos laid\u0105.<\/span><\/p>\n<div class=\"g g-54\">\n<div class=\"g-single a-200\"><\/div>\n<\/div>\n<p align=\"JUSTIFY\"><span lang=\"lt-LT\">Kartu su ilgame\u010diu scenos partneriu pianistu Luku Gedvilu jautri\u0105 \u201eL\u016bp\u0173 saldumo\u201c atlik\u0117jai \u012fra\u0161\u0117 nuostabioje Lietuvos nacionalinio kult\u016bros centro koncert\u0173 sal\u0117je. Pasak G. Vagelio, taip nor\u0117ta atsid\u0117koti klausytojams u\u017e j\u0173 meil\u0119.<\/span><\/p>\n<div class=\"g g-28\">\n<div class=\"g-single a-198\"><img decoding=\"async\" src=\"https:\/\/miestonaujienos.lt\/wp-content\/uploads\/2015\/12\/autodoclt-948x200-jpg-statika.jpg\" width=\"100%\" \/><\/div>\n<\/div>\n<blockquote>\n<p align=\"JUSTIFY\">\u201e<span lang=\"lt-LT\">Vasaros koncert\u0173 met\u0173 pasteb\u0117jome, kad publika labai pra\u0161o \u0161i\u0105 dain\u0105 v\u0117l, atrodo, kad jos vis negana. Taigi, kad nekartotume antr\u0105 kart\u0105 tokios versijos, mes prad\u0117jome kartoti akustin\u012f variant\u0105, kuris ir pats atrado \u017emoni\u0173 \u0161irdis. O pabaig\u0105 nusprend\u0117me, kad \u0161i\u0105 b\u016btinai <a href=\"https:\/\/www.tiktok.com\/@saulius_narbutas\/video\/7412788382889282849\">reikia \u012fra\u0161yti<\/a>, \u0161tai \u0161iandien ir matote tur\u0117t\u201c, \u2013 kalb\u0117jo G. Va.<\/span><\/p>\n<\/blockquote>\n<p align=\"JUSTIFY\"><span lang=\"lt-LT\">Kaip teigia dainos bendraautor\u0117 G. Si\u010di\u016bnait\u0117, \u0161is akustinis <a href=\"https:\/\/ve.lt\/naujienos\/ekonomika\/ukis\/kai-skolininkas-tampa-lyg-rakstis-1856043\">projektas<\/a> gim\u0117 labai organi\u0161kai ir atskleid\u017eia dar negird\u0117tas k\u016brinio spalvos.<\/span><\/p>\n<blockquote>\n<p align=\"JUSTIFY\">\u201e<span lang=\"lt-LT\">Atrodo, kad \u0161ioje versijoje gali visi\u0161kai kitaip \u012fsijausti \u012f dain\u0105. Lukas <a href=\"https:\/\/miestonaujienos.lt\/skolu-isieskojimas-problemu-kyla-netgi-su-artimiausiais-draugais\/\">pasi\u016bl\u0117<\/a> labai gra\u017e\u0173, l\u0117tesn\u012f ton\u0105, pagrodamas mums pagrodamas, tada mes tiesiog po kelis kartus nepadaryti akustin\u0117s \u201eL\u016bp\u0173 saldumo\u201c versijos. Tiek a\u0161, Gabrielius dieviname akustinius koncertus, duetus tiek klavi\u0161ais, tad \u010dia atsiskleid\u017eia kita m\u016bs\u0173 pus\u0117\u201c, \u2013 pasakojo G. Si\u010di\u016bnait\u0117.<\/span><\/p>\n<\/blockquote>\n<div class=\"g g-43\">\n<div class=\"g-single a-213\"><img decoding=\"async\" src=\"https:\/\/miestonaujienos.lt\/wp-content\/uploads\/2015\/12\/pranesimu-spaudai-platinimas.jpg\" width=\"100%\" \/><\/div>\n<\/div>\n<\/div>\n<p><script>(function(d, s, id) {\nvar js, fjs = d.getElementsByTagName(s)(0);\nif (d.getElementById(id)) return;\njs = d.createElement(s); js.id = id;\njs.src = \"\/\/connect.facebook.net\/lt_LT\/sdk.js#xfbml=1&version=v2.10\";\nfjs.parentNode.insertBefore(js, fjs);\n}(document, 'script', 'facebook-jssdk'));<\/script><\/p>\n\n<p><a href=\"https:\/\/miestonaujienos.lt\/gabrielius-vagelis-ir-ginte-pristato-akustine-savo-hito-lupu-saldumo-versija\/\">Source link <\/a><\/p>\n","protected":false},"excerpt":{"rendered":"<p>Vos per du m\u0117nes\u012f du milijonus per\u017ei\u016br\u0173 \u201eYouTube\u201c platformoje su savo naujausia daina \u201eL\u016bp\u0173 saldumo\u201c surink\u0119 ir \u0161alies radijo sto\u010di\u0173 topus u\u017ekariav\u0119 atlik\u0117jai Gabrielius Vagelis ir Gint\u0117 Si\u010di\u016bnait\u0117 gerb\u0117jams turi dovan\u0105 \u2013 akustin\u0119 \u0161ios dainos laid\u0105. Kartu su ilgame\u010diu scenos partneriu pianistu Luku Gedvilu jautri\u0105 \u201eL\u016bp\u0173 saldumo\u201c atlik\u0117jai \u012fra\u0161\u0117 nuostabioje Lietuvos nacionalinio kult\u016bros centro koncert\u0173 [&hellip;]<\/p>\n","protected":false},"author":1,"featured_media":374,"comment_status":"open","ping_status":"open","sticky":false,"template":"","format":"standard","meta":{"om_disable_all_campaigns":false,"_monsterinsights_skip_tracking":false,"_monsterinsights_sitenote_active":false,"_monsterinsights_sitenote_note":"","_monsterinsights_sitenote_category":0,"footnotes":""},"categories":[3],"tags":[578,582,574,576,579,577,581,171,580,575],"class_list":["post-373","post","type-post","status-publish","format-standard","has-post-thumbnail","hentry","category-salies-naujienos","tag-akustine","tag-dienal","tag-gabrielius","tag-ginte","tag-hito","tag-pristato","tag-saldumo","tag-savo","tag-upu","tag-vagelis"],"aioseo_notices":[],"_links":{"self":[{"href":"https:\/\/pasaulioziniasklaida.lt\/index.php\/wp-json\/wp\/v2\/posts\/373","targetHints":{"allow":["GET"]}}],"collection":[{"href":"https:\/\/pasaulioziniasklaida.lt\/index.php\/wp-json\/wp\/v2\/posts"}],"about":[{"href":"https:\/\/pasaulioziniasklaida.lt\/index.php\/wp-json\/wp\/v2\/types\/post"}],"author":[{"embeddable":true,"href":"https:\/\/pasaulioziniasklaida.lt\/index.php\/wp-json\/wp\/v2\/users\/1"}],"replies":[{"embeddable":true,"href":"https:\/\/pasaulioziniasklaida.lt\/index.php\/wp-json\/wp\/v2\/comments?post=373"}],"version-history":[{"count":1,"href":"https:\/\/pasaulioziniasklaida.lt\/index.php\/wp-json\/wp\/v2\/posts\/373\/revisions"}],"predecessor-version":[{"id":391,"href":"https:\/\/pasaulioziniasklaida.lt\/index.php\/wp-json\/wp\/v2\/posts\/373\/revisions\/391"}],"wp:featuredmedia":[{"embeddable":true,"href":"https:\/\/pasaulioziniasklaida.lt\/index.php\/wp-json\/wp\/v2\/media\/374"}],"wp:attachment":[{"href":"https:\/\/pasaulioziniasklaida.lt\/index.php\/wp-json\/wp\/v2\/media?parent=373"}],"wp:term":[{"taxonomy":"category","embeddable":true,"href":"https:\/\/pasaulioziniasklaida.lt\/index.php\/wp-json\/wp\/v2\/categories?post=373"},{"taxonomy":"post_tag","embeddable":true,"href":"https:\/\/pasaulioziniasklaida.lt\/index.php\/wp-json\/wp\/v2\/tags?post=373"}],"curies":[{"name":"wp","href":"https:\/\/api.w.org\/{rel}","templated":true}]}}